{"id":1246,"date":"2022-06-02T19:02:31","date_gmt":"2022-06-02T19:02:31","guid":{"rendered":"https:\/\/integrativa.pt\/?p=1246"},"modified":"2026-02-01T18:14:36","modified_gmt":"2026-02-01T18:14:36","slug":"abdominal-diastasis-what-to-do-how-to-treat-and-prevent-with-physiotherapy","status":"publish","type":"post","link":"https:\/\/integrativa.pt\/en\/diastase-abdominal-o-que-fazer-como-tratar-e-prevenir-com-fisioterapia\/","title":{"rendered":"Abdominal Diastasis: What to Do? How to treat and prevent with physiotherapy"},"content":{"rendered":"<div class=\"wpb-content-wrapper\" id=\"wpb-content-root\"><div class=\"vc_row wpb_row vc_row-fluid\"><div class=\"wpb_column vc_column_container vc_col-sm-12\"><div class=\"vc_column-inner\"><div class=\"wpb_wrapper\">\n\t<div class=\"wpb_text_column wpb_content_element\" >\n\t\t<div class=\"wpb_wrapper\">\n\t\t\t<p>Abdominal diastasis is a common problem that affects many people. If you're looking for information on how to treat and prevent this condition, this article is for you. Our physiotherapist offers valuable tips to help you improve this condition.<\/p>\n\n\t\t<\/div>\n\t<\/div>\n<\/div><\/div><\/div><\/div><div class=\"vc_row wpb_row vc_row-fluid\"><div class=\"wpb_column vc_column_container vc_col-sm-12\"><div class=\"vc_column-inner\"><div class=\"wpb_wrapper\">\n\t<div class=\"wpb_text_column wpb_content_element\" >\n\t\t<div class=\"wpb_wrapper\">\n\t\t\t<p><strong>What is it?<\/strong><\/p>\n<p>Diastasis of the rectus abdominis is the term used for the detachment of the most superficial abdominal part of our body - the rectum from the abdomen. It can occur from the second trimester of pregnancy onwards, but is most common in the third trimester. Diastasis is considered to occur when the separation of the rectum is equal to or greater than 2.5 cm; if it is less than 2.5 cm, it is considered to be a separation.<\/p>\n<p><strong>When does it happen?<\/strong><\/p>\n<p>It usually happens as pregnancy progresses, under the influence of hormones, the uterus grows, the volume of the abdominal wall increases and the muscles move apart. There's nothing pathological about this in itself, but the problem is exacerbated when pregnant women do workouts that include doing straight abdominal crunches (typically lying on their stomach, hands behind their head and lifting their upper body off the floor), when they do this they are working the rectus abdominis. As the muscle is in an altered position, when the woman starts exercising in the postpartum period the rectus abdominis will be strong and distended, which will take much longer to correct.<\/p>\n<p>Can't you strengthen your abs during pregnancy?<\/p>\n<p>You can, but the work should be done in such a way as to try to strengthen the obliques (the lateral abdominals responsible for rotating and tilting the torso) so that there is more support for the belly.<\/p>\n<p><strong>What problems can arise from diastasis?<\/strong><\/p>\n<p>One of the reasons why women who are going through the post-natal period come to me is because they are dissatisfied with the appearance of their belly. However, after assessing the diastasis, I explain to them that we can't do the typical abdominal exercises because the role of the abdominals is to support the torso so that the spine and pelvis articulate in harmony. If there is diastasis, the abdominal balance is compromised and the torso has to compensate, which often leads to pain in the lumbar spine, changes in intestinal function and sometimes urogynaecological dysfunctions.<\/p>\n<p><strong>How is it diagnosed?<\/strong><\/p>\n<p>The diagnosis can be made by a professional specialising in women's health, preferably a physiotherapist. The assessment should include three measurements: above the navel (supra-umbilical), at the level of the navel and below the navel (infra-umbilical). It can also be diagnosed through an abdominal ultrasound scan.<\/p>\n<p><strong>How to treat it?<\/strong><\/p>\n<p>The first step to treatment is a good assessment. It's not enough to do those exercises that worked on your best friend. Diastasis of the rectus abdominis varies from person to person, it can be higher or lower than the navel, so exercises should not be generalised. In the postpartum period, after the \u201creview\u201d appointment with the obstetrician, you can book a postpartum appointment with a physiotherapist to assess the diastasis and the pelvic floor, so that you can then establish a safe physical exercise plan of progressive intensity, such as pilates or hypopressive abdominal gymnastics. In extreme cases, diastasis will have to be corrected by surgery.<\/p>\n<p><strong>Can wearing a girdle after giving birth help reduce diastasis?<\/strong><\/p>\n<p>No. The post-natal girdle will only make the work of the abdominals even less efficient, because it causes a false sense of stability in the spine. The girdle can be used for a more aesthetic purpose, it doesn't help to reduce the belly or reduce diastasis.<\/p>\n\n\t\t<\/div>\n\t<\/div>\n<\/div><\/div><\/div><\/div><div class=\"vc_row wpb_row vc_row-fluid\"><div class=\"wpb_column vc_column_container vc_col-sm-12\"><div class=\"vc_column-inner\"><div class=\"wpb_wrapper\">\n\t<div class=\"wpb_text_column wpb_content_element\" >\n\t\t<div class=\"wpb_wrapper\">\n\t\t\t<p>To summarise, abdominal diastasis is a common condition that affects many people. With the help of physiotherapy, it is possible to treat and prevent this condition. Specific exercises, such as strengthening the pelvic floor and abdominal muscles, can help relieve symptoms and improve your abdominal health. If you have abdominal diastasis, don't hesitate to seek the help of a qualified physiotherapist for personalised guidance and an effective treatment plan.<\/p>\n\n\t\t<\/div>\n\t<\/div>\n<\/div><\/div><\/div><\/div><div class=\"vc_row wpb_row vc_row-fluid\"><div class=\"wpb_column vc_column_container vc_col-sm-12\"><div class=\"vc_column-inner\"><div class=\"wpb_wrapper\">\n\t<div class=\"wpb_text_column wpb_content_element\" >\n\t\t<div class=\"wpb_wrapper\">\n\t\t\t<p style=\"text-align: right;\"><a href=\"https:\/\/integrativa.pt\/en\/integrative-team\/\"><strong>Vera Braga da Costa <\/strong><\/a>| Physiotherapist specialising in women's health<\/p>\n\n\t\t<\/div>\n\t<\/div>\n<\/div><\/div><\/div><\/div><div class=\"vc_row wpb_row vc_row-fluid vc_custom_1680169461443\"><div class=\"wpb_column vc_column_container vc_col-sm-12\"><div class=\"vc_column-inner\"><div class=\"wpb_wrapper\">\n\t<div class=\"wpb_text_column wpb_content_element  vc_custom_1680169468507\" >\n\t\t<div class=\"wpb_wrapper\">\n\t\t\t<p><a title=\"Home\" href=\"https:\/\/integrativa.pt\/en\/\"><strong>Integrativa<\/strong><\/a> | Health and well-being as a lifestyle<\/p>\n\n\t\t<\/div>\n\t<\/div>\n\n\t<div class=\"wpb_text_column wpb_content_element  vc_custom_1769969575981\" >\n\t\t<div class=\"wpb_wrapper\">\n\t\t\t<h6>This website and its content are for information purposes only and are not a substitute for medical or health professional advice. In all cases, treatments should be individualised and guided by health professionals. Do not make any changes to your treatment without contacting the doctor or health professional accompanying you.<\/h6>\n\n\t\t<\/div>\n\t<\/div>\n<\/div><\/div><\/div><\/div><div class=\"vc_row wpb_row vc_row-fluid\"><div class=\"wpb_column vc_column_container vc_col-sm-12\"><div class=\"vc_column-inner vc_custom_1678987635945\"><div class=\"wpb_wrapper\"><div class=\"vc_separator wpb_content_element vc_separator_align_center vc_sep_border_width_1 vc_sep_pos_align_center wpb_content_element vc_separator-has-text\"   style=\"width: 100%;\"><span class=\"vc_sep_holder vc_sep_holder_l\"><span style=\"border-top-color:#1b9193;\" class=\"vc_sep_line\"><\/span><\/span><h4>Related articles<\/h4><span class=\"vc_sep_holder vc_sep_holder_r\"><span style=\"border-top-color:#1b9193;\" class=\"vc_sep_line\"><\/span><\/span>\n<\/div><style type=\"text\/css\" data-type=\"the7_shortcodes-inline-css\">.blog-carousel-shortcode.blog-carousel-shortcode-id-43df1fd4ba271feec2b9faee62c750f6.dividers-on.classic-layout-list article {\n  padding-top: 0;\n}\n.blog-carousel-shortcode.blog-carousel-shortcode-id-43df1fd4ba271feec2b9faee62c750f6.dividers-on.classic-layout-list article:first-of-type {\n  margin-top: 0;\n  padding-top: 0;\n}\n.blog-carousel-shortcode.blog-carousel-shortcode-id-43df1fd4ba271feec2b9faee62c750f6.classic-layout-list.mode-list .post-entry-content {\n  width: calc(100% - );\n}\n.blog-carousel-shortcode.blog-carousel-shortcode-id-43df1fd4ba271feec2b9faee62c750f6.classic-layout-list.mode-list .no-img .post-entry-content {\n  width: 100%;\n}\n.blog-carousel-shortcode.blog-carousel-shortcode-id-43df1fd4ba271feec2b9faee62c750f6 .filter-bg-decoration .filter-categories a.act {\n  color: #fff;\n}\n.blog-carousel-shortcode.blog-carousel-shortcode-id-43df1fd4ba271feec2b9faee62c750f6:not(.mode-masonry) article:first-of-type,\n.blog-carousel-shortcode.blog-carousel-shortcode-id-43df1fd4ba271feec2b9faee62c750f6:not(.mode-masonry) article.visible.first:not(.product) {\n  margin-top: 0;\n}\n.blog-carousel-shortcode.blog-carousel-shortcode-id-43df1fd4ba271feec2b9faee62c750f6.dividers-on:not(.mode-masonry) article {\n  margin-top: 0;\n}\n.blog-carousel-shortcode.blog-carousel-shortcode-id-43df1fd4ba271feec2b9faee62c750f6.dividers-on:not(.mode-masonry) article:first-of-type,\n.blog-carousel-shortcode.blog-carousel-shortcode-id-43df1fd4ba271feec2b9faee62c750f6.dividers-on:not(.mode-masonry) article.visible.first:not(.product) {\n  margin-top: 0;\n  padding-top: 0;\n}\n.blog-carousel-shortcode.blog-carousel-shortcode-id-43df1fd4ba271feec2b9faee62c750f6 .post-thumbnail-wrap {\n  padding: 0px 0px 0px 0px;\n}\n.blog-carousel-shortcode.blog-carousel-shortcode-id-43df1fd4ba271feec2b9faee62c750f6.enable-bg-rollover .post-thumbnail-rollover:after {\n  background: -webkit-linear-gradient();\n  background: linear-gradient();\n}\n.blog-carousel-shortcode.blog-carousel-shortcode-id-43df1fd4ba271feec2b9faee62c750f6 .gallery-zoom-ico {\n  width: 44px;\n  height: 44px;\n  line-height: 44px;\n  border-radius: 100px;\n  margin: -22px 0 0 -22px;\n  border-width: 0px;\n  color: #ffffff;\n  background: none;\n}\n.bottom-overlap-layout-list.blog-carousel-shortcode.blog-carousel-shortcode-id-43df1fd4ba271feec2b9faee62c750f6 .gallery-zoom-ico {\n  margin-top: -72px;\n}\n.gradient-overlay-layout-list.blog-carousel-shortcode.blog-carousel-shortcode-id-43df1fd4ba271feec2b9faee62c750f6 .gallery-zoom-ico,\n.content-rollover-layout-list.blog-carousel-shortcode.blog-carousel-shortcode-id-43df1fd4ba271feec2b9faee62c750f6 .gallery-zoom-ico {\n  margin: 0 0 10px;\n}\n.content-align-center.gradient-overlay-layout-list.blog-carousel-shortcode.blog-carousel-shortcode-id-43df1fd4ba271feec2b9faee62c750f6 .gallery-zoom-ico,\n.content-align-center.content-rollover-layout-list.blog-carousel-shortcode.blog-carousel-shortcode-id-43df1fd4ba271feec2b9faee62c750f6 .gallery-zoom-ico {\n  margin: 0 auto 10px;\n}\n.dt-icon-bg-on.blog-carousel-shortcode.blog-carousel-shortcode-id-43df1fd4ba271feec2b9faee62c750f6 .gallery-zoom-ico {\n  background: rgba(255,255,255,0.3);\n  box-shadow: none;\n}\n.blog-carousel-shortcode.blog-carousel-shortcode-id-43df1fd4ba271feec2b9faee62c750f6 .gallery-zoom-ico > span,\n.blog-carousel-shortcode.blog-carousel-shortcode-id-43df1fd4ba271feec2b9faee62c750f6 .gallery-zoom-ico:before {\n  font-size: 32px;\n  line-height: 44px;\n}\n.blog-carousel-shortcode.blog-carousel-shortcode-id-43df1fd4ba271feec2b9faee62c750f6 .gallery-zoom-ico > span,\n.blog-carousel-shortcode.blog-carousel-shortcode-id-43df1fd4ba271feec2b9faee62c750f6 .gallery-zoom-ico:before {\n  color: #ffffff;\n  background: none;\n}\n.blog-carousel-shortcode.blog-carousel-shortcode-id-43df1fd4ba271feec2b9faee62c750f6 .entry-title,\n.blog-carousel-shortcode.blog-carousel-shortcode-id-43df1fd4ba271feec2b9faee62c750f6.owl-carousel .entry-title {\n  margin-bottom: 5px;\n}\n.blog-carousel-shortcode.blog-carousel-shortcode-id-43df1fd4ba271feec2b9faee62c750f6 .entry-meta {\n  margin-bottom: 15px;\n}\n.blog-carousel-shortcode.blog-carousel-shortcode-id-43df1fd4ba271feec2b9faee62c750f6 .portfolio-categories {\n  margin-bottom: 15px;\n}\n.blog-carousel-shortcode.blog-carousel-shortcode-id-43df1fd4ba271feec2b9faee62c750f6 .entry-excerpt {\n  margin-bottom: 5px;\n}\n.blog-carousel-shortcode.blog-carousel-shortcode-id-43df1fd4ba271feec2b9faee62c750f6:not(.centered-layout-list) .post-entry-content {\n  padding: 15px 20px 20px 20px;\n}\n.blog-carousel-shortcode.blog-carousel-shortcode-id-43df1fd4ba271feec2b9faee62c750f6:not(.centered-layout-list):not(.content-bg-on):not(.mode-list) .no-img .post-entry-content {\n  padding: 0;\n}\n@media screen and (max-width: ) {\n  .blog-carousel-shortcode.blog-carousel-shortcode-id-43df1fd4ba271feec2b9faee62c750f6 article {\n    -ms-flex-flow: column nowrap;\n    flex-flow: column nowrap;\n    margin-top: 20px;\n  }\n  .blog-carousel-shortcode.blog-carousel-shortcode-id-43df1fd4ba271feec2b9faee62c750f6.dividers-on article {\n    border: none;\n  }\n  .blog-carousel-shortcode.blog-carousel-shortcode-id-43df1fd4ba271feec2b9faee62c750f6.content-bg-on.centered-layout-list article {\n    padding: 0;\n  }\n  .blog-carousel-shortcode.blog-carousel-shortcode-id-43df1fd4ba271feec2b9faee62c750f6.blog-shortcode.dividers-on article,\n  .blog-carousel-shortcode.blog-carousel-shortcode-id-43df1fd4ba271feec2b9faee62c750f6.dividers-on.classic-layout-list article {\n    margin-top: 20px;\n    padding: 0;\n  }\n  .blog-carousel-shortcode.blog-carousel-shortcode-id-43df1fd4ba271feec2b9faee62c750f6.blog-shortcode.dividers-on article:first-of-type,\n  .blog-carousel-shortcode.blog-carousel-shortcode-id-43df1fd4ba271feec2b9faee62c750f6.dividers-on.classic-layout-list article:first-of-type {\n    padding: 0;\n  }\n  #page .blog-carousel-shortcode.blog-carousel-shortcode-id-43df1fd4ba271feec2b9faee62c750f6 .post-thumbnail-wrap,\n  #page .blog-carousel-shortcode.blog-carousel-shortcode-id-43df1fd4ba271feec2b9faee62c750f6 .post-entry-content {\n    width: 100%;\n    margin: 0;\n    top: 0;\n  }\n  #page .blog-carousel-shortcode.blog-carousel-shortcode-id-43df1fd4ba271feec2b9faee62c750f6 .post-thumbnail-wrap {\n    padding: 0;\n  }\n  #page .blog-carousel-shortcode.blog-carousel-shortcode-id-43df1fd4ba271feec2b9faee62c750f6 .post-entry-content:after {\n    display: none;\n  }\n  #page .blog-carousel-shortcode.blog-carousel-shortcode-id-43df1fd4ba271feec2b9faee62c750f6 .project-even .post-thumbnail-wrap,\n  #page .blog-carousel-shortcode.blog-carousel-shortcode-id-43df1fd4ba271feec2b9faee62c750f6.centered-layout-list .post-thumbnail-wrap {\n    -ms-flex-order: 0;\n    order: 0;\n  }\n  #page .blog-carousel-shortcode.blog-carousel-shortcode-id-43df1fd4ba271feec2b9faee62c750f6.centered-layout-list .post-entry-title-content {\n    -ms-flex-order: 1;\n    order: 1;\n    width: 100%;\n    padding: 20px 20px 0;\n  }\n  #page .blog-carousel-shortcode.blog-carousel-shortcode-id-43df1fd4ba271feec2b9faee62c750f6.centered-layout-list .post-entry-content {\n    -ms-flex-order: 2;\n    order: 2;\n    padding-top: 0;\n  }\n  #page .blog-carousel-shortcode.blog-carousel-shortcode-id-43df1fd4ba271feec2b9faee62c750f6 .fancy-categories {\n    top: 10px;\n    left: 10px;\n    bottom: auto;\n    right: auto;\n  }\n  #page .blog-carousel-shortcode.blog-carousel-shortcode-id-43df1fd4ba271feec2b9faee62c750f6 .fancy-date a {\n    top: 10px;\n    right: 10px;\n    left: auto;\n    bottom: auto;\n  }\n  #page .blog-carousel-shortcode.blog-carousel-shortcode-id-43df1fd4ba271feec2b9faee62c750f6 .post-entry-content {\n    padding: 20px;\n  }\n  #page .blog-carousel-shortcode.blog-carousel-shortcode-id-43df1fd4ba271feec2b9faee62c750f6 .entry-title {\n    margin: 3px 0 5px;\n    font-size: 20px;\n    line-height: 26px;\n  }\n  #page .blog-carousel-shortcode.blog-carousel-shortcode-id-43df1fd4ba271feec2b9faee62c750f6 .entry-meta {\n    margin: 5px 0 5px;\n  }\n  #page .blog-carousel-shortcode.blog-carousel-shortcode-id-43df1fd4ba271feec2b9faee62c750f6 .entry-excerpt {\n    margin: 15px 0 0;\n  }\n  #page .blog-carousel-shortcode.blog-carousel-shortcode-id-43df1fd4ba271feec2b9faee62c750f6 .post-details {\n    margin: 5px 0 10px;\n  }\n  #page .blog-carousel-shortcode.blog-carousel-shortcode-id-43df1fd4ba271feec2b9faee62c750f6 .post-details.details-type-link {\n    margin-bottom: 2px;\n  }\n}\n.blog-carousel-shortcode.blog-carousel-shortcode-id-43df1fd4ba271feec2b9faee62c750f6.owl-carousel .owl-nav div {\n  width: 36px;\n  height: 36px;\n  border-radius: 500px;\n}\n.dt-arrow-border-on.blog-carousel-shortcode.blog-carousel-shortcode-id-43df1fd4ba271feec2b9faee62c750f6.owl-carousel .owl-nav div:not(:hover):before {\n  border-width: 0px;\n}\n.dt-arrow-hover-border-on.blog-carousel-shortcode.blog-carousel-shortcode-id-43df1fd4ba271feec2b9faee62c750f6.owl-carousel .owl-nav div:hover:after {\n  border-width: 0px;\n}\n.blog-carousel-shortcode.blog-carousel-shortcode-id-43df1fd4ba271feec2b9faee62c750f6.owl-carousel .owl-nav div.owl-prev {\n  top: 50%;\n  transform: translateY(calc(-50% + 0px));\n  left: -43px;\n}\n@media all and (-ms-high-contrast: none) {\n  .blog-carousel-shortcode.blog-carousel-shortcode-id-43df1fd4ba271feec2b9faee62c750f6.owl-carousel .owl-nav div.owl-prev {\n    transform: translateY(-50%);\n    margin-top: 0px;\n  }\n}\n.blog-carousel-shortcode.blog-carousel-shortcode-id-43df1fd4ba271feec2b9faee62c750f6.owl-carousel .owl-nav div.owl-prev i {\n  padding: 0px 0px 0px 0px;\n}\n.blog-carousel-shortcode.blog-carousel-shortcode-id-43df1fd4ba271feec2b9faee62c750f6.owl-carousel .owl-nav div.owl-next {\n  top: 50%;\n  transform: translateY(calc(-50% + 0px));\n  right: -43px;\n}\n@media all and (-ms-high-contrast: none) {\n  .blog-carousel-shortcode.blog-carousel-shortcode-id-43df1fd4ba271feec2b9faee62c750f6.owl-carousel .owl-nav div.owl-next {\n    transform: translateY(-50%);\n    margin-top: 0px;\n  }\n}\n.blog-carousel-shortcode.blog-carousel-shortcode-id-43df1fd4ba271feec2b9faee62c750f6.owl-carousel .owl-nav div.owl-next i {\n  padding: 0px 0px 0px 0px;\n}\n.blog-carousel-shortcode.blog-carousel-shortcode-id-43df1fd4ba271feec2b9faee62c750f6.owl-carousel .owl-nav i {\n  font-size: 18px;\n}\n.blog-carousel-shortcode.blog-carousel-shortcode-id-43df1fd4ba271feec2b9faee62c750f6.owl-carousel .owl-nav div:not(:hover) i,\n.blog-carousel-shortcode.blog-carousel-shortcode-id-43df1fd4ba271feec2b9faee62c750f6.owl-carousel .owl-nav div:not(:hover) i:before {\n  color: #ffffff;\n  background: none;\n}\n.blog-carousel-shortcode.blog-carousel-shortcode-id-43df1fd4ba271feec2b9faee62c750f6.owl-carousel .owl-nav div:hover i,\n.blog-carousel-shortcode.blog-carousel-shortcode-id-43df1fd4ba271feec2b9faee62c750f6.owl-carousel .owl-nav div:hover i:before {\n  color: rgba(255,255,255,0.75);\n  background: none;\n}\n.blog-carousel-shortcode.blog-carousel-shortcode-id-43df1fd4ba271feec2b9faee62c750f6 .owl-dots {\n  top: calc(100% + 20px);\n  left: 50%;\n  transform: translateX(calc(-50% + 0px));\n}\n@media all and (-ms-high-contrast: none) {\n  .blog-carousel-shortcode.blog-carousel-shortcode-id-43df1fd4ba271feec2b9faee62c750f6 .owl-dots {\n    transform: translateX(-50%);\n    margin-left: 0px;\n  }\n}\n.blog-carousel-shortcode.blog-carousel-shortcode-id-43df1fd4ba271feec2b9faee62c750f6 .owl-dot {\n  width: 10px;\n  height: 10px;\n  margin: 0 8px;\n}\n@media screen and (max-width: 778px) {\n  .blog-carousel-shortcode.blog-carousel-shortcode-id-43df1fd4ba271feec2b9faee62c750f6.hide-arrows .owl-nav a {\n    display: none;\n  }\n}\n@media screen and (max-width: 778px) {\n  .blog-carousel-shortcode.blog-carousel-shortcode-id-43df1fd4ba271feec2b9faee62c750f6.reposition-arrows .owl-nav div.owl-prev {\n    top: 50%;\n    transform: translateY(calc(-50% + 0px));\n    left: 10px;\n  }\n  .blog-carousel-shortcode.blog-carousel-shortcode-id-43df1fd4ba271feec2b9faee62c750f6.reposition-arrows .owl-nav div.owl-next {\n    top: 50%;\n    transform: translateY(calc(-50% + 0px));\n    right: 10px;\n  }\n}\n@media screen and (max-width: 778px) and all and (-ms-high-contrast: none) {\n  .blog-carousel-shortcode.blog-carousel-shortcode-id-43df1fd4ba271feec2b9faee62c750f6.reposition-arrows .owl-nav div.owl-prev {\n    transform: translateY(-50%);\n    margin-top: 0px;\n  }\n}\n@media screen and (max-width: 778px) and all and (-ms-high-contrast: none) {\n  .blog-carousel-shortcode.blog-carousel-shortcode-id-43df1fd4ba271feec2b9faee62c750f6.reposition-arrows .owl-nav div.owl-next {\n    transform: translateY(-50%);\n    margin-top: 0px;\n  }\n}<\/style><div class=\"owl-carousel blog-carousel-shortcode dt-owl-carousel-call blog-carousel-shortcode-id-43df1fd4ba271feec2b9faee62c750f6 classic-layout-list scale-img dt-icon-bg-off dt-arrow-border-on dt-arrow-hover-border-on meta-info-off bullets-small-dot-stroke reposition-arrows arrows-bg-on disable-arrows-hover-bg arrows-hover-bg-on\" data-scroll-mode=\"1\" data-col-num=\"3\" data-wide-col-num=\"4\" data-laptop-col=\"3\" data-h-tablet-columns-num=\"3\" data-v-tablet-columns-num=\"2\" data-phone-columns-num=\"1\" data-auto-height=\"true\" data-col-gap=\"30\" data-stage-padding=\"0\" data-speed=\"600\" data-autoplay=\"false\" data-autoplay_speed=\"6000\" data-arrows=\"true\" data-bullet=\"false\" data-next-icon=\"icon-ar-017-r\" data-prev-icon=\"icon-ar-017-l\"><article class=\"post post-3782 type-post status-publish format-standard has-post-thumbnail hentry category-dores-de-cabeca category-nervo-vago category-osteopata-david-brandao category-osteopatia-craniana category-osteopatia-integrativa tag-fisioterapia tag-osteopatia tag-pilates-clinico category-52 category-58 category-33 category-42 category-32 description-off\" data-name=\"Osteopatia Craniana e o Nervo Vago: uma abordagem para o equil\u00edbrio fisiol\u00f3gico\" data-date=\"2025-04-08T19:02:58+00:00\">\n\n<div class=\"post-thumbnail-wrap\">\n\t<div class=\"post-thumbnail\">\n\t\t\n\t\t\n\t\t<a href=\"https:\/\/integrativa.pt\/en\/osteopatia-craniana-e-o-nervo-vago-uma-abordagem-para-o-equilibrio-fisiologico\/\" class=\"post-thumbnail-rollover layzr-bg\" ><img fetchpriority=\"high\" decoding=\"async\" class=\"preload-me owl-lazy-load aspect\" src=\"data:image\/svg+xml,%3Csvg%20xmlns%3D&#39;http%3A%2F%2Fwww.w3.org%2F2000%2Fsvg&#39;%20viewBox%3D&#39;0%200%20768%20512&#39;%2F%3E\" data-src=\"https:\/\/integrativa.pt\/wp-content\/uploads\/2025\/04\/ATM-Fisioterapia-Osteopatia-Bruxismo-Osteopatia-Craniana-768x512.webp\" data-srcset=\"https:\/\/integrativa.pt\/wp-content\/uploads\/2025\/04\/ATM-Fisioterapia-Osteopatia-Bruxismo-Osteopatia-Craniana-768x512.webp 768w, https:\/\/integrativa.pt\/wp-content\/uploads\/2025\/04\/ATM-Fisioterapia-Osteopatia-Bruxismo-Osteopatia-Craniana-1152x768.webp 1152w\" loading=\"eager\" style=\"--ratio: 768 \/ 512\" sizes=\"(max-width: 768px) 100vw, 768px\" alt=\"\" title=\"TMJ Physiotherapy Osteopathy Bruxism Cranial Osteopathy\" width=\"768\" height=\"512\"  \/><\/a>\t<\/div>\n<\/div>\n\n\n<div class=\"post-entry-content\">\n\n\t<h3 class=\"entry-title\">\n\t\t<a href=\"https:\/\/integrativa.pt\/en\/osteopatia-craniana-e-o-nervo-vago-uma-abordagem-para-o-equilibrio-fisiologico\/\" title=\"Cranial osteopathy and the vagus nerve: an approach to physiological balance\" rel=\"bookmark\">Cranial osteopathy and the vagus nerve: an approach to physiological balance<\/a>\n\t<\/h3>\n\n\t\n\t\n\t\n<a href=\"https:\/\/integrativa.pt\/en\/osteopatia-craniana-e-o-nervo-vago-uma-abordagem-para-o-equilibrio-fisiologico\/\" class=\"post-details details-type-link\" aria-label=\"Read more about Cranial Osteopathy and the Vagus Nerve: an approach to physiological balance\">Read more<i class=\"dt-icon-the7-arrow-03\" aria-hidden=\"true\"><\/i><\/a>\n\n<\/div><\/article><article class=\"post post-2940 type-post status-publish format-standard has-post-thumbnail hentry category-fisioterapia category-fisioterapia-em-paralisia-facial tag-fisioterapia tag-osteopatia tag-pilates-clinico category-6 category-39 description-off\" data-name=\"Paralisia Facial ap\u00f3s Cirurgia de Neurinoma do Ac\u00fastico: mecanismos, impacto funcional e fisioterapia especializada\" data-date=\"2024-01-24T17:57:01+00:00\">\n\n<div class=\"post-thumbnail-wrap\">\n\t<div class=\"post-thumbnail\">\n\t\t\n\t\t\n\t\t<a href=\"https:\/\/integrativa.pt\/en\/paralisia-facial-apos-cirurgia-de-neurinoma-do-acustico-mecanismos-impacto-funcional-e-fisioterapia-especializada\/\" class=\"post-thumbnail-rollover layzr-bg\" ><img decoding=\"async\" class=\"preload-me owl-lazy-load aspect\" src=\"data:image\/svg+xml,%3Csvg%20xmlns%3D&#39;http%3A%2F%2Fwww.w3.org%2F2000%2Fsvg&#39;%20viewBox%3D&#39;0%200%20768%20512&#39;%2F%3E\" data-src=\"https:\/\/integrativa.pt\/wp-content\/uploads\/2024\/12\/Fisioterapia-Paralisia-Facial-Integrativa-11-768x512.webp\" data-srcset=\"https:\/\/integrativa.pt\/wp-content\/uploads\/2024\/12\/Fisioterapia-Paralisia-Facial-Integrativa-11-768x512.webp 768w, https:\/\/integrativa.pt\/wp-content\/uploads\/2024\/12\/Fisioterapia-Paralisia-Facial-Integrativa-11-1152x768.webp 1152w\" loading=\"eager\" style=\"--ratio: 768 \/ 512\" sizes=\"(max-width: 768px) 100vw, 768px\" alt=\"\" title=\"Integrative Facial Palsy Physiotherapy (11)\" width=\"768\" height=\"512\"  \/><\/a>\t<\/div>\n<\/div>\n\n\n<div class=\"post-entry-content\">\n\n\t<h3 class=\"entry-title\">\n\t\t<a href=\"https:\/\/integrativa.pt\/en\/paralisia-facial-apos-cirurgia-de-neurinoma-do-acustico-mecanismos-impacto-funcional-e-fisioterapia-especializada\/\" title=\"Facial paralysis after acoustic neuroma surgery: mechanisms, functional impact and specialised physiotherapy\" rel=\"bookmark\">Facial paralysis after acoustic neuroma surgery: mechanisms, functional impact and specialised physiotherapy<\/a>\n\t<\/h3>\n\n\t\n\t\n\t\n<a href=\"https:\/\/integrativa.pt\/en\/paralisia-facial-apos-cirurgia-de-neurinoma-do-acustico-mecanismos-impacto-funcional-e-fisioterapia-especializada\/\" class=\"post-details details-type-link\" aria-label=\"Read more about Facial paralysis after acoustic neuroma surgery: mechanisms, functional impact and specialised physiotherapy\">Read more<i class=\"dt-icon-the7-arrow-03\" aria-hidden=\"true\"><\/i><\/a>\n\n<\/div><\/article><article class=\"post post-5397 type-post status-publish format-standard has-post-thumbnail hentry category-fisioterapia tag-fisioterapia tag-osteopatia tag-pilates-clinico category-6 description-off\" data-name=\"Reabilita\u00e7\u00e3o do Ligamento Cruzado Anterior (LCA): o papel essencial da Fisioterapia na recupera\u00e7\u00e3o\" data-date=\"2025-10-30T13:15:52+00:00\">\n\n<div class=\"post-thumbnail-wrap\">\n\t<div class=\"post-thumbnail\">\n\t\t\n\t\t\n\t\t<a href=\"https:\/\/integrativa.pt\/en\/reabilitacao-do-ligamento-cruzado-anterior-lca-o-papel-essencial-da-fisioterapia-na-recuperacao\/\" class=\"post-thumbnail-rollover layzr-bg\" ><img decoding=\"async\" class=\"preload-me owl-lazy-load aspect\" src=\"data:image\/svg+xml,%3Csvg%20xmlns%3D&#39;http%3A%2F%2Fwww.w3.org%2F2000%2Fsvg&#39;%20viewBox%3D&#39;0%200%20768%20512&#39;%2F%3E\" data-src=\"https:\/\/integrativa.pt\/wp-content\/uploads\/2023\/12\/Dor-no-joelho-Integrativa-Fisioterapia-768x512.webp\" data-srcset=\"https:\/\/integrativa.pt\/wp-content\/uploads\/2023\/12\/Dor-no-joelho-Integrativa-Fisioterapia-768x512.webp 768w, https:\/\/integrativa.pt\/wp-content\/uploads\/2023\/12\/Dor-no-joelho-Integrativa-Fisioterapia-1152x768.webp 1152w\" loading=\"eager\" style=\"--ratio: 768 \/ 512\" sizes=\"(max-width: 768px) 100vw, 768px\" alt=\"Knee injuries\" title=\"Knee pain Integrative Physiotherapy\" width=\"768\" height=\"512\"  \/><\/a>\t<\/div>\n<\/div>\n\n\n<div class=\"post-entry-content\">\n\n\t<h3 class=\"entry-title\">\n\t\t<a href=\"https:\/\/integrativa.pt\/en\/reabilitacao-do-ligamento-cruzado-anterior-lca-o-papel-essencial-da-fisioterapia-na-recuperacao\/\" title=\"Anterior cruciate ligament (ACL) rehabilitation: the essential role of physiotherapy in recovery\" rel=\"bookmark\">Anterior cruciate ligament (ACL) rehabilitation: the essential role of physiotherapy in recovery<\/a>\n\t<\/h3>\n\n\t\n\t\n\t\n<a href=\"https:\/\/integrativa.pt\/en\/reabilitacao-do-ligamento-cruzado-anterior-lca-o-papel-essencial-da-fisioterapia-na-recuperacao\/\" class=\"post-details details-type-link\" aria-label=\"Read more about Anterior Cruciate Ligament (ACL) Reconstruction: the Essential Role of Physiotherapy in Recovery\">Read more<i class=\"dt-icon-the7-arrow-03\" aria-hidden=\"true\"><\/i><\/a>\n\n<\/div><\/article><article class=\"post post-7106 type-post status-publish format-standard has-post-thumbnail hentry category-osteopatia category-osteopata-david-brandao category-osteopatia-integrativa tag-fisioterapia tag-osteopatia tag-pilates-clinico category-17 category-33 category-32 description-off\" data-name=\"Dor cervical (cervicalgia): enquadramento cl\u00ednico e perspetiva integrativa\" data-date=\"2026-04-02T10:21:57+00:00\">\n\n<div class=\"post-thumbnail-wrap\">\n\t<div class=\"post-thumbnail\">\n\t\t\n\t\t\n\t\t<a href=\"https:\/\/integrativa.pt\/en\/dor-cervical-cervicalgia-enquadramento-clinico-e-perspetiva-integrativa\/\" class=\"post-thumbnail-rollover layzr-bg\" ><img decoding=\"async\" class=\"preload-me owl-lazy-load aspect\" src=\"data:image\/svg+xml,%3Csvg%20xmlns%3D&#39;http%3A%2F%2Fwww.w3.org%2F2000%2Fsvg&#39;%20viewBox%3D&#39;0%200%20768%20512&#39;%2F%3E\" data-src=\"https:\/\/integrativa.pt\/wp-content\/uploads\/2026\/02\/Osteopata-Fisioterapeuta-David-Branda-3-scaled-768x512.webp\" data-srcset=\"https:\/\/integrativa.pt\/wp-content\/uploads\/2026\/02\/Osteopata-Fisioterapeuta-David-Branda-3-scaled-768x512.webp 768w, https:\/\/integrativa.pt\/wp-content\/uploads\/2026\/02\/Osteopata-Fisioterapeuta-David-Branda-3-scaled-1152x768.webp 1152w\" loading=\"eager\" style=\"--ratio: 768 \/ 512\" sizes=\"(max-width: 768px) 100vw, 768px\" alt=\"Osteopathy for neck pain\" title=\"Osteopath-Physiotherapist-David-Brand\u00e3 (3)\" width=\"768\" height=\"512\"  \/><\/a>\t<\/div>\n<\/div>\n\n\n<div class=\"post-entry-content\">\n\n\t<h3 class=\"entry-title\">\n\t\t<a href=\"https:\/\/integrativa.pt\/en\/dor-cervical-cervicalgia-enquadramento-clinico-e-perspetiva-integrativa\/\" title=\"Neck pain (cervicalgia): clinical framing and integrative perspective\" rel=\"bookmark\">Neck pain (cervicalgia): clinical framing and integrative perspective<\/a>\n\t<\/h3>\n\n\t\n\t\n\t\n<a href=\"https:\/\/integrativa.pt\/en\/dor-cervical-cervicalgia-enquadramento-clinico-e-perspetiva-integrativa\/\" class=\"post-details details-type-link\" aria-label=\"Read more about Neck pain (cervicalgia): clinical framework and integrative perspective\">Read more<i class=\"dt-icon-the7-arrow-03\" aria-hidden=\"true\"><\/i><\/a>\n\n<\/div><\/article><article class=\"post post-3003 type-post status-publish format-standard has-post-thumbnail hentry category-osteopatia-pediatrica tag-fisioterapia tag-osteopatia tag-pilates-clinico category-49 description-off\" data-name=\"Assimetrias cranianas em beb\u00e9s: orienta\u00e7\u00f5es pr\u00e1ticas a partir da perspetiva da Osteopatia Infantil\" data-date=\"2024-02-07T10:06:08+00:00\">\n\n<div class=\"post-thumbnail-wrap\">\n\t<div class=\"post-thumbnail\">\n\t\t\n\t\t\n\t\t<a href=\"https:\/\/integrativa.pt\/en\/assimetrias-cranianas-em-bebes-orientacoes-praticas-a-partir-da-perspetiva-da-osteopatia-infantil\/\" class=\"post-thumbnail-rollover layzr-bg\" ><img decoding=\"async\" class=\"preload-me owl-lazy-load aspect\" src=\"data:image\/svg+xml,%3Csvg%20xmlns%3D&#39;http%3A%2F%2Fwww.w3.org%2F2000%2Fsvg&#39;%20viewBox%3D&#39;0%200%20768%20512&#39;%2F%3E\" data-src=\"https:\/\/integrativa.pt\/wp-content\/uploads\/2024\/02\/osteopatia-pediatrica-scaled-768x512.jpg\" data-srcset=\"https:\/\/integrativa.pt\/wp-content\/uploads\/2024\/02\/osteopatia-pediatrica-scaled-768x512.jpg 768w, https:\/\/integrativa.pt\/wp-content\/uploads\/2024\/02\/osteopatia-pediatrica-scaled-1152x768.jpg 1152w\" loading=\"eager\" style=\"--ratio: 768 \/ 512\" sizes=\"(max-width: 768px) 100vw, 768px\" alt=\"\" title=\"paediatric osteopathy\" width=\"768\" height=\"512\"  \/><\/a>\t<\/div>\n<\/div>\n\n\n<div class=\"post-entry-content\">\n\n\t<h3 class=\"entry-title\">\n\t\t<a href=\"https:\/\/integrativa.pt\/en\/assimetrias-cranianas-em-bebes-orientacoes-praticas-a-partir-da-perspetiva-da-osteopatia-infantil\/\" title=\"Cranial asymmetries in babies: practical guidelines from the perspective of infant osteopathy\" rel=\"bookmark\">Cranial asymmetries in babies: practical guidelines from the perspective of infant osteopathy<\/a>\n\t<\/h3>\n\n\t\n\t\n\t\n<a href=\"https:\/\/integrativa.pt\/en\/assimetrias-cranianas-em-bebes-orientacoes-praticas-a-partir-da-perspetiva-da-osteopatia-infantil\/\" class=\"post-details details-type-link\" aria-label=\"Read more about Cranial asymmetries in babies: practical guidelines from a child osteopathy perspective\">Read more<i class=\"dt-icon-the7-arrow-03\" aria-hidden=\"true\"><\/i><\/a>\n\n<\/div><\/article><article class=\"post post-452 type-post status-publish format-standard has-post-thumbnail hentry category-atm category-fisioterapia category-osteopata-david-brandao category-osteopatia tag-articulacao-temporomandibular-atm category-41 category-6 category-33 category-17 description-off\" data-name=\"Articula\u00e7\u00e3o temporomandibular: Fisioterapia e Osteopatia na disfun\u00e7\u00e3o temporomandibular\" data-date=\"2020-10-25T22:52:43+00:00\">\n\n<div class=\"post-thumbnail-wrap\">\n\t<div class=\"post-thumbnail\">\n\t\t\n\t\t\n\t\t<a href=\"https:\/\/integrativa.pt\/en\/articulacao-temporomandibular-fisioterapia-e-osteopatia-na-disfuncao-temporomandibular\/\" class=\"post-thumbnail-rollover layzr-bg\" ><img decoding=\"async\" class=\"preload-me owl-lazy-load aspect\" src=\"data:image\/svg+xml,%3Csvg%20xmlns%3D&#39;http%3A%2F%2Fwww.w3.org%2F2000%2Fsvg&#39;%20viewBox%3D&#39;0%200%20768%20512&#39;%2F%3E\" data-src=\"https:\/\/integrativa.pt\/wp-content\/uploads\/2020\/10\/ATM-Fisioterapia-Osteopatia-Cefaleias-Integrativa-Dor-de-cabeca-Enxaqueca-768x512.webp\" data-srcset=\"https:\/\/integrativa.pt\/wp-content\/uploads\/2020\/10\/ATM-Fisioterapia-Osteopatia-Cefaleias-Integrativa-Dor-de-cabeca-Enxaqueca-768x512.webp 768w, https:\/\/integrativa.pt\/wp-content\/uploads\/2020\/10\/ATM-Fisioterapia-Osteopatia-Cefaleias-Integrativa-Dor-de-cabeca-Enxaqueca-1152x768.webp 1152w\" loading=\"eager\" style=\"--ratio: 768 \/ 512\" sizes=\"(max-width: 768px) 100vw, 768px\" alt=\"\" title=\"TMJ Physiotherapy Osteopathy Integrative Headache Migraine\" width=\"768\" height=\"512\"  \/><\/a>\t<\/div>\n<\/div>\n\n\n<div class=\"post-entry-content\">\n\n\t<h3 class=\"entry-title\">\n\t\t<a href=\"https:\/\/integrativa.pt\/en\/articulacao-temporomandibular-fisioterapia-e-osteopatia-na-disfuncao-temporomandibular\/\" title=\"Temporomandibular joint: Physiotherapy and Osteopathy in temporomandibular dysfunction\" rel=\"bookmark\">Temporomandibular joint: Physiotherapy and Osteopathy in temporomandibular dysfunction<\/a>\n\t<\/h3>\n\n\t\n\t\n\t\n<a href=\"https:\/\/integrativa.pt\/en\/articulacao-temporomandibular-fisioterapia-e-osteopatia-na-disfuncao-temporomandibular\/\" class=\"post-details details-type-link\" aria-label=\"Read more about Temporomandibular Joint: Physiotherapy and Osteopathy in Temporomandibular Dysfunction\">Read more<i class=\"dt-icon-the7-arrow-03\" aria-hidden=\"true\"><\/i><\/a>\n\n<\/div><\/article><\/div><\/div><\/div><\/div><\/div>\n<\/div>","protected":false},"excerpt":{"rendered":"<p>Abdominal diastasis is a common problem that affects many people. If you're looking for information on how to treat and prevent this condition, this article is for you. Our physiotherapist offers valuable tips to help you improve this condition. What is it? Diastasis of the rectus abdominis is the term used...<\/p>","protected":false},"author":1,"featured_media":1247,"comment_status":"closed","ping_status":"open","sticky":false,"template":"","format":"standard","meta":{"inline_featured_image":false,"footnotes":""},"categories":[6,47],"tags":[4,27,8],"class_list":["post-1246","post","type-post","status-publish","format-standard","has-post-thumbnail","hentry","category-fisioterapia","category-fisioterapia-em-saude-da-mulher","tag-fisioterapia","tag-osteopatia","tag-pilates-clinico","category-6","category-47","description-off"],"_links":{"self":[{"href":"https:\/\/integrativa.pt\/en\/wp-json\/wp\/v2\/posts\/1246","targetHints":{"allow":["GET"]}}],"collection":[{"href":"https:\/\/integrativa.pt\/en\/wp-json\/wp\/v2\/posts"}],"about":[{"href":"https:\/\/integrativa.pt\/en\/wp-json\/wp\/v2\/types\/post"}],"author":[{"embeddable":true,"href":"https:\/\/integrativa.pt\/en\/wp-json\/wp\/v2\/users\/1"}],"replies":[{"embeddable":true,"href":"https:\/\/integrativa.pt\/en\/wp-json\/wp\/v2\/comments?post=1246"}],"version-history":[{"count":0,"href":"https:\/\/integrativa.pt\/en\/wp-json\/wp\/v2\/posts\/1246\/revisions"}],"wp:featuredmedia":[{"embeddable":true,"href":"https:\/\/integrativa.pt\/en\/wp-json\/wp\/v2\/media\/1247"}],"wp:attachment":[{"href":"https:\/\/integrativa.pt\/en\/wp-json\/wp\/v2\/media?parent=1246"}],"wp:term":[{"taxonomy":"category","embeddable":true,"href":"https:\/\/integrativa.pt\/en\/wp-json\/wp\/v2\/categories?post=1246"},{"taxonomy":"post_tag","embeddable":true,"href":"https:\/\/integrativa.pt\/en\/wp-json\/wp\/v2\/tags?post=1246"}],"curies":[{"name":"wp","href":"https:\/\/api.w.org\/{rel}","templated":true}]}}