{"id":2492,"date":"2023-09-06T09:48:31","date_gmt":"2023-09-06T09:48:31","guid":{"rendered":"https:\/\/integrativa.pt\/?p=2492"},"modified":"2026-04-11T19:34:24","modified_gmt":"2026-04-11T19:34:24","slug":"sleeping-well-strategies-to-support-sleep-regulation-and-health","status":"publish","type":"post","link":"https:\/\/integrativa.pt\/en\/dormir-bem-estrategias-para-apoiar-a-regulacao-do-sono-e-da-saude\/","title":{"rendered":"Sleeping well: strategies to support sleep regulation and health"},"content":{"rendered":"<div class=\"wpb-content-wrapper\" id=\"wpb-content-root\"><div class=\"vc_row wpb_row vc_row-fluid\"><div class=\"wpb_column vc_column_container vc_col-sm-12\"><div class=\"vc_column-inner\"><div class=\"wpb_wrapper\">\n\t<div class=\"wpb_text_column wpb_content_element\" >\n\t\t<div class=\"wpb_wrapper\">\n\t\t\t<p>Sleep is one of the central pillars of health and physiological balance. During the night, the body activates fundamental processes of repair, regulation and adaptation, involving the nervous system, the endocrine system and the immune system. Adequate sleep contributes to physical recovery, emotional stability and the organisation of cognitive functions.<\/p>\n<p>However, the fast pace of contemporary life, prolonged exposure to artificial light, irregular schedules and stimulus overload tend to interfere with the natural organisation of sleep. Understanding sleep from an integrative perspective means recognising it not just as a period of rest, but as an active regulatory process, influenced by daily habits, the context of life and the state of the nervous system.<\/p>\n<p>Below are some general guidelines that can support the organisation of sleep and circadian rhythm, which should always be framed within an individual assessment.<\/p>\n<h4>Strategies to encourage more organised sleep<\/h4>\n<ul>\n<li><strong>Exposure to natural light during the day: <\/strong>Natural light is one of the main regulators of the circadian rhythm. Exposure to sunlight, especially in the morning, helps synchronise the biological clock, facilitating the transition to sleep at night.<\/li>\n<li><strong>Maintaining regular schedules: <\/strong>Going to bed and waking up at similar times helps the body to anticipate the periods of wakefulness and rest, favouring more spontaneous falling asleep and more stable waking up.<\/li>\n<li><strong>Respect for individual biorhythms: <\/strong>Sleep needs vary from person to person. In general, adults need around seven to nine hours of sleep, but the quality of rest and the feeling of recovery are equally important indicators.<\/li>\n<li><strong>Reducing caffeine consumption at the end of the day: <\/strong>Caffeine is a central nervous system stimulant and can interfere with falling asleep and the depth of sleep when consumed in the late afternoon or evening.<\/li>\n<li><strong>Lighter meals in the evening: <\/strong>Heavy or very late meals can hinder digestion and interfere with sleep preparation mechanisms. Opting for lighter meals can make it easier to rest at night.<\/li>\n<li><strong>Regular physical activity, preferably during the day: <\/strong>Regular movement supports the regulation of the nervous system and can contribute to more consistent sleep, as long as the intense activity doesn't take place too close to bedtime.<\/li>\n<li><strong>Avoid alcohol and other stimulants in the evening: <\/strong>Although alcohol can induce initial drowsiness, it tends to fragment sleep and reduce its quality throughout the night.<\/li>\n<li><strong>Reducing exposure to blue light at night: <\/strong>The blue light emitted by screens can interfere with melatonin production. Reducing the use of electronic devices or using warmer lighting at the end of the day can favour the transition to sleep.<\/li>\n<li><strong>Creating an environment favourable to rest: <\/strong>A dark, quiet room with a comfortable temperature helps to maintain a more continuous and restorative sleep.<\/li>\n<li><strong>Avoid using screens in bed: <\/strong>Reserving the bed for sleep and replacing screens with quieter activities, such as reading in soft light, can help the body associate this space with rest.<\/li>\n<li><strong>Use of weighted blankets, where appropriate: <\/strong>Weighted blankets can provide a feeling of containment and security, which in some people favours relaxation and continued sleep.<\/li>\n<\/ul>\n<h4>Understanding sleep from an integrative perspective<\/h4>\n<p data-start=\"145\" data-end=\"498\">Sleeping better doesn't involve applying rigid rules, but rather understanding how your daily habits, your level of sleep and <em>stress,<\/em> exposure to light and the state of the nervous system influence night-time rest. Small, consistent adjustments over time can have a significant impact on the body's ability to recover and self-regulate.<\/p>\n<p data-start=\"500\" data-end=\"811\">Within the framework of Clinical Psychoneuroimmunology, sleep is observed not just as an isolated objective, but as an indicator of the organism's overall balance. It is understood as a central regulatory process, influenced by biological, emotional and environmental factors, and not just the duration of rest. Clinical assessment therefore considers aspects such as the regularity of sleep schedules, the continuity and depth of sleep, as well as its organisation throughout the night, allowing for a more integrated reading of the body's functional state.<\/p>\n\n\t\t<\/div>\n\t<\/div>\n<\/div><\/div><\/div><\/div><div class=\"vc_row wpb_row vc_row-fluid\"><div class=\"wpb_column vc_column_container vc_col-sm-12 vc_col-has-fill\"><div class=\"vc_column-inner vc_custom_1769546988557\"><div class=\"wpb_wrapper\">\n\t<div class=\"wpb_text_column wpb_content_element\" >\n\t\t<div class=\"wpb_wrapper\">\n\t\t\t<p data-pm-slice=\"1 1 &#091;&#093;\">The Integrative Osteopathy consultation, with a framework in Clinical Psychoneuroimmunology, allows for an individualised assessment of sleep patterns, circadian rhythm and factors that may be interfering with physiological regulation, allowing for a better understanding of the factors involved and supporting the definition of strategies adjusted to your context and individual needs.<\/p>\n\n\t\t<\/div>\n\t<\/div>\n<\/div><\/div><\/div><\/div><div class=\"vc_row wpb_row vc_row-fluid vc_custom_1680169461443\"><div class=\"wpb_column vc_column_container vc_col-sm-12\"><div class=\"vc_column-inner\"><div class=\"wpb_wrapper\">\n\t<div class=\"wpb_text_column wpb_content_element  vc_custom_1760628837336\" >\n\t\t<div class=\"wpb_wrapper\">\n\t\t\t<p style=\"text-align: right;\"><a title=\"Osteopath - Physiotherapist David Brand\u00e3o\" href=\"https:\/\/integrativa.pt\/en\/osteopata-fisioterapeuta-david-brandao\/\"><strong>David Brand\u00e3o<\/strong> <\/a>| Osteopath and Physiotherapist<\/p>\n<p style=\"text-align: right;\">Specialised in Clinical Psychoneuroimmunology<\/p>\n<h6 style=\"text-align: right;\">Physiotherapist Card: 3652 | Order of Physiotherapists \/\/ Osteopath Card: C-0031697 | ACSS<\/h6>\n\n\t\t<\/div>\n\t<\/div>\n<style type=\"text\/css\" data-type=\"the7_shortcodes-inline-css\">.dt-shortcode-soc-icons.soc-icons-d45686d09a63baba6497efe6c6ad3c1e a {\n  margin-right: 4px;\n}\n.dt-shortcode-soc-icons a.soc-icons-d45686d09a63baba6497efe6c6ad3c1e {\n  margin-right: 4px;\n}\n.dt-shortcode-soc-icons a.soc-icons-d45686d09a63baba6497efe6c6ad3c1e:last-child {\n  margin-right: 0;\n}\n.dt-shortcode-soc-icons a.soc-icons-d45686d09a63baba6497efe6c6ad3c1e:before,\n.dt-shortcode-soc-icons a.soc-icons-d45686d09a63baba6497efe6c6ad3c1e:after {\n  padding: inherit;\n}\n.dt-shortcode-soc-icons a.soc-icons-d45686d09a63baba6497efe6c6ad3c1e.dt-icon-border-on:before {\n  border:  solid ;\n}\n.dt-shortcode-soc-icons a.soc-icons-d45686d09a63baba6497efe6c6ad3c1e.dt-icon-hover-border-on:after {\n  border:  solid ;\n}<\/style><div class=\"dt-shortcode-soc-icons  soc-icons-d45686d09a63baba6497efe6c6ad3c1e soc-icons-right\" ><style type=\"text\/css\" data-type=\"the7_shortcodes-inline-css\">.dt-shortcode-soc-icons a.single-soc-icon-4e4f278c408213ddb82c8b416bc69fdc {\n  min-width: 26px;\n  min-height: 26px;\n  font-size: 16px;\n  border-radius: 100px;\n}\n.dt-shortcode-soc-icons a.single-soc-icon-4e4f278c408213ddb82c8b416bc69fdc:last-child {\n  margin-right: 0;\n}\n.dt-shortcode-soc-icons a.single-soc-icon-4e4f278c408213ddb82c8b416bc69fdc:before,\n.dt-shortcode-soc-icons a.single-soc-icon-4e4f278c408213ddb82c8b416bc69fdc:after {\n  min-width: 26px;\n  min-height: 26px;\n  padding: inherit;\n}\n.dt-shortcode-soc-icons a.single-soc-icon-4e4f278c408213ddb82c8b416bc69fdc.dt-icon-border-on:before {\n  border: 0px solid ;\n}\n.dt-shortcode-soc-icons a.single-soc-icon-4e4f278c408213ddb82c8b416bc69fdc.dt-icon-hover-border-on:after {\n  border: 0px solid ;\n}\n.dt-shortcode-soc-icons a.single-soc-icon-4e4f278c408213ddb82c8b416bc69fdc:hover {\n  font-size: 16px;\n}\n#page .dt-shortcode-soc-icons a.single-soc-icon-4e4f278c408213ddb82c8b416bc69fdc:hover .soc-font-icon,\n#phantom .dt-shortcode-soc-icons a.single-soc-icon-4e4f278c408213ddb82c8b416bc69fdc:hover .soc-font-icon,\n#page .dt-shortcode-soc-icons a.single-soc-icon-4e4f278c408213ddb82c8b416bc69fdc:hover .soc-icon,\n#phantom .dt-shortcode-soc-icons a.single-soc-icon-4e4f278c408213ddb82c8b416bc69fdc:hover .soc-icon {\n  color: rgba(255,255,255,0.75);\n  background: none;\n}\n#page .dt-shortcode-soc-icons a.single-soc-icon-4e4f278c408213ddb82c8b416bc69fdc:not(:hover) .soc-font-icon,\n#phantom .dt-shortcode-soc-icons a.single-soc-icon-4e4f278c408213ddb82c8b416bc69fdc:not(:hover) .soc-font-icon,\n#page .dt-shortcode-soc-icons a.single-soc-icon-4e4f278c408213ddb82c8b416bc69fdc:not(:hover) .soc-icon,\n#phantom .dt-shortcode-soc-icons a.single-soc-icon-4e4f278c408213ddb82c8b416bc69fdc:not(:hover) .soc-icon {\n  color: #ffffff;\n  background: none;\n}\n.dt-shortcode-soc-icons a.single-soc-icon-4e4f278c408213ddb82c8b416bc69fdc .soc-font-icon,\n.dt-shortcode-soc-icons a.single-soc-icon-4e4f278c408213ddb82c8b416bc69fdc .soc-icon {\n  font-size: 16px;\n}<\/style><a title=\"Instagram\" href=\"https:\/\/www.instagram.com\/davidosteopata\/\" class=\"instagram single-soc-icon-4e4f278c408213ddb82c8b416bc69fdc dt-icon-bg-on dt-icon-border-on dt-icon-hover-border-on dt-icon-hover-bg-on\" target=\"_blank\" rel=\"noopener\"><i class=\"soc-icon soc-font-icon dt-icon-instagram\"><\/i><span class=\"screen-reader-text\">Instagram<\/span><\/a><\/div><\/div><\/div><\/div><\/div><div class=\"vc_row wpb_row vc_row-fluid vc_custom_1680169461443\"><div class=\"wpb_column vc_column_container vc_col-sm-12\"><div class=\"vc_column-inner\"><div class=\"wpb_wrapper\">\n\t<div class=\"wpb_text_column wpb_content_element  vc_custom_1680169468507\" >\n\t\t<div class=\"wpb_wrapper\">\n\t\t\t<p><a title=\"Home\" href=\"https:\/\/integrativa.pt\/en\/\"><strong>Integrativa<\/strong><\/a> | Health and well-being as a lifestyle<\/p>\n\n\t\t<\/div>\n\t<\/div>\n\n\t<div class=\"wpb_text_column wpb_content_element  vc_custom_1775895587227\" >\n\t\t<div class=\"wpb_wrapper\">\n\t\t\t<h6>This website and its content are for information purposes only and are not a substitute for medical or health professional advice. In all cases, treatments should be individualised and guided by health professionals. Do not make any changes to your treatment without contacting the doctor or health professional accompanying you.<\/h6>\n\n\t\t<\/div>\n\t<\/div>\n<\/div><\/div><\/div><\/div><div class=\"vc_row wpb_row vc_row-fluid\"><div class=\"wpb_column vc_column_container vc_col-sm-12\"><div class=\"vc_column-inner vc_custom_1678987635945\"><div class=\"wpb_wrapper\"><div class=\"vc_separator wpb_content_element vc_separator_align_center vc_sep_border_width_1 vc_sep_pos_align_center wpb_content_element vc_separator-has-text\"   style=\"width: 100%;\"><span class=\"vc_sep_holder vc_sep_holder_l\"><span style=\"border-top-color:#1b9193;\" class=\"vc_sep_line\"><\/span><\/span><h4>Related articles<\/h4><span class=\"vc_sep_holder vc_sep_holder_r\"><span style=\"border-top-color:#1b9193;\" class=\"vc_sep_line\"><\/span><\/span>\n<\/div><style type=\"text\/css\" data-type=\"the7_shortcodes-inline-css\">.blog-carousel-shortcode.blog-carousel-shortcode-id-13f38358c49797ee066cfd462ae4f20c.dividers-on.classic-layout-list article {\n  padding-top: 0;\n}\n.blog-carousel-shortcode.blog-carousel-shortcode-id-13f38358c49797ee066cfd462ae4f20c.dividers-on.classic-layout-list article:first-of-type {\n  margin-top: 0;\n  padding-top: 0;\n}\n.blog-carousel-shortcode.blog-carousel-shortcode-id-13f38358c49797ee066cfd462ae4f20c.classic-layout-list.mode-list .post-entry-content {\n  width: calc(100% - );\n}\n.blog-carousel-shortcode.blog-carousel-shortcode-id-13f38358c49797ee066cfd462ae4f20c.classic-layout-list.mode-list .no-img .post-entry-content {\n  width: 100%;\n}\n.blog-carousel-shortcode.blog-carousel-shortcode-id-13f38358c49797ee066cfd462ae4f20c .filter-bg-decoration .filter-categories a.act {\n  color: #fff;\n}\n.blog-carousel-shortcode.blog-carousel-shortcode-id-13f38358c49797ee066cfd462ae4f20c:not(.mode-masonry) article:first-of-type,\n.blog-carousel-shortcode.blog-carousel-shortcode-id-13f38358c49797ee066cfd462ae4f20c:not(.mode-masonry) article.visible.first:not(.product) {\n  margin-top: 0;\n}\n.blog-carousel-shortcode.blog-carousel-shortcode-id-13f38358c49797ee066cfd462ae4f20c.dividers-on:not(.mode-masonry) article {\n  margin-top: 0;\n}\n.blog-carousel-shortcode.blog-carousel-shortcode-id-13f38358c49797ee066cfd462ae4f20c.dividers-on:not(.mode-masonry) article:first-of-type,\n.blog-carousel-shortcode.blog-carousel-shortcode-id-13f38358c49797ee066cfd462ae4f20c.dividers-on:not(.mode-masonry) article.visible.first:not(.product) {\n  margin-top: 0;\n  padding-top: 0;\n}\n.blog-carousel-shortcode.blog-carousel-shortcode-id-13f38358c49797ee066cfd462ae4f20c .post-thumbnail-wrap {\n  padding: 0px 0px 0px 0px;\n}\n.blog-carousel-shortcode.blog-carousel-shortcode-id-13f38358c49797ee066cfd462ae4f20c.enable-bg-rollover .post-thumbnail-rollover:after {\n  background: -webkit-linear-gradient();\n  background: linear-gradient();\n}\n.blog-carousel-shortcode.blog-carousel-shortcode-id-13f38358c49797ee066cfd462ae4f20c .gallery-zoom-ico {\n  width: 44px;\n  height: 44px;\n  line-height: 44px;\n  border-radius: 100px;\n  margin: -22px 0 0 -22px;\n  border-width: 0px;\n  color: #ffffff;\n  background: none;\n}\n.bottom-overlap-layout-list.blog-carousel-shortcode.blog-carousel-shortcode-id-13f38358c49797ee066cfd462ae4f20c .gallery-zoom-ico {\n  margin-top: -72px;\n}\n.gradient-overlay-layout-list.blog-carousel-shortcode.blog-carousel-shortcode-id-13f38358c49797ee066cfd462ae4f20c .gallery-zoom-ico,\n.content-rollover-layout-list.blog-carousel-shortcode.blog-carousel-shortcode-id-13f38358c49797ee066cfd462ae4f20c .gallery-zoom-ico {\n  margin: 0 0 10px;\n}\n.content-align-center.gradient-overlay-layout-list.blog-carousel-shortcode.blog-carousel-shortcode-id-13f38358c49797ee066cfd462ae4f20c .gallery-zoom-ico,\n.content-align-center.content-rollover-layout-list.blog-carousel-shortcode.blog-carousel-shortcode-id-13f38358c49797ee066cfd462ae4f20c .gallery-zoom-ico {\n  margin: 0 auto 10px;\n}\n.dt-icon-bg-on.blog-carousel-shortcode.blog-carousel-shortcode-id-13f38358c49797ee066cfd462ae4f20c .gallery-zoom-ico {\n  background: rgba(255,255,255,0.3);\n  box-shadow: none;\n}\n.blog-carousel-shortcode.blog-carousel-shortcode-id-13f38358c49797ee066cfd462ae4f20c .gallery-zoom-ico > span,\n.blog-carousel-shortcode.blog-carousel-shortcode-id-13f38358c49797ee066cfd462ae4f20c .gallery-zoom-ico:before {\n  font-size: 32px;\n  line-height: 44px;\n}\n.blog-carousel-shortcode.blog-carousel-shortcode-id-13f38358c49797ee066cfd462ae4f20c .gallery-zoom-ico > span,\n.blog-carousel-shortcode.blog-carousel-shortcode-id-13f38358c49797ee066cfd462ae4f20c .gallery-zoom-ico:before {\n  color: #ffffff;\n  background: none;\n}\n.blog-carousel-shortcode.blog-carousel-shortcode-id-13f38358c49797ee066cfd462ae4f20c .entry-title,\n.blog-carousel-shortcode.blog-carousel-shortcode-id-13f38358c49797ee066cfd462ae4f20c.owl-carousel .entry-title {\n  margin-bottom: 5px;\n}\n.blog-carousel-shortcode.blog-carousel-shortcode-id-13f38358c49797ee066cfd462ae4f20c .entry-meta {\n  margin-bottom: 15px;\n}\n.blog-carousel-shortcode.blog-carousel-shortcode-id-13f38358c49797ee066cfd462ae4f20c .portfolio-categories {\n  margin-bottom: 15px;\n}\n.blog-carousel-shortcode.blog-carousel-shortcode-id-13f38358c49797ee066cfd462ae4f20c .entry-excerpt {\n  margin-bottom: 5px;\n}\n.blog-carousel-shortcode.blog-carousel-shortcode-id-13f38358c49797ee066cfd462ae4f20c:not(.centered-layout-list) .post-entry-content {\n  padding: 15px 20px 20px 20px;\n}\n.blog-carousel-shortcode.blog-carousel-shortcode-id-13f38358c49797ee066cfd462ae4f20c:not(.centered-layout-list):not(.content-bg-on):not(.mode-list) .no-img .post-entry-content {\n  padding: 0;\n}\n@media screen and (max-width: ) {\n  .blog-carousel-shortcode.blog-carousel-shortcode-id-13f38358c49797ee066cfd462ae4f20c article {\n    -ms-flex-flow: column nowrap;\n    flex-flow: column nowrap;\n    margin-top: 20px;\n  }\n  .blog-carousel-shortcode.blog-carousel-shortcode-id-13f38358c49797ee066cfd462ae4f20c.dividers-on article {\n    border: none;\n  }\n  .blog-carousel-shortcode.blog-carousel-shortcode-id-13f38358c49797ee066cfd462ae4f20c.content-bg-on.centered-layout-list article {\n    padding: 0;\n  }\n  .blog-carousel-shortcode.blog-carousel-shortcode-id-13f38358c49797ee066cfd462ae4f20c.blog-shortcode.dividers-on article,\n  .blog-carousel-shortcode.blog-carousel-shortcode-id-13f38358c49797ee066cfd462ae4f20c.dividers-on.classic-layout-list article {\n    margin-top: 20px;\n    padding: 0;\n  }\n  .blog-carousel-shortcode.blog-carousel-shortcode-id-13f38358c49797ee066cfd462ae4f20c.blog-shortcode.dividers-on article:first-of-type,\n  .blog-carousel-shortcode.blog-carousel-shortcode-id-13f38358c49797ee066cfd462ae4f20c.dividers-on.classic-layout-list article:first-of-type {\n    padding: 0;\n  }\n  #page .blog-carousel-shortcode.blog-carousel-shortcode-id-13f38358c49797ee066cfd462ae4f20c .post-thumbnail-wrap,\n  #page .blog-carousel-shortcode.blog-carousel-shortcode-id-13f38358c49797ee066cfd462ae4f20c .post-entry-content {\n    width: 100%;\n    margin: 0;\n    top: 0;\n  }\n  #page .blog-carousel-shortcode.blog-carousel-shortcode-id-13f38358c49797ee066cfd462ae4f20c .post-thumbnail-wrap {\n    padding: 0;\n  }\n  #page .blog-carousel-shortcode.blog-carousel-shortcode-id-13f38358c49797ee066cfd462ae4f20c .post-entry-content:after {\n    display: none;\n  }\n  #page .blog-carousel-shortcode.blog-carousel-shortcode-id-13f38358c49797ee066cfd462ae4f20c .project-even .post-thumbnail-wrap,\n  #page .blog-carousel-shortcode.blog-carousel-shortcode-id-13f38358c49797ee066cfd462ae4f20c.centered-layout-list .post-thumbnail-wrap {\n    -ms-flex-order: 0;\n    order: 0;\n  }\n  #page .blog-carousel-shortcode.blog-carousel-shortcode-id-13f38358c49797ee066cfd462ae4f20c.centered-layout-list .post-entry-title-content {\n    -ms-flex-order: 1;\n    order: 1;\n    width: 100%;\n    padding: 20px 20px 0;\n  }\n  #page .blog-carousel-shortcode.blog-carousel-shortcode-id-13f38358c49797ee066cfd462ae4f20c.centered-layout-list .post-entry-content {\n    -ms-flex-order: 2;\n    order: 2;\n    padding-top: 0;\n  }\n  #page .blog-carousel-shortcode.blog-carousel-shortcode-id-13f38358c49797ee066cfd462ae4f20c .fancy-categories {\n    top: 10px;\n    left: 10px;\n    bottom: auto;\n    right: auto;\n  }\n  #page .blog-carousel-shortcode.blog-carousel-shortcode-id-13f38358c49797ee066cfd462ae4f20c .fancy-date a {\n    top: 10px;\n    right: 10px;\n    left: auto;\n    bottom: auto;\n  }\n  #page .blog-carousel-shortcode.blog-carousel-shortcode-id-13f38358c49797ee066cfd462ae4f20c .post-entry-content {\n    padding: 20px;\n  }\n  #page .blog-carousel-shortcode.blog-carousel-shortcode-id-13f38358c49797ee066cfd462ae4f20c .entry-title {\n    margin: 3px 0 5px;\n    font-size: 20px;\n    line-height: 26px;\n  }\n  #page .blog-carousel-shortcode.blog-carousel-shortcode-id-13f38358c49797ee066cfd462ae4f20c .entry-meta {\n    margin: 5px 0 5px;\n  }\n  #page .blog-carousel-shortcode.blog-carousel-shortcode-id-13f38358c49797ee066cfd462ae4f20c .entry-excerpt {\n    margin: 15px 0 0;\n  }\n  #page .blog-carousel-shortcode.blog-carousel-shortcode-id-13f38358c49797ee066cfd462ae4f20c .post-details {\n    margin: 5px 0 10px;\n  }\n  #page .blog-carousel-shortcode.blog-carousel-shortcode-id-13f38358c49797ee066cfd462ae4f20c .post-details.details-type-link {\n    margin-bottom: 2px;\n  }\n}\n.blog-carousel-shortcode.blog-carousel-shortcode-id-13f38358c49797ee066cfd462ae4f20c.owl-carousel .owl-nav div {\n  width: 36px;\n  height: 36px;\n  border-radius: 500px;\n}\n.dt-arrow-border-on.blog-carousel-shortcode.blog-carousel-shortcode-id-13f38358c49797ee066cfd462ae4f20c.owl-carousel .owl-nav div:not(:hover):before {\n  border-width: 0px;\n}\n.dt-arrow-hover-border-on.blog-carousel-shortcode.blog-carousel-shortcode-id-13f38358c49797ee066cfd462ae4f20c.owl-carousel .owl-nav div:hover:after {\n  border-width: 0px;\n}\n.blog-carousel-shortcode.blog-carousel-shortcode-id-13f38358c49797ee066cfd462ae4f20c.owl-carousel .owl-nav div.owl-prev {\n  top: 50%;\n  transform: translateY(calc(-50% + 0px));\n  left: -43px;\n}\n@media all and (-ms-high-contrast: none) {\n  .blog-carousel-shortcode.blog-carousel-shortcode-id-13f38358c49797ee066cfd462ae4f20c.owl-carousel .owl-nav div.owl-prev {\n    transform: translateY(-50%);\n    margin-top: 0px;\n  }\n}\n.blog-carousel-shortcode.blog-carousel-shortcode-id-13f38358c49797ee066cfd462ae4f20c.owl-carousel .owl-nav div.owl-prev i {\n  padding: 0px 0px 0px 0px;\n}\n.blog-carousel-shortcode.blog-carousel-shortcode-id-13f38358c49797ee066cfd462ae4f20c.owl-carousel .owl-nav div.owl-next {\n  top: 50%;\n  transform: translateY(calc(-50% + 0px));\n  right: -43px;\n}\n@media all and (-ms-high-contrast: none) {\n  .blog-carousel-shortcode.blog-carousel-shortcode-id-13f38358c49797ee066cfd462ae4f20c.owl-carousel .owl-nav div.owl-next {\n    transform: translateY(-50%);\n    margin-top: 0px;\n  }\n}\n.blog-carousel-shortcode.blog-carousel-shortcode-id-13f38358c49797ee066cfd462ae4f20c.owl-carousel .owl-nav div.owl-next i {\n  padding: 0px 0px 0px 0px;\n}\n.blog-carousel-shortcode.blog-carousel-shortcode-id-13f38358c49797ee066cfd462ae4f20c.owl-carousel .owl-nav i {\n  font-size: 18px;\n}\n.blog-carousel-shortcode.blog-carousel-shortcode-id-13f38358c49797ee066cfd462ae4f20c.owl-carousel .owl-nav div:not(:hover) i,\n.blog-carousel-shortcode.blog-carousel-shortcode-id-13f38358c49797ee066cfd462ae4f20c.owl-carousel .owl-nav div:not(:hover) i:before {\n  color: #ffffff;\n  background: none;\n}\n.blog-carousel-shortcode.blog-carousel-shortcode-id-13f38358c49797ee066cfd462ae4f20c.owl-carousel .owl-nav div:hover i,\n.blog-carousel-shortcode.blog-carousel-shortcode-id-13f38358c49797ee066cfd462ae4f20c.owl-carousel .owl-nav div:hover i:before {\n  color: rgba(255,255,255,0.75);\n  background: none;\n}\n.blog-carousel-shortcode.blog-carousel-shortcode-id-13f38358c49797ee066cfd462ae4f20c .owl-dots {\n  top: calc(100% + 20px);\n  left: 50%;\n  transform: translateX(calc(-50% + 0px));\n}\n@media all and (-ms-high-contrast: none) {\n  .blog-carousel-shortcode.blog-carousel-shortcode-id-13f38358c49797ee066cfd462ae4f20c .owl-dots {\n    transform: translateX(-50%);\n    margin-left: 0px;\n  }\n}\n.blog-carousel-shortcode.blog-carousel-shortcode-id-13f38358c49797ee066cfd462ae4f20c .owl-dot {\n  width: 10px;\n  height: 10px;\n  margin: 0 8px;\n}\n@media screen and (max-width: 778px) {\n  .blog-carousel-shortcode.blog-carousel-shortcode-id-13f38358c49797ee066cfd462ae4f20c.hide-arrows .owl-nav a {\n    display: none;\n  }\n}\n@media screen and (max-width: 778px) {\n  .blog-carousel-shortcode.blog-carousel-shortcode-id-13f38358c49797ee066cfd462ae4f20c.reposition-arrows .owl-nav div.owl-prev {\n    top: 50%;\n    transform: translateY(calc(-50% + 0px));\n    left: 10px;\n  }\n  .blog-carousel-shortcode.blog-carousel-shortcode-id-13f38358c49797ee066cfd462ae4f20c.reposition-arrows .owl-nav div.owl-next {\n    top: 50%;\n    transform: translateY(calc(-50% + 0px));\n    right: 10px;\n  }\n}\n@media screen and (max-width: 778px) and all and (-ms-high-contrast: none) {\n  .blog-carousel-shortcode.blog-carousel-shortcode-id-13f38358c49797ee066cfd462ae4f20c.reposition-arrows .owl-nav div.owl-prev {\n    transform: translateY(-50%);\n    margin-top: 0px;\n  }\n}\n@media screen and (max-width: 778px) and all and (-ms-high-contrast: none) {\n  .blog-carousel-shortcode.blog-carousel-shortcode-id-13f38358c49797ee066cfd462ae4f20c.reposition-arrows .owl-nav div.owl-next {\n    transform: translateY(-50%);\n    margin-top: 0px;\n  }\n}<\/style><div class=\"owl-carousel blog-carousel-shortcode dt-owl-carousel-call blog-carousel-shortcode-id-13f38358c49797ee066cfd462ae4f20c classic-layout-list scale-img dt-icon-bg-off dt-arrow-border-on dt-arrow-hover-border-on meta-info-off bullets-small-dot-stroke reposition-arrows arrows-bg-on disable-arrows-hover-bg arrows-hover-bg-on\" data-scroll-mode=\"1\" data-col-num=\"3\" data-wide-col-num=\"4\" data-laptop-col=\"3\" data-h-tablet-columns-num=\"3\" data-v-tablet-columns-num=\"2\" data-phone-columns-num=\"1\" data-auto-height=\"true\" data-col-gap=\"30\" data-stage-padding=\"0\" data-speed=\"600\" data-autoplay=\"false\" data-autoplay_speed=\"6000\" data-arrows=\"true\" data-bullet=\"false\" data-next-icon=\"icon-ar-017-r\" data-prev-icon=\"icon-ar-017-l\"><article class=\"post post-3005 type-post status-publish format-standard has-post-thumbnail hentry category-4-pilares-da-saude category-psiconeuroimunologia tag-fisioterapia tag-osteopatia tag-pilates-clinico category-35 category-48 description-off\" data-name=\"Luz solar, humor e felicidade numa perspetiva integrativa\" data-date=\"2024-02-06T17:03:14+00:00\">\n\n<div class=\"post-thumbnail-wrap\">\n\t<div class=\"post-thumbnail\">\n\t\t\n\t\t\n\t\t<a href=\"https:\/\/integrativa.pt\/en\/luz-solar-humor-e-felicidade-numa-perspetiva-integrativa\/\" class=\"post-thumbnail-rollover layzr-bg\"><img fetchpriority=\"high\" decoding=\"async\" class=\"preload-me owl-lazy-load aspect\" src=\"data:image\/svg+xml,%3Csvg%20xmlns%3D&#39;http%3A%2F%2Fwww.w3.org%2F2000%2Fsvg&#39;%20viewBox%3D&#39;0%200%20768%20512&#39;%2F%3E\" data-src=\"https:\/\/integrativa.pt\/wp-content\/uploads\/2024\/02\/Apanhar-sol-vitamina-D-768x512.jpg\" data-srcset=\"https:\/\/integrativa.pt\/wp-content\/uploads\/2024\/02\/Apanhar-sol-vitamina-D-768x512.jpg 768w, https:\/\/integrativa.pt\/wp-content\/uploads\/2024\/02\/Apanhar-sol-vitamina-D-1152x768.jpg 1152w\" loading=\"eager\" style=\"--ratio: 768 \/ 512\" sizes=\"(max-width: 768px) 100vw, 768px\" alt=\"\" title=\"Sunbathing vitamin D\" width=\"768\" height=\"512\"  \/><\/a>\t<\/div>\n<\/div>\n\n\n<div class=\"post-entry-content\">\n\n\t<h3 class=\"entry-title\">\n\t\t<a href=\"https:\/\/integrativa.pt\/en\/luz-solar-humor-e-felicidade-numa-perspetiva-integrativa\/\" title=\"Sunlight, humour and happiness from an integrative perspective\" rel=\"bookmark\">Sunlight, humour and happiness from an integrative perspective<\/a>\n\t<\/h3>\n\n\t\n\t\n\t\n<a href=\"https:\/\/integrativa.pt\/en\/luz-solar-humor-e-felicidade-numa-perspetiva-integrativa\/\" class=\"post-details details-type-link\" aria-label=\"Read more about sunlight, humour and happiness from an integrative perspective\">Read more<i class=\"dt-icon-the7-arrow-03\" aria-hidden=\"true\"><\/i><\/a>\n\n<\/div><\/article><article class=\"post post-4869 type-post status-publish format-standard has-post-thumbnail hentry category-osteopata-david-brandao category-osteopatia-integrativa category-psiconeuroimunologia tag-fisioterapia tag-osteopatia tag-pilates-clinico category-33 category-32 category-48 description-off\" data-name=\"Movimento \u00e9 Medicina: o exerc\u00edcio f\u00edsico como regulador do metabolismo e do sistema Imunit\u00e1rio\" data-date=\"2025-10-15T08:49:12+00:00\">\n\n<div class=\"post-thumbnail-wrap\">\n\t<div class=\"post-thumbnail\">\n\t\t\n\t\t\n\t\t<a href=\"https:\/\/integrativa.pt\/en\/movimento-e-medicina-o-exercicio-fisico-como-regulador-do-metabolismo-e-do-sistema-imunitario\/\" class=\"post-thumbnail-rollover layzr-bg\"><img decoding=\"async\" class=\"preload-me owl-lazy-load aspect\" src=\"data:image\/svg+xml,%3Csvg%20xmlns%3D&#39;http%3A%2F%2Fwww.w3.org%2F2000%2Fsvg&#39;%20viewBox%3D&#39;0%200%20768%20512&#39;%2F%3E\" data-src=\"https:\/\/integrativa.pt\/wp-content\/uploads\/2025\/10\/Pilates-clinico-Lisboa-2-768x512.webp\" data-srcset=\"https:\/\/integrativa.pt\/wp-content\/uploads\/2025\/10\/Pilates-clinico-Lisboa-2-768x512.webp 768w, https:\/\/integrativa.pt\/wp-content\/uploads\/2025\/10\/Pilates-clinico-Lisboa-2-1152x768.webp 1152w\" loading=\"eager\" style=\"--ratio: 768 \/ 512\" sizes=\"(max-width: 768px) 100vw, 768px\" alt=\"\" title=\"Clinical Pilates Lisbon\" width=\"768\" height=\"512\"  \/><\/a>\t<\/div>\n<\/div>\n\n\n<div class=\"post-entry-content\">\n\n\t<h3 class=\"entry-title\">\n\t\t<a href=\"https:\/\/integrativa.pt\/en\/movimento-e-medicina-o-exercicio-fisico-como-regulador-do-metabolismo-e-do-sistema-imunitario\/\" title=\"Movement is Medicine: physical exercise as a regulator of metabolism and the immune system\" rel=\"bookmark\">Movement is Medicine: physical exercise as a regulator of metabolism and the immune system<\/a>\n\t<\/h3>\n\n\t\n\t\n\t\n<a href=\"https:\/\/integrativa.pt\/en\/movimento-e-medicina-o-exercicio-fisico-como-regulador-do-metabolismo-e-do-sistema-imunitario\/\" class=\"post-details details-type-link\" aria-label=\"Read more about Movement is Medicine: physical exercise as a regulator of metabolism and the immune system\">Read more<i class=\"dt-icon-the7-arrow-03\" aria-hidden=\"true\"><\/i><\/a>\n\n<\/div><\/article><article class=\"post post-2492 type-post status-publish format-standard has-post-thumbnail hentry category-4-pilares-da-saude category-osteopata-david-brandao category-osteopatia-integrativa category-osteopatia-integrativa-osteopatia category-psiconeuroimunologia category-sono-4-pilares-da-saude tag-fisioterapia tag-osteopatia tag-pilates-clinico category-35 category-33 category-32 category-34 category-48 category-37 description-off\" data-name=\"Dormir bem: estrat\u00e9gias para apoiar a regula\u00e7\u00e3o do sono e da sa\u00fade\" data-date=\"2023-09-06T09:48:31+00:00\">\n\n<div class=\"post-thumbnail-wrap\">\n\t<div class=\"post-thumbnail\">\n\t\t\n\t\t\n\t\t<a href=\"https:\/\/integrativa.pt\/en\/dormir-bem-estrategias-para-apoiar-a-regulacao-do-sono-e-da-saude\/\" class=\"post-thumbnail-rollover layzr-bg\"><img decoding=\"async\" class=\"preload-me owl-lazy-load aspect\" src=\"data:image\/svg+xml,%3Csvg%20xmlns%3D&#39;http%3A%2F%2Fwww.w3.org%2F2000%2Fsvg&#39;%20viewBox%3D&#39;0%200%20768%20512&#39;%2F%3E\" data-src=\"https:\/\/integrativa.pt\/wp-content\/uploads\/2023\/09\/Consulta-Integrativa-do-Sono-768x512.webp\" data-srcset=\"https:\/\/integrativa.pt\/wp-content\/uploads\/2023\/09\/Consulta-Integrativa-do-Sono-768x512.webp 768w, https:\/\/integrativa.pt\/wp-content\/uploads\/2023\/09\/Consulta-Integrativa-do-Sono-1152x768.webp 1152w\" loading=\"eager\" style=\"--ratio: 768 \/ 512\" sizes=\"(max-width: 768px) 100vw, 768px\" alt=\"\" title=\"Integrative Sleep Consultation\" width=\"768\" height=\"512\"  \/><\/a>\t<\/div>\n<\/div>\n\n\n<div class=\"post-entry-content\">\n\n\t<h3 class=\"entry-title\">\n\t\t<a href=\"https:\/\/integrativa.pt\/en\/dormir-bem-estrategias-para-apoiar-a-regulacao-do-sono-e-da-saude\/\" title=\"Sleeping well: strategies to support sleep regulation and health\" rel=\"bookmark\">Sleeping well: strategies to support sleep regulation and health<\/a>\n\t<\/h3>\n\n\t\n\t\n\t\n<a href=\"https:\/\/integrativa.pt\/en\/dormir-bem-estrategias-para-apoiar-a-regulacao-do-sono-e-da-saude\/\" class=\"post-details details-type-link\" aria-label=\"Read more about Sleeping well: strategies to support sleep and health regulation\">Read more<i class=\"dt-icon-the7-arrow-03\" aria-hidden=\"true\"><\/i><\/a>\n\n<\/div><\/article><article class=\"post post-1728 type-post status-publish format-standard has-post-thumbnail hentry category-osteopatia category-atm category-dores-de-cabeca category-osteopata-david-brandao category-osteopatia-craniana category-osteopatia-integrativa tag-fisioterapia tag-osteopatia tag-pilates-clinico category-17 category-41 category-52 category-33 category-42 category-32 description-off\" data-name=\"Dores de cabe\u00e7a e enxaqueca: abordagem integrativa com Osteopatia Craniana\" data-date=\"2023-01-21T15:07:19+00:00\">\n\n<div class=\"post-thumbnail-wrap\">\n\t<div class=\"post-thumbnail\">\n\t\t\n\t\t\n\t\t<a href=\"https:\/\/integrativa.pt\/en\/dores-de-cabeca-e-enxaqueca-abordagem-integrativa-com-osteopatia-craniana\/\" class=\"post-thumbnail-rollover layzr-bg\"><img decoding=\"async\" class=\"preload-me owl-lazy-load aspect\" src=\"data:image\/svg+xml,%3Csvg%20xmlns%3D&#39;http%3A%2F%2Fwww.w3.org%2F2000%2Fsvg&#39;%20viewBox%3D&#39;0%200%20768%20512&#39;%2F%3E\" data-src=\"https:\/\/integrativa.pt\/wp-content\/uploads\/2025\/10\/Dor-de-cabeca-Enxaqueca-Integrativa-Fisioterapia-768x512.webp\" data-srcset=\"https:\/\/integrativa.pt\/wp-content\/uploads\/2025\/10\/Dor-de-cabeca-Enxaqueca-Integrativa-Fisioterapia-768x512.webp 768w, https:\/\/integrativa.pt\/wp-content\/uploads\/2025\/10\/Dor-de-cabeca-Enxaqueca-Integrativa-Fisioterapia-1152x768.webp 1152w\" loading=\"eager\" style=\"--ratio: 768 \/ 512\" sizes=\"(max-width: 768px) 100vw, 768px\" alt=\"\" title=\"Headache Migraine Integrative Physiotherapy\" width=\"768\" height=\"512\"  \/><\/a>\t<\/div>\n<\/div>\n\n\n<div class=\"post-entry-content\">\n\n\t<h3 class=\"entry-title\">\n\t\t<a href=\"https:\/\/integrativa.pt\/en\/dores-de-cabeca-e-enxaqueca-abordagem-integrativa-com-osteopatia-craniana\/\" title=\"Headaches and migraines: an integrative approach with Cranial Osteopathy\" rel=\"bookmark\">Headaches and migraines: an integrative approach with Cranial Osteopathy<\/a>\n\t<\/h3>\n\n\t\n\t\n\t\n<a href=\"https:\/\/integrativa.pt\/en\/dores-de-cabeca-e-enxaqueca-abordagem-integrativa-com-osteopatia-craniana\/\" class=\"post-details details-type-link\" aria-label=\"Read more about Headaches and migraines: an integrative approach with Cranial Osteopathy\">Read more<i class=\"dt-icon-the7-arrow-03\" aria-hidden=\"true\"><\/i><\/a>\n\n<\/div><\/article><article class=\"post post-3255 type-post status-publish format-standard has-post-thumbnail hentry category-osteopatia category-atm category-bruxismo category-osteopata-david-brandao category-osteopatia-craniana category-osteopatia-integrativa-osteopatia tag-fisioterapia tag-osteopatia tag-pilates-clinico category-17 category-41 category-135 category-33 category-42 category-34 description-off\" data-name=\"Abordagem cl\u00ednica do bruxismo: o papel essencial da Osteopatia\" data-date=\"2024-06-06T12:08:19+00:00\">\n\n<div class=\"post-thumbnail-wrap\">\n\t<div class=\"post-thumbnail\">\n\t\t\n\t\t\n\t\t<a href=\"https:\/\/integrativa.pt\/en\/abordagem-clinica-do-bruxismo-o-papel-essencial-da-osteopatia\/\" class=\"post-thumbnail-rollover layzr-bg\"><img decoding=\"async\" class=\"preload-me owl-lazy-load aspect\" src=\"data:image\/svg+xml,%3Csvg%20xmlns%3D&#39;http%3A%2F%2Fwww.w3.org%2F2000%2Fsvg&#39;%20viewBox%3D&#39;0%200%20768%20512&#39;%2F%3E\" data-src=\"https:\/\/integrativa.pt\/wp-content\/uploads\/2025\/10\/ATM-Fisioterapia-Osteopatia-Cefaleias-Integrativa-Dor-de-cabeca-Enxaqueca-2-768x512.webp\" data-srcset=\"https:\/\/integrativa.pt\/wp-content\/uploads\/2025\/10\/ATM-Fisioterapia-Osteopatia-Cefaleias-Integrativa-Dor-de-cabeca-Enxaqueca-2-768x512.webp 768w, https:\/\/integrativa.pt\/wp-content\/uploads\/2025\/10\/ATM-Fisioterapia-Osteopatia-Cefaleias-Integrativa-Dor-de-cabeca-Enxaqueca-2-1152x768.webp 1152w\" loading=\"eager\" style=\"--ratio: 768 \/ 512\" sizes=\"(max-width: 768px) 100vw, 768px\" alt=\"\" title=\"TMJ Physiotherapy Osteopathy Integrative Headache Migraine\" width=\"768\" height=\"512\"  \/><\/a>\t<\/div>\n<\/div>\n\n\n<div class=\"post-entry-content\">\n\n\t<h3 class=\"entry-title\">\n\t\t<a href=\"https:\/\/integrativa.pt\/en\/abordagem-clinica-do-bruxismo-o-papel-essencial-da-osteopatia\/\" title=\"Clinical approach to bruxism: the essential role of osteopathy\" rel=\"bookmark\">Clinical approach to bruxism: the essential role of osteopathy<\/a>\n\t<\/h3>\n\n\t\n\t\n\t\n<a href=\"https:\/\/integrativa.pt\/en\/abordagem-clinica-do-bruxismo-o-papel-essencial-da-osteopatia\/\" class=\"post-details details-type-link\" aria-label=\"Read more about Clinical Approach to Bruxism: The Essential Role of Osteopathy\">Read more<i class=\"dt-icon-the7-arrow-03\" aria-hidden=\"true\"><\/i><\/a>\n\n<\/div><\/article><article class=\"post post-3113 type-post status-publish format-standard has-post-thumbnail hentry category-osteopatia category-osteopatia-integrativa-osteopatia category-psiconeuroimunologia category-sono category-sono-4-pilares-da-saude tag-fisioterapia tag-osteopatia tag-pilates-clinico category-17 category-34 category-48 category-36 category-37 description-off\" data-name=\"A Import\u00e2ncia do descanso na vida moderna\" data-date=\"2024-05-22T12:00:52+00:00\">\n\n<div class=\"post-thumbnail-wrap\">\n\t<div class=\"post-thumbnail\">\n\t\t\n\t\t\n\t\t<a href=\"https:\/\/integrativa.pt\/en\/a-importancia-do-descanso-na-vida-moderna\/\" class=\"post-thumbnail-rollover layzr-bg\"><img decoding=\"async\" class=\"preload-me owl-lazy-load aspect\" src=\"data:image\/svg+xml,%3Csvg%20xmlns%3D&#39;http%3A%2F%2Fwww.w3.org%2F2000%2Fsvg&#39;%20viewBox%3D&#39;0%200%20768%20512&#39;%2F%3E\" data-src=\"https:\/\/integrativa.pt\/wp-content\/uploads\/2024\/05\/Intregrativa-768x512.webp\" data-srcset=\"https:\/\/integrativa.pt\/wp-content\/uploads\/2024\/05\/Intregrativa-768x512.webp 768w, https:\/\/integrativa.pt\/wp-content\/uploads\/2024\/05\/Intregrativa-1152x768.webp 1152w\" loading=\"eager\" style=\"--ratio: 768 \/ 512\" sizes=\"(max-width: 768px) 100vw, 768px\" alt=\"\" title=\"Intregrative\" width=\"768\" height=\"512\"  \/><\/a>\t<\/div>\n<\/div>\n\n\n<div class=\"post-entry-content\">\n\n\t<h3 class=\"entry-title\">\n\t\t<a href=\"https:\/\/integrativa.pt\/en\/a-importancia-do-descanso-na-vida-moderna\/\" title=\"The importance of rest in modern life\" rel=\"bookmark\">The importance of rest in modern life<\/a>\n\t<\/h3>\n\n\t\n\t\n\t\n<a href=\"https:\/\/integrativa.pt\/en\/a-importancia-do-descanso-na-vida-moderna\/\" class=\"post-details details-type-link\" aria-label=\"Read more about The Importance of Rest in Modern Life\">Read more<i class=\"dt-icon-the7-arrow-03\" aria-hidden=\"true\"><\/i><\/a>\n\n<\/div><\/article><\/div><\/div><\/div><\/div><\/div>\n<\/div>","protected":false},"excerpt":{"rendered":"<p>Sleep is one of the central pillars of health and physiological balance. During the night, the body activates fundamental processes of repair, regulation and adaptation, involving the nervous system, the endocrine system and the immune system. Adequate sleep contributes to physical recovery, emotional stability and the organisation of...<\/p>","protected":false},"author":1,"featured_media":4858,"comment_status":"closed","ping_status":"open","sticky":false,"template":"","format":"standard","meta":{"inline_featured_image":false,"footnotes":""},"categories":[35,33,32,34,48,37],"tags":[4,27,8],"class_list":["post-2492","post","type-post","status-publish","format-standard","has-post-thumbnail","hentry","category-4-pilares-da-saude","category-osteopata-david-brandao","category-osteopatia-integrativa","category-osteopatia-integrativa-osteopatia","category-psiconeuroimunologia","category-sono-4-pilares-da-saude","tag-fisioterapia","tag-osteopatia","tag-pilates-clinico","category-35","category-33","category-32","category-34","category-48","category-37","description-off"],"_links":{"self":[{"href":"https:\/\/integrativa.pt\/en\/wp-json\/wp\/v2\/posts\/2492","targetHints":{"allow":["GET"]}}],"collection":[{"href":"https:\/\/integrativa.pt\/en\/wp-json\/wp\/v2\/posts"}],"about":[{"href":"https:\/\/integrativa.pt\/en\/wp-json\/wp\/v2\/types\/post"}],"author":[{"embeddable":true,"href":"https:\/\/integrativa.pt\/en\/wp-json\/wp\/v2\/users\/1"}],"replies":[{"embeddable":true,"href":"https:\/\/integrativa.pt\/en\/wp-json\/wp\/v2\/comments?post=2492"}],"version-history":[{"count":0,"href":"https:\/\/integrativa.pt\/en\/wp-json\/wp\/v2\/posts\/2492\/revisions"}],"wp:featuredmedia":[{"embeddable":true,"href":"https:\/\/integrativa.pt\/en\/wp-json\/wp\/v2\/media\/4858"}],"wp:attachment":[{"href":"https:\/\/integrativa.pt\/en\/wp-json\/wp\/v2\/media?parent=2492"}],"wp:term":[{"taxonomy":"category","embeddable":true,"href":"https:\/\/integrativa.pt\/en\/wp-json\/wp\/v2\/categories?post=2492"},{"taxonomy":"post_tag","embeddable":true,"href":"https:\/\/integrativa.pt\/en\/wp-json\/wp\/v2\/tags?post=2492"}],"curies":[{"name":"wp","href":"https:\/\/api.w.org\/{rel}","templated":true}]}}