{"id":2618,"date":"2023-11-15T17:01:34","date_gmt":"2023-11-15T17:01:34","guid":{"rendered":"https:\/\/integrativa.pt\/?p=2618"},"modified":"2026-04-11T19:29:35","modified_gmt":"2026-04-11T19:29:35","slug":"sunlight-vitamin-d-and-biorhythm-regulation","status":"publish","type":"post","link":"https:\/\/integrativa.pt\/en\/luz-solar-vitamina-d-e-regulacao-do-biorritmo\/","title":{"rendered":"Sunlight, vitamin D and biorhythm regulation"},"content":{"rendered":"<div class=\"wpb-content-wrapper\" id=\"wpb-content-root\"><div class=\"vc_row wpb_row vc_row-fluid\"><div class=\"wpb_column vc_column_container vc_col-sm-12\"><div class=\"vc_column-inner\"><div class=\"wpb_wrapper\">\n\t<div class=\"wpb_text_column wpb_content_element\" >\n\t\t<div class=\"wpb_wrapper\">\n\t\t\t<p>Sunlight is an essential biological stimulus for human life. As well as providing light and warmth, exposure to natural light plays a central role in regulating multiple physiological processes, including the synthesis of vitamin D and the organisation of the circadian rhythm. These mechanisms directly influence bone health, immune system function, energy metabolism and sleep quality.<\/p>\n<p>The relationship between sunlight and health doesn't depend on a single isolated factor, but on how this stimulus is integrated into daily life and interacts with other regulatory elements such as movement, diet, health and nutrition. <em>stress<\/em> and the daily rhythm.<\/p>\n<h4>Vitamin D production<\/h4>\n<p>Vitamin D is a fundamental substance for the human body, involved in multiple biological functions. Unlike most vitamins, it can be synthesised endogenously through exposure of the skin to ultraviolet B (UVB) radiation from sunlight.<\/p>\n<p>When the skin is exposed to these rays, 7-dehydrocholesterol, a compound present in the skin, is converted into vitamin D3 (cholecalciferol). This compound is subsequently metabolised in the liver and kidneys, giving rise to the biologically active form of vitamin D, calcitriol.<\/p>\n<p>Vitamin D participates in the intestinal absorption of calcium and phosphorus, contributing to the maintenance of bone and dental health. It is also involved in modulating the immune response, muscle function and cardiovascular regulation mechanisms. Insufficient levels of vitamin D have been associated with changes in bone density, greater susceptibility to infections and muscle dysfunction.<\/p>\n<h4>Sunlight and circadian rhythm regulation<\/h4>\n<p>Another relevant physiological effect of exposure to sunlight is related to the regulation of the circadian rhythm, the internal system that organises biological cycles of approximately 24 hours, including sleep, wakefulness, body temperature and hormone release.<\/p>\n<p>Natural light, particularly during the early hours of the day, acts as a synchronising signal for the central biological clock, located in the suprachiasmatic nucleus of the hypothalamus. The light information captured by the retina is transmitted to the central nervous system, allowing the body's internal rhythms to be aligned with the day-night cycle.<\/p>\n<p>Adequate exposure to natural light during the day is associated with greater alertness throughout the day and more efficient sleep induction at night. On the other hand, insufficient exposure to natural light, especially in the morning, can contribute to a misalignment of the circadian rhythm, associated with difficulty falling asleep, fragmented sleep, daytime fatigue and mood swings.<\/p>\n<h4>Sleep and physiological organisation throughout the day<\/h4>\n<p>The quality of sleep depends not only on the moment you go to bed, but on the way your body is prepared throughout the day to enter a state of effective rest. Exposure to natural light, movement, food and <em>stress<\/em> and daily routines interact continuously in regulating the nervous, immune and endocrine systems.<\/p>\n<p>Sleep should be understood as an active regulatory process, sensitive to biological and environmental stimuli, and not just as a passive period of rest. Persistent changes in these stimuli can interfere with the organisation of the circadian rhythm and with the mechanisms of nocturnal physiological recovery.<\/p>\n<h4>Clinical considerations on sun exposure<\/h4>\n<p>Despite the benefits associated with sun exposure, it should be done consciously and adjusted to individual characteristics. Excessive exposure to ultraviolet radiation can cause skin lesions, premature skin ageing and increase the risk of skin pathology.<\/p>\n<p>From a preventive point of view, it is recommended to favour sun exposure at times when UV rays are less intense, such as early in the morning or late in the afternoon, adjusting the duration to the individual sensitivity of the skin, the latitude and the time of year.<\/p>\n<h4>Sunlight from an integrative perspective<\/h4>\n<p data-start=\"179\" data-end=\"543\">In Clinical Psychoneuroimmunology, sunlight is understood as a fundamental biological stimulus, with a direct influence on the regulation of the nervous, endocrine and immune systems. Its action is related to the organisation of the circadian rhythm, hormonal regulation, the immune response and the processes associated with sleep and the body's ability to adapt.<\/p>\n<p data-start=\"545\" data-end=\"935\">In the clinical assessment, not only the time of exposure to light is taken into account, but also the time of day when it occurs, its regularity and the way in which it is articulated with other factors of daily life, such as the <em>stress,<\/em> sleep habits and physical activity levels. When exposure to natural light is insufficient or inappropriate, changes can occur in physiological regulation mechanisms.<\/p>\n<p data-start=\"937\" data-end=\"1208\">Understanding the role of sunlight as a biological regulator helps to consciously integrate it into everyday life, as part of a progressive and individualised approach aimed at supporting health, physiological balance and the body's adaptation over time.<\/p>\n\n\t\t<\/div>\n\t<\/div>\n<\/div><\/div><\/div><\/div><div class=\"vc_row wpb_row vc_row-fluid vc_custom_1680169461443\"><div class=\"wpb_column vc_column_container vc_col-sm-12\"><div class=\"vc_column-inner\"><div class=\"wpb_wrapper\">\n\t<div class=\"wpb_text_column wpb_content_element  vc_custom_1760628837336\" >\n\t\t<div class=\"wpb_wrapper\">\n\t\t\t<p style=\"text-align: right;\"><a title=\"Osteopath - Physiotherapist David Brand\u00e3o\" href=\"https:\/\/integrativa.pt\/en\/osteopata-fisioterapeuta-david-brandao\/\"><strong>David Brand\u00e3o<\/strong> <\/a>| Osteopath and Physiotherapist<\/p>\n<p style=\"text-align: right;\">Specialised in Clinical Psychoneuroimmunology<\/p>\n<h6 style=\"text-align: right;\">Physiotherapist Card: 3652 | Order of Physiotherapists \/\/ Osteopath Card: C-0031697 | ACSS<\/h6>\n\n\t\t<\/div>\n\t<\/div>\n<style type=\"text\/css\" data-type=\"the7_shortcodes-inline-css\">.dt-shortcode-soc-icons.soc-icons-d45686d09a63baba6497efe6c6ad3c1e a {\n  margin-right: 4px;\n}\n.dt-shortcode-soc-icons a.soc-icons-d45686d09a63baba6497efe6c6ad3c1e {\n  margin-right: 4px;\n}\n.dt-shortcode-soc-icons a.soc-icons-d45686d09a63baba6497efe6c6ad3c1e:last-child {\n  margin-right: 0;\n}\n.dt-shortcode-soc-icons a.soc-icons-d45686d09a63baba6497efe6c6ad3c1e:before,\n.dt-shortcode-soc-icons a.soc-icons-d45686d09a63baba6497efe6c6ad3c1e:after {\n  padding: inherit;\n}\n.dt-shortcode-soc-icons a.soc-icons-d45686d09a63baba6497efe6c6ad3c1e.dt-icon-border-on:before {\n  border:  solid ;\n}\n.dt-shortcode-soc-icons a.soc-icons-d45686d09a63baba6497efe6c6ad3c1e.dt-icon-hover-border-on:after {\n  border:  solid ;\n}<\/style><div class=\"dt-shortcode-soc-icons  soc-icons-d45686d09a63baba6497efe6c6ad3c1e soc-icons-right\" ><style type=\"text\/css\" data-type=\"the7_shortcodes-inline-css\">.dt-shortcode-soc-icons a.single-soc-icon-4e4f278c408213ddb82c8b416bc69fdc {\n  min-width: 26px;\n  min-height: 26px;\n  font-size: 16px;\n  border-radius: 100px;\n}\n.dt-shortcode-soc-icons a.single-soc-icon-4e4f278c408213ddb82c8b416bc69fdc:last-child {\n  margin-right: 0;\n}\n.dt-shortcode-soc-icons a.single-soc-icon-4e4f278c408213ddb82c8b416bc69fdc:before,\n.dt-shortcode-soc-icons a.single-soc-icon-4e4f278c408213ddb82c8b416bc69fdc:after {\n  min-width: 26px;\n  min-height: 26px;\n  padding: inherit;\n}\n.dt-shortcode-soc-icons a.single-soc-icon-4e4f278c408213ddb82c8b416bc69fdc.dt-icon-border-on:before {\n  border: 0px solid ;\n}\n.dt-shortcode-soc-icons a.single-soc-icon-4e4f278c408213ddb82c8b416bc69fdc.dt-icon-hover-border-on:after {\n  border: 0px solid ;\n}\n.dt-shortcode-soc-icons a.single-soc-icon-4e4f278c408213ddb82c8b416bc69fdc:hover {\n  font-size: 16px;\n}\n#page .dt-shortcode-soc-icons a.single-soc-icon-4e4f278c408213ddb82c8b416bc69fdc:hover .soc-font-icon,\n#phantom .dt-shortcode-soc-icons a.single-soc-icon-4e4f278c408213ddb82c8b416bc69fdc:hover .soc-font-icon,\n#page .dt-shortcode-soc-icons a.single-soc-icon-4e4f278c408213ddb82c8b416bc69fdc:hover .soc-icon,\n#phantom .dt-shortcode-soc-icons a.single-soc-icon-4e4f278c408213ddb82c8b416bc69fdc:hover .soc-icon {\n  color: rgba(255,255,255,0.75);\n  background: none;\n}\n#page .dt-shortcode-soc-icons a.single-soc-icon-4e4f278c408213ddb82c8b416bc69fdc:not(:hover) .soc-font-icon,\n#phantom .dt-shortcode-soc-icons a.single-soc-icon-4e4f278c408213ddb82c8b416bc69fdc:not(:hover) .soc-font-icon,\n#page .dt-shortcode-soc-icons a.single-soc-icon-4e4f278c408213ddb82c8b416bc69fdc:not(:hover) .soc-icon,\n#phantom .dt-shortcode-soc-icons a.single-soc-icon-4e4f278c408213ddb82c8b416bc69fdc:not(:hover) .soc-icon {\n  color: #ffffff;\n  background: none;\n}\n.dt-shortcode-soc-icons a.single-soc-icon-4e4f278c408213ddb82c8b416bc69fdc .soc-font-icon,\n.dt-shortcode-soc-icons a.single-soc-icon-4e4f278c408213ddb82c8b416bc69fdc .soc-icon {\n  font-size: 16px;\n}<\/style><a title=\"Instagram\" href=\"https:\/\/www.instagram.com\/davidosteopata\/\" class=\"instagram single-soc-icon-4e4f278c408213ddb82c8b416bc69fdc dt-icon-bg-on dt-icon-border-on dt-icon-hover-border-on dt-icon-hover-bg-on\" target=\"_blank\" rel=\"noopener\"><i class=\"soc-icon soc-font-icon dt-icon-instagram\"><\/i><span class=\"screen-reader-text\">Instagram<\/span><\/a><\/div><\/div><\/div><\/div><\/div><div class=\"vc_row wpb_row vc_row-fluid vc_custom_1680169461443\"><div class=\"wpb_column vc_column_container vc_col-sm-12\"><div class=\"vc_column-inner\"><div class=\"wpb_wrapper\">\n\t<div class=\"wpb_text_column wpb_content_element  vc_custom_1680169468507\" >\n\t\t<div class=\"wpb_wrapper\">\n\t\t\t<p><a title=\"Home\" href=\"https:\/\/integrativa.pt\/en\/\"><strong>Integrativa<\/strong><\/a> | Health and well-being as a lifestyle<\/p>\n\n\t\t<\/div>\n\t<\/div>\n\n\t<div class=\"wpb_text_column wpb_content_element  vc_custom_1775895587227\" >\n\t\t<div class=\"wpb_wrapper\">\n\t\t\t<h6>This website and its content are for information purposes only and are not a substitute for medical or health professional advice. In all cases, treatments should be individualised and guided by health professionals. Do not make any changes to your treatment without contacting the doctor or health professional accompanying you.<\/h6>\n\n\t\t<\/div>\n\t<\/div>\n<\/div><\/div><\/div><\/div><div class=\"vc_row wpb_row vc_row-fluid\"><div class=\"wpb_column vc_column_container vc_col-sm-12\"><div class=\"vc_column-inner vc_custom_1678987635945\"><div class=\"wpb_wrapper\"><div class=\"vc_separator wpb_content_element vc_separator_align_center vc_sep_border_width_1 vc_sep_pos_align_center wpb_content_element vc_separator-has-text\"   style=\"width: 100%;\"><span class=\"vc_sep_holder vc_sep_holder_l\"><span style=\"border-top-color:#1b9193;\" class=\"vc_sep_line\"><\/span><\/span><h4>Related articles<\/h4><span class=\"vc_sep_holder vc_sep_holder_r\"><span style=\"border-top-color:#1b9193;\" class=\"vc_sep_line\"><\/span><\/span>\n<\/div><style type=\"text\/css\" data-type=\"the7_shortcodes-inline-css\">.blog-carousel-shortcode.blog-carousel-shortcode-id-13f38358c49797ee066cfd462ae4f20c.dividers-on.classic-layout-list article {\n  padding-top: 0;\n}\n.blog-carousel-shortcode.blog-carousel-shortcode-id-13f38358c49797ee066cfd462ae4f20c.dividers-on.classic-layout-list article:first-of-type {\n  margin-top: 0;\n  padding-top: 0;\n}\n.blog-carousel-shortcode.blog-carousel-shortcode-id-13f38358c49797ee066cfd462ae4f20c.classic-layout-list.mode-list .post-entry-content {\n  width: calc(100% - );\n}\n.blog-carousel-shortcode.blog-carousel-shortcode-id-13f38358c49797ee066cfd462ae4f20c.classic-layout-list.mode-list .no-img .post-entry-content {\n  width: 100%;\n}\n.blog-carousel-shortcode.blog-carousel-shortcode-id-13f38358c49797ee066cfd462ae4f20c .filter-bg-decoration .filter-categories a.act {\n  color: #fff;\n}\n.blog-carousel-shortcode.blog-carousel-shortcode-id-13f38358c49797ee066cfd462ae4f20c:not(.mode-masonry) article:first-of-type,\n.blog-carousel-shortcode.blog-carousel-shortcode-id-13f38358c49797ee066cfd462ae4f20c:not(.mode-masonry) article.visible.first:not(.product) {\n  margin-top: 0;\n}\n.blog-carousel-shortcode.blog-carousel-shortcode-id-13f38358c49797ee066cfd462ae4f20c.dividers-on:not(.mode-masonry) article {\n  margin-top: 0;\n}\n.blog-carousel-shortcode.blog-carousel-shortcode-id-13f38358c49797ee066cfd462ae4f20c.dividers-on:not(.mode-masonry) article:first-of-type,\n.blog-carousel-shortcode.blog-carousel-shortcode-id-13f38358c49797ee066cfd462ae4f20c.dividers-on:not(.mode-masonry) article.visible.first:not(.product) {\n  margin-top: 0;\n  padding-top: 0;\n}\n.blog-carousel-shortcode.blog-carousel-shortcode-id-13f38358c49797ee066cfd462ae4f20c .post-thumbnail-wrap {\n  padding: 0px 0px 0px 0px;\n}\n.blog-carousel-shortcode.blog-carousel-shortcode-id-13f38358c49797ee066cfd462ae4f20c.enable-bg-rollover .post-thumbnail-rollover:after {\n  background: -webkit-linear-gradient();\n  background: linear-gradient();\n}\n.blog-carousel-shortcode.blog-carousel-shortcode-id-13f38358c49797ee066cfd462ae4f20c .gallery-zoom-ico {\n  width: 44px;\n  height: 44px;\n  line-height: 44px;\n  border-radius: 100px;\n  margin: -22px 0 0 -22px;\n  border-width: 0px;\n  color: #ffffff;\n  background: none;\n}\n.bottom-overlap-layout-list.blog-carousel-shortcode.blog-carousel-shortcode-id-13f38358c49797ee066cfd462ae4f20c .gallery-zoom-ico {\n  margin-top: -72px;\n}\n.gradient-overlay-layout-list.blog-carousel-shortcode.blog-carousel-shortcode-id-13f38358c49797ee066cfd462ae4f20c .gallery-zoom-ico,\n.content-rollover-layout-list.blog-carousel-shortcode.blog-carousel-shortcode-id-13f38358c49797ee066cfd462ae4f20c .gallery-zoom-ico {\n  margin: 0 0 10px;\n}\n.content-align-center.gradient-overlay-layout-list.blog-carousel-shortcode.blog-carousel-shortcode-id-13f38358c49797ee066cfd462ae4f20c .gallery-zoom-ico,\n.content-align-center.content-rollover-layout-list.blog-carousel-shortcode.blog-carousel-shortcode-id-13f38358c49797ee066cfd462ae4f20c .gallery-zoom-ico {\n  margin: 0 auto 10px;\n}\n.dt-icon-bg-on.blog-carousel-shortcode.blog-carousel-shortcode-id-13f38358c49797ee066cfd462ae4f20c .gallery-zoom-ico {\n  background: rgba(255,255,255,0.3);\n  box-shadow: none;\n}\n.blog-carousel-shortcode.blog-carousel-shortcode-id-13f38358c49797ee066cfd462ae4f20c .gallery-zoom-ico > span,\n.blog-carousel-shortcode.blog-carousel-shortcode-id-13f38358c49797ee066cfd462ae4f20c .gallery-zoom-ico:before {\n  font-size: 32px;\n  line-height: 44px;\n}\n.blog-carousel-shortcode.blog-carousel-shortcode-id-13f38358c49797ee066cfd462ae4f20c .gallery-zoom-ico > span,\n.blog-carousel-shortcode.blog-carousel-shortcode-id-13f38358c49797ee066cfd462ae4f20c .gallery-zoom-ico:before {\n  color: #ffffff;\n  background: none;\n}\n.blog-carousel-shortcode.blog-carousel-shortcode-id-13f38358c49797ee066cfd462ae4f20c .entry-title,\n.blog-carousel-shortcode.blog-carousel-shortcode-id-13f38358c49797ee066cfd462ae4f20c.owl-carousel .entry-title {\n  margin-bottom: 5px;\n}\n.blog-carousel-shortcode.blog-carousel-shortcode-id-13f38358c49797ee066cfd462ae4f20c .entry-meta {\n  margin-bottom: 15px;\n}\n.blog-carousel-shortcode.blog-carousel-shortcode-id-13f38358c49797ee066cfd462ae4f20c .portfolio-categories {\n  margin-bottom: 15px;\n}\n.blog-carousel-shortcode.blog-carousel-shortcode-id-13f38358c49797ee066cfd462ae4f20c .entry-excerpt {\n  margin-bottom: 5px;\n}\n.blog-carousel-shortcode.blog-carousel-shortcode-id-13f38358c49797ee066cfd462ae4f20c:not(.centered-layout-list) .post-entry-content {\n  padding: 15px 20px 20px 20px;\n}\n.blog-carousel-shortcode.blog-carousel-shortcode-id-13f38358c49797ee066cfd462ae4f20c:not(.centered-layout-list):not(.content-bg-on):not(.mode-list) .no-img .post-entry-content {\n  padding: 0;\n}\n@media screen and (max-width: ) {\n  .blog-carousel-shortcode.blog-carousel-shortcode-id-13f38358c49797ee066cfd462ae4f20c article {\n    -ms-flex-flow: column nowrap;\n    flex-flow: column nowrap;\n    margin-top: 20px;\n  }\n  .blog-carousel-shortcode.blog-carousel-shortcode-id-13f38358c49797ee066cfd462ae4f20c.dividers-on article {\n    border: none;\n  }\n  .blog-carousel-shortcode.blog-carousel-shortcode-id-13f38358c49797ee066cfd462ae4f20c.content-bg-on.centered-layout-list article {\n    padding: 0;\n  }\n  .blog-carousel-shortcode.blog-carousel-shortcode-id-13f38358c49797ee066cfd462ae4f20c.blog-shortcode.dividers-on article,\n  .blog-carousel-shortcode.blog-carousel-shortcode-id-13f38358c49797ee066cfd462ae4f20c.dividers-on.classic-layout-list article {\n    margin-top: 20px;\n    padding: 0;\n  }\n  .blog-carousel-shortcode.blog-carousel-shortcode-id-13f38358c49797ee066cfd462ae4f20c.blog-shortcode.dividers-on article:first-of-type,\n  .blog-carousel-shortcode.blog-carousel-shortcode-id-13f38358c49797ee066cfd462ae4f20c.dividers-on.classic-layout-list article:first-of-type {\n    padding: 0;\n  }\n  #page .blog-carousel-shortcode.blog-carousel-shortcode-id-13f38358c49797ee066cfd462ae4f20c .post-thumbnail-wrap,\n  #page .blog-carousel-shortcode.blog-carousel-shortcode-id-13f38358c49797ee066cfd462ae4f20c .post-entry-content {\n    width: 100%;\n    margin: 0;\n    top: 0;\n  }\n  #page .blog-carousel-shortcode.blog-carousel-shortcode-id-13f38358c49797ee066cfd462ae4f20c .post-thumbnail-wrap {\n    padding: 0;\n  }\n  #page .blog-carousel-shortcode.blog-carousel-shortcode-id-13f38358c49797ee066cfd462ae4f20c .post-entry-content:after {\n    display: none;\n  }\n  #page .blog-carousel-shortcode.blog-carousel-shortcode-id-13f38358c49797ee066cfd462ae4f20c .project-even .post-thumbnail-wrap,\n  #page .blog-carousel-shortcode.blog-carousel-shortcode-id-13f38358c49797ee066cfd462ae4f20c.centered-layout-list .post-thumbnail-wrap {\n    -ms-flex-order: 0;\n    order: 0;\n  }\n  #page .blog-carousel-shortcode.blog-carousel-shortcode-id-13f38358c49797ee066cfd462ae4f20c.centered-layout-list .post-entry-title-content {\n    -ms-flex-order: 1;\n    order: 1;\n    width: 100%;\n    padding: 20px 20px 0;\n  }\n  #page .blog-carousel-shortcode.blog-carousel-shortcode-id-13f38358c49797ee066cfd462ae4f20c.centered-layout-list .post-entry-content {\n    -ms-flex-order: 2;\n    order: 2;\n    padding-top: 0;\n  }\n  #page .blog-carousel-shortcode.blog-carousel-shortcode-id-13f38358c49797ee066cfd462ae4f20c .fancy-categories {\n    top: 10px;\n    left: 10px;\n    bottom: auto;\n    right: auto;\n  }\n  #page .blog-carousel-shortcode.blog-carousel-shortcode-id-13f38358c49797ee066cfd462ae4f20c .fancy-date a {\n    top: 10px;\n    right: 10px;\n    left: auto;\n    bottom: auto;\n  }\n  #page .blog-carousel-shortcode.blog-carousel-shortcode-id-13f38358c49797ee066cfd462ae4f20c .post-entry-content {\n    padding: 20px;\n  }\n  #page .blog-carousel-shortcode.blog-carousel-shortcode-id-13f38358c49797ee066cfd462ae4f20c .entry-title {\n    margin: 3px 0 5px;\n    font-size: 20px;\n    line-height: 26px;\n  }\n  #page .blog-carousel-shortcode.blog-carousel-shortcode-id-13f38358c49797ee066cfd462ae4f20c .entry-meta {\n    margin: 5px 0 5px;\n  }\n  #page .blog-carousel-shortcode.blog-carousel-shortcode-id-13f38358c49797ee066cfd462ae4f20c .entry-excerpt {\n    margin: 15px 0 0;\n  }\n  #page .blog-carousel-shortcode.blog-carousel-shortcode-id-13f38358c49797ee066cfd462ae4f20c .post-details {\n    margin: 5px 0 10px;\n  }\n  #page .blog-carousel-shortcode.blog-carousel-shortcode-id-13f38358c49797ee066cfd462ae4f20c .post-details.details-type-link {\n    margin-bottom: 2px;\n  }\n}\n.blog-carousel-shortcode.blog-carousel-shortcode-id-13f38358c49797ee066cfd462ae4f20c.owl-carousel .owl-nav div {\n  width: 36px;\n  height: 36px;\n  border-radius: 500px;\n}\n.dt-arrow-border-on.blog-carousel-shortcode.blog-carousel-shortcode-id-13f38358c49797ee066cfd462ae4f20c.owl-carousel .owl-nav div:not(:hover):before {\n  border-width: 0px;\n}\n.dt-arrow-hover-border-on.blog-carousel-shortcode.blog-carousel-shortcode-id-13f38358c49797ee066cfd462ae4f20c.owl-carousel .owl-nav div:hover:after {\n  border-width: 0px;\n}\n.blog-carousel-shortcode.blog-carousel-shortcode-id-13f38358c49797ee066cfd462ae4f20c.owl-carousel .owl-nav div.owl-prev {\n  top: 50%;\n  transform: translateY(calc(-50% + 0px));\n  left: -43px;\n}\n@media all and (-ms-high-contrast: none) {\n  .blog-carousel-shortcode.blog-carousel-shortcode-id-13f38358c49797ee066cfd462ae4f20c.owl-carousel .owl-nav div.owl-prev {\n    transform: translateY(-50%);\n    margin-top: 0px;\n  }\n}\n.blog-carousel-shortcode.blog-carousel-shortcode-id-13f38358c49797ee066cfd462ae4f20c.owl-carousel .owl-nav div.owl-prev i {\n  padding: 0px 0px 0px 0px;\n}\n.blog-carousel-shortcode.blog-carousel-shortcode-id-13f38358c49797ee066cfd462ae4f20c.owl-carousel .owl-nav div.owl-next {\n  top: 50%;\n  transform: translateY(calc(-50% + 0px));\n  right: -43px;\n}\n@media all and (-ms-high-contrast: none) {\n  .blog-carousel-shortcode.blog-carousel-shortcode-id-13f38358c49797ee066cfd462ae4f20c.owl-carousel .owl-nav div.owl-next {\n    transform: translateY(-50%);\n    margin-top: 0px;\n  }\n}\n.blog-carousel-shortcode.blog-carousel-shortcode-id-13f38358c49797ee066cfd462ae4f20c.owl-carousel .owl-nav div.owl-next i {\n  padding: 0px 0px 0px 0px;\n}\n.blog-carousel-shortcode.blog-carousel-shortcode-id-13f38358c49797ee066cfd462ae4f20c.owl-carousel .owl-nav i {\n  font-size: 18px;\n}\n.blog-carousel-shortcode.blog-carousel-shortcode-id-13f38358c49797ee066cfd462ae4f20c.owl-carousel .owl-nav div:not(:hover) i,\n.blog-carousel-shortcode.blog-carousel-shortcode-id-13f38358c49797ee066cfd462ae4f20c.owl-carousel .owl-nav div:not(:hover) i:before {\n  color: #ffffff;\n  background: none;\n}\n.blog-carousel-shortcode.blog-carousel-shortcode-id-13f38358c49797ee066cfd462ae4f20c.owl-carousel .owl-nav div:hover i,\n.blog-carousel-shortcode.blog-carousel-shortcode-id-13f38358c49797ee066cfd462ae4f20c.owl-carousel .owl-nav div:hover i:before {\n  color: rgba(255,255,255,0.75);\n  background: none;\n}\n.blog-carousel-shortcode.blog-carousel-shortcode-id-13f38358c49797ee066cfd462ae4f20c .owl-dots {\n  top: calc(100% + 20px);\n  left: 50%;\n  transform: translateX(calc(-50% + 0px));\n}\n@media all and (-ms-high-contrast: none) {\n  .blog-carousel-shortcode.blog-carousel-shortcode-id-13f38358c49797ee066cfd462ae4f20c .owl-dots {\n    transform: translateX(-50%);\n    margin-left: 0px;\n  }\n}\n.blog-carousel-shortcode.blog-carousel-shortcode-id-13f38358c49797ee066cfd462ae4f20c .owl-dot {\n  width: 10px;\n  height: 10px;\n  margin: 0 8px;\n}\n@media screen and (max-width: 778px) {\n  .blog-carousel-shortcode.blog-carousel-shortcode-id-13f38358c49797ee066cfd462ae4f20c.hide-arrows .owl-nav a {\n    display: none;\n  }\n}\n@media screen and (max-width: 778px) {\n  .blog-carousel-shortcode.blog-carousel-shortcode-id-13f38358c49797ee066cfd462ae4f20c.reposition-arrows .owl-nav div.owl-prev {\n    top: 50%;\n    transform: translateY(calc(-50% + 0px));\n    left: 10px;\n  }\n  .blog-carousel-shortcode.blog-carousel-shortcode-id-13f38358c49797ee066cfd462ae4f20c.reposition-arrows .owl-nav div.owl-next {\n    top: 50%;\n    transform: translateY(calc(-50% + 0px));\n    right: 10px;\n  }\n}\n@media screen and (max-width: 778px) and all and (-ms-high-contrast: none) {\n  .blog-carousel-shortcode.blog-carousel-shortcode-id-13f38358c49797ee066cfd462ae4f20c.reposition-arrows .owl-nav div.owl-prev {\n    transform: translateY(-50%);\n    margin-top: 0px;\n  }\n}\n@media screen and (max-width: 778px) and all and (-ms-high-contrast: none) {\n  .blog-carousel-shortcode.blog-carousel-shortcode-id-13f38358c49797ee066cfd462ae4f20c.reposition-arrows .owl-nav div.owl-next {\n    transform: translateY(-50%);\n    margin-top: 0px;\n  }\n}<\/style><div class=\"owl-carousel blog-carousel-shortcode dt-owl-carousel-call blog-carousel-shortcode-id-13f38358c49797ee066cfd462ae4f20c classic-layout-list scale-img dt-icon-bg-off dt-arrow-border-on dt-arrow-hover-border-on meta-info-off bullets-small-dot-stroke reposition-arrows arrows-bg-on disable-arrows-hover-bg arrows-hover-bg-on\" data-scroll-mode=\"1\" data-col-num=\"3\" data-wide-col-num=\"4\" data-laptop-col=\"3\" data-h-tablet-columns-num=\"3\" data-v-tablet-columns-num=\"2\" data-phone-columns-num=\"1\" data-auto-height=\"true\" data-col-gap=\"30\" data-stage-padding=\"0\" data-speed=\"600\" data-autoplay=\"false\" data-autoplay_speed=\"6000\" data-arrows=\"true\" data-bullet=\"false\" data-next-icon=\"icon-ar-017-r\" data-prev-icon=\"icon-ar-017-l\"><article class=\"post post-5548 type-post status-publish format-standard has-post-thumbnail hentry category-osteopatia category-osteopata-david-brandao category-osteopatia-craniana category-osteopatia-integrativa-osteopatia category-osteopatia-integrativa category-osteopatia-visceral category-psiconeuroimunologia tag-fisioterapia tag-osteopatia tag-pilates-clinico category-17 category-33 category-42 category-34 category-32 category-31 category-48 description-off\" data-name=\"Osteopatia Cr\u00e2nio-Visceral: uma vis\u00e3o integrativa do corpo\" data-date=\"2025-11-21T09:41:44+00:00\">\n\n<div class=\"post-thumbnail-wrap\">\n\t<div class=\"post-thumbnail\">\n\t\t\n\t\t\n\t\t<a href=\"https:\/\/integrativa.pt\/en\/osteopatia-cranio-visceral-uma-visao-integrativa-do-corpo\/\" class=\"post-thumbnail-rollover layzr-bg\"><img fetchpriority=\"high\" decoding=\"async\" class=\"preload-me owl-lazy-load aspect\" src=\"data:image\/svg+xml,%3Csvg%20xmlns%3D&#39;http%3A%2F%2Fwww.w3.org%2F2000%2Fsvg&#39;%20viewBox%3D&#39;0%200%20768%20512&#39;%2F%3E\" data-src=\"https:\/\/integrativa.pt\/wp-content\/uploads\/2025\/10\/ATM-Fisioterapia-Osteopatia-Bruxismo-Osteopatia-Craniana-Integrativa-768x512.webp\" data-srcset=\"https:\/\/integrativa.pt\/wp-content\/uploads\/2025\/10\/ATM-Fisioterapia-Osteopatia-Bruxismo-Osteopatia-Craniana-Integrativa-768x512.webp 768w, https:\/\/integrativa.pt\/wp-content\/uploads\/2025\/10\/ATM-Fisioterapia-Osteopatia-Bruxismo-Osteopatia-Craniana-Integrativa-1152x768.webp 1152w\" loading=\"eager\" style=\"--ratio: 768 \/ 512\" sizes=\"(max-width: 768px) 100vw, 768px\" alt=\"\" title=\"TMJ Physiotherapy Osteopathy Bruxism Integrative Cranial Osteopathy\" width=\"768\" height=\"512\"  \/><\/a>\t<\/div>\n<\/div>\n\n\n<div class=\"post-entry-content\">\n\n\t<h3 class=\"entry-title\">\n\t\t<a href=\"https:\/\/integrativa.pt\/en\/osteopatia-cranio-visceral-uma-visao-integrativa-do-corpo\/\" title=\"Cranio-Visceral Osteopathy: an integrative view of the body\" rel=\"bookmark\">Cranio-Visceral Osteopathy: an integrative view of the body<\/a>\n\t<\/h3>\n\n\t\n\t\n\t\n<a href=\"https:\/\/integrativa.pt\/en\/osteopatia-cranio-visceral-uma-visao-integrativa-do-corpo\/\" class=\"post-details details-type-link\" aria-label=\"Read more about Cranio-Visceral Osteopathy: an integrative view of the body\">Read more<i class=\"dt-icon-the7-arrow-03\" aria-hidden=\"true\"><\/i><\/a>\n\n<\/div><\/article><article class=\"post post-6868 type-post status-publish format-standard has-post-thumbnail hentry category-osteopatia category-osteopata-david-brandao category-osteopatia-integrativa tag-fisioterapia tag-osteopatia tag-pilates-clinico category-17 category-33 category-32 description-off\" data-name=\"Osteopatia: como \u00e9 feita a avalia\u00e7\u00e3o cl\u00ednica\" data-date=\"2026-03-05T12:39:00+00:00\">\n\n<div class=\"post-thumbnail-wrap\">\n\t<div class=\"post-thumbnail\">\n\t\t\n\t\t\n\t\t<a href=\"https:\/\/integrativa.pt\/en\/osteopatia-como-e-feita-a-avaliacao-clinica\/\" class=\"post-thumbnail-rollover layzr-bg\"><img decoding=\"async\" class=\"preload-me owl-lazy-load aspect\" src=\"data:image\/svg+xml,%3Csvg%20xmlns%3D&#39;http%3A%2F%2Fwww.w3.org%2F2000%2Fsvg&#39;%20viewBox%3D&#39;0%200%20768%20512&#39;%2F%3E\" data-src=\"https:\/\/integrativa.pt\/wp-content\/uploads\/2026\/02\/Osteopata-Fisioterapeuta-David-Branda-2-768x512.webp\" data-srcset=\"https:\/\/integrativa.pt\/wp-content\/uploads\/2026\/02\/Osteopata-Fisioterapeuta-David-Branda-2-768x512.webp 768w, https:\/\/integrativa.pt\/wp-content\/uploads\/2026\/02\/Osteopata-Fisioterapeuta-David-Branda-2-1152x768.webp 1152w\" loading=\"eager\" style=\"--ratio: 768 \/ 512\" sizes=\"(max-width: 768px) 100vw, 768px\" alt=\"Osteopathy Osteopath\" title=\"Osteopath-Physiotherapist-David-Brandan (2)\" width=\"768\" height=\"512\"  \/><\/a>\t<\/div>\n<\/div>\n\n\n<div class=\"post-entry-content\">\n\n\t<h3 class=\"entry-title\">\n\t\t<a href=\"https:\/\/integrativa.pt\/en\/osteopatia-como-e-feita-a-avaliacao-clinica\/\" title=\"Osteopathy: how the clinical assessment is carried out\" rel=\"bookmark\">Osteopathy: how the clinical assessment is carried out<\/a>\n\t<\/h3>\n\n\t\n\t\n\t\n<a href=\"https:\/\/integrativa.pt\/en\/osteopatia-como-e-feita-a-avaliacao-clinica\/\" class=\"post-details details-type-link\" aria-label=\"Read more about Osteopathy: how the clinical assessment is performed\">Read more<i class=\"dt-icon-the7-arrow-03\" aria-hidden=\"true\"><\/i><\/a>\n\n<\/div><\/article><article class=\"post post-1802 type-post status-publish format-standard has-post-thumbnail hentry category-osteopatia category-osteopata-david-brandao category-osteopatia-craniana category-osteopatia-integrativa tag-fisioterapia tag-osteopatia tag-pilates-clinico category-17 category-33 category-42 category-32 description-off\" data-name=\"Osteopatia Craniana no tratamento da sinusite cr\u00f3nica: uma abordagem complementar\" data-date=\"2023-01-29T19:26:48+00:00\">\n\n<div class=\"post-thumbnail-wrap\">\n\t<div class=\"post-thumbnail\">\n\t\t\n\t\t\n\t\t<a href=\"https:\/\/integrativa.pt\/en\/osteopatia-craniana-no-tratamento-da-sinusite-cronica-uma-abordagem-complementar\/\" class=\"post-thumbnail-rollover layzr-bg\"><img decoding=\"async\" class=\"preload-me owl-lazy-load aspect\" src=\"data:image\/svg+xml,%3Csvg%20xmlns%3D&#39;http%3A%2F%2Fwww.w3.org%2F2000%2Fsvg&#39;%20viewBox%3D&#39;0%200%20768%20512&#39;%2F%3E\" data-src=\"https:\/\/integrativa.pt\/wp-content\/uploads\/2023\/01\/ATM-Fisioterapia-Osteopatia-Bruxismo-Osteopatia-Craniana-Sinusite-768x512.webp\" data-srcset=\"https:\/\/integrativa.pt\/wp-content\/uploads\/2023\/01\/ATM-Fisioterapia-Osteopatia-Bruxismo-Osteopatia-Craniana-Sinusite-768x512.webp 768w, https:\/\/integrativa.pt\/wp-content\/uploads\/2023\/01\/ATM-Fisioterapia-Osteopatia-Bruxismo-Osteopatia-Craniana-Sinusite-1152x768.webp 1152w\" loading=\"eager\" style=\"--ratio: 768 \/ 512\" sizes=\"(max-width: 768px) 100vw, 768px\" alt=\"\" title=\"TMJ Physiotherapy Osteopathy Bruxism Cranial Osteopathy Sinusitis\" width=\"768\" height=\"512\"  \/><\/a>\t<\/div>\n<\/div>\n\n\n<div class=\"post-entry-content\">\n\n\t<h3 class=\"entry-title\">\n\t\t<a href=\"https:\/\/integrativa.pt\/en\/osteopatia-craniana-no-tratamento-da-sinusite-cronica-uma-abordagem-complementar\/\" title=\"Cranial osteopathy in the treatment of chronic sinusitis: a complementary approach\" rel=\"bookmark\">Cranial osteopathy in the treatment of chronic sinusitis: a complementary approach<\/a>\n\t<\/h3>\n\n\t\n\t\n\t\n<a href=\"https:\/\/integrativa.pt\/en\/osteopatia-craniana-no-tratamento-da-sinusite-cronica-uma-abordagem-complementar\/\" class=\"post-details details-type-link\" aria-label=\"Read more about Cranial Osteopathy in the treatment of chronic sinusitis: a complementary approach\">Read more<i class=\"dt-icon-the7-arrow-03\" aria-hidden=\"true\"><\/i><\/a>\n\n<\/div><\/article><article class=\"post post-1866 type-post status-publish format-standard has-post-thumbnail hentry category-osteopatia category-4-pilares-da-saude category-osteopata-david-brandao category-osteopatia-integrativa category-osteopatia-integrativa-osteopatia category-psiconeuroimunologia tag-fisioterapia tag-osteopatia tag-pilates-clinico category-17 category-35 category-33 category-32 category-34 category-48 description-off\" data-name=\"O impacto do stress cr\u00f3nico no organismo\" data-date=\"2023-02-06T22:10:22+00:00\">\n\n<div class=\"post-thumbnail-wrap\">\n\t<div class=\"post-thumbnail\">\n\t\t\n\t\t\n\t\t<a href=\"https:\/\/integrativa.pt\/en\/o-impacto-do-stress-cronico-no-organismo\/\" class=\"post-thumbnail-rollover layzr-bg\"><img decoding=\"async\" class=\"preload-me owl-lazy-load aspect\" src=\"data:image\/svg+xml,%3Csvg%20xmlns%3D&#39;http%3A%2F%2Fwww.w3.org%2F2000%2Fsvg&#39;%20viewBox%3D&#39;0%200%20768%20512&#39;%2F%3E\" data-src=\"https:\/\/integrativa.pt\/wp-content\/uploads\/2023\/02\/Fisioterapia-Osteopatia-Cefaleias-Integrativa-Dor-de-cabeca-Enxaqueca-ATM-768x512.webp\" data-srcset=\"https:\/\/integrativa.pt\/wp-content\/uploads\/2023\/02\/Fisioterapia-Osteopatia-Cefaleias-Integrativa-Dor-de-cabeca-Enxaqueca-ATM-768x512.webp 768w, https:\/\/integrativa.pt\/wp-content\/uploads\/2023\/02\/Fisioterapia-Osteopatia-Cefaleias-Integrativa-Dor-de-cabeca-Enxaqueca-ATM-1152x768.webp 1152w\" loading=\"eager\" style=\"--ratio: 768 \/ 512\" sizes=\"(max-width: 768px) 100vw, 768px\" alt=\"\" title=\"Physiotherapy Osteopathy Integrative Headache Migraine TMJ\" width=\"768\" height=\"512\"  \/><\/a>\t<\/div>\n<\/div>\n\n\n<div class=\"post-entry-content\">\n\n\t<h3 class=\"entry-title\">\n\t\t<a href=\"https:\/\/integrativa.pt\/en\/o-impacto-do-stress-cronico-no-organismo\/\" title=\"The impact of chronic stress on the body\" rel=\"bookmark\">The impact of chronic stress on the body<\/a>\n\t<\/h3>\n\n\t\n\t\n\t\n<a href=\"https:\/\/integrativa.pt\/en\/o-impacto-do-stress-cronico-no-organismo\/\" class=\"post-details details-type-link\" aria-label=\"Read more about The impact of chronic stress on the body\">Read more<i class=\"dt-icon-the7-arrow-03\" aria-hidden=\"true\"><\/i><\/a>\n\n<\/div><\/article><article class=\"post post-3681 type-post status-publish format-standard has-post-thumbnail hentry category-osteopatia category-atm category-bruxismo category-dores-de-cabeca category-osteopata-david-brandao category-osteopatia-craniana category-osteopatia-integrativa category-osteopatia-integrativa-osteopatia tag-fisioterapia tag-osteopatia tag-pilates-clinico category-17 category-41 category-135 category-52 category-33 category-42 category-32 category-34 description-off\" data-name=\"Complexo trig\u00e9mino-cervical e dor cervical: a rela\u00e7\u00e3o com a articula\u00e7\u00e3o temporomandibular (ATM) numa perspetiva osteop\u00e1tica\" data-date=\"2025-01-17T09:57:04+00:00\">\n\n<div class=\"post-thumbnail-wrap\">\n\t<div class=\"post-thumbnail\">\n\t\t\n\t\t\n\t\t<a href=\"https:\/\/integrativa.pt\/en\/complexo-trigemino-cervical-e-dor-cervical-a-relacao-com-a-articulacao-temporomandibular-atm-numa-perspetiva-osteopatica\/\" class=\"post-thumbnail-rollover layzr-bg\"><img decoding=\"async\" class=\"preload-me owl-lazy-load aspect\" src=\"data:image\/svg+xml,%3Csvg%20xmlns%3D&#39;http%3A%2F%2Fwww.w3.org%2F2000%2Fsvg&#39;%20viewBox%3D&#39;0%200%20768%20512&#39;%2F%3E\" data-src=\"https:\/\/integrativa.pt\/wp-content\/uploads\/2025\/01\/Dor-cervical-Integrativa-768x512.webp\" data-srcset=\"https:\/\/integrativa.pt\/wp-content\/uploads\/2025\/01\/Dor-cervical-Integrativa-768x512.webp 768w, https:\/\/integrativa.pt\/wp-content\/uploads\/2025\/01\/Dor-cervical-Integrativa-1152x768.webp 1152w\" loading=\"eager\" style=\"--ratio: 768 \/ 512\" sizes=\"(max-width: 768px) 100vw, 768px\" alt=\"\" title=\"Integrative neck pain\" width=\"768\" height=\"512\"  \/><\/a>\t<\/div>\n<\/div>\n\n\n<div class=\"post-entry-content\">\n\n\t<h3 class=\"entry-title\">\n\t\t<a href=\"https:\/\/integrativa.pt\/en\/complexo-trigemino-cervical-e-dor-cervical-a-relacao-com-a-articulacao-temporomandibular-atm-numa-perspetiva-osteopatica\/\" title=\"Trigeminal-cervical complex and neck pain: the relationship with the temporomandibular joint (TMJ) from an osteopathic perspective\" rel=\"bookmark\">Trigeminal-cervical complex and neck pain: the relationship with the temporomandibular joint (TMJ) from an osteopathic perspective<\/a>\n\t<\/h3>\n\n\t\n\t\n\t\n<a href=\"https:\/\/integrativa.pt\/en\/complexo-trigemino-cervical-e-dor-cervical-a-relacao-com-a-articulacao-temporomandibular-atm-numa-perspetiva-osteopatica\/\" class=\"post-details details-type-link\" aria-label=\"The trigeminocervical complex and neck pain: the relationship with the temporomandibular joint (TMJ) from an osteopathic perspective\">Read more<i class=\"dt-icon-the7-arrow-03\" aria-hidden=\"true\"><\/i><\/a>\n\n<\/div><\/article><article class=\"post post-1728 type-post status-publish format-standard has-post-thumbnail hentry category-osteopatia category-atm category-dores-de-cabeca category-osteopata-david-brandao category-osteopatia-craniana category-osteopatia-integrativa tag-fisioterapia tag-osteopatia tag-pilates-clinico category-17 category-41 category-52 category-33 category-42 category-32 description-off\" data-name=\"Dores de cabe\u00e7a e enxaqueca: abordagem integrativa com Osteopatia Craniana\" data-date=\"2023-01-21T15:07:19+00:00\">\n\n<div class=\"post-thumbnail-wrap\">\n\t<div class=\"post-thumbnail\">\n\t\t\n\t\t\n\t\t<a href=\"https:\/\/integrativa.pt\/en\/dores-de-cabeca-e-enxaqueca-abordagem-integrativa-com-osteopatia-craniana\/\" class=\"post-thumbnail-rollover layzr-bg\"><img decoding=\"async\" class=\"preload-me owl-lazy-load aspect\" src=\"data:image\/svg+xml,%3Csvg%20xmlns%3D&#39;http%3A%2F%2Fwww.w3.org%2F2000%2Fsvg&#39;%20viewBox%3D&#39;0%200%20768%20512&#39;%2F%3E\" data-src=\"https:\/\/integrativa.pt\/wp-content\/uploads\/2025\/10\/Dor-de-cabeca-Enxaqueca-Integrativa-Fisioterapia-768x512.webp\" data-srcset=\"https:\/\/integrativa.pt\/wp-content\/uploads\/2025\/10\/Dor-de-cabeca-Enxaqueca-Integrativa-Fisioterapia-768x512.webp 768w, https:\/\/integrativa.pt\/wp-content\/uploads\/2025\/10\/Dor-de-cabeca-Enxaqueca-Integrativa-Fisioterapia-1152x768.webp 1152w\" loading=\"eager\" style=\"--ratio: 768 \/ 512\" sizes=\"(max-width: 768px) 100vw, 768px\" alt=\"\" title=\"Headache Migraine Integrative Physiotherapy\" width=\"768\" height=\"512\"  \/><\/a>\t<\/div>\n<\/div>\n\n\n<div class=\"post-entry-content\">\n\n\t<h3 class=\"entry-title\">\n\t\t<a href=\"https:\/\/integrativa.pt\/en\/dores-de-cabeca-e-enxaqueca-abordagem-integrativa-com-osteopatia-craniana\/\" title=\"Headaches and migraines: an integrative approach with Cranial Osteopathy\" rel=\"bookmark\">Headaches and migraines: an integrative approach with Cranial Osteopathy<\/a>\n\t<\/h3>\n\n\t\n\t\n\t\n<a href=\"https:\/\/integrativa.pt\/en\/dores-de-cabeca-e-enxaqueca-abordagem-integrativa-com-osteopatia-craniana\/\" class=\"post-details details-type-link\" aria-label=\"Read more about Headaches and migraines: an integrative approach with Cranial Osteopathy\">Read more<i class=\"dt-icon-the7-arrow-03\" aria-hidden=\"true\"><\/i><\/a>\n\n<\/div><\/article><\/div><\/div><\/div><\/div><\/div>\n<\/div>","protected":false},"excerpt":{"rendered":"<p>Sunlight is an essential biological stimulus for human life. As well as providing light and warmth, exposure to natural light plays a central role in regulating multiple physiological processes, including vitamin D synthesis and the organisation of the circadian rhythm. These mechanisms directly influence bone health,...<\/p>","protected":false},"author":1,"featured_media":2620,"comment_status":"closed","ping_status":"open","sticky":false,"template":"","format":"standard","meta":{"inline_featured_image":false,"footnotes":""},"categories":[35,48],"tags":[4,27,8],"class_list":["post-2618","post","type-post","status-publish","format-standard","has-post-thumbnail","hentry","category-4-pilares-da-saude","category-psiconeuroimunologia","tag-fisioterapia","tag-osteopatia","tag-pilates-clinico","category-35","category-48","description-off"],"_links":{"self":[{"href":"https:\/\/integrativa.pt\/en\/wp-json\/wp\/v2\/posts\/2618","targetHints":{"allow":["GET"]}}],"collection":[{"href":"https:\/\/integrativa.pt\/en\/wp-json\/wp\/v2\/posts"}],"about":[{"href":"https:\/\/integrativa.pt\/en\/wp-json\/wp\/v2\/types\/post"}],"author":[{"embeddable":true,"href":"https:\/\/integrativa.pt\/en\/wp-json\/wp\/v2\/users\/1"}],"replies":[{"embeddable":true,"href":"https:\/\/integrativa.pt\/en\/wp-json\/wp\/v2\/comments?post=2618"}],"version-history":[{"count":0,"href":"https:\/\/integrativa.pt\/en\/wp-json\/wp\/v2\/posts\/2618\/revisions"}],"wp:featuredmedia":[{"embeddable":true,"href":"https:\/\/integrativa.pt\/en\/wp-json\/wp\/v2\/media\/2620"}],"wp:attachment":[{"href":"https:\/\/integrativa.pt\/en\/wp-json\/wp\/v2\/media?parent=2618"}],"wp:term":[{"taxonomy":"category","embeddable":true,"href":"https:\/\/integrativa.pt\/en\/wp-json\/wp\/v2\/categories?post=2618"},{"taxonomy":"post_tag","embeddable":true,"href":"https:\/\/integrativa.pt\/en\/wp-json\/wp\/v2\/tags?post=2618"}],"curies":[{"name":"wp","href":"https:\/\/api.w.org\/{rel}","templated":true}]}}