{"id":3012,"date":"2024-02-10T18:35:04","date_gmt":"2024-02-10T18:35:04","guid":{"rendered":"https:\/\/integrativa.pt\/?p=3012"},"modified":"2026-01-29T16:56:29","modified_gmt":"2026-01-29T16:56:29","slug":"cortisol-melatonin-and-circadian-rhythm-understand-sleep-regulation","status":"publish","type":"post","link":"https:\/\/integrativa.pt\/en\/cortisol-melatonina-e-ritmo-circadiano-compreender-a-regulacao-do-sono\/","title":{"rendered":"Cortisol, melatonin and circadian rhythm: understanding sleep regulation"},"content":{"rendered":"<div class=\"wpb-content-wrapper\" id=\"wpb-content-root\"><div class=\"vc_row wpb_row vc_row-fluid\"><div class=\"wpb_column vc_column_container vc_col-sm-12\"><div class=\"vc_column-inner\"><div class=\"wpb_wrapper\">\n\t<div class=\"wpb_text_column wpb_content_element\" >\n\t\t<div class=\"wpb_wrapper\">\n\t\t\t<p style=\"text-align: justify;\">The circadian cycle is an approximately 24-hour system of biological regulation responsible for organising multiple physiological processes, including sleep, wakefulness, metabolism and the response to the sun. <em>stress.<\/em> Among its main modulators are cortisol and melatonin, two hormones with complementary functions in the body's adaptation to the different periods of the day and night.<\/p>\n<p style=\"text-align: justify;\" data-start=\"619\" data-end=\"1115\">Cortisol, often referred to as the hormone of <em>stress,<\/em> has a well-defined circadian pattern. Its levels tend to be highest in the early hours of the morning, contributing to an increase in alertness, energy mobilisation and the ability to respond to the demands of the day. Over the course of the day, cortisol levels progressively decrease, participating in the regulation of metabolism, the inflammatory response and the hydroelectrolytic balance, i.e. the proper regulation of water and mineral salts in the body.<\/p>\n<p style=\"text-align: justify;\" data-start=\"1117\" data-end=\"1650\">Melatonin, on the other hand, is associated with the transition to rest. Its production increases with a decrease in ambient light, especially at the end of the day, signalling to the body that the rest period is approaching. This hormone is involved in reducing core body temperature, decreasing muscle tone and facilitating the mechanisms that promote the induction and maintenance of sleep. Melatonin therefore plays a central role in the organisation of sleep and in the processes of physiological recovery during the night.<\/p>\n<p style=\"text-align: justify;\" data-start=\"1652\" data-end=\"2201\">The relationship between cortisol and melatonin can be understood as a dynamic system of alternation and balance, essential for an adequate transition between the states of wakefulness and rest. When this balance is preserved, the body tends to adapt more efficiently to daily rhythms. On the other hand, states of <em>stress<\/em> chronic, persistent changes in routines or inadequate patterns of light exposure can interfere with this regulation, leading to sleep disturbances and changes in overall well-being.<\/p>\n\n\t\t<\/div>\n\t<\/div>\n\n\t<div  class=\"wpb_single_image wpb_content_element vc_align_center\">\n\t\t\n\t\t<figure class=\"wpb_wrapper vc_figure\">\n\t\t\t<div class=\"vc_single_image-wrapper\"><img decoding=\"async\" class=\"vc_single_image-img\" src=\"https:\/\/integrativa.pt\/wp-content\/uploads\/2023\/02\/Biorritmo-600x400.webp\" width=\"600\" height=\"400\" alt=\"Biorhythms\" title=\"Biorhythms\" loading=\"lazy\"  data-dt-location=\"https:\/\/integrativa.pt\/en\/biorritmo-seguir-o-relogio-biologico\/biorritmo-2\/\" \/><\/div>\n\t\t<\/figure>\n\t<\/div>\n\n\t<div class=\"wpb_text_column wpb_content_element\" >\n\t\t<div class=\"wpb_wrapper\">\n\t\t\t<h4>Strategies that can support circadian balance and sleep quality<\/h4>\n<p data-start=\"2283\" data-end=\"2392\">Some everyday behaviours can contribute to a more consistent organisation of the circadian rhythm:<\/p>\n<ul>\n<li data-start=\"2394\" data-end=\"3578\">Regular exposure to natural light in the morning, which acts as a signal for the biological clock, favouring daytime activation and the regulation of melatonin at night.<\/li>\n<li data-start=\"3580\" data-end=\"3996\">Maintaining relatively consistent sleeping and waking times, supporting the predictability of hormonal cycles<\/li>\n<li data-start=\"3580\" data-end=\"3996\">The value of an adequate night's rest in terms of duration and regularity, since sleep deprivation can interfere with hormone secretion.<\/li>\n<li data-start=\"3580\" data-end=\"3996\">A balanced diet, including foods that provide precursors involved in neurotransmitter synthesis, such as tryptophan<\/li>\n<li data-start=\"3580\" data-end=\"3996\">Moderation in the consumption of stimulants, particularly in the afternoon and evening<\/li>\n<li data-start=\"3580\" data-end=\"3996\">Opting for lighter meals at the end of the day, reducing digestive interference in the process of falling asleep<\/li>\n<li data-start=\"3580\" data-end=\"3996\">The regular practice of physical activity, preferably during the day, respecting the individual response<\/li>\n<li>Reducing exposure to bright artificial light at night, especially blue light emitted by electronic devices<\/li>\n<li>The creation of a sleep environment with little light, silence and reduced stimuli, associating the bedroom primarily with rest.<\/li>\n<\/ul>\n<h4>Circadian rhythm: an approach in Clinical Psychoneuroimmunology<\/h4>\n<p>In Integrative Osteopathy, with a framework in Clinical Psychoneuroimmunology, sleep and circadian rhythm are evaluated as central regulatory processes, and not just as isolated phenomena. The clinical assessment considers how factors such as <em>stress,<\/em> persistent body tension, nervous system activation patterns, exposure to light, irregular schedules and emotional demands may be interfering with the organisation of the cortisol-melatonin axis.<\/p>\n<p>From this integrative perspective, it is understood that alterations in sleep or circadian rhythm are not just the result of a \u201csleep problem\u201d, but may reflect states of compromised adaptation between the nervous, endocrine and immune systems. Musculoskeletal tension, difficulty switching off, frequent nocturnal awakenings or a feeling of tiredness that doesn't improve with rest are often analysed in the light of these regulatory mechanisms.<\/p>\n<p>Integrative Osteopathy can be integrated into this context by addressing, through assessment and manual intervention, factors related to mobility, the tone of the autonomic nervous system and body perception. Clinical Psychoneuroimmunology makes it possible to fit the elements identified in the assessment into a broader functional model, considering the impact of <em>stress,<\/em> of sleep and biological rhythms in overall health, also allowing individualised recommendations to be made in terms of daily habits, such as exposure to light, organisation of rest, management of the <em>stress<\/em> and activity patterns.<\/p>\n<h4>Understanding the circadian rhythm from an integrative perspective<\/h4>\n<p>The organisation of the circadian rhythm depends not only on the time of going to bed, but on the way the body is exposed to stimuli throughout the day. Regular exposure to natural light in the morning, maintaining relatively consistent sleep schedules, managing the body's <em>stress,<\/em> adequate physical activity and reduced exposure to bright artificial light at night are factors often taken into account in clinical assessment.<\/p>\n<p>Understanding the interaction between cortisol, melatonin and circadian rhythm allows us to frame sleep as an active process of regulation and adaptation, influenced by multiple biological and contextual factors. In an integrated approach, this understanding contributes to a more complete assessment and the definition of strategies adjusted to the needs and individual context of each person, respecting biological variability and the clinical moment.<\/p>\n\n\t\t<\/div>\n\t<\/div>\n<\/div><\/div><\/div><\/div><div class=\"vc_row wpb_row vc_row-fluid vc_custom_1680169461443\"><div class=\"wpb_column vc_column_container vc_col-sm-12\"><div class=\"vc_column-inner\"><div class=\"wpb_wrapper\">\n\t<div class=\"wpb_text_column wpb_content_element  vc_custom_1760628837336\" >\n\t\t<div class=\"wpb_wrapper\">\n\t\t\t<p style=\"text-align: right;\"><a title=\"Osteopath - Physiotherapist David Brand\u00e3o\" href=\"https:\/\/integrativa.pt\/en\/osteopata-fisioterapeuta-david-brandao\/\"><strong>David Brand\u00e3o<\/strong> <\/a>| Osteopath and Physiotherapist<\/p>\n<p style=\"text-align: right;\">Specialised in Clinical Psychoneuroimmunology<\/p>\n<h6 style=\"text-align: right;\">Physiotherapist Card: 3652 | Order of Physiotherapists \/\/ Osteopath Card: C-0031697 | ACSS<\/h6>\n\n\t\t<\/div>\n\t<\/div>\n<style type=\"text\/css\" data-type=\"the7_shortcodes-inline-css\">.dt-shortcode-soc-icons.soc-icons-d45686d09a63baba6497efe6c6ad3c1e a {\n  margin-right: 4px;\n}\n.dt-shortcode-soc-icons a.soc-icons-d45686d09a63baba6497efe6c6ad3c1e {\n  margin-right: 4px;\n}\n.dt-shortcode-soc-icons a.soc-icons-d45686d09a63baba6497efe6c6ad3c1e:last-child {\n  margin-right: 0;\n}\n.dt-shortcode-soc-icons a.soc-icons-d45686d09a63baba6497efe6c6ad3c1e:before,\n.dt-shortcode-soc-icons a.soc-icons-d45686d09a63baba6497efe6c6ad3c1e:after {\n  padding: inherit;\n}\n.dt-shortcode-soc-icons a.soc-icons-d45686d09a63baba6497efe6c6ad3c1e.dt-icon-border-on:before {\n  border:  solid ;\n}\n.dt-shortcode-soc-icons a.soc-icons-d45686d09a63baba6497efe6c6ad3c1e.dt-icon-hover-border-on:after {\n  border:  solid ;\n}<\/style><div class=\"dt-shortcode-soc-icons  soc-icons-d45686d09a63baba6497efe6c6ad3c1e soc-icons-right\" ><style type=\"text\/css\" data-type=\"the7_shortcodes-inline-css\">.dt-shortcode-soc-icons a.single-soc-icon-4e4f278c408213ddb82c8b416bc69fdc {\n  min-width: 26px;\n  min-height: 26px;\n  font-size: 16px;\n  border-radius: 100px;\n}\n.dt-shortcode-soc-icons a.single-soc-icon-4e4f278c408213ddb82c8b416bc69fdc:last-child {\n  margin-right: 0;\n}\n.dt-shortcode-soc-icons a.single-soc-icon-4e4f278c408213ddb82c8b416bc69fdc:before,\n.dt-shortcode-soc-icons a.single-soc-icon-4e4f278c408213ddb82c8b416bc69fdc:after {\n  min-width: 26px;\n  min-height: 26px;\n  padding: inherit;\n}\n.dt-shortcode-soc-icons a.single-soc-icon-4e4f278c408213ddb82c8b416bc69fdc.dt-icon-border-on:before {\n  border: 0px solid ;\n}\n.dt-shortcode-soc-icons a.single-soc-icon-4e4f278c408213ddb82c8b416bc69fdc.dt-icon-hover-border-on:after {\n  border: 0px solid ;\n}\n.dt-shortcode-soc-icons a.single-soc-icon-4e4f278c408213ddb82c8b416bc69fdc:hover {\n  font-size: 16px;\n}\n#page .dt-shortcode-soc-icons a.single-soc-icon-4e4f278c408213ddb82c8b416bc69fdc:hover .soc-font-icon,\n#phantom .dt-shortcode-soc-icons a.single-soc-icon-4e4f278c408213ddb82c8b416bc69fdc:hover .soc-font-icon,\n#page .dt-shortcode-soc-icons a.single-soc-icon-4e4f278c408213ddb82c8b416bc69fdc:hover .soc-icon,\n#phantom .dt-shortcode-soc-icons a.single-soc-icon-4e4f278c408213ddb82c8b416bc69fdc:hover .soc-icon {\n  color: rgba(255,255,255,0.75);\n  background: none;\n}\n#page .dt-shortcode-soc-icons a.single-soc-icon-4e4f278c408213ddb82c8b416bc69fdc:not(:hover) .soc-font-icon,\n#phantom .dt-shortcode-soc-icons a.single-soc-icon-4e4f278c408213ddb82c8b416bc69fdc:not(:hover) .soc-font-icon,\n#page .dt-shortcode-soc-icons a.single-soc-icon-4e4f278c408213ddb82c8b416bc69fdc:not(:hover) .soc-icon,\n#phantom .dt-shortcode-soc-icons a.single-soc-icon-4e4f278c408213ddb82c8b416bc69fdc:not(:hover) .soc-icon {\n  color: #ffffff;\n  background: none;\n}\n.dt-shortcode-soc-icons a.single-soc-icon-4e4f278c408213ddb82c8b416bc69fdc .soc-font-icon,\n.dt-shortcode-soc-icons a.single-soc-icon-4e4f278c408213ddb82c8b416bc69fdc .soc-icon {\n  font-size: 16px;\n}<\/style><a title=\"Instagram\" href=\"https:\/\/www.instagram.com\/davidosteopata\/\" class=\"instagram single-soc-icon-4e4f278c408213ddb82c8b416bc69fdc dt-icon-bg-on dt-icon-border-on dt-icon-hover-border-on dt-icon-hover-bg-on\" target=\"_blank\" rel=\"noopener\"><i class=\"soc-icon soc-font-icon dt-icon-instagram\"><\/i><span class=\"screen-reader-text\">Instagram<\/span><\/a><\/div><\/div><\/div><\/div><\/div><div class=\"vc_row wpb_row vc_row-fluid vc_custom_1680169461443\"><div class=\"wpb_column vc_column_container vc_col-sm-12\"><div class=\"vc_column-inner\"><div class=\"wpb_wrapper\">\n\t<div class=\"wpb_text_column wpb_content_element  vc_custom_1680169468507\" >\n\t\t<div class=\"wpb_wrapper\">\n\t\t\t<p><a title=\"Home\" href=\"https:\/\/integrativa.pt\/en\/\"><strong>Integrativa<\/strong><\/a> | Health and well-being as a lifestyle<\/p>\n\n\t\t<\/div>\n\t<\/div>\n\n\t<div class=\"wpb_text_column wpb_content_element  vc_custom_1689951960351\" >\n\t\t<div class=\"wpb_wrapper\">\n\t\t\t<h6>This website and its content are for information purposes only and are not a substitute for medical or health professional advice. Each person's treatment should be individualised and guided by health professionals. Do not make any changes to your treatment without contacting the doctor or health professional accompanying you.<\/h6>\n\n\t\t<\/div>\n\t<\/div>\n<\/div><\/div><\/div><\/div><div class=\"vc_row wpb_row vc_row-fluid\"><div class=\"wpb_column vc_column_container vc_col-sm-12\"><div class=\"vc_column-inner vc_custom_1678987635945\"><div class=\"wpb_wrapper\"><div class=\"vc_separator wpb_content_element vc_separator_align_center vc_sep_border_width_1 vc_sep_pos_align_center wpb_content_element vc_separator-has-text\"   style=\"width: 100%;\"><span class=\"vc_sep_holder vc_sep_holder_l\"><span style=\"border-top-color:#1b9193;\" class=\"vc_sep_line\"><\/span><\/span><h4>Related articles<\/h4><span class=\"vc_sep_holder vc_sep_holder_r\"><span style=\"border-top-color:#1b9193;\" class=\"vc_sep_line\"><\/span><\/span>\n<\/div><style type=\"text\/css\" data-type=\"the7_shortcodes-inline-css\">.blog-carousel-shortcode.blog-carousel-shortcode-id-13f38358c49797ee066cfd462ae4f20c.dividers-on.classic-layout-list article {\n  padding-top: 0;\n}\n.blog-carousel-shortcode.blog-carousel-shortcode-id-13f38358c49797ee066cfd462ae4f20c.dividers-on.classic-layout-list article:first-of-type {\n  margin-top: 0;\n  padding-top: 0;\n}\n.blog-carousel-shortcode.blog-carousel-shortcode-id-13f38358c49797ee066cfd462ae4f20c.classic-layout-list.mode-list .post-entry-content {\n  width: calc(100% - );\n}\n.blog-carousel-shortcode.blog-carousel-shortcode-id-13f38358c49797ee066cfd462ae4f20c.classic-layout-list.mode-list .no-img .post-entry-content {\n  width: 100%;\n}\n.blog-carousel-shortcode.blog-carousel-shortcode-id-13f38358c49797ee066cfd462ae4f20c .filter-bg-decoration .filter-categories a.act {\n  color: #fff;\n}\n.blog-carousel-shortcode.blog-carousel-shortcode-id-13f38358c49797ee066cfd462ae4f20c:not(.mode-masonry) article:first-of-type,\n.blog-carousel-shortcode.blog-carousel-shortcode-id-13f38358c49797ee066cfd462ae4f20c:not(.mode-masonry) article.visible.first:not(.product) {\n  margin-top: 0;\n}\n.blog-carousel-shortcode.blog-carousel-shortcode-id-13f38358c49797ee066cfd462ae4f20c.dividers-on:not(.mode-masonry) article {\n  margin-top: 0;\n}\n.blog-carousel-shortcode.blog-carousel-shortcode-id-13f38358c49797ee066cfd462ae4f20c.dividers-on:not(.mode-masonry) article:first-of-type,\n.blog-carousel-shortcode.blog-carousel-shortcode-id-13f38358c49797ee066cfd462ae4f20c.dividers-on:not(.mode-masonry) article.visible.first:not(.product) {\n  margin-top: 0;\n  padding-top: 0;\n}\n.blog-carousel-shortcode.blog-carousel-shortcode-id-13f38358c49797ee066cfd462ae4f20c .post-thumbnail-wrap {\n  padding: 0px 0px 0px 0px;\n}\n.blog-carousel-shortcode.blog-carousel-shortcode-id-13f38358c49797ee066cfd462ae4f20c.enable-bg-rollover .post-thumbnail-rollover:after {\n  background: -webkit-linear-gradient();\n  background: linear-gradient();\n}\n.blog-carousel-shortcode.blog-carousel-shortcode-id-13f38358c49797ee066cfd462ae4f20c .gallery-zoom-ico {\n  width: 44px;\n  height: 44px;\n  line-height: 44px;\n  border-radius: 100px;\n  margin: -22px 0 0 -22px;\n  border-width: 0px;\n  color: #ffffff;\n  background: none;\n}\n.bottom-overlap-layout-list.blog-carousel-shortcode.blog-carousel-shortcode-id-13f38358c49797ee066cfd462ae4f20c .gallery-zoom-ico {\n  margin-top: -72px;\n}\n.gradient-overlay-layout-list.blog-carousel-shortcode.blog-carousel-shortcode-id-13f38358c49797ee066cfd462ae4f20c .gallery-zoom-ico,\n.content-rollover-layout-list.blog-carousel-shortcode.blog-carousel-shortcode-id-13f38358c49797ee066cfd462ae4f20c .gallery-zoom-ico {\n  margin: 0 0 10px;\n}\n.content-align-center.gradient-overlay-layout-list.blog-carousel-shortcode.blog-carousel-shortcode-id-13f38358c49797ee066cfd462ae4f20c .gallery-zoom-ico,\n.content-align-center.content-rollover-layout-list.blog-carousel-shortcode.blog-carousel-shortcode-id-13f38358c49797ee066cfd462ae4f20c .gallery-zoom-ico {\n  margin: 0 auto 10px;\n}\n.dt-icon-bg-on.blog-carousel-shortcode.blog-carousel-shortcode-id-13f38358c49797ee066cfd462ae4f20c .gallery-zoom-ico {\n  background: rgba(255,255,255,0.3);\n  box-shadow: none;\n}\n.blog-carousel-shortcode.blog-carousel-shortcode-id-13f38358c49797ee066cfd462ae4f20c .gallery-zoom-ico > span,\n.blog-carousel-shortcode.blog-carousel-shortcode-id-13f38358c49797ee066cfd462ae4f20c .gallery-zoom-ico:before {\n  font-size: 32px;\n  line-height: 44px;\n}\n.blog-carousel-shortcode.blog-carousel-shortcode-id-13f38358c49797ee066cfd462ae4f20c .gallery-zoom-ico > span,\n.blog-carousel-shortcode.blog-carousel-shortcode-id-13f38358c49797ee066cfd462ae4f20c .gallery-zoom-ico:before {\n  color: #ffffff;\n  background: none;\n}\n.blog-carousel-shortcode.blog-carousel-shortcode-id-13f38358c49797ee066cfd462ae4f20c .entry-title,\n.blog-carousel-shortcode.blog-carousel-shortcode-id-13f38358c49797ee066cfd462ae4f20c.owl-carousel .entry-title {\n  margin-bottom: 5px;\n}\n.blog-carousel-shortcode.blog-carousel-shortcode-id-13f38358c49797ee066cfd462ae4f20c .entry-meta {\n  margin-bottom: 15px;\n}\n.blog-carousel-shortcode.blog-carousel-shortcode-id-13f38358c49797ee066cfd462ae4f20c .portfolio-categories {\n  margin-bottom: 15px;\n}\n.blog-carousel-shortcode.blog-carousel-shortcode-id-13f38358c49797ee066cfd462ae4f20c .entry-excerpt {\n  margin-bottom: 5px;\n}\n.blog-carousel-shortcode.blog-carousel-shortcode-id-13f38358c49797ee066cfd462ae4f20c:not(.centered-layout-list) .post-entry-content {\n  padding: 15px 20px 20px 20px;\n}\n.blog-carousel-shortcode.blog-carousel-shortcode-id-13f38358c49797ee066cfd462ae4f20c:not(.centered-layout-list):not(.content-bg-on):not(.mode-list) .no-img .post-entry-content {\n  padding: 0;\n}\n@media screen and (max-width: ) {\n  .blog-carousel-shortcode.blog-carousel-shortcode-id-13f38358c49797ee066cfd462ae4f20c article {\n    -ms-flex-flow: column nowrap;\n    flex-flow: column nowrap;\n    margin-top: 20px;\n  }\n  .blog-carousel-shortcode.blog-carousel-shortcode-id-13f38358c49797ee066cfd462ae4f20c.dividers-on article {\n    border: none;\n  }\n  .blog-carousel-shortcode.blog-carousel-shortcode-id-13f38358c49797ee066cfd462ae4f20c.content-bg-on.centered-layout-list article {\n    padding: 0;\n  }\n  .blog-carousel-shortcode.blog-carousel-shortcode-id-13f38358c49797ee066cfd462ae4f20c.blog-shortcode.dividers-on article,\n  .blog-carousel-shortcode.blog-carousel-shortcode-id-13f38358c49797ee066cfd462ae4f20c.dividers-on.classic-layout-list article {\n    margin-top: 20px;\n    padding: 0;\n  }\n  .blog-carousel-shortcode.blog-carousel-shortcode-id-13f38358c49797ee066cfd462ae4f20c.blog-shortcode.dividers-on article:first-of-type,\n  .blog-carousel-shortcode.blog-carousel-shortcode-id-13f38358c49797ee066cfd462ae4f20c.dividers-on.classic-layout-list article:first-of-type {\n    padding: 0;\n  }\n  #page .blog-carousel-shortcode.blog-carousel-shortcode-id-13f38358c49797ee066cfd462ae4f20c .post-thumbnail-wrap,\n  #page .blog-carousel-shortcode.blog-carousel-shortcode-id-13f38358c49797ee066cfd462ae4f20c .post-entry-content {\n    width: 100%;\n    margin: 0;\n    top: 0;\n  }\n  #page .blog-carousel-shortcode.blog-carousel-shortcode-id-13f38358c49797ee066cfd462ae4f20c .post-thumbnail-wrap {\n    padding: 0;\n  }\n  #page .blog-carousel-shortcode.blog-carousel-shortcode-id-13f38358c49797ee066cfd462ae4f20c .post-entry-content:after {\n    display: none;\n  }\n  #page .blog-carousel-shortcode.blog-carousel-shortcode-id-13f38358c49797ee066cfd462ae4f20c .project-even .post-thumbnail-wrap,\n  #page .blog-carousel-shortcode.blog-carousel-shortcode-id-13f38358c49797ee066cfd462ae4f20c.centered-layout-list .post-thumbnail-wrap {\n    -ms-flex-order: 0;\n    order: 0;\n  }\n  #page .blog-carousel-shortcode.blog-carousel-shortcode-id-13f38358c49797ee066cfd462ae4f20c.centered-layout-list .post-entry-title-content {\n    -ms-flex-order: 1;\n    order: 1;\n    width: 100%;\n    padding: 20px 20px 0;\n  }\n  #page .blog-carousel-shortcode.blog-carousel-shortcode-id-13f38358c49797ee066cfd462ae4f20c.centered-layout-list .post-entry-content {\n    -ms-flex-order: 2;\n    order: 2;\n    padding-top: 0;\n  }\n  #page .blog-carousel-shortcode.blog-carousel-shortcode-id-13f38358c49797ee066cfd462ae4f20c .fancy-categories {\n    top: 10px;\n    left: 10px;\n    bottom: auto;\n    right: auto;\n  }\n  #page .blog-carousel-shortcode.blog-carousel-shortcode-id-13f38358c49797ee066cfd462ae4f20c .fancy-date a {\n    top: 10px;\n    right: 10px;\n    left: auto;\n    bottom: auto;\n  }\n  #page .blog-carousel-shortcode.blog-carousel-shortcode-id-13f38358c49797ee066cfd462ae4f20c .post-entry-content {\n    padding: 20px;\n  }\n  #page .blog-carousel-shortcode.blog-carousel-shortcode-id-13f38358c49797ee066cfd462ae4f20c .entry-title {\n    margin: 3px 0 5px;\n    font-size: 20px;\n    line-height: 26px;\n  }\n  #page .blog-carousel-shortcode.blog-carousel-shortcode-id-13f38358c49797ee066cfd462ae4f20c .entry-meta {\n    margin: 5px 0 5px;\n  }\n  #page .blog-carousel-shortcode.blog-carousel-shortcode-id-13f38358c49797ee066cfd462ae4f20c .entry-excerpt {\n    margin: 15px 0 0;\n  }\n  #page .blog-carousel-shortcode.blog-carousel-shortcode-id-13f38358c49797ee066cfd462ae4f20c .post-details {\n    margin: 5px 0 10px;\n  }\n  #page .blog-carousel-shortcode.blog-carousel-shortcode-id-13f38358c49797ee066cfd462ae4f20c .post-details.details-type-link {\n    margin-bottom: 2px;\n  }\n}\n.blog-carousel-shortcode.blog-carousel-shortcode-id-13f38358c49797ee066cfd462ae4f20c.owl-carousel .owl-nav div {\n  width: 36px;\n  height: 36px;\n  border-radius: 500px;\n}\n.dt-arrow-border-on.blog-carousel-shortcode.blog-carousel-shortcode-id-13f38358c49797ee066cfd462ae4f20c.owl-carousel .owl-nav div:not(:hover):before {\n  border-width: 0px;\n}\n.dt-arrow-hover-border-on.blog-carousel-shortcode.blog-carousel-shortcode-id-13f38358c49797ee066cfd462ae4f20c.owl-carousel .owl-nav div:hover:after {\n  border-width: 0px;\n}\n.blog-carousel-shortcode.blog-carousel-shortcode-id-13f38358c49797ee066cfd462ae4f20c.owl-carousel .owl-nav div.owl-prev {\n  top: 50%;\n  transform: translateY(calc(-50% + 0px));\n  left: -43px;\n}\n@media all and (-ms-high-contrast: none) {\n  .blog-carousel-shortcode.blog-carousel-shortcode-id-13f38358c49797ee066cfd462ae4f20c.owl-carousel .owl-nav div.owl-prev {\n    transform: translateY(-50%);\n    margin-top: 0px;\n  }\n}\n.blog-carousel-shortcode.blog-carousel-shortcode-id-13f38358c49797ee066cfd462ae4f20c.owl-carousel .owl-nav div.owl-prev i {\n  padding: 0px 0px 0px 0px;\n}\n.blog-carousel-shortcode.blog-carousel-shortcode-id-13f38358c49797ee066cfd462ae4f20c.owl-carousel .owl-nav div.owl-next {\n  top: 50%;\n  transform: translateY(calc(-50% + 0px));\n  right: -43px;\n}\n@media all and (-ms-high-contrast: none) {\n  .blog-carousel-shortcode.blog-carousel-shortcode-id-13f38358c49797ee066cfd462ae4f20c.owl-carousel .owl-nav div.owl-next {\n    transform: translateY(-50%);\n    margin-top: 0px;\n  }\n}\n.blog-carousel-shortcode.blog-carousel-shortcode-id-13f38358c49797ee066cfd462ae4f20c.owl-carousel .owl-nav div.owl-next i {\n  padding: 0px 0px 0px 0px;\n}\n.blog-carousel-shortcode.blog-carousel-shortcode-id-13f38358c49797ee066cfd462ae4f20c.owl-carousel .owl-nav i {\n  font-size: 18px;\n}\n.blog-carousel-shortcode.blog-carousel-shortcode-id-13f38358c49797ee066cfd462ae4f20c.owl-carousel .owl-nav div:not(:hover) i,\n.blog-carousel-shortcode.blog-carousel-shortcode-id-13f38358c49797ee066cfd462ae4f20c.owl-carousel .owl-nav div:not(:hover) i:before {\n  color: #ffffff;\n  background: none;\n}\n.blog-carousel-shortcode.blog-carousel-shortcode-id-13f38358c49797ee066cfd462ae4f20c.owl-carousel .owl-nav div:hover i,\n.blog-carousel-shortcode.blog-carousel-shortcode-id-13f38358c49797ee066cfd462ae4f20c.owl-carousel .owl-nav div:hover i:before {\n  color: rgba(255,255,255,0.75);\n  background: none;\n}\n.blog-carousel-shortcode.blog-carousel-shortcode-id-13f38358c49797ee066cfd462ae4f20c .owl-dots {\n  top: calc(100% + 20px);\n  left: 50%;\n  transform: translateX(calc(-50% + 0px));\n}\n@media all and (-ms-high-contrast: none) {\n  .blog-carousel-shortcode.blog-carousel-shortcode-id-13f38358c49797ee066cfd462ae4f20c .owl-dots {\n    transform: translateX(-50%);\n    margin-left: 0px;\n  }\n}\n.blog-carousel-shortcode.blog-carousel-shortcode-id-13f38358c49797ee066cfd462ae4f20c .owl-dot {\n  width: 10px;\n  height: 10px;\n  margin: 0 8px;\n}\n@media screen and (max-width: 778px) {\n  .blog-carousel-shortcode.blog-carousel-shortcode-id-13f38358c49797ee066cfd462ae4f20c.hide-arrows .owl-nav a {\n    display: none;\n  }\n}\n@media screen and (max-width: 778px) {\n  .blog-carousel-shortcode.blog-carousel-shortcode-id-13f38358c49797ee066cfd462ae4f20c.reposition-arrows .owl-nav div.owl-prev {\n    top: 50%;\n    transform: translateY(calc(-50% + 0px));\n    left: 10px;\n  }\n  .blog-carousel-shortcode.blog-carousel-shortcode-id-13f38358c49797ee066cfd462ae4f20c.reposition-arrows .owl-nav div.owl-next {\n    top: 50%;\n    transform: translateY(calc(-50% + 0px));\n    right: 10px;\n  }\n}\n@media screen and (max-width: 778px) and all and (-ms-high-contrast: none) {\n  .blog-carousel-shortcode.blog-carousel-shortcode-id-13f38358c49797ee066cfd462ae4f20c.reposition-arrows .owl-nav div.owl-prev {\n    transform: translateY(-50%);\n    margin-top: 0px;\n  }\n}\n@media screen and (max-width: 778px) and all and (-ms-high-contrast: none) {\n  .blog-carousel-shortcode.blog-carousel-shortcode-id-13f38358c49797ee066cfd462ae4f20c.reposition-arrows .owl-nav div.owl-next {\n    transform: translateY(-50%);\n    margin-top: 0px;\n  }\n}<\/style><div class=\"owl-carousel blog-carousel-shortcode dt-owl-carousel-call blog-carousel-shortcode-id-13f38358c49797ee066cfd462ae4f20c classic-layout-list scale-img dt-icon-bg-off dt-arrow-border-on dt-arrow-hover-border-on meta-info-off bullets-small-dot-stroke reposition-arrows arrows-bg-on disable-arrows-hover-bg arrows-hover-bg-on\" data-scroll-mode=\"1\" data-col-num=\"3\" data-wide-col-num=\"4\" data-laptop-col=\"3\" data-h-tablet-columns-num=\"3\" data-v-tablet-columns-num=\"2\" data-phone-columns-num=\"1\" data-auto-height=\"true\" data-col-gap=\"30\" data-stage-padding=\"0\" data-speed=\"600\" data-autoplay=\"false\" data-autoplay_speed=\"6000\" data-arrows=\"true\" data-bullet=\"false\" data-next-icon=\"icon-ar-017-r\" data-prev-icon=\"icon-ar-017-l\"><article class=\"post post-3647 type-post status-publish format-standard has-post-thumbnail hentry category-nervo-vago category-osteopata-david-brandao category-osteopatia-integrativa category-osteopatia-visceral category-psiconeuroimunologia tag-fisioterapia tag-osteopatia tag-pilates-clinico category-58 category-33 category-32 category-31 category-48 description-off\" data-name=\"O papel do Nervo Vago na comunica\u00e7\u00e3o c\u00e9rebro-corpo e na influ\u00eancia sobre a sua sa\u00fade\" data-date=\"2025-01-07T11:31:39+00:00\">\n\n<div class=\"post-thumbnail-wrap\">\n\t<div class=\"post-thumbnail\">\n\t\t\n\t\t\n\t\t<a href=\"https:\/\/integrativa.pt\/en\/como-o-nervo-vago-liga-o-cerebro-ao-corpo-e-influencia-a-saude\/\" class=\"post-thumbnail-rollover layzr-bg\"><img fetchpriority=\"high\" decoding=\"async\" class=\"preload-me owl-lazy-load aspect\" src=\"data:image\/svg+xml,%3Csvg%20xmlns%3D&#39;http%3A%2F%2Fwww.w3.org%2F2000%2Fsvg&#39;%20viewBox%3D&#39;0%200%20768%20512&#39;%2F%3E\" data-src=\"https:\/\/integrativa.pt\/wp-content\/uploads\/2025\/10\/Integrativa-Lisboa-Nervo-Vago-Osteopatia-4-768x512.webp\" data-srcset=\"https:\/\/integrativa.pt\/wp-content\/uploads\/2025\/10\/Integrativa-Lisboa-Nervo-Vago-Osteopatia-4-768x512.webp 768w, https:\/\/integrativa.pt\/wp-content\/uploads\/2025\/10\/Integrativa-Lisboa-Nervo-Vago-Osteopatia-4-1152x768.webp 1152w\" loading=\"eager\" style=\"--ratio: 768 \/ 512\" sizes=\"(max-width: 768px) 100vw, 768px\" alt=\"\" title=\"Integrative Lisbon Vagus Nerve Osteopathy\" width=\"768\" height=\"512\"  \/><\/a>\t<\/div>\n<\/div>\n\n\n<div class=\"post-entry-content\">\n\n\t<h3 class=\"entry-title\">\n\t\t<a href=\"https:\/\/integrativa.pt\/en\/como-o-nervo-vago-liga-o-cerebro-ao-corpo-e-influencia-a-saude\/\" title=\"The role of the vagus nerve in brain-body communication and influencing your health\" rel=\"bookmark\">The role of the vagus nerve in brain-body communication and influencing your health<\/a>\n\t<\/h3>\n\n\t\n\t\n\t\n<a href=\"https:\/\/integrativa.pt\/en\/como-o-nervo-vago-liga-o-cerebro-ao-corpo-e-influencia-a-saude\/\" class=\"post-details details-type-link\" aria-label=\"Read more about the role of the Vagus Nerve in brain-body communication and its influence on your health\">Read more<i class=\"dt-icon-the7-arrow-03\" aria-hidden=\"true\"><\/i><\/a>\n\n<\/div><\/article><article class=\"post post-3043 type-post status-publish format-standard has-post-thumbnail hentry category-atm category-dores-de-cabeca category-fisioterapia category-osteopata-david-brandao category-osteopatia-craniana tag-fisioterapia tag-osteopatia tag-pilates-clinico category-41 category-52 category-6 category-33 category-42 description-off\" data-name=\"Disfun\u00e7\u00e3o Temporomandibular (ATM): h\u00e1bitos saud\u00e1veis que complementam o tratamento em Fisioterapia\" data-date=\"2024-02-12T15:14:30+00:00\">\n\n<div class=\"post-thumbnail-wrap\">\n\t<div class=\"post-thumbnail\">\n\t\t\n\t\t\n\t\t<a href=\"https:\/\/integrativa.pt\/en\/disfuncao-temporomandibular-habitos-saudaveis-que-complementam-o-tratamento-em-fisioterapia\/\" class=\"post-thumbnail-rollover layzr-bg\"><img decoding=\"async\" class=\"preload-me owl-lazy-load aspect\" src=\"data:image\/svg+xml,%3Csvg%20xmlns%3D&#39;http%3A%2F%2Fwww.w3.org%2F2000%2Fsvg&#39;%20viewBox%3D&#39;0%200%20768%20512&#39;%2F%3E\" data-src=\"https:\/\/integrativa.pt\/wp-content\/uploads\/2025\/10\/ATM-Integrativa-Fisioterapia-Osteopatia-3-768x512.webp\" data-srcset=\"https:\/\/integrativa.pt\/wp-content\/uploads\/2025\/10\/ATM-Integrativa-Fisioterapia-Osteopatia-3-768x512.webp 768w, https:\/\/integrativa.pt\/wp-content\/uploads\/2025\/10\/ATM-Integrativa-Fisioterapia-Osteopatia-3-1152x768.webp 1152w\" loading=\"eager\" style=\"--ratio: 768 \/ 512\" sizes=\"(max-width: 768px) 100vw, 768px\" alt=\"\" title=\"Integrative ATM Physiotherapy Osteopathy\" width=\"768\" height=\"512\"  \/><\/a>\t<\/div>\n<\/div>\n\n\n<div class=\"post-entry-content\">\n\n\t<h3 class=\"entry-title\">\n\t\t<a href=\"https:\/\/integrativa.pt\/en\/disfuncao-temporomandibular-habitos-saudaveis-que-complementam-o-tratamento-em-fisioterapia\/\" title=\"Temporomandibular dysfunction (TMJ): healthy habits that complement physiotherapy treatment\" rel=\"bookmark\">Temporomandibular dysfunction (TMJ): healthy habits that complement physiotherapy treatment<\/a>\n\t<\/h3>\n\n\t\n\t\n\t\n<a href=\"https:\/\/integrativa.pt\/en\/disfuncao-temporomandibular-habitos-saudaveis-que-complementam-o-tratamento-em-fisioterapia\/\" class=\"post-details details-type-link\" aria-label=\"Read more about Temporomandibular dysfunction (TMJ): healthy habits that complement physiotherapy treatment\">Read more<i class=\"dt-icon-the7-arrow-03\" aria-hidden=\"true\"><\/i><\/a>\n\n<\/div><\/article><article class=\"post post-3005 type-post status-publish format-standard has-post-thumbnail hentry category-4-pilares-da-saude category-psiconeuroimunologia tag-fisioterapia tag-osteopatia tag-pilates-clinico category-35 category-48 description-off\" data-name=\"Luz solar, humor e felicidade numa perspetiva integrativa\" data-date=\"2024-02-06T17:03:14+00:00\">\n\n<div class=\"post-thumbnail-wrap\">\n\t<div class=\"post-thumbnail\">\n\t\t\n\t\t\n\t\t<a href=\"https:\/\/integrativa.pt\/en\/luz-solar-humor-e-felicidade-numa-perspetiva-integrativa\/\" class=\"post-thumbnail-rollover layzr-bg\"><img decoding=\"async\" class=\"preload-me owl-lazy-load aspect\" src=\"data:image\/svg+xml,%3Csvg%20xmlns%3D&#39;http%3A%2F%2Fwww.w3.org%2F2000%2Fsvg&#39;%20viewBox%3D&#39;0%200%20768%20512&#39;%2F%3E\" data-src=\"https:\/\/integrativa.pt\/wp-content\/uploads\/2024\/02\/Apanhar-sol-vitamina-D-768x512.jpg\" data-srcset=\"https:\/\/integrativa.pt\/wp-content\/uploads\/2024\/02\/Apanhar-sol-vitamina-D-768x512.jpg 768w, https:\/\/integrativa.pt\/wp-content\/uploads\/2024\/02\/Apanhar-sol-vitamina-D-1152x768.jpg 1152w\" loading=\"eager\" style=\"--ratio: 768 \/ 512\" sizes=\"(max-width: 768px) 100vw, 768px\" alt=\"\" title=\"Sunbathing vitamin D\" width=\"768\" height=\"512\"  \/><\/a>\t<\/div>\n<\/div>\n\n\n<div class=\"post-entry-content\">\n\n\t<h3 class=\"entry-title\">\n\t\t<a href=\"https:\/\/integrativa.pt\/en\/luz-solar-humor-e-felicidade-numa-perspetiva-integrativa\/\" title=\"Sunlight, humour and happiness from an integrative perspective\" rel=\"bookmark\">Sunlight, humour and happiness from an integrative perspective<\/a>\n\t<\/h3>\n\n\t\n\t\n\t\n<a href=\"https:\/\/integrativa.pt\/en\/luz-solar-humor-e-felicidade-numa-perspetiva-integrativa\/\" class=\"post-details details-type-link\" aria-label=\"Read more about sunlight, humour and happiness from an integrative perspective\">Read more<i class=\"dt-icon-the7-arrow-03\" aria-hidden=\"true\"><\/i><\/a>\n\n<\/div><\/article><article class=\"post post-3686 type-post status-publish format-standard has-post-thumbnail hentry category-nervo-vago category-osteopata-david-brandao category-osteopatia-integrativa category-psiconeuroimunologia tag-fisioterapia tag-osteopatia tag-pilates-clinico category-58 category-33 category-32 category-48 description-off\" data-name=\"Como estimular o Nervo Vago pode ajudar na ansiedade e na depress\u00e3o\" data-date=\"2025-01-20T14:58:47+00:00\">\n\n<div class=\"post-thumbnail-wrap\">\n\t<div class=\"post-thumbnail\">\n\t\t\n\t\t\n\t\t<a href=\"https:\/\/integrativa.pt\/en\/como-estimular-o-nervo-vago-pode-ajudar-na-ansiedade-e-na-depressao\/\" class=\"post-thumbnail-rollover layzr-bg\"><img decoding=\"async\" class=\"preload-me owl-lazy-load aspect\" src=\"data:image\/svg+xml,%3Csvg%20xmlns%3D&#39;http%3A%2F%2Fwww.w3.org%2F2000%2Fsvg&#39;%20viewBox%3D&#39;0%200%20768%20512&#39;%2F%3E\" data-src=\"https:\/\/integrativa.pt\/wp-content\/uploads\/2025\/01\/Psicologia-integrativa-768x512.webp\" data-srcset=\"https:\/\/integrativa.pt\/wp-content\/uploads\/2025\/01\/Psicologia-integrativa-768x512.webp 768w, https:\/\/integrativa.pt\/wp-content\/uploads\/2025\/01\/Psicologia-integrativa-1152x768.webp 1152w\" loading=\"eager\" style=\"--ratio: 768 \/ 512\" sizes=\"(max-width: 768px) 100vw, 768px\" alt=\"\" title=\"Integrative psychology\" width=\"768\" height=\"512\"  \/><\/a>\t<\/div>\n<\/div>\n\n\n<div class=\"post-entry-content\">\n\n\t<h3 class=\"entry-title\">\n\t\t<a href=\"https:\/\/integrativa.pt\/en\/como-estimular-o-nervo-vago-pode-ajudar-na-ansiedade-e-na-depressao\/\" title=\"How stimulating the vagus nerve can help with anxiety and depression\" rel=\"bookmark\">How stimulating the vagus nerve can help with anxiety and depression<\/a>\n\t<\/h3>\n\n\t\n\t\n\t\n<a href=\"https:\/\/integrativa.pt\/en\/como-estimular-o-nervo-vago-pode-ajudar-na-ansiedade-e-na-depressao\/\" class=\"post-details details-type-link\" aria-label=\"Read more about how to stimulate the Vagus Nerve can help with anxiety and depression\">Read more<i class=\"dt-icon-the7-arrow-03\" aria-hidden=\"true\"><\/i><\/a>\n\n<\/div><\/article><article class=\"post post-4869 type-post status-publish format-standard has-post-thumbnail hentry category-osteopata-david-brandao category-osteopatia-integrativa category-psiconeuroimunologia tag-fisioterapia tag-osteopatia tag-pilates-clinico category-33 category-32 category-48 description-off\" data-name=\"Movimento \u00e9 Medicina: o exerc\u00edcio f\u00edsico como regulador do metabolismo e do sistema Imunit\u00e1rio\" data-date=\"2025-10-15T08:49:12+00:00\">\n\n<div class=\"post-thumbnail-wrap\">\n\t<div class=\"post-thumbnail\">\n\t\t\n\t\t\n\t\t<a href=\"https:\/\/integrativa.pt\/en\/movimento-e-medicina-o-exercicio-fisico-como-regulador-do-metabolismo-e-do-sistema-imunitario\/\" class=\"post-thumbnail-rollover layzr-bg\"><img decoding=\"async\" class=\"preload-me owl-lazy-load aspect\" src=\"data:image\/svg+xml,%3Csvg%20xmlns%3D&#39;http%3A%2F%2Fwww.w3.org%2F2000%2Fsvg&#39;%20viewBox%3D&#39;0%200%20768%20512&#39;%2F%3E\" data-src=\"https:\/\/integrativa.pt\/wp-content\/uploads\/2025\/10\/Pilates-clinico-Lisboa-2-768x512.webp\" data-srcset=\"https:\/\/integrativa.pt\/wp-content\/uploads\/2025\/10\/Pilates-clinico-Lisboa-2-768x512.webp 768w, https:\/\/integrativa.pt\/wp-content\/uploads\/2025\/10\/Pilates-clinico-Lisboa-2-1152x768.webp 1152w\" loading=\"eager\" style=\"--ratio: 768 \/ 512\" sizes=\"(max-width: 768px) 100vw, 768px\" alt=\"\" title=\"Clinical Pilates Lisbon\" width=\"768\" height=\"512\"  \/><\/a>\t<\/div>\n<\/div>\n\n\n<div class=\"post-entry-content\">\n\n\t<h3 class=\"entry-title\">\n\t\t<a href=\"https:\/\/integrativa.pt\/en\/movimento-e-medicina-o-exercicio-fisico-como-regulador-do-metabolismo-e-do-sistema-imunitario\/\" title=\"Movement is Medicine: physical exercise as a regulator of metabolism and the immune system\" rel=\"bookmark\">Movement is Medicine: physical exercise as a regulator of metabolism and the immune system<\/a>\n\t<\/h3>\n\n\t\n\t\n\t\n<a href=\"https:\/\/integrativa.pt\/en\/movimento-e-medicina-o-exercicio-fisico-como-regulador-do-metabolismo-e-do-sistema-imunitario\/\" class=\"post-details details-type-link\" aria-label=\"Read more about Movement is Medicine: physical exercise as a regulator of metabolism and the immune system\">Read more<i class=\"dt-icon-the7-arrow-03\" aria-hidden=\"true\"><\/i><\/a>\n\n<\/div><\/article><article class=\"post post-2445 type-post status-publish format-standard has-post-thumbnail hentry category-osteopatia category-atm category-bruxismo category-dores-de-cabeca category-fisioterapia category-osteopatia-craniana category-osteopatia-integrativa category-osteopatia-integrativa-osteopatia tag-fisioterapia tag-osteopatia tag-pilates-clinico category-17 category-41 category-135 category-52 category-6 category-42 category-32 category-34 description-off\" data-name=\"Stress, bruxismo e dores de cabe\u00e7a: compreender a rela\u00e7\u00e3o numa perspetiva integrativa\" data-date=\"2023-07-26T12:35:35+00:00\">\n\n<div class=\"post-thumbnail-wrap\">\n\t<div class=\"post-thumbnail\">\n\t\t\n\t\t\n\t\t<a href=\"https:\/\/integrativa.pt\/en\/stress-bruxismo-e-dores-de-cabeca-compreender-a-relacao-numa-perspetiva-integrativa\/\" class=\"post-thumbnail-rollover layzr-bg\"><img decoding=\"async\" class=\"preload-me owl-lazy-load aspect\" src=\"data:image\/svg+xml,%3Csvg%20xmlns%3D&#39;http%3A%2F%2Fwww.w3.org%2F2000%2Fsvg&#39;%20viewBox%3D&#39;0%200%20768%20512&#39;%2F%3E\" data-src=\"https:\/\/integrativa.pt\/wp-content\/uploads\/2023\/07\/Dor-cabeca-Osteopatia-Enxaqueca-Integrativa-Fisioterapia-768x512.webp\" data-srcset=\"https:\/\/integrativa.pt\/wp-content\/uploads\/2023\/07\/Dor-cabeca-Osteopatia-Enxaqueca-Integrativa-Fisioterapia-768x512.webp 768w, https:\/\/integrativa.pt\/wp-content\/uploads\/2023\/07\/Dor-cabeca-Osteopatia-Enxaqueca-Integrativa-Fisioterapia-1152x768.webp 1152w\" loading=\"eager\" style=\"--ratio: 768 \/ 512\" sizes=\"(max-width: 768px) 100vw, 768px\" alt=\"\" title=\"Headache Osteopathy Migraine Integrative Physiotherapy\" width=\"768\" height=\"512\"  \/><\/a>\t<\/div>\n<\/div>\n\n\n<div class=\"post-entry-content\">\n\n\t<h3 class=\"entry-title\">\n\t\t<a href=\"https:\/\/integrativa.pt\/en\/stress-bruxismo-e-dores-de-cabeca-compreender-a-relacao-numa-perspetiva-integrativa\/\" title=\"Stress, bruxism and headaches: understanding the relationship from an integrative perspective\" rel=\"bookmark\">Stress, bruxism and headaches: understanding the relationship from an integrative perspective<\/a>\n\t<\/h3>\n\n\t\n\t\n\t\n<a href=\"https:\/\/integrativa.pt\/en\/stress-bruxismo-e-dores-de-cabeca-compreender-a-relacao-numa-perspetiva-integrativa\/\" class=\"post-details details-type-link\" aria-label=\"Read more about Stress, bruxism and headaches: understanding the relationship from an integrative perspective\">Read more<i class=\"dt-icon-the7-arrow-03\" aria-hidden=\"true\"><\/i><\/a>\n\n<\/div><\/article><\/div><\/div><\/div><\/div><\/div>\n<\/div>","protected":false},"excerpt":{"rendered":"<p>The circadian cycle is an approximately 24-hour biological regulation system responsible for organising multiple physiological processes, including sleep, wakefulness, metabolism and the response to stress. Among its main modulators are cortisol and melatonin, two hormones with complementary functions in the body's adaptation to different...<\/p>","protected":false},"author":1,"featured_media":4707,"comment_status":"closed","ping_status":"open","sticky":false,"template":"","format":"standard","meta":{"inline_featured_image":false,"footnotes":""},"categories":[35,33,32,34,48,36],"tags":[4,27,8],"class_list":["post-3012","post","type-post","status-publish","format-standard","has-post-thumbnail","hentry","category-4-pilares-da-saude","category-osteopata-david-brandao","category-osteopatia-integrativa","category-osteopatia-integrativa-osteopatia","category-psiconeuroimunologia","category-sono","tag-fisioterapia","tag-osteopatia","tag-pilates-clinico","category-35","category-33","category-32","category-34","category-48","category-36","description-off"],"_links":{"self":[{"href":"https:\/\/integrativa.pt\/en\/wp-json\/wp\/v2\/posts\/3012","targetHints":{"allow":["GET"]}}],"collection":[{"href":"https:\/\/integrativa.pt\/en\/wp-json\/wp\/v2\/posts"}],"about":[{"href":"https:\/\/integrativa.pt\/en\/wp-json\/wp\/v2\/types\/post"}],"author":[{"embeddable":true,"href":"https:\/\/integrativa.pt\/en\/wp-json\/wp\/v2\/users\/1"}],"replies":[{"embeddable":true,"href":"https:\/\/integrativa.pt\/en\/wp-json\/wp\/v2\/comments?post=3012"}],"version-history":[{"count":0,"href":"https:\/\/integrativa.pt\/en\/wp-json\/wp\/v2\/posts\/3012\/revisions"}],"wp:featuredmedia":[{"embeddable":true,"href":"https:\/\/integrativa.pt\/en\/wp-json\/wp\/v2\/media\/4707"}],"wp:attachment":[{"href":"https:\/\/integrativa.pt\/en\/wp-json\/wp\/v2\/media?parent=3012"}],"wp:term":[{"taxonomy":"category","embeddable":true,"href":"https:\/\/integrativa.pt\/en\/wp-json\/wp\/v2\/categories?post=3012"},{"taxonomy":"post_tag","embeddable":true,"href":"https:\/\/integrativa.pt\/en\/wp-json\/wp\/v2\/tags?post=3012"}],"curies":[{"name":"wp","href":"https:\/\/api.w.org\/{rel}","templated":true}]}}