{"id":3542,"date":"2024-06-24T09:55:34","date_gmt":"2024-06-24T09:55:34","guid":{"rendered":"https:\/\/integrativa.pt\/?p=3542"},"modified":"2026-01-29T17:08:36","modified_gmt":"2026-01-29T17:08:36","slug":"the-impact-of-blue-light-from-electronic-devices-on-sleep","status":"publish","type":"post","link":"https:\/\/integrativa.pt\/en\/o-impacto-da-luz-azul-dos-dispositivos-eletronicos-no-sono\/","title":{"rendered":"The impact of blue light from electronic devices on sleep"},"content":{"rendered":"<div class=\"wpb-content-wrapper\" id=\"wpb-content-root\"><div class=\"vc_row wpb_row vc_row-fluid\"><div class=\"wpb_column vc_column_container vc_col-sm-12\"><div class=\"vc_column-inner\"><div class=\"wpb_wrapper\">\n\t<div class=\"wpb_text_column wpb_content_element\" >\n\t\t<div class=\"wpb_wrapper\">\n\t\t\t<p data-start=\"0\" data-end=\"430\">The use of electronic devices is part of everyday life for most people. Computers, <em>smartphones<\/em> e <em>tablets<\/em> screens are often used until very close to bedtime, which raises clinically relevant questions about the impact of the blue light emitted by these screens on sleep organisation. Understanding these effects is essential for a more conscious management of rest and biological regulation mechanisms.<\/p>\n<h4 data-start=\"432\" data-end=\"475\">Circadian rhythm and exposure to blue light<\/h4>\n<p data-start=\"477\" data-end=\"762\">The circadian rhythm corresponds to the internal biological clock that regulates the alternation between wakefulness and sleep over the course of about 24 hours. This system is highly sensitive to light, particularly blue light, which is present naturally in sunlight and artificially on electronic screens.<\/p>\n<p data-start=\"764\" data-end=\"1053\">Exposure to blue light at night can transmit a signal to the brain similar to that of daylight, hindering the physiological transition to rest. This can result in difficulties falling asleep, delayed sleep onset and changes in the continuity and depth of sleep.<\/p>\n<h4 data-start=\"1055\" data-end=\"1082\">Melatonin suppression<\/h4>\n<p data-start=\"1084\" data-end=\"1292\">Melatonin is a key hormone in regulating the sleep-wake cycle. Its production naturally increases with the decrease in light at the end of the day, preparing the body for night-time rest.<\/p>\n<p data-start=\"1294\" data-end=\"1574\">Exposure to blue light during the night can inhibit or delay the release of melatonin, interfering with this physiological process. This alteration is associated with longer sleep latency, more frequent nocturnal awakenings and a feeling of insufficient rest on waking.<\/p>\n<h4 data-start=\"1576\" data-end=\"1614\">Eye fatigue and associated effects<\/h4>\n<p data-start=\"1616\" data-end=\"1959\">In addition to the direct impact on sleep, prolonged use of electronic devices can contribute to eye fatigue, a feeling of dryness, visual irritation and difficulty concentrating the next day. These effects can intensify general tiredness and compromise cognitive performance, especially when associated with poor sleep.<\/p>\n<h4 data-start=\"1961\" data-end=\"2011\">Strategies to reduce the impact of blue light<\/h4>\n<p>A few simple measures can help minimise the effects of blue light at night:<\/p>\n<ul>\n<li data-start=\"2013\" data-end=\"2562\">Activate night mode or blue light filters on electronic devices, reducing the intensity and spectrum of light emitted.<\/li>\n<li data-start=\"2013\" data-end=\"2562\">Wear glasses with a blue light filter, especially when using screens late in the day.<\/li>\n<li data-start=\"2013\" data-end=\"2562\">Limit the use of screens in the hours before sleep, favouring a more predictable night-time routine<\/li>\n<li data-start=\"2013\" data-end=\"2562\">Opt for softer, warm-toned ambient lighting at night, avoiding intense or cold lights<\/li>\n<\/ul>\n<p data-start=\"2564\" data-end=\"2697\">These strategies do not replace a clinical sleep assessment, but they can help to better organise the circadian rhythm.<\/p>\n<h4 data-start=\"2699\" data-end=\"2749\">Understanding sleep from an integrative perspective<\/h4>\n<p data-start=\"2751\" data-end=\"3070\">Sleep doesn't just depend on the number of hours slept, but on how the body is prepared throughout the day and night to enter a state of effective rest. Exposure to light, levels of nervous system activation and <em>stress<\/em> accumulated and nocturnal habits interact continuously in the regulation of sleep.<\/p>\n<p data-start=\"3072\" data-end=\"3473\">In Integrative Osteopathy, with a framework in Clinical Psychoneuroimmunology, sleep and circadian rhythm are assessed as central regulatory processes, not as isolated phenomena. The clinical assessment integrates factors such as sleep patterns, exposure to artificial light, levels of bodily tension and life context, making it possible to tailor strategies to individual needs.<\/p>\n<p data-start=\"3475\" data-end=\"3714\">Understanding the impact of blue light is an important step towards developing a more conscious relationship with sleep and promoting a more consistent and functional rest, respecting each person's physiology and individuality.<\/p>\n\n\t\t<\/div>\n\t<\/div>\n<\/div><\/div><\/div><\/div><div class=\"vc_row wpb_row vc_row-fluid vc_custom_1680169461443\"><div class=\"wpb_column vc_column_container vc_col-sm-12\"><div class=\"vc_column-inner\"><div class=\"wpb_wrapper\">\n\t<div class=\"wpb_text_column wpb_content_element  vc_custom_1760628837336\" >\n\t\t<div class=\"wpb_wrapper\">\n\t\t\t<p style=\"text-align: right;\"><a title=\"Osteopath - Physiotherapist David Brand\u00e3o\" href=\"https:\/\/integrativa.pt\/en\/osteopata-fisioterapeuta-david-brandao\/\"><strong>David Brand\u00e3o<\/strong> <\/a>| Osteopath and Physiotherapist<\/p>\n<p style=\"text-align: right;\">Specialised in Clinical Psychoneuroimmunology<\/p>\n<h6 style=\"text-align: right;\">Physiotherapist Card: 3652 | Order of Physiotherapists \/\/ Osteopath Card: C-0031697 | ACSS<\/h6>\n\n\t\t<\/div>\n\t<\/div>\n<style type=\"text\/css\" data-type=\"the7_shortcodes-inline-css\">.dt-shortcode-soc-icons.soc-icons-d45686d09a63baba6497efe6c6ad3c1e a {\n  margin-right: 4px;\n}\n.dt-shortcode-soc-icons a.soc-icons-d45686d09a63baba6497efe6c6ad3c1e {\n  margin-right: 4px;\n}\n.dt-shortcode-soc-icons a.soc-icons-d45686d09a63baba6497efe6c6ad3c1e:last-child {\n  margin-right: 0;\n}\n.dt-shortcode-soc-icons a.soc-icons-d45686d09a63baba6497efe6c6ad3c1e:before,\n.dt-shortcode-soc-icons a.soc-icons-d45686d09a63baba6497efe6c6ad3c1e:after {\n  padding: inherit;\n}\n.dt-shortcode-soc-icons a.soc-icons-d45686d09a63baba6497efe6c6ad3c1e.dt-icon-border-on:before {\n  border:  solid ;\n}\n.dt-shortcode-soc-icons a.soc-icons-d45686d09a63baba6497efe6c6ad3c1e.dt-icon-hover-border-on:after {\n  border:  solid ;\n}<\/style><div class=\"dt-shortcode-soc-icons  soc-icons-d45686d09a63baba6497efe6c6ad3c1e soc-icons-right\" ><style type=\"text\/css\" data-type=\"the7_shortcodes-inline-css\">.dt-shortcode-soc-icons a.single-soc-icon-4e4f278c408213ddb82c8b416bc69fdc {\n  min-width: 26px;\n  min-height: 26px;\n  font-size: 16px;\n  border-radius: 100px;\n}\n.dt-shortcode-soc-icons a.single-soc-icon-4e4f278c408213ddb82c8b416bc69fdc:last-child {\n  margin-right: 0;\n}\n.dt-shortcode-soc-icons a.single-soc-icon-4e4f278c408213ddb82c8b416bc69fdc:before,\n.dt-shortcode-soc-icons a.single-soc-icon-4e4f278c408213ddb82c8b416bc69fdc:after {\n  min-width: 26px;\n  min-height: 26px;\n  padding: inherit;\n}\n.dt-shortcode-soc-icons a.single-soc-icon-4e4f278c408213ddb82c8b416bc69fdc.dt-icon-border-on:before {\n  border: 0px solid ;\n}\n.dt-shortcode-soc-icons a.single-soc-icon-4e4f278c408213ddb82c8b416bc69fdc.dt-icon-hover-border-on:after {\n  border: 0px solid ;\n}\n.dt-shortcode-soc-icons a.single-soc-icon-4e4f278c408213ddb82c8b416bc69fdc:hover {\n  font-size: 16px;\n}\n#page .dt-shortcode-soc-icons a.single-soc-icon-4e4f278c408213ddb82c8b416bc69fdc:hover .soc-font-icon,\n#phantom .dt-shortcode-soc-icons a.single-soc-icon-4e4f278c408213ddb82c8b416bc69fdc:hover .soc-font-icon,\n#page .dt-shortcode-soc-icons a.single-soc-icon-4e4f278c408213ddb82c8b416bc69fdc:hover .soc-icon,\n#phantom .dt-shortcode-soc-icons a.single-soc-icon-4e4f278c408213ddb82c8b416bc69fdc:hover .soc-icon {\n  color: rgba(255,255,255,0.75);\n  background: none;\n}\n#page .dt-shortcode-soc-icons a.single-soc-icon-4e4f278c408213ddb82c8b416bc69fdc:not(:hover) .soc-font-icon,\n#phantom .dt-shortcode-soc-icons a.single-soc-icon-4e4f278c408213ddb82c8b416bc69fdc:not(:hover) .soc-font-icon,\n#page .dt-shortcode-soc-icons a.single-soc-icon-4e4f278c408213ddb82c8b416bc69fdc:not(:hover) .soc-icon,\n#phantom .dt-shortcode-soc-icons a.single-soc-icon-4e4f278c408213ddb82c8b416bc69fdc:not(:hover) .soc-icon {\n  color: #ffffff;\n  background: none;\n}\n.dt-shortcode-soc-icons a.single-soc-icon-4e4f278c408213ddb82c8b416bc69fdc .soc-font-icon,\n.dt-shortcode-soc-icons a.single-soc-icon-4e4f278c408213ddb82c8b416bc69fdc .soc-icon {\n  font-size: 16px;\n}<\/style><a title=\"Instagram\" href=\"https:\/\/www.instagram.com\/davidosteopata\/\" class=\"instagram single-soc-icon-4e4f278c408213ddb82c8b416bc69fdc dt-icon-bg-on dt-icon-border-on dt-icon-hover-border-on dt-icon-hover-bg-on\" target=\"_blank\" rel=\"noopener\"><i class=\"soc-icon soc-font-icon dt-icon-instagram\"><\/i><span class=\"screen-reader-text\">Instagram<\/span><\/a><\/div><\/div><\/div><\/div><\/div><div class=\"vc_row wpb_row vc_row-fluid vc_custom_1680169461443\"><div class=\"wpb_column vc_column_container vc_col-sm-12\"><div class=\"vc_column-inner\"><div class=\"wpb_wrapper\">\n\t<div class=\"wpb_text_column wpb_content_element  vc_custom_1680169468507\" >\n\t\t<div class=\"wpb_wrapper\">\n\t\t\t<p><a title=\"Home\" href=\"https:\/\/integrativa.pt\/en\/\"><strong>Integrativa<\/strong><\/a> | Health and well-being as a lifestyle<\/p>\n\n\t\t<\/div>\n\t<\/div>\n\n\t<div class=\"wpb_text_column wpb_content_element  vc_custom_1760628951994\" >\n\t\t<div class=\"wpb_wrapper\">\n\t\t\t<h6>This website and its content are for information purposes only and are not a substitute for medical or health professional advice. Each person's treatment should be individualised and guided by health professionals. Do not make any changes to your treatment without contacting the doctor or health professional accompanying you.<\/h6>\n\n\t\t<\/div>\n\t<\/div>\n<\/div><\/div><\/div><\/div><div class=\"vc_row wpb_row vc_row-fluid\"><div class=\"wpb_column vc_column_container vc_col-sm-12\"><div class=\"vc_column-inner vc_custom_1678987635945\"><div class=\"wpb_wrapper\"><div class=\"vc_separator wpb_content_element vc_separator_align_center vc_sep_border_width_1 vc_sep_pos_align_center wpb_content_element vc_separator-has-text\"   style=\"width: 100%;\"><span class=\"vc_sep_holder vc_sep_holder_l\"><span style=\"border-top-color:#1b9193;\" class=\"vc_sep_line\"><\/span><\/span><h4>Related articles<\/h4><span class=\"vc_sep_holder vc_sep_holder_r\"><span style=\"border-top-color:#1b9193;\" class=\"vc_sep_line\"><\/span><\/span>\n<\/div><style type=\"text\/css\" data-type=\"the7_shortcodes-inline-css\">.blog-carousel-shortcode.blog-carousel-shortcode-id-a3e5f3d35829d2688ce617b30c5cefde.dividers-on.classic-layout-list article {\n  padding-top: 0;\n}\n.blog-carousel-shortcode.blog-carousel-shortcode-id-a3e5f3d35829d2688ce617b30c5cefde.dividers-on.classic-layout-list article:first-of-type {\n  margin-top: 0;\n  padding-top: 0;\n}\n.blog-carousel-shortcode.blog-carousel-shortcode-id-a3e5f3d35829d2688ce617b30c5cefde.classic-layout-list.mode-list .post-entry-content {\n  width: calc(100% - );\n}\n.blog-carousel-shortcode.blog-carousel-shortcode-id-a3e5f3d35829d2688ce617b30c5cefde.classic-layout-list.mode-list .no-img .post-entry-content {\n  width: 100%;\n}\n.blog-carousel-shortcode.blog-carousel-shortcode-id-a3e5f3d35829d2688ce617b30c5cefde .filter-bg-decoration .filter-categories a.act {\n  color: #fff;\n}\n.blog-carousel-shortcode.blog-carousel-shortcode-id-a3e5f3d35829d2688ce617b30c5cefde:not(.mode-masonry) article:first-of-type,\n.blog-carousel-shortcode.blog-carousel-shortcode-id-a3e5f3d35829d2688ce617b30c5cefde:not(.mode-masonry) article.visible.first:not(.product) {\n  margin-top: 0;\n}\n.blog-carousel-shortcode.blog-carousel-shortcode-id-a3e5f3d35829d2688ce617b30c5cefde.dividers-on:not(.mode-masonry) article {\n  margin-top: 0;\n}\n.blog-carousel-shortcode.blog-carousel-shortcode-id-a3e5f3d35829d2688ce617b30c5cefde.dividers-on:not(.mode-masonry) article:first-of-type,\n.blog-carousel-shortcode.blog-carousel-shortcode-id-a3e5f3d35829d2688ce617b30c5cefde.dividers-on:not(.mode-masonry) article.visible.first:not(.product) {\n  margin-top: 0;\n  padding-top: 0;\n}\n.blog-carousel-shortcode.blog-carousel-shortcode-id-a3e5f3d35829d2688ce617b30c5cefde .post-thumbnail-wrap {\n  padding: 0px 0px 0px 0px;\n}\n.blog-carousel-shortcode.blog-carousel-shortcode-id-a3e5f3d35829d2688ce617b30c5cefde.enable-bg-rollover .post-thumbnail-rollover:after {\n  background: -webkit-linear-gradient();\n  background: linear-gradient();\n}\n.blog-carousel-shortcode.blog-carousel-shortcode-id-a3e5f3d35829d2688ce617b30c5cefde .gallery-zoom-ico {\n  width: 44px;\n  height: 44px;\n  line-height: 44px;\n  border-radius: 100px;\n  margin: -22px 0 0 -22px;\n  border-width: 0px;\n  color: #ffffff;\n  background: none;\n}\n.bottom-overlap-layout-list.blog-carousel-shortcode.blog-carousel-shortcode-id-a3e5f3d35829d2688ce617b30c5cefde .gallery-zoom-ico {\n  margin-top: -72px;\n}\n.gradient-overlay-layout-list.blog-carousel-shortcode.blog-carousel-shortcode-id-a3e5f3d35829d2688ce617b30c5cefde .gallery-zoom-ico,\n.content-rollover-layout-list.blog-carousel-shortcode.blog-carousel-shortcode-id-a3e5f3d35829d2688ce617b30c5cefde .gallery-zoom-ico {\n  margin: 0 0 10px;\n}\n.content-align-center.gradient-overlay-layout-list.blog-carousel-shortcode.blog-carousel-shortcode-id-a3e5f3d35829d2688ce617b30c5cefde .gallery-zoom-ico,\n.content-align-center.content-rollover-layout-list.blog-carousel-shortcode.blog-carousel-shortcode-id-a3e5f3d35829d2688ce617b30c5cefde .gallery-zoom-ico {\n  margin: 0 auto 10px;\n}\n.dt-icon-bg-on.blog-carousel-shortcode.blog-carousel-shortcode-id-a3e5f3d35829d2688ce617b30c5cefde .gallery-zoom-ico {\n  background: rgba(255,255,255,0.3);\n  box-shadow: none;\n}\n.blog-carousel-shortcode.blog-carousel-shortcode-id-a3e5f3d35829d2688ce617b30c5cefde .gallery-zoom-ico > span,\n.blog-carousel-shortcode.blog-carousel-shortcode-id-a3e5f3d35829d2688ce617b30c5cefde .gallery-zoom-ico:before {\n  font-size: 32px;\n  line-height: 44px;\n}\n.blog-carousel-shortcode.blog-carousel-shortcode-id-a3e5f3d35829d2688ce617b30c5cefde .gallery-zoom-ico > span,\n.blog-carousel-shortcode.blog-carousel-shortcode-id-a3e5f3d35829d2688ce617b30c5cefde .gallery-zoom-ico:before {\n  color: #ffffff;\n  background: none;\n}\n.blog-carousel-shortcode.blog-carousel-shortcode-id-a3e5f3d35829d2688ce617b30c5cefde .entry-title,\n.blog-carousel-shortcode.blog-carousel-shortcode-id-a3e5f3d35829d2688ce617b30c5cefde.owl-carousel .entry-title {\n  margin-bottom: 5px;\n}\n.blog-carousel-shortcode.blog-carousel-shortcode-id-a3e5f3d35829d2688ce617b30c5cefde .entry-meta {\n  margin-bottom: 15px;\n}\n.blog-carousel-shortcode.blog-carousel-shortcode-id-a3e5f3d35829d2688ce617b30c5cefde .portfolio-categories {\n  margin-bottom: 15px;\n}\n.blog-carousel-shortcode.blog-carousel-shortcode-id-a3e5f3d35829d2688ce617b30c5cefde .entry-excerpt {\n  margin-bottom: 5px;\n}\n.blog-carousel-shortcode.blog-carousel-shortcode-id-a3e5f3d35829d2688ce617b30c5cefde:not(.centered-layout-list) .post-entry-content {\n  padding: 15px 20px 20px 20px;\n}\n.blog-carousel-shortcode.blog-carousel-shortcode-id-a3e5f3d35829d2688ce617b30c5cefde:not(.centered-layout-list):not(.content-bg-on):not(.mode-list) .no-img .post-entry-content {\n  padding: 0;\n}\n@media screen and (max-width: ) {\n  .blog-carousel-shortcode.blog-carousel-shortcode-id-a3e5f3d35829d2688ce617b30c5cefde article {\n    -ms-flex-flow: column nowrap;\n    flex-flow: column nowrap;\n    margin-top: 20px;\n  }\n  .blog-carousel-shortcode.blog-carousel-shortcode-id-a3e5f3d35829d2688ce617b30c5cefde.dividers-on article {\n    border: none;\n  }\n  .blog-carousel-shortcode.blog-carousel-shortcode-id-a3e5f3d35829d2688ce617b30c5cefde.content-bg-on.centered-layout-list article {\n    padding: 0;\n  }\n  .blog-carousel-shortcode.blog-carousel-shortcode-id-a3e5f3d35829d2688ce617b30c5cefde.blog-shortcode.dividers-on article,\n  .blog-carousel-shortcode.blog-carousel-shortcode-id-a3e5f3d35829d2688ce617b30c5cefde.dividers-on.classic-layout-list article {\n    margin-top: 20px;\n    padding: 0;\n  }\n  .blog-carousel-shortcode.blog-carousel-shortcode-id-a3e5f3d35829d2688ce617b30c5cefde.blog-shortcode.dividers-on article:first-of-type,\n  .blog-carousel-shortcode.blog-carousel-shortcode-id-a3e5f3d35829d2688ce617b30c5cefde.dividers-on.classic-layout-list article:first-of-type {\n    padding: 0;\n  }\n  #page .blog-carousel-shortcode.blog-carousel-shortcode-id-a3e5f3d35829d2688ce617b30c5cefde .post-thumbnail-wrap,\n  #page .blog-carousel-shortcode.blog-carousel-shortcode-id-a3e5f3d35829d2688ce617b30c5cefde .post-entry-content {\n    width: 100%;\n    margin: 0;\n    top: 0;\n  }\n  #page .blog-carousel-shortcode.blog-carousel-shortcode-id-a3e5f3d35829d2688ce617b30c5cefde .post-thumbnail-wrap {\n    padding: 0;\n  }\n  #page .blog-carousel-shortcode.blog-carousel-shortcode-id-a3e5f3d35829d2688ce617b30c5cefde .post-entry-content:after {\n    display: none;\n  }\n  #page .blog-carousel-shortcode.blog-carousel-shortcode-id-a3e5f3d35829d2688ce617b30c5cefde .project-even .post-thumbnail-wrap,\n  #page .blog-carousel-shortcode.blog-carousel-shortcode-id-a3e5f3d35829d2688ce617b30c5cefde.centered-layout-list .post-thumbnail-wrap {\n    -ms-flex-order: 0;\n    order: 0;\n  }\n  #page .blog-carousel-shortcode.blog-carousel-shortcode-id-a3e5f3d35829d2688ce617b30c5cefde.centered-layout-list .post-entry-title-content {\n    -ms-flex-order: 1;\n    order: 1;\n    width: 100%;\n    padding: 20px 20px 0;\n  }\n  #page .blog-carousel-shortcode.blog-carousel-shortcode-id-a3e5f3d35829d2688ce617b30c5cefde.centered-layout-list .post-entry-content {\n    -ms-flex-order: 2;\n    order: 2;\n    padding-top: 0;\n  }\n  #page .blog-carousel-shortcode.blog-carousel-shortcode-id-a3e5f3d35829d2688ce617b30c5cefde .fancy-categories {\n    top: 10px;\n    left: 10px;\n    bottom: auto;\n    right: auto;\n  }\n  #page .blog-carousel-shortcode.blog-carousel-shortcode-id-a3e5f3d35829d2688ce617b30c5cefde .fancy-date a {\n    top: 10px;\n    right: 10px;\n    left: auto;\n    bottom: auto;\n  }\n  #page .blog-carousel-shortcode.blog-carousel-shortcode-id-a3e5f3d35829d2688ce617b30c5cefde .post-entry-content {\n    padding: 20px;\n  }\n  #page .blog-carousel-shortcode.blog-carousel-shortcode-id-a3e5f3d35829d2688ce617b30c5cefde .entry-title {\n    margin: 3px 0 5px;\n    font-size: 20px;\n    line-height: 26px;\n  }\n  #page .blog-carousel-shortcode.blog-carousel-shortcode-id-a3e5f3d35829d2688ce617b30c5cefde .entry-meta {\n    margin: 5px 0 5px;\n  }\n  #page .blog-carousel-shortcode.blog-carousel-shortcode-id-a3e5f3d35829d2688ce617b30c5cefde .entry-excerpt {\n    margin: 15px 0 0;\n  }\n  #page .blog-carousel-shortcode.blog-carousel-shortcode-id-a3e5f3d35829d2688ce617b30c5cefde .post-details {\n    margin: 5px 0 10px;\n  }\n  #page .blog-carousel-shortcode.blog-carousel-shortcode-id-a3e5f3d35829d2688ce617b30c5cefde .post-details.details-type-link {\n    margin-bottom: 2px;\n  }\n}\n.blog-carousel-shortcode.blog-carousel-shortcode-id-a3e5f3d35829d2688ce617b30c5cefde.owl-carousel .owl-nav div {\n  width: 36px;\n  height: 36px;\n  border-radius: 500px;\n}\n.dt-arrow-border-on.blog-carousel-shortcode.blog-carousel-shortcode-id-a3e5f3d35829d2688ce617b30c5cefde.owl-carousel .owl-nav div:not(:hover):before {\n  border-width: 0px;\n}\n.dt-arrow-hover-border-on.blog-carousel-shortcode.blog-carousel-shortcode-id-a3e5f3d35829d2688ce617b30c5cefde.owl-carousel .owl-nav div:hover:after {\n  border-width: 0px;\n}\n.blog-carousel-shortcode.blog-carousel-shortcode-id-a3e5f3d35829d2688ce617b30c5cefde.owl-carousel .owl-nav div.owl-prev {\n  top: 50%;\n  transform: translateY(calc(-50% + 0px));\n  left: -43px;\n}\n@media all and (-ms-high-contrast: none) {\n  .blog-carousel-shortcode.blog-carousel-shortcode-id-a3e5f3d35829d2688ce617b30c5cefde.owl-carousel .owl-nav div.owl-prev {\n    transform: translateY(-50%);\n    margin-top: 0px;\n  }\n}\n.blog-carousel-shortcode.blog-carousel-shortcode-id-a3e5f3d35829d2688ce617b30c5cefde.owl-carousel .owl-nav div.owl-prev i {\n  padding: 0px 0px 0px 0px;\n}\n.blog-carousel-shortcode.blog-carousel-shortcode-id-a3e5f3d35829d2688ce617b30c5cefde.owl-carousel .owl-nav div.owl-next {\n  top: 50%;\n  transform: translateY(calc(-50% + 0px));\n  right: -43px;\n}\n@media all and (-ms-high-contrast: none) {\n  .blog-carousel-shortcode.blog-carousel-shortcode-id-a3e5f3d35829d2688ce617b30c5cefde.owl-carousel .owl-nav div.owl-next {\n    transform: translateY(-50%);\n    margin-top: 0px;\n  }\n}\n.blog-carousel-shortcode.blog-carousel-shortcode-id-a3e5f3d35829d2688ce617b30c5cefde.owl-carousel .owl-nav div.owl-next i {\n  padding: 0px 0px 0px 0px;\n}\n.blog-carousel-shortcode.blog-carousel-shortcode-id-a3e5f3d35829d2688ce617b30c5cefde.owl-carousel .owl-nav i {\n  font-size: 18px;\n}\n.blog-carousel-shortcode.blog-carousel-shortcode-id-a3e5f3d35829d2688ce617b30c5cefde.owl-carousel .owl-nav div:not(:hover) i,\n.blog-carousel-shortcode.blog-carousel-shortcode-id-a3e5f3d35829d2688ce617b30c5cefde.owl-carousel .owl-nav div:not(:hover) i:before {\n  color: #ffffff;\n  background: none;\n}\n.blog-carousel-shortcode.blog-carousel-shortcode-id-a3e5f3d35829d2688ce617b30c5cefde.owl-carousel .owl-nav div:hover i,\n.blog-carousel-shortcode.blog-carousel-shortcode-id-a3e5f3d35829d2688ce617b30c5cefde.owl-carousel .owl-nav div:hover i:before {\n  color: rgba(255,255,255,0.75);\n  background: none;\n}\n.blog-carousel-shortcode.blog-carousel-shortcode-id-a3e5f3d35829d2688ce617b30c5cefde .owl-dots {\n  top: calc(100% + 20px);\n  left: 50%;\n  transform: translateX(calc(-50% + 0px));\n}\n@media all and (-ms-high-contrast: none) {\n  .blog-carousel-shortcode.blog-carousel-shortcode-id-a3e5f3d35829d2688ce617b30c5cefde .owl-dots {\n    transform: translateX(-50%);\n    margin-left: 0px;\n  }\n}\n.blog-carousel-shortcode.blog-carousel-shortcode-id-a3e5f3d35829d2688ce617b30c5cefde .owl-dot {\n  width: 10px;\n  height: 10px;\n  margin: 0 8px;\n}\n@media screen and (max-width: 778px) {\n  .blog-carousel-shortcode.blog-carousel-shortcode-id-a3e5f3d35829d2688ce617b30c5cefde.hide-arrows .owl-nav a {\n    display: none;\n  }\n}\n@media screen and (max-width: 778px) {\n  .blog-carousel-shortcode.blog-carousel-shortcode-id-a3e5f3d35829d2688ce617b30c5cefde.reposition-arrows .owl-nav div.owl-prev {\n    top: 50%;\n    transform: translateY(calc(-50% + 0px));\n    left: 10px;\n  }\n  .blog-carousel-shortcode.blog-carousel-shortcode-id-a3e5f3d35829d2688ce617b30c5cefde.reposition-arrows .owl-nav div.owl-next {\n    top: 50%;\n    transform: translateY(calc(-50% + 0px));\n    right: 10px;\n  }\n}\n@media screen and (max-width: 778px) and all and (-ms-high-contrast: none) {\n  .blog-carousel-shortcode.blog-carousel-shortcode-id-a3e5f3d35829d2688ce617b30c5cefde.reposition-arrows .owl-nav div.owl-prev {\n    transform: translateY(-50%);\n    margin-top: 0px;\n  }\n}\n@media screen and (max-width: 778px) and all and (-ms-high-contrast: none) {\n  .blog-carousel-shortcode.blog-carousel-shortcode-id-a3e5f3d35829d2688ce617b30c5cefde.reposition-arrows .owl-nav div.owl-next {\n    transform: translateY(-50%);\n    margin-top: 0px;\n  }\n}<\/style><div class=\"owl-carousel blog-carousel-shortcode dt-owl-carousel-call blog-carousel-shortcode-id-a3e5f3d35829d2688ce617b30c5cefde classic-layout-list scale-img dt-icon-bg-off dt-arrow-border-on dt-arrow-hover-border-on meta-info-off bullets-small-dot-stroke reposition-arrows arrows-bg-on disable-arrows-hover-bg arrows-hover-bg-on\" data-scroll-mode=\"1\" data-col-num=\"3\" data-wide-col-num=\"4\" data-laptop-col=\"3\" data-h-tablet-columns-num=\"3\" data-v-tablet-columns-num=\"2\" data-phone-columns-num=\"1\" data-auto-height=\"true\" data-col-gap=\"30\" data-stage-padding=\"0\" data-speed=\"600\" data-autoplay=\"false\" data-autoplay_speed=\"6000\" data-arrows=\"true\" data-bullet=\"false\" data-next-icon=\"icon-ar-017-r\" data-prev-icon=\"icon-ar-017-l\"><article class=\"post post-3043 type-post status-publish format-standard has-post-thumbnail hentry category-atm category-dores-de-cabeca category-fisioterapia category-osteopata-david-brandao category-osteopatia-craniana tag-fisioterapia tag-osteopatia tag-pilates-clinico category-41 category-52 category-6 category-33 category-42 description-off\" data-name=\"Disfun\u00e7\u00e3o Temporomandibular (ATM): h\u00e1bitos saud\u00e1veis que complementam o tratamento em Fisioterapia\" data-date=\"2024-02-12T15:14:30+00:00\">\n\n<div class=\"post-thumbnail-wrap\">\n\t<div class=\"post-thumbnail\">\n\t\t\n\t\t\n\t\t<a href=\"https:\/\/integrativa.pt\/en\/disfuncao-temporomandibular-habitos-saudaveis-que-complementam-o-tratamento-em-fisioterapia\/\" class=\"post-thumbnail-rollover layzr-bg\"><img fetchpriority=\"high\" decoding=\"async\" class=\"preload-me owl-lazy-load aspect\" src=\"data:image\/svg+xml,%3Csvg%20xmlns%3D&#39;http%3A%2F%2Fwww.w3.org%2F2000%2Fsvg&#39;%20viewBox%3D&#39;0%200%20768%20512&#39;%2F%3E\" data-src=\"https:\/\/integrativa.pt\/wp-content\/uploads\/2025\/10\/ATM-Integrativa-Fisioterapia-Osteopatia-3-768x512.webp\" data-srcset=\"https:\/\/integrativa.pt\/wp-content\/uploads\/2025\/10\/ATM-Integrativa-Fisioterapia-Osteopatia-3-768x512.webp 768w, https:\/\/integrativa.pt\/wp-content\/uploads\/2025\/10\/ATM-Integrativa-Fisioterapia-Osteopatia-3-1152x768.webp 1152w\" loading=\"eager\" style=\"--ratio: 768 \/ 512\" sizes=\"(max-width: 768px) 100vw, 768px\" alt=\"\" title=\"Integrative ATM Physiotherapy Osteopathy\" width=\"768\" height=\"512\"  \/><\/a>\t<\/div>\n<\/div>\n\n\n<div class=\"post-entry-content\">\n\n\t<h3 class=\"entry-title\">\n\t\t<a href=\"https:\/\/integrativa.pt\/en\/disfuncao-temporomandibular-habitos-saudaveis-que-complementam-o-tratamento-em-fisioterapia\/\" title=\"Temporomandibular dysfunction (TMJ): healthy habits that complement physiotherapy treatment\" rel=\"bookmark\">Temporomandibular dysfunction (TMJ): healthy habits that complement physiotherapy treatment<\/a>\n\t<\/h3>\n\n\t\n\t\n\t\n<a href=\"https:\/\/integrativa.pt\/en\/disfuncao-temporomandibular-habitos-saudaveis-que-complementam-o-tratamento-em-fisioterapia\/\" class=\"post-details details-type-link\" aria-label=\"Read more about Temporomandibular dysfunction (TMJ): healthy habits that complement physiotherapy treatment\">Read more<i class=\"dt-icon-the7-arrow-03\" aria-hidden=\"true\"><\/i><\/a>\n\n<\/div><\/article><article class=\"post post-1924 type-post status-publish format-standard has-post-thumbnail hentry category-4-pilares-da-saude category-osteopata-david-brandao category-osteopatia-integrativa-osteopatia category-psiconeuroimunologia category-sono tag-fisioterapia tag-osteopatia tag-pilates-clinico category-35 category-33 category-34 category-48 category-36 description-off\" data-name=\"Biorritmo: seguir o rel\u00f3gio biol\u00f3gico\" data-date=\"2023-02-13T14:11:16+00:00\">\n\n<div class=\"post-thumbnail-wrap\">\n\t<div class=\"post-thumbnail\">\n\t\t\n\t\t\n\t\t<a href=\"https:\/\/integrativa.pt\/en\/biorritmo-seguir-o-relogio-biologico\/\" class=\"post-thumbnail-rollover layzr-bg\"><img decoding=\"async\" class=\"preload-me owl-lazy-load aspect\" src=\"data:image\/svg+xml,%3Csvg%20xmlns%3D&#39;http%3A%2F%2Fwww.w3.org%2F2000%2Fsvg&#39;%20viewBox%3D&#39;0%200%20768%20512&#39;%2F%3E\" data-src=\"https:\/\/integrativa.pt\/wp-content\/uploads\/2023\/02\/Biorritmo-Ritmo-Circadiano-768x512.webp\" data-srcset=\"https:\/\/integrativa.pt\/wp-content\/uploads\/2023\/02\/Biorritmo-Ritmo-Circadiano-768x512.webp 768w, https:\/\/integrativa.pt\/wp-content\/uploads\/2023\/02\/Biorritmo-Ritmo-Circadiano-1152x768.webp 1152w\" loading=\"eager\" style=\"--ratio: 768 \/ 512\" sizes=\"(max-width: 768px) 100vw, 768px\" alt=\"\" title=\"Biorhythms Circadian Rhythm\" width=\"768\" height=\"512\"  \/><\/a>\t<\/div>\n<\/div>\n\n\n<div class=\"post-entry-content\">\n\n\t<h3 class=\"entry-title\">\n\t\t<a href=\"https:\/\/integrativa.pt\/en\/biorritmo-seguir-o-relogio-biologico\/\" title=\"Biorhythms: following the biological clock\" rel=\"bookmark\">Biorhythms: following the biological clock<\/a>\n\t<\/h3>\n\n\t\n\t\n\t\n<a href=\"https:\/\/integrativa.pt\/en\/biorritmo-seguir-o-relogio-biologico\/\" class=\"post-details details-type-link\" aria-label=\"Read more about Biorritmo: following your biological clock\">Read more<i class=\"dt-icon-the7-arrow-03\" aria-hidden=\"true\"><\/i><\/a>\n\n<\/div><\/article><article class=\"post post-3512 type-post status-publish format-standard has-post-thumbnail hentry category-osteopatia category-atm category-dores-de-cabeca category-osteopata-david-brandao category-osteopatia-craniana tag-fisioterapia tag-osteopatia tag-pilates-clinico category-17 category-41 category-52 category-33 category-42 description-off\" data-name=\"Osteopatia na Articula\u00e7\u00e3o Temporomandibular (ATM) e Dor Orofacial\" data-date=\"2024-06-22T13:00:37+00:00\">\n\n<div class=\"post-thumbnail-wrap\">\n\t<div class=\"post-thumbnail\">\n\t\t\n\t\t\n\t\t<a href=\"https:\/\/integrativa.pt\/en\/osteopatia-na-articulacao-temporomandibular-atm-e-dor-orofacial\/\" class=\"post-thumbnail-rollover layzr-bg\"><img decoding=\"async\" class=\"preload-me owl-lazy-load aspect\" src=\"data:image\/svg+xml,%3Csvg%20xmlns%3D&#39;http%3A%2F%2Fwww.w3.org%2F2000%2Fsvg&#39;%20viewBox%3D&#39;0%200%20768%20512&#39;%2F%3E\" data-src=\"https:\/\/integrativa.pt\/wp-content\/uploads\/2024\/06\/ATM-Fisioterapia-Osteopatia-Bruxismo-Osteopatia-768x512.webp\" data-srcset=\"https:\/\/integrativa.pt\/wp-content\/uploads\/2024\/06\/ATM-Fisioterapia-Osteopatia-Bruxismo-Osteopatia-768x512.webp 768w, https:\/\/integrativa.pt\/wp-content\/uploads\/2024\/06\/ATM-Fisioterapia-Osteopatia-Bruxismo-Osteopatia-1152x768.webp 1152w\" loading=\"eager\" style=\"--ratio: 768 \/ 512\" sizes=\"(max-width: 768px) 100vw, 768px\" alt=\"\" title=\"TMJ Physiotherapy Osteopathy Bruxism Osteopathy\" width=\"768\" height=\"512\"  \/><\/a>\t<\/div>\n<\/div>\n\n\n<div class=\"post-entry-content\">\n\n\t<h3 class=\"entry-title\">\n\t\t<a href=\"https:\/\/integrativa.pt\/en\/osteopatia-na-articulacao-temporomandibular-atm-e-dor-orofacial\/\" title=\"Osteopathy in the Temporomandibular Joint (TMJ) and Orofacial Pain\" rel=\"bookmark\">Osteopathy in the Temporomandibular Joint (TMJ) and Orofacial Pain<\/a>\n\t<\/h3>\n\n\t\n\t\n\t\n<a href=\"https:\/\/integrativa.pt\/en\/osteopatia-na-articulacao-temporomandibular-atm-e-dor-orofacial\/\" class=\"post-details details-type-link\" aria-label=\"Read more about Osteopathy for the Temporomandibular Joint (TMJ) and Orofacial Pain\">Read more<i class=\"dt-icon-the7-arrow-03\" aria-hidden=\"true\"><\/i><\/a>\n\n<\/div><\/article><article class=\"post post-4869 type-post status-publish format-standard has-post-thumbnail hentry category-osteopata-david-brandao category-osteopatia-integrativa category-psiconeuroimunologia tag-fisioterapia tag-osteopatia tag-pilates-clinico category-33 category-32 category-48 description-off\" data-name=\"Movimento \u00e9 Medicina: o exerc\u00edcio f\u00edsico como regulador do metabolismo e do sistema Imunit\u00e1rio\" data-date=\"2025-10-15T08:49:12+00:00\">\n\n<div class=\"post-thumbnail-wrap\">\n\t<div class=\"post-thumbnail\">\n\t\t\n\t\t\n\t\t<a href=\"https:\/\/integrativa.pt\/en\/movimento-e-medicina-o-exercicio-fisico-como-regulador-do-metabolismo-e-do-sistema-imunitario\/\" class=\"post-thumbnail-rollover layzr-bg\"><img decoding=\"async\" class=\"preload-me owl-lazy-load aspect\" src=\"data:image\/svg+xml,%3Csvg%20xmlns%3D&#39;http%3A%2F%2Fwww.w3.org%2F2000%2Fsvg&#39;%20viewBox%3D&#39;0%200%20768%20512&#39;%2F%3E\" data-src=\"https:\/\/integrativa.pt\/wp-content\/uploads\/2025\/10\/Pilates-clinico-Lisboa-2-768x512.webp\" data-srcset=\"https:\/\/integrativa.pt\/wp-content\/uploads\/2025\/10\/Pilates-clinico-Lisboa-2-768x512.webp 768w, https:\/\/integrativa.pt\/wp-content\/uploads\/2025\/10\/Pilates-clinico-Lisboa-2-1152x768.webp 1152w\" loading=\"eager\" style=\"--ratio: 768 \/ 512\" sizes=\"(max-width: 768px) 100vw, 768px\" alt=\"\" title=\"Clinical Pilates Lisbon\" width=\"768\" height=\"512\"  \/><\/a>\t<\/div>\n<\/div>\n\n\n<div class=\"post-entry-content\">\n\n\t<h3 class=\"entry-title\">\n\t\t<a href=\"https:\/\/integrativa.pt\/en\/movimento-e-medicina-o-exercicio-fisico-como-regulador-do-metabolismo-e-do-sistema-imunitario\/\" title=\"Movement is Medicine: physical exercise as a regulator of metabolism and the immune system\" rel=\"bookmark\">Movement is Medicine: physical exercise as a regulator of metabolism and the immune system<\/a>\n\t<\/h3>\n\n\t\n\t\n\t\n<a href=\"https:\/\/integrativa.pt\/en\/movimento-e-medicina-o-exercicio-fisico-como-regulador-do-metabolismo-e-do-sistema-imunitario\/\" class=\"post-details details-type-link\" aria-label=\"Read more about Movement is Medicine: physical exercise as a regulator of metabolism and the immune system\">Read more<i class=\"dt-icon-the7-arrow-03\" aria-hidden=\"true\"><\/i><\/a>\n\n<\/div><\/article><article class=\"post post-3662 type-post status-publish format-standard has-post-thumbnail hentry category-nervo-vago category-osteopata-david-brandao category-osteopatia-integrativa category-osteopatia-visceral category-psiconeuroimunologia tag-fisioterapia tag-osteopatia tag-pilates-clinico category-58 category-33 category-32 category-31 category-48 description-off\" data-name=\"Osteopatia Visceral e o Nervo Vago: ativar o sistema nervoso parassimp\u00e1tico\" data-date=\"2025-01-12T10:10:10+00:00\">\n\n<div class=\"post-thumbnail-wrap\">\n\t<div class=\"post-thumbnail\">\n\t\t\n\t\t\n\t\t<a href=\"https:\/\/integrativa.pt\/en\/osteopatia-visceral-e-o-nervo-vago-ativar-o-sistema-nervoso-parassimpatico\/\" class=\"post-thumbnail-rollover layzr-bg\"><img decoding=\"async\" class=\"preload-me owl-lazy-load aspect\" src=\"data:image\/svg+xml,%3Csvg%20xmlns%3D&#39;http%3A%2F%2Fwww.w3.org%2F2000%2Fsvg&#39;%20viewBox%3D&#39;0%200%20768%20512&#39;%2F%3E\" data-src=\"https:\/\/integrativa.pt\/wp-content\/uploads\/2025\/01\/Osteopatia-Visceral-Integrativa-768x512.webp\" data-srcset=\"https:\/\/integrativa.pt\/wp-content\/uploads\/2025\/01\/Osteopatia-Visceral-Integrativa-768x512.webp 768w, https:\/\/integrativa.pt\/wp-content\/uploads\/2025\/01\/Osteopatia-Visceral-Integrativa-1152x768.webp 1152w\" loading=\"eager\" style=\"--ratio: 768 \/ 512\" sizes=\"(max-width: 768px) 100vw, 768px\" alt=\"\" title=\"Integrative Visceral Osteopathy\" width=\"768\" height=\"512\"  \/><\/a>\t<\/div>\n<\/div>\n\n\n<div class=\"post-entry-content\">\n\n\t<h3 class=\"entry-title\">\n\t\t<a href=\"https:\/\/integrativa.pt\/en\/osteopatia-visceral-e-o-nervo-vago-ativar-o-sistema-nervoso-parassimpatico\/\" title=\"Visceral osteopathy and the vagus nerve: activating the parasympathetic nervous system\" rel=\"bookmark\">Visceral osteopathy and the vagus nerve: activating the parasympathetic nervous system<\/a>\n\t<\/h3>\n\n\t\n\t\n\t\n<a href=\"https:\/\/integrativa.pt\/en\/osteopatia-visceral-e-o-nervo-vago-ativar-o-sistema-nervoso-parassimpatico\/\" class=\"post-details details-type-link\" aria-label=\"Read more about Visceral Osteopathy and the Vagus Nerve: activating the parasympathetic nervous system\">Read more<i class=\"dt-icon-the7-arrow-03\" aria-hidden=\"true\"><\/i><\/a>\n\n<\/div><\/article><article class=\"post post-7363 type-post status-publish format-standard has-post-thumbnail hentry category-osteopatia category-osteopata-david-brandao category-osteopatia-craniana category-osteopatia-integrativa tag-fisioterapia tag-osteopatia tag-pilates-clinico category-17 category-33 category-42 category-32 description-off\" data-name=\"Dorm\u00eancia nos bra\u00e7os: o que pode significar e quando deve ser valorizada\" data-date=\"2026-06-03T10:58:27+00:00\">\n\n<div class=\"post-thumbnail-wrap\">\n\t<div class=\"post-thumbnail\">\n\t\t\n\t\t\n\t\t<a href=\"https:\/\/integrativa.pt\/en\/dormencia-nos-bracos-o-que-pode-significar-e-quando-deve-ser-valorizada\/\" class=\"post-thumbnail-rollover layzr-bg\"><img decoding=\"async\" class=\"preload-me owl-lazy-load aspect\" src=\"data:image\/svg+xml,%3Csvg%20xmlns%3D&#39;http%3A%2F%2Fwww.w3.org%2F2000%2Fsvg&#39;%20viewBox%3D&#39;0%200%20768%20512&#39;%2F%3E\" data-src=\"https:\/\/integrativa.pt\/wp-content\/uploads\/2025\/10\/Fisioterapia-Belem-Lisboa-1-768x512.webp\" data-srcset=\"https:\/\/integrativa.pt\/wp-content\/uploads\/2025\/10\/Fisioterapia-Belem-Lisboa-1-768x512.webp 768w, https:\/\/integrativa.pt\/wp-content\/uploads\/2025\/10\/Fisioterapia-Belem-Lisboa-1-1152x768.webp 1152w\" loading=\"eager\" style=\"--ratio: 768 \/ 512\" sizes=\"(max-width: 768px) 100vw, 768px\" alt=\"\" title=\"Physiotherapy Bel\u00e9m Lisbon\" width=\"768\" height=\"512\"  \/><\/a>\t<\/div>\n<\/div>\n\n\n<div class=\"post-entry-content\">\n\n\t<h3 class=\"entry-title\">\n\t\t<a href=\"https:\/\/integrativa.pt\/en\/dormencia-nos-bracos-o-que-pode-significar-e-quando-deve-ser-valorizada\/\" title=\"Numbness in the arms: what it can signify and when it should be taken seriously\" rel=\"bookmark\">Numbness in the arms: what it can signify and when it should be taken seriously<\/a>\n\t<\/h3>\n\n\t\n\t\n\t\n<a href=\"https:\/\/integrativa.pt\/en\/dormencia-nos-bracos-o-que-pode-significar-e-quando-deve-ser-valorizada\/\" class=\"post-details details-type-link\" aria-label=\"Read more about Numbness in the arms: what it could mean and when to take it seriously\">Read more<i class=\"dt-icon-the7-arrow-03\" aria-hidden=\"true\"><\/i><\/a>\n\n<\/div><\/article><\/div><\/div><\/div><\/div><\/div>\n<\/div>","protected":false},"excerpt":{"rendered":"<p>The use of electronic devices is part of most people's daily lives. Computers, smartphones and tablets are often used until very close to bedtime, which raises clinically relevant questions about the impact of the blue light emitted by these screens on sleep organisation. Understanding these effects is essential to...<\/p>","protected":false},"author":1,"featured_media":4861,"comment_status":"closed","ping_status":"open","sticky":false,"template":"","format":"standard","meta":{"inline_featured_image":false,"footnotes":""},"categories":[35,33,34,32,48,36,37],"tags":[4,27,8],"class_list":["post-3542","post","type-post","status-publish","format-standard","has-post-thumbnail","hentry","category-4-pilares-da-saude","category-osteopata-david-brandao","category-osteopatia-integrativa-osteopatia","category-osteopatia-integrativa","category-psiconeuroimunologia","category-sono","category-sono-4-pilares-da-saude","tag-fisioterapia","tag-osteopatia","tag-pilates-clinico","category-35","category-33","category-34","category-32","category-48","category-36","category-37","description-off"],"_links":{"self":[{"href":"https:\/\/integrativa.pt\/en\/wp-json\/wp\/v2\/posts\/3542","targetHints":{"allow":["GET"]}}],"collection":[{"href":"https:\/\/integrativa.pt\/en\/wp-json\/wp\/v2\/posts"}],"about":[{"href":"https:\/\/integrativa.pt\/en\/wp-json\/wp\/v2\/types\/post"}],"author":[{"embeddable":true,"href":"https:\/\/integrativa.pt\/en\/wp-json\/wp\/v2\/users\/1"}],"replies":[{"embeddable":true,"href":"https:\/\/integrativa.pt\/en\/wp-json\/wp\/v2\/comments?post=3542"}],"version-history":[{"count":0,"href":"https:\/\/integrativa.pt\/en\/wp-json\/wp\/v2\/posts\/3542\/revisions"}],"wp:featuredmedia":[{"embeddable":true,"href":"https:\/\/integrativa.pt\/en\/wp-json\/wp\/v2\/media\/4861"}],"wp:attachment":[{"href":"https:\/\/integrativa.pt\/en\/wp-json\/wp\/v2\/media?parent=3542"}],"wp:term":[{"taxonomy":"category","embeddable":true,"href":"https:\/\/integrativa.pt\/en\/wp-json\/wp\/v2\/categories?post=3542"},{"taxonomy":"post_tag","embeddable":true,"href":"https:\/\/integrativa.pt\/en\/wp-json\/wp\/v2\/tags?post=3542"}],"curies":[{"name":"wp","href":"https:\/\/api.w.org\/{rel}","templated":true}]}}