{"id":3710,"date":"2025-02-20T17:27:43","date_gmt":"2025-02-20T17:27:43","guid":{"rendered":"https:\/\/integrativa.pt\/?p=3710"},"modified":"2026-01-26T18:45:48","modified_gmt":"2026-01-26T18:45:48","slug":"epigenetics-the-influence-of-the-environment-on-health-regulation-from-a-psychoneuroimmunological-perspective","status":"publish","type":"post","link":"https:\/\/integrativa.pt\/en\/epigenetica-a-influencia-do-ambiente-na-regulacao-da-saude-a-visao-da-psiconeuroimunologia\/","title":{"rendered":"Epigenetics: the influence of the environment on health regulation, the view from Psychoneuroimmunology"},"content":{"rendered":"<div class=\"wpb-content-wrapper\" id=\"wpb-content-root\"><div class=\"vc_row wpb_row vc_row-fluid\"><div class=\"wpb_column vc_column_container vc_col-sm-12\"><div class=\"vc_column-inner\"><div class=\"wpb_wrapper\">\n\t<div class=\"wpb_text_column wpb_content_element\" >\n\t\t<div class=\"wpb_wrapper\">\n\t\t\t<p>Scientific research has shown that genetic information does not act in isolation, nor does it determine health trajectories throughout life in a linear fashion. Epigenetics, a field that studies the biochemical mechanisms that regulate gene expression without altering the DNA sequence, contributes to a more dynamic understanding of human biology by highlighting the continuous interaction between genetic, environmental and behavioural factors.<\/p>\n<p data-start=\"745\" data-end=\"1130\">In this context, genetic predisposition can be understood as a set of biological possibilities whose expression is modulated by multiple variables over time. Food, <em>stress,<\/em> sleep, environmental exposure and physical activity influence cellular processes that regulate which genes tend to be more or less expressed in certain physiological contexts.<\/p>\n<p data-start=\"1132\" data-end=\"1518\">A metaphor often used to clarify this concept describes genes as light bulbs in a space, while the organism's internal and external environment acts as a system of switches that condition their activation or inhibition. This perspective does not eliminate the role of genetics, but broadens the understanding of the factors that contribute to individual variability in health.<\/p>\n<h4 data-start=\"1520\" data-end=\"1566\">The role of epigenetics in metabolic health<\/h4>\n<p data-start=\"1568\" data-end=\"2005\">For decades, conditions such as obesity, type 2 diabetes, changes in lipid profile and cardiovascular disease have been interpreted predominantly as direct consequences of genetic inheritance or ageing. Research into epigenetics has shown that these conditions result from complex interactions between genetic predisposition and environmental factors, with an impact on metabolic, inflammatory and hormonal regulation.<\/p>\n<p data-start=\"2007\" data-end=\"2387\">Epigenetic mechanisms, such as DNA methylation or histone modifications, influence the expression of genes involved in energy metabolism, the immune response and low-grade inflammation. These changes largely reflect the body's cumulative exposure to certain stimuli over time, without implying determinism or irreversibility.<\/p>\n<h4 data-start=\"2389\" data-end=\"2443\">Factors associated with modulating gene expression<\/h4>\n<ul>\n<li data-start=\"2445\" data-end=\"2831\"><u>Food<\/u>: Dietary patterns based on low-processed, nutrient-dense foods are associated with a more stable metabolic environment. Certain nutrients and bioactive compounds, such as polyphenols or omega-3 fatty acids, have been studied for their potential role in modulating epigenetic pathways related to inflammation and the <em>stress<\/em> oxidation.<\/li>\n<li data-start=\"2833\" data-end=\"3203\"><u>Emotional health and <em>stress<\/em><\/u><em>:<\/em> Prolonged exposure to stress can influence gene expression through neuroendocrine mechanisms, affecting metabolic and immune regulation. Emotional regulation and stress reduction strategies <em>stress<\/em> have been associated with measurable changes in biological markers, although their effects depend on the individual context.<\/li>\n<li data-start=\"3205\" data-end=\"3551\"><u>Exposure to environmental factors<\/u>Pollutants, pesticides, heavy metals and certain chemical substances can interfere with epigenetic processes, contributing to inflammatory and metabolic imbalances. The accumulated environmental load is a relevant element in clinical assessment, especially in contexts of chronic exposure.<\/li>\n<li data-start=\"3553\" data-end=\"3894\"><u>Sleep and circadian rhythm<\/u>: The quality and regularity of sleep influence the expression of genes involved in metabolic homeostasis, immune function and cell repair mechanisms. Dysregulation of the circadian rhythm has been associated with an increased risk of metabolic alterations, without there being a simple or unique causal relationship.<\/li>\n<li data-start=\"3896\" data-end=\"4227\"><u>Physical exercise<\/u>: Regular physical activity is associated with epigenetic changes related to improved insulin sensitivity, mitochondrial function and inflammatory regulation. These effects vary depending on the intensity, frequency and suitability of the exercise to individual characteristics.<\/li>\n<\/ul>\n<h4 data-start=\"4229\" data-end=\"4286\">Understanding epigenetics from an integrative perspective<\/h4>\n<p data-start=\"4288\" data-end=\"4723\">Epigenetics offers a conceptual framework that reinforces the importance of prevention and contextualised clinical assessment, without reducing health to an exclusively genetic or behavioural logic. Metabolic alterations can be interpreted as adaptive responses of the organism to certain internal and external contexts, opening up space for clinical approaches that integrate multiple dimensions of human physiology.<\/p>\n<p data-start=\"4725\" data-end=\"5203\">Clinical Psychoneuroimmunology frames this knowledge by studying the interaction between the nervous, endocrine and immune systems, allowing for a more comprehensive assessment of the factors that influence gene expression. Within the scope of Integrative Osteopathy, this approach translates into a clinical assessment that takes into account diet, sleep and circadian rhythm, physical activity and emotional health, always in line with the available scientific evidence.<\/p>\n<p data-start=\"5205\" data-end=\"5463\" data-is-last-node=\"\" data-is-only-node=\"\">Understanding epigenetics in this way contributes to a vision of health as a dynamic and adaptive process, sustained by the continuous interaction between biology, environment and lifestyle, without resorting to oversimplifications or absolute statements.<\/p>\n\n\t\t<\/div>\n\t<\/div>\n<\/div><\/div><\/div><\/div><div class=\"vc_row wpb_row vc_row-fluid vc_custom_1680169461443\"><div class=\"wpb_column vc_column_container vc_col-sm-12\"><div class=\"vc_column-inner\"><div class=\"wpb_wrapper\">\n\t<div class=\"wpb_text_column wpb_content_element  vc_custom_1760628837336\" >\n\t\t<div class=\"wpb_wrapper\">\n\t\t\t<p style=\"text-align: right;\"><a title=\"Osteopath - Physiotherapist David Brand\u00e3o\" href=\"https:\/\/integrativa.pt\/en\/osteopata-fisioterapeuta-david-brandao\/\"><strong>David Brand\u00e3o<\/strong> <\/a>| Osteopath and Physiotherapist<\/p>\n<p style=\"text-align: right;\">Specialised in Clinical Psychoneuroimmunology<\/p>\n<h6 style=\"text-align: right;\">Physiotherapist Card: 3652 | Order of Physiotherapists \/\/ Osteopath Card: C-0031697 | ACSS<\/h6>\n\n\t\t<\/div>\n\t<\/div>\n<style type=\"text\/css\" data-type=\"the7_shortcodes-inline-css\">.dt-shortcode-soc-icons.soc-icons-d45686d09a63baba6497efe6c6ad3c1e a {\n  margin-right: 4px;\n}\n.dt-shortcode-soc-icons a.soc-icons-d45686d09a63baba6497efe6c6ad3c1e {\n  margin-right: 4px;\n}\n.dt-shortcode-soc-icons a.soc-icons-d45686d09a63baba6497efe6c6ad3c1e:last-child {\n  margin-right: 0;\n}\n.dt-shortcode-soc-icons a.soc-icons-d45686d09a63baba6497efe6c6ad3c1e:before,\n.dt-shortcode-soc-icons a.soc-icons-d45686d09a63baba6497efe6c6ad3c1e:after {\n  padding: inherit;\n}\n.dt-shortcode-soc-icons a.soc-icons-d45686d09a63baba6497efe6c6ad3c1e.dt-icon-border-on:before {\n  border:  solid ;\n}\n.dt-shortcode-soc-icons a.soc-icons-d45686d09a63baba6497efe6c6ad3c1e.dt-icon-hover-border-on:after {\n  border:  solid ;\n}<\/style><div class=\"dt-shortcode-soc-icons  soc-icons-d45686d09a63baba6497efe6c6ad3c1e soc-icons-right\" ><style type=\"text\/css\" data-type=\"the7_shortcodes-inline-css\">.dt-shortcode-soc-icons a.single-soc-icon-4e4f278c408213ddb82c8b416bc69fdc {\n  min-width: 26px;\n  min-height: 26px;\n  font-size: 16px;\n  border-radius: 100px;\n}\n.dt-shortcode-soc-icons a.single-soc-icon-4e4f278c408213ddb82c8b416bc69fdc:last-child {\n  margin-right: 0;\n}\n.dt-shortcode-soc-icons a.single-soc-icon-4e4f278c408213ddb82c8b416bc69fdc:before,\n.dt-shortcode-soc-icons a.single-soc-icon-4e4f278c408213ddb82c8b416bc69fdc:after {\n  min-width: 26px;\n  min-height: 26px;\n  padding: inherit;\n}\n.dt-shortcode-soc-icons a.single-soc-icon-4e4f278c408213ddb82c8b416bc69fdc.dt-icon-border-on:before {\n  border: 0px solid ;\n}\n.dt-shortcode-soc-icons a.single-soc-icon-4e4f278c408213ddb82c8b416bc69fdc.dt-icon-hover-border-on:after {\n  border: 0px solid ;\n}\n.dt-shortcode-soc-icons a.single-soc-icon-4e4f278c408213ddb82c8b416bc69fdc:hover {\n  font-size: 16px;\n}\n#page .dt-shortcode-soc-icons a.single-soc-icon-4e4f278c408213ddb82c8b416bc69fdc:hover .soc-font-icon,\n#phantom .dt-shortcode-soc-icons a.single-soc-icon-4e4f278c408213ddb82c8b416bc69fdc:hover .soc-font-icon,\n#page .dt-shortcode-soc-icons a.single-soc-icon-4e4f278c408213ddb82c8b416bc69fdc:hover .soc-icon,\n#phantom .dt-shortcode-soc-icons a.single-soc-icon-4e4f278c408213ddb82c8b416bc69fdc:hover .soc-icon {\n  color: rgba(255,255,255,0.75);\n  background: none;\n}\n#page .dt-shortcode-soc-icons a.single-soc-icon-4e4f278c408213ddb82c8b416bc69fdc:not(:hover) .soc-font-icon,\n#phantom .dt-shortcode-soc-icons a.single-soc-icon-4e4f278c408213ddb82c8b416bc69fdc:not(:hover) .soc-font-icon,\n#page .dt-shortcode-soc-icons a.single-soc-icon-4e4f278c408213ddb82c8b416bc69fdc:not(:hover) .soc-icon,\n#phantom .dt-shortcode-soc-icons a.single-soc-icon-4e4f278c408213ddb82c8b416bc69fdc:not(:hover) .soc-icon {\n  color: #ffffff;\n  background: none;\n}\n.dt-shortcode-soc-icons a.single-soc-icon-4e4f278c408213ddb82c8b416bc69fdc .soc-font-icon,\n.dt-shortcode-soc-icons a.single-soc-icon-4e4f278c408213ddb82c8b416bc69fdc .soc-icon {\n  font-size: 16px;\n}<\/style><a title=\"Instagram\" href=\"https:\/\/www.instagram.com\/davidosteopata\/\" class=\"instagram single-soc-icon-4e4f278c408213ddb82c8b416bc69fdc dt-icon-bg-on dt-icon-border-on dt-icon-hover-border-on dt-icon-hover-bg-on\" target=\"_blank\" rel=\"noopener\"><i class=\"soc-icon soc-font-icon dt-icon-instagram\"><\/i><span class=\"screen-reader-text\">Instagram<\/span><\/a><\/div><\/div><\/div><\/div><\/div><div class=\"vc_row wpb_row vc_row-fluid vc_custom_1680169461443\"><div class=\"wpb_column vc_column_container vc_col-sm-12\"><div class=\"vc_column-inner\"><div class=\"wpb_wrapper\">\n\t<div class=\"wpb_text_column wpb_content_element  vc_custom_1680169468507\" >\n\t\t<div class=\"wpb_wrapper\">\n\t\t\t<p><a title=\"Home\" href=\"https:\/\/integrativa.pt\/en\/\"><strong>Integrativa<\/strong><\/a> | Health and well-being as a lifestyle<\/p>\n\n\t\t<\/div>\n\t<\/div>\n\n\t<div class=\"wpb_text_column wpb_content_element  vc_custom_1760628951994\" >\n\t\t<div class=\"wpb_wrapper\">\n\t\t\t<h6>This website and its content are for information purposes only and are not a substitute for medical or health professional advice. Each person's treatment should be individualised and guided by health professionals. Do not make any changes to your treatment without contacting the doctor or health professional accompanying you.<\/h6>\n\n\t\t<\/div>\n\t<\/div>\n<\/div><\/div><\/div><\/div><div class=\"vc_row wpb_row vc_row-fluid\"><div class=\"wpb_column vc_column_container vc_col-sm-12\"><div class=\"vc_column-inner vc_custom_1678987635945\"><div class=\"wpb_wrapper\"><div class=\"vc_separator wpb_content_element vc_separator_align_center vc_sep_border_width_1 vc_sep_pos_align_center wpb_content_element vc_separator-has-text\"   style=\"width: 100%;\"><span class=\"vc_sep_holder vc_sep_holder_l\"><span style=\"border-top-color:#1b9193;\" class=\"vc_sep_line\"><\/span><\/span><h4>Related articles<\/h4><span class=\"vc_sep_holder vc_sep_holder_r\"><span style=\"border-top-color:#1b9193;\" class=\"vc_sep_line\"><\/span><\/span>\n<\/div><style type=\"text\/css\" data-type=\"the7_shortcodes-inline-css\">.blog-carousel-shortcode.blog-carousel-shortcode-id-a046fca1b23638aa3b2bad9111d45784.dividers-on.classic-layout-list article {\n  padding-top: 0;\n}\n.blog-carousel-shortcode.blog-carousel-shortcode-id-a046fca1b23638aa3b2bad9111d45784.dividers-on.classic-layout-list article:first-of-type {\n  margin-top: 0;\n  padding-top: 0;\n}\n.blog-carousel-shortcode.blog-carousel-shortcode-id-a046fca1b23638aa3b2bad9111d45784.classic-layout-list.mode-list .post-entry-content {\n  width: calc(100% - );\n}\n.blog-carousel-shortcode.blog-carousel-shortcode-id-a046fca1b23638aa3b2bad9111d45784.classic-layout-list.mode-list .no-img .post-entry-content {\n  width: 100%;\n}\n.blog-carousel-shortcode.blog-carousel-shortcode-id-a046fca1b23638aa3b2bad9111d45784 .filter-bg-decoration .filter-categories a.act {\n  color: #fff;\n}\n.blog-carousel-shortcode.blog-carousel-shortcode-id-a046fca1b23638aa3b2bad9111d45784:not(.mode-masonry) article:first-of-type,\n.blog-carousel-shortcode.blog-carousel-shortcode-id-a046fca1b23638aa3b2bad9111d45784:not(.mode-masonry) article.visible.first:not(.product) {\n  margin-top: 0;\n}\n.blog-carousel-shortcode.blog-carousel-shortcode-id-a046fca1b23638aa3b2bad9111d45784.dividers-on:not(.mode-masonry) article {\n  margin-top: 0;\n}\n.blog-carousel-shortcode.blog-carousel-shortcode-id-a046fca1b23638aa3b2bad9111d45784.dividers-on:not(.mode-masonry) article:first-of-type,\n.blog-carousel-shortcode.blog-carousel-shortcode-id-a046fca1b23638aa3b2bad9111d45784.dividers-on:not(.mode-masonry) article.visible.first:not(.product) {\n  margin-top: 0;\n  padding-top: 0;\n}\n.blog-carousel-shortcode.blog-carousel-shortcode-id-a046fca1b23638aa3b2bad9111d45784 .post-thumbnail-wrap {\n  padding: 0px 0px 0px 0px;\n}\n.blog-carousel-shortcode.blog-carousel-shortcode-id-a046fca1b23638aa3b2bad9111d45784.enable-bg-rollover .post-thumbnail-rollover:after {\n  background: -webkit-linear-gradient();\n  background: linear-gradient();\n}\n.blog-carousel-shortcode.blog-carousel-shortcode-id-a046fca1b23638aa3b2bad9111d45784 .gallery-zoom-ico {\n  width: 44px;\n  height: 44px;\n  line-height: 44px;\n  border-radius: 100px;\n  margin: -22px 0 0 -22px;\n  border-width: 0px;\n  color: #ffffff;\n  background: none;\n}\n.bottom-overlap-layout-list.blog-carousel-shortcode.blog-carousel-shortcode-id-a046fca1b23638aa3b2bad9111d45784 .gallery-zoom-ico {\n  margin-top: -72px;\n}\n.gradient-overlay-layout-list.blog-carousel-shortcode.blog-carousel-shortcode-id-a046fca1b23638aa3b2bad9111d45784 .gallery-zoom-ico,\n.content-rollover-layout-list.blog-carousel-shortcode.blog-carousel-shortcode-id-a046fca1b23638aa3b2bad9111d45784 .gallery-zoom-ico {\n  margin: 0 0 10px;\n}\n.content-align-center.gradient-overlay-layout-list.blog-carousel-shortcode.blog-carousel-shortcode-id-a046fca1b23638aa3b2bad9111d45784 .gallery-zoom-ico,\n.content-align-center.content-rollover-layout-list.blog-carousel-shortcode.blog-carousel-shortcode-id-a046fca1b23638aa3b2bad9111d45784 .gallery-zoom-ico {\n  margin: 0 auto 10px;\n}\n.dt-icon-bg-on.blog-carousel-shortcode.blog-carousel-shortcode-id-a046fca1b23638aa3b2bad9111d45784 .gallery-zoom-ico {\n  background: rgba(255,255,255,0.3);\n  box-shadow: none;\n}\n.blog-carousel-shortcode.blog-carousel-shortcode-id-a046fca1b23638aa3b2bad9111d45784 .gallery-zoom-ico > span,\n.blog-carousel-shortcode.blog-carousel-shortcode-id-a046fca1b23638aa3b2bad9111d45784 .gallery-zoom-ico:before {\n  font-size: 32px;\n  line-height: 44px;\n}\n.blog-carousel-shortcode.blog-carousel-shortcode-id-a046fca1b23638aa3b2bad9111d45784 .gallery-zoom-ico > span,\n.blog-carousel-shortcode.blog-carousel-shortcode-id-a046fca1b23638aa3b2bad9111d45784 .gallery-zoom-ico:before {\n  color: #ffffff;\n  background: none;\n}\n.blog-carousel-shortcode.blog-carousel-shortcode-id-a046fca1b23638aa3b2bad9111d45784 .entry-title,\n.blog-carousel-shortcode.blog-carousel-shortcode-id-a046fca1b23638aa3b2bad9111d45784.owl-carousel .entry-title {\n  margin-bottom: 5px;\n}\n.blog-carousel-shortcode.blog-carousel-shortcode-id-a046fca1b23638aa3b2bad9111d45784 .entry-meta {\n  margin-bottom: 15px;\n}\n.blog-carousel-shortcode.blog-carousel-shortcode-id-a046fca1b23638aa3b2bad9111d45784 .portfolio-categories {\n  margin-bottom: 15px;\n}\n.blog-carousel-shortcode.blog-carousel-shortcode-id-a046fca1b23638aa3b2bad9111d45784 .entry-excerpt {\n  margin-bottom: 5px;\n}\n.blog-carousel-shortcode.blog-carousel-shortcode-id-a046fca1b23638aa3b2bad9111d45784:not(.centered-layout-list) .post-entry-content {\n  padding: 15px 20px 20px 20px;\n}\n.blog-carousel-shortcode.blog-carousel-shortcode-id-a046fca1b23638aa3b2bad9111d45784:not(.centered-layout-list):not(.content-bg-on):not(.mode-list) .no-img .post-entry-content {\n  padding: 0;\n}\n@media screen and (max-width: ) {\n  .blog-carousel-shortcode.blog-carousel-shortcode-id-a046fca1b23638aa3b2bad9111d45784 article {\n    -ms-flex-flow: column nowrap;\n    flex-flow: column nowrap;\n    margin-top: 20px;\n  }\n  .blog-carousel-shortcode.blog-carousel-shortcode-id-a046fca1b23638aa3b2bad9111d45784.dividers-on article {\n    border: none;\n  }\n  .blog-carousel-shortcode.blog-carousel-shortcode-id-a046fca1b23638aa3b2bad9111d45784.content-bg-on.centered-layout-list article {\n    padding: 0;\n  }\n  .blog-carousel-shortcode.blog-carousel-shortcode-id-a046fca1b23638aa3b2bad9111d45784.blog-shortcode.dividers-on article,\n  .blog-carousel-shortcode.blog-carousel-shortcode-id-a046fca1b23638aa3b2bad9111d45784.dividers-on.classic-layout-list article {\n    margin-top: 20px;\n    padding: 0;\n  }\n  .blog-carousel-shortcode.blog-carousel-shortcode-id-a046fca1b23638aa3b2bad9111d45784.blog-shortcode.dividers-on article:first-of-type,\n  .blog-carousel-shortcode.blog-carousel-shortcode-id-a046fca1b23638aa3b2bad9111d45784.dividers-on.classic-layout-list article:first-of-type {\n    padding: 0;\n  }\n  #page .blog-carousel-shortcode.blog-carousel-shortcode-id-a046fca1b23638aa3b2bad9111d45784 .post-thumbnail-wrap,\n  #page .blog-carousel-shortcode.blog-carousel-shortcode-id-a046fca1b23638aa3b2bad9111d45784 .post-entry-content {\n    width: 100%;\n    margin: 0;\n    top: 0;\n  }\n  #page .blog-carousel-shortcode.blog-carousel-shortcode-id-a046fca1b23638aa3b2bad9111d45784 .post-thumbnail-wrap {\n    padding: 0;\n  }\n  #page .blog-carousel-shortcode.blog-carousel-shortcode-id-a046fca1b23638aa3b2bad9111d45784 .post-entry-content:after {\n    display: none;\n  }\n  #page .blog-carousel-shortcode.blog-carousel-shortcode-id-a046fca1b23638aa3b2bad9111d45784 .project-even .post-thumbnail-wrap,\n  #page .blog-carousel-shortcode.blog-carousel-shortcode-id-a046fca1b23638aa3b2bad9111d45784.centered-layout-list .post-thumbnail-wrap {\n    -ms-flex-order: 0;\n    order: 0;\n  }\n  #page .blog-carousel-shortcode.blog-carousel-shortcode-id-a046fca1b23638aa3b2bad9111d45784.centered-layout-list .post-entry-title-content {\n    -ms-flex-order: 1;\n    order: 1;\n    width: 100%;\n    padding: 20px 20px 0;\n  }\n  #page .blog-carousel-shortcode.blog-carousel-shortcode-id-a046fca1b23638aa3b2bad9111d45784.centered-layout-list .post-entry-content {\n    -ms-flex-order: 2;\n    order: 2;\n    padding-top: 0;\n  }\n  #page .blog-carousel-shortcode.blog-carousel-shortcode-id-a046fca1b23638aa3b2bad9111d45784 .fancy-categories {\n    top: 10px;\n    left: 10px;\n    bottom: auto;\n    right: auto;\n  }\n  #page .blog-carousel-shortcode.blog-carousel-shortcode-id-a046fca1b23638aa3b2bad9111d45784 .fancy-date a {\n    top: 10px;\n    right: 10px;\n    left: auto;\n    bottom: auto;\n  }\n  #page .blog-carousel-shortcode.blog-carousel-shortcode-id-a046fca1b23638aa3b2bad9111d45784 .post-entry-content {\n    padding: 20px;\n  }\n  #page .blog-carousel-shortcode.blog-carousel-shortcode-id-a046fca1b23638aa3b2bad9111d45784 .entry-title {\n    margin: 3px 0 5px;\n    font-size: 20px;\n    line-height: 26px;\n  }\n  #page .blog-carousel-shortcode.blog-carousel-shortcode-id-a046fca1b23638aa3b2bad9111d45784 .entry-meta {\n    margin: 5px 0 5px;\n  }\n  #page .blog-carousel-shortcode.blog-carousel-shortcode-id-a046fca1b23638aa3b2bad9111d45784 .entry-excerpt {\n    margin: 15px 0 0;\n  }\n  #page .blog-carousel-shortcode.blog-carousel-shortcode-id-a046fca1b23638aa3b2bad9111d45784 .post-details {\n    margin: 5px 0 10px;\n  }\n  #page .blog-carousel-shortcode.blog-carousel-shortcode-id-a046fca1b23638aa3b2bad9111d45784 .post-details.details-type-link {\n    margin-bottom: 2px;\n  }\n}\n.blog-carousel-shortcode.blog-carousel-shortcode-id-a046fca1b23638aa3b2bad9111d45784.owl-carousel .owl-nav div {\n  width: 36px;\n  height: 36px;\n  border-radius: 500px;\n}\n.dt-arrow-border-on.blog-carousel-shortcode.blog-carousel-shortcode-id-a046fca1b23638aa3b2bad9111d45784.owl-carousel .owl-nav div:not(:hover):before {\n  border-width: 0px;\n}\n.dt-arrow-hover-border-on.blog-carousel-shortcode.blog-carousel-shortcode-id-a046fca1b23638aa3b2bad9111d45784.owl-carousel .owl-nav div:hover:after {\n  border-width: 0px;\n}\n.blog-carousel-shortcode.blog-carousel-shortcode-id-a046fca1b23638aa3b2bad9111d45784.owl-carousel .owl-nav div.owl-prev {\n  top: 50%;\n  transform: translateY(calc(-50% + 0px));\n  left: -43px;\n}\n@media all and (-ms-high-contrast: none) {\n  .blog-carousel-shortcode.blog-carousel-shortcode-id-a046fca1b23638aa3b2bad9111d45784.owl-carousel .owl-nav div.owl-prev {\n    transform: translateY(-50%);\n    margin-top: 0px;\n  }\n}\n.blog-carousel-shortcode.blog-carousel-shortcode-id-a046fca1b23638aa3b2bad9111d45784.owl-carousel .owl-nav div.owl-prev i {\n  padding: 0px 0px 0px 0px;\n}\n.blog-carousel-shortcode.blog-carousel-shortcode-id-a046fca1b23638aa3b2bad9111d45784.owl-carousel .owl-nav div.owl-next {\n  top: 50%;\n  transform: translateY(calc(-50% + 0px));\n  right: -43px;\n}\n@media all and (-ms-high-contrast: none) {\n  .blog-carousel-shortcode.blog-carousel-shortcode-id-a046fca1b23638aa3b2bad9111d45784.owl-carousel .owl-nav div.owl-next {\n    transform: translateY(-50%);\n    margin-top: 0px;\n  }\n}\n.blog-carousel-shortcode.blog-carousel-shortcode-id-a046fca1b23638aa3b2bad9111d45784.owl-carousel .owl-nav div.owl-next i {\n  padding: 0px 0px 0px 0px;\n}\n.blog-carousel-shortcode.blog-carousel-shortcode-id-a046fca1b23638aa3b2bad9111d45784.owl-carousel .owl-nav i {\n  font-size: 18px;\n}\n.blog-carousel-shortcode.blog-carousel-shortcode-id-a046fca1b23638aa3b2bad9111d45784.owl-carousel .owl-nav div:not(:hover) i,\n.blog-carousel-shortcode.blog-carousel-shortcode-id-a046fca1b23638aa3b2bad9111d45784.owl-carousel .owl-nav div:not(:hover) i:before {\n  color: #ffffff;\n  background: none;\n}\n.blog-carousel-shortcode.blog-carousel-shortcode-id-a046fca1b23638aa3b2bad9111d45784.owl-carousel .owl-nav div:hover i,\n.blog-carousel-shortcode.blog-carousel-shortcode-id-a046fca1b23638aa3b2bad9111d45784.owl-carousel .owl-nav div:hover i:before {\n  color: rgba(255,255,255,0.75);\n  background: none;\n}\n.blog-carousel-shortcode.blog-carousel-shortcode-id-a046fca1b23638aa3b2bad9111d45784 .owl-dots {\n  top: calc(100% + 20px);\n  left: 50%;\n  transform: translateX(calc(-50% + 0px));\n}\n@media all and (-ms-high-contrast: none) {\n  .blog-carousel-shortcode.blog-carousel-shortcode-id-a046fca1b23638aa3b2bad9111d45784 .owl-dots {\n    transform: translateX(-50%);\n    margin-left: 0px;\n  }\n}\n.blog-carousel-shortcode.blog-carousel-shortcode-id-a046fca1b23638aa3b2bad9111d45784 .owl-dot {\n  width: 10px;\n  height: 10px;\n  margin: 0 8px;\n}\n@media screen and (max-width: 778px) {\n  .blog-carousel-shortcode.blog-carousel-shortcode-id-a046fca1b23638aa3b2bad9111d45784.hide-arrows .owl-nav a {\n    display: none;\n  }\n}\n@media screen and (max-width: 778px) {\n  .blog-carousel-shortcode.blog-carousel-shortcode-id-a046fca1b23638aa3b2bad9111d45784.reposition-arrows .owl-nav div.owl-prev {\n    top: 50%;\n    transform: translateY(calc(-50% + 0px));\n    left: 10px;\n  }\n  .blog-carousel-shortcode.blog-carousel-shortcode-id-a046fca1b23638aa3b2bad9111d45784.reposition-arrows .owl-nav div.owl-next {\n    top: 50%;\n    transform: translateY(calc(-50% + 0px));\n    right: 10px;\n  }\n}\n@media screen and (max-width: 778px) and all and (-ms-high-contrast: none) {\n  .blog-carousel-shortcode.blog-carousel-shortcode-id-a046fca1b23638aa3b2bad9111d45784.reposition-arrows .owl-nav div.owl-prev {\n    transform: translateY(-50%);\n    margin-top: 0px;\n  }\n}\n@media screen and (max-width: 778px) and all and (-ms-high-contrast: none) {\n  .blog-carousel-shortcode.blog-carousel-shortcode-id-a046fca1b23638aa3b2bad9111d45784.reposition-arrows .owl-nav div.owl-next {\n    transform: translateY(-50%);\n    margin-top: 0px;\n  }\n}<\/style><div class=\"owl-carousel blog-carousel-shortcode dt-owl-carousel-call blog-carousel-shortcode-id-a046fca1b23638aa3b2bad9111d45784 classic-layout-list scale-img dt-icon-bg-off dt-arrow-border-on dt-arrow-hover-border-on meta-info-off bullets-small-dot-stroke reposition-arrows arrows-bg-on disable-arrows-hover-bg arrows-hover-bg-on\" data-scroll-mode=\"1\" data-col-num=\"3\" data-wide-col-num=\"4\" data-laptop-col=\"3\" data-h-tablet-columns-num=\"3\" data-v-tablet-columns-num=\"2\" data-phone-columns-num=\"1\" data-auto-height=\"true\" data-col-gap=\"30\" data-stage-padding=\"0\" data-speed=\"600\" data-autoplay=\"false\" data-autoplay_speed=\"6000\" data-arrows=\"true\" data-bullet=\"false\" data-next-icon=\"icon-ar-017-r\" data-prev-icon=\"icon-ar-017-l\"><article class=\"post post-1866 type-post status-publish format-standard has-post-thumbnail hentry category-osteopatia category-4-pilares-da-saude category-osteopata-david-brandao category-osteopatia-integrativa category-osteopatia-integrativa-osteopatia category-psiconeuroimunologia tag-fisioterapia tag-osteopatia tag-pilates-clinico category-17 category-35 category-33 category-32 category-34 category-48 description-off\" data-name=\"O impacto do stress cr\u00f3nico no organismo\" data-date=\"2023-02-06T22:10:22+00:00\">\n\n<div class=\"post-thumbnail-wrap\">\n\t<div class=\"post-thumbnail\">\n\t\t\n\t\t\n\t\t<a href=\"https:\/\/integrativa.pt\/en\/o-impacto-do-stress-cronico-no-organismo\/\" class=\"post-thumbnail-rollover layzr-bg\"><img fetchpriority=\"high\" decoding=\"async\" class=\"preload-me owl-lazy-load aspect\" src=\"data:image\/svg+xml,%3Csvg%20xmlns%3D&#39;http%3A%2F%2Fwww.w3.org%2F2000%2Fsvg&#39;%20viewBox%3D&#39;0%200%20768%20512&#39;%2F%3E\" data-src=\"https:\/\/integrativa.pt\/wp-content\/uploads\/2023\/02\/Fisioterapia-Osteopatia-Cefaleias-Integrativa-Dor-de-cabeca-Enxaqueca-ATM-768x512.webp\" data-srcset=\"https:\/\/integrativa.pt\/wp-content\/uploads\/2023\/02\/Fisioterapia-Osteopatia-Cefaleias-Integrativa-Dor-de-cabeca-Enxaqueca-ATM-768x512.webp 768w, https:\/\/integrativa.pt\/wp-content\/uploads\/2023\/02\/Fisioterapia-Osteopatia-Cefaleias-Integrativa-Dor-de-cabeca-Enxaqueca-ATM-1152x768.webp 1152w\" loading=\"eager\" style=\"--ratio: 768 \/ 512\" sizes=\"(max-width: 768px) 100vw, 768px\" alt=\"\" title=\"Physiotherapy Osteopathy Integrative Headache Migraine TMJ\" width=\"768\" height=\"512\"  \/><\/a>\t<\/div>\n<\/div>\n\n\n<div class=\"post-entry-content\">\n\n\t<h3 class=\"entry-title\">\n\t\t<a href=\"https:\/\/integrativa.pt\/en\/o-impacto-do-stress-cronico-no-organismo\/\" title=\"The impact of chronic stress on the body\" rel=\"bookmark\">The impact of chronic stress on the body<\/a>\n\t<\/h3>\n\n\t\n\t\n\t\n<a href=\"https:\/\/integrativa.pt\/en\/o-impacto-do-stress-cronico-no-organismo\/\" class=\"post-details details-type-link\" aria-label=\"Read more about The impact of chronic stress on the body\">Read more<i class=\"dt-icon-the7-arrow-03\" aria-hidden=\"true\"><\/i><\/a>\n\n<\/div><\/article><article class=\"post post-3681 type-post status-publish format-standard has-post-thumbnail hentry category-osteopatia category-atm category-bruxismo category-dores-de-cabeca category-osteopata-david-brandao category-osteopatia-craniana category-osteopatia-integrativa category-osteopatia-integrativa-osteopatia tag-fisioterapia tag-osteopatia tag-pilates-clinico category-17 category-41 category-135 category-52 category-33 category-42 category-32 category-34 description-off\" data-name=\"Complexo trig\u00e9mino-cervical e dor cervical: a rela\u00e7\u00e3o com a articula\u00e7\u00e3o temporomandibular (ATM) numa perspetiva osteop\u00e1tica\" data-date=\"2025-01-17T09:57:04+00:00\">\n\n<div class=\"post-thumbnail-wrap\">\n\t<div class=\"post-thumbnail\">\n\t\t\n\t\t\n\t\t<a href=\"https:\/\/integrativa.pt\/en\/complexo-trigemino-cervical-e-dor-cervical-a-relacao-com-a-articulacao-temporomandibular-atm-numa-perspetiva-osteopatica\/\" class=\"post-thumbnail-rollover layzr-bg\"><img decoding=\"async\" class=\"preload-me owl-lazy-load aspect\" src=\"data:image\/svg+xml,%3Csvg%20xmlns%3D&#39;http%3A%2F%2Fwww.w3.org%2F2000%2Fsvg&#39;%20viewBox%3D&#39;0%200%20768%20512&#39;%2F%3E\" data-src=\"https:\/\/integrativa.pt\/wp-content\/uploads\/2025\/01\/Dor-cervical-Integrativa-768x512.webp\" data-srcset=\"https:\/\/integrativa.pt\/wp-content\/uploads\/2025\/01\/Dor-cervical-Integrativa-768x512.webp 768w, https:\/\/integrativa.pt\/wp-content\/uploads\/2025\/01\/Dor-cervical-Integrativa-1152x768.webp 1152w\" loading=\"eager\" style=\"--ratio: 768 \/ 512\" sizes=\"(max-width: 768px) 100vw, 768px\" alt=\"\" title=\"Integrative neck pain\" width=\"768\" height=\"512\"  \/><\/a>\t<\/div>\n<\/div>\n\n\n<div class=\"post-entry-content\">\n\n\t<h3 class=\"entry-title\">\n\t\t<a href=\"https:\/\/integrativa.pt\/en\/complexo-trigemino-cervical-e-dor-cervical-a-relacao-com-a-articulacao-temporomandibular-atm-numa-perspetiva-osteopatica\/\" title=\"Trigeminal-cervical complex and neck pain: the relationship with the temporomandibular joint (TMJ) from an osteopathic perspective\" rel=\"bookmark\">Trigeminal-cervical complex and neck pain: the relationship with the temporomandibular joint (TMJ) from an osteopathic perspective<\/a>\n\t<\/h3>\n\n\t\n\t\n\t\n<a href=\"https:\/\/integrativa.pt\/en\/complexo-trigemino-cervical-e-dor-cervical-a-relacao-com-a-articulacao-temporomandibular-atm-numa-perspetiva-osteopatica\/\" class=\"post-details details-type-link\" aria-label=\"The trigeminocervical complex and neck pain: the relationship with the temporomandibular joint (TMJ) from an osteopathic perspective\">Read more<i class=\"dt-icon-the7-arrow-03\" aria-hidden=\"true\"><\/i><\/a>\n\n<\/div><\/article><article class=\"post post-3065 type-post status-publish format-standard has-post-thumbnail hentry category-osteopatia category-osteopatia-integrativa-osteopatia category-psiconeuroimunologia tag-fisioterapia tag-osteopatia tag-pilates-clinico category-17 category-34 category-48 description-off\" data-name=\"6 h\u00e1bitos simples e gratuitos para cuidar da sa\u00fade no dia a dia\" data-date=\"2024-02-28T11:15:45+00:00\">\n\n<div class=\"post-thumbnail-wrap\">\n\t<div class=\"post-thumbnail\">\n\t\t\n\t\t\n\t\t<a href=\"https:\/\/integrativa.pt\/en\/6-habitos-simples-e-gratuitos-para-cuidar-da-saude-no-dia-a-dia\/\" class=\"post-thumbnail-rollover layzr-bg\"><img decoding=\"async\" class=\"preload-me owl-lazy-load aspect\" src=\"data:image\/svg+xml,%3Csvg%20xmlns%3D&#39;http%3A%2F%2Fwww.w3.org%2F2000%2Fsvg&#39;%20viewBox%3D&#39;0%200%20768%20512&#39;%2F%3E\" data-src=\"https:\/\/integrativa.pt\/wp-content\/uploads\/2024\/02\/Integrativa-Lisboa-Psiconeuroimunologia-768x512.webp\" data-srcset=\"https:\/\/integrativa.pt\/wp-content\/uploads\/2024\/02\/Integrativa-Lisboa-Psiconeuroimunologia-768x512.webp 768w, https:\/\/integrativa.pt\/wp-content\/uploads\/2024\/02\/Integrativa-Lisboa-Psiconeuroimunologia-1152x768.webp 1152w\" loading=\"eager\" style=\"--ratio: 768 \/ 512\" sizes=\"(max-width: 768px) 100vw, 768px\" alt=\"\" title=\"Integrative Lisbon Psychoneuroimmunology\" width=\"768\" height=\"512\"  \/><\/a>\t<\/div>\n<\/div>\n\n\n<div class=\"post-entry-content\">\n\n\t<h3 class=\"entry-title\">\n\t\t<a href=\"https:\/\/integrativa.pt\/en\/6-habitos-simples-e-gratuitos-para-cuidar-da-saude-no-dia-a-dia\/\" title=\"6 simple and free habits to take care of your health on a daily basis\" rel=\"bookmark\">6 simple and free habits to take care of your health on a daily basis<\/a>\n\t<\/h3>\n\n\t\n\t\n\t\n<a href=\"https:\/\/integrativa.pt\/en\/6-habitos-simples-e-gratuitos-para-cuidar-da-saude-no-dia-a-dia\/\" class=\"post-details details-type-link\" aria-label=\"Read more about 6 simple and free habits for daily health care\">Read more<i class=\"dt-icon-the7-arrow-03\" aria-hidden=\"true\"><\/i><\/a>\n\n<\/div><\/article><article class=\"post post-1924 type-post status-publish format-standard has-post-thumbnail hentry category-4-pilares-da-saude category-osteopata-david-brandao category-osteopatia-integrativa-osteopatia category-psiconeuroimunologia category-sono tag-fisioterapia tag-osteopatia tag-pilates-clinico category-35 category-33 category-34 category-48 category-36 description-off\" data-name=\"Biorritmo: seguir o rel\u00f3gio biol\u00f3gico\" data-date=\"2023-02-13T14:11:16+00:00\">\n\n<div class=\"post-thumbnail-wrap\">\n\t<div class=\"post-thumbnail\">\n\t\t\n\t\t\n\t\t<a href=\"https:\/\/integrativa.pt\/en\/biorritmo-seguir-o-relogio-biologico\/\" class=\"post-thumbnail-rollover layzr-bg\"><img decoding=\"async\" class=\"preload-me owl-lazy-load aspect\" src=\"data:image\/svg+xml,%3Csvg%20xmlns%3D&#39;http%3A%2F%2Fwww.w3.org%2F2000%2Fsvg&#39;%20viewBox%3D&#39;0%200%20768%20512&#39;%2F%3E\" data-src=\"https:\/\/integrativa.pt\/wp-content\/uploads\/2023\/02\/Biorritmo-Ritmo-Circadiano-768x512.webp\" data-srcset=\"https:\/\/integrativa.pt\/wp-content\/uploads\/2023\/02\/Biorritmo-Ritmo-Circadiano-768x512.webp 768w, https:\/\/integrativa.pt\/wp-content\/uploads\/2023\/02\/Biorritmo-Ritmo-Circadiano-1152x768.webp 1152w\" loading=\"eager\" style=\"--ratio: 768 \/ 512\" sizes=\"(max-width: 768px) 100vw, 768px\" alt=\"\" title=\"Biorhythms Circadian Rhythm\" width=\"768\" height=\"512\"  \/><\/a>\t<\/div>\n<\/div>\n\n\n<div class=\"post-entry-content\">\n\n\t<h3 class=\"entry-title\">\n\t\t<a href=\"https:\/\/integrativa.pt\/en\/biorritmo-seguir-o-relogio-biologico\/\" title=\"Biorhythms: following the biological clock\" rel=\"bookmark\">Biorhythms: following the biological clock<\/a>\n\t<\/h3>\n\n\t\n\t\n\t\n<a href=\"https:\/\/integrativa.pt\/en\/biorritmo-seguir-o-relogio-biologico\/\" class=\"post-details details-type-link\" aria-label=\"Read more about Biorritmo: following your biological clock\">Read more<i class=\"dt-icon-the7-arrow-03\" aria-hidden=\"true\"><\/i><\/a>\n\n<\/div><\/article><article class=\"post post-3819 type-post status-publish format-standard has-post-thumbnail hentry category-osteopata-david-brandao category-osteopatia-integrativa category-psiconeuroimunologia tag-fisioterapia tag-osteopatia tag-pilates-clinico category-33 category-32 category-48 description-off\" data-name=\"Descansar \u00e9 mais do que dormir: 6 tipos de descanso numa perspetiva integrativa\" data-date=\"2025-07-24T09:55:33+00:00\">\n\n<div class=\"post-thumbnail-wrap\">\n\t<div class=\"post-thumbnail\">\n\t\t\n\t\t\n\t\t<a href=\"https:\/\/integrativa.pt\/en\/descansar-e-muito-mais-do-que-dormir-6-tipos-de-descanso-essenciais\/\" class=\"post-thumbnail-rollover layzr-bg\"><img decoding=\"async\" class=\"preload-me owl-lazy-load aspect\" src=\"data:image\/svg+xml,%3Csvg%20xmlns%3D&#39;http%3A%2F%2Fwww.w3.org%2F2000%2Fsvg&#39;%20viewBox%3D&#39;0%200%20768%20512&#39;%2F%3E\" data-src=\"https:\/\/integrativa.pt\/wp-content\/uploads\/2025\/07\/Integrativa-768x512.webp\" data-srcset=\"https:\/\/integrativa.pt\/wp-content\/uploads\/2025\/07\/Integrativa-768x512.webp 768w, https:\/\/integrativa.pt\/wp-content\/uploads\/2025\/07\/Integrativa-1152x768.webp 1152w\" loading=\"eager\" style=\"--ratio: 768 \/ 512\" sizes=\"(max-width: 768px) 100vw, 768px\" alt=\"\" title=\"Integrativa\" width=\"768\" height=\"512\"  \/><\/a>\t<\/div>\n<\/div>\n\n\n<div class=\"post-entry-content\">\n\n\t<h3 class=\"entry-title\">\n\t\t<a href=\"https:\/\/integrativa.pt\/en\/descansar-e-muito-mais-do-que-dormir-6-tipos-de-descanso-essenciais\/\" title=\"Rest is more than sleep: 6 types of rest from an integrative perspective\" rel=\"bookmark\">Rest is more than sleep: 6 types of rest from an integrative perspective<\/a>\n\t<\/h3>\n\n\t\n\t\n\t\n<a href=\"https:\/\/integrativa.pt\/en\/descansar-e-muito-mais-do-que-dormir-6-tipos-de-descanso-essenciais\/\" class=\"post-details details-type-link\" aria-label=\"Read more about Rest is more than sleep: 6 types of rest from an integrative perspective\">Read more<i class=\"dt-icon-the7-arrow-03\" aria-hidden=\"true\"><\/i><\/a>\n\n<\/div><\/article><article class=\"post post-3589 type-post status-publish format-standard has-post-thumbnail hentry category-osteopatia-integrativa category-psiconeuroimunologia tag-fisioterapia tag-osteopatia tag-pilates-clinico category-32 category-48 description-off\" data-name=\"Benef\u00edcios do ver\u00e3o para a sa\u00fade numa perspetiva integrativa\" data-date=\"2024-07-29T10:03:28+00:00\">\n\n<div class=\"post-thumbnail-wrap\">\n\t<div class=\"post-thumbnail\">\n\t\t\n\t\t\n\t\t<a href=\"https:\/\/integrativa.pt\/en\/beneficios-do-verao-para-a-saude-numa-perspetiva-integrativa\/\" class=\"post-thumbnail-rollover layzr-bg\"><img decoding=\"async\" class=\"preload-me owl-lazy-load aspect\" src=\"data:image\/svg+xml,%3Csvg%20xmlns%3D&#39;http%3A%2F%2Fwww.w3.org%2F2000%2Fsvg&#39;%20viewBox%3D&#39;0%200%20768%20512&#39;%2F%3E\" data-src=\"https:\/\/integrativa.pt\/wp-content\/uploads\/2024\/07\/Verao-saude-768x512.jpg\" data-srcset=\"https:\/\/integrativa.pt\/wp-content\/uploads\/2024\/07\/Verao-saude-768x512.jpg 768w, https:\/\/integrativa.pt\/wp-content\/uploads\/2024\/07\/Verao-saude.jpg 850w\" loading=\"eager\" style=\"--ratio: 768 \/ 512\" sizes=\"(max-width: 768px) 100vw, 768px\" alt=\"\" title=\"Summer health\" width=\"768\" height=\"512\"  \/><\/a>\t<\/div>\n<\/div>\n\n\n<div class=\"post-entry-content\">\n\n\t<h3 class=\"entry-title\">\n\t\t<a href=\"https:\/\/integrativa.pt\/en\/beneficios-do-verao-para-a-saude-numa-perspetiva-integrativa\/\" title=\"Health benefits of summer from an integrative perspective\" rel=\"bookmark\">Health benefits of summer from an integrative perspective<\/a>\n\t<\/h3>\n\n\t\n\t\n\t\n<a href=\"https:\/\/integrativa.pt\/en\/beneficios-do-verao-para-a-saude-numa-perspetiva-integrativa\/\" class=\"post-details details-type-link\" aria-label=\"Read more about Health benefits of summer from an integrative perspective\">Read more<i class=\"dt-icon-the7-arrow-03\" aria-hidden=\"true\"><\/i><\/a>\n\n<\/div><\/article><\/div><\/div><\/div><\/div><\/div>\n<\/div>","protected":false},"excerpt":{"rendered":"<p>Scientific research has shown that genetic information does not act in isolation, nor does it determine health trajectories throughout life in a linear fashion. Epigenetics, a field that studies the biochemical mechanisms that regulate gene expression without altering the DNA sequence, contributes to a more dynamic understanding of...<\/p>","protected":false},"author":1,"featured_media":4563,"comment_status":"closed","ping_status":"open","sticky":false,"template":"","format":"standard","meta":{"inline_featured_image":false,"footnotes":""},"categories":[33,32,48],"tags":[4,27,8],"class_list":["post-3710","post","type-post","status-publish","format-standard","has-post-thumbnail","hentry","category-osteopata-david-brandao","category-osteopatia-integrativa","category-psiconeuroimunologia","tag-fisioterapia","tag-osteopatia","tag-pilates-clinico","category-33","category-32","category-48","description-off"],"_links":{"self":[{"href":"https:\/\/integrativa.pt\/en\/wp-json\/wp\/v2\/posts\/3710","targetHints":{"allow":["GET"]}}],"collection":[{"href":"https:\/\/integrativa.pt\/en\/wp-json\/wp\/v2\/posts"}],"about":[{"href":"https:\/\/integrativa.pt\/en\/wp-json\/wp\/v2\/types\/post"}],"author":[{"embeddable":true,"href":"https:\/\/integrativa.pt\/en\/wp-json\/wp\/v2\/users\/1"}],"replies":[{"embeddable":true,"href":"https:\/\/integrativa.pt\/en\/wp-json\/wp\/v2\/comments?post=3710"}],"version-history":[{"count":0,"href":"https:\/\/integrativa.pt\/en\/wp-json\/wp\/v2\/posts\/3710\/revisions"}],"wp:featuredmedia":[{"embeddable":true,"href":"https:\/\/integrativa.pt\/en\/wp-json\/wp\/v2\/media\/4563"}],"wp:attachment":[{"href":"https:\/\/integrativa.pt\/en\/wp-json\/wp\/v2\/media?parent=3710"}],"wp:term":[{"taxonomy":"category","embeddable":true,"href":"https:\/\/integrativa.pt\/en\/wp-json\/wp\/v2\/categories?post=3710"},{"taxonomy":"post_tag","embeddable":true,"href":"https:\/\/integrativa.pt\/en\/wp-json\/wp\/v2\/tags?post=3710"}],"curies":[{"name":"wp","href":"https:\/\/api.w.org\/{rel}","templated":true}]}}