{"id":3742,"date":"2025-03-13T09:54:37","date_gmt":"2025-03-13T09:54:37","guid":{"rendered":"https:\/\/integrativa.pt\/?p=3742"},"modified":"2025-10-21T16:26:04","modified_gmt":"2025-10-21T16:26:04","slug":"ankle-sprain-the-role-of-the-physiotherapist","status":"publish","type":"post","link":"https:\/\/integrativa.pt\/en\/entorse-de-tornozelo-o-papel-do-fisioterapeuta\/","title":{"rendered":"Ankle sprain: the role of the physiotherapist"},"content":{"rendered":"<div class=\"wpb-content-wrapper\" id=\"wpb-content-root\"><div class=\"vc_row wpb_row vc_row-fluid\"><div class=\"wpb_column vc_column_container vc_col-sm-12\"><div class=\"vc_column-inner\"><div class=\"wpb_wrapper\">\n\t<div class=\"wpb_text_column wpb_content_element\" >\n\t\t<div class=\"wpb_wrapper\">\n\t\t\t<h4 data-start=\"521\" data-end=\"564\">What is a tibiotarsal sprain?<\/h4>\n<p data-start=\"565\" data-end=\"907\">A tibiotarsal sprain, better known as an ankle sprain, is one of the most common injuries in athletes and physically active people.<br data-start=\"715\" data-end=\"718\" \/>It occurs when the ankle ligaments are stretched beyond their normal limit or suffer small tears, usually due to a sudden movement, imbalance or improper twisting.<\/p>\n<h4 data-start=\"914\" data-end=\"962\">Most common causes of ankle sprain<\/h4>\n<p data-start=\"964\" data-end=\"1026\">The main situations that can cause this injury include:<\/p>\n<ul data-start=\"1028\" data-end=\"1310\">\n<li data-start=\"1028\" data-end=\"1082\">\n<p data-start=\"1030\" data-end=\"1082\">Sudden movements during sporting activities;<\/p>\n<\/li>\n<li data-start=\"1083\" data-end=\"1137\">\n<p data-start=\"1085\" data-end=\"1137\">Walking or running on uneven surfaces;<\/p>\n<\/li>\n<li data-start=\"1138\" data-end=\"1184\">\n<p data-start=\"1140\" data-end=\"1184\">Wearing unsuitable or unstable footwear;<\/p>\n<\/li>\n<li data-start=\"1185\" data-end=\"1240\">\n<p data-start=\"1187\" data-end=\"1240\">Lack of muscle strength in the ankle area;<\/p>\n<\/li>\n<li data-start=\"1241\" data-end=\"1310\">\n<p data-start=\"1243\" data-end=\"1310\">Reduced ligament stability of the tibiotarsal joint.<\/p>\n<\/li>\n<\/ul>\n<h4 data-start=\"1317\" data-end=\"1358\">Symptoms of tibiotarsal sprain<\/h4>\n<p data-start=\"1360\" data-end=\"1442\">Signs and symptoms vary depending on the severity of the injury, but generally include:<\/p>\n<ul data-start=\"1444\" data-end=\"1685\">\n<li data-start=\"1444\" data-end=\"1487\">\n<p data-start=\"1446\" data-end=\"1487\">Sudden, intense pain in the affected area;<\/p>\n<\/li>\n<li data-start=\"1488\" data-end=\"1530\">\n<p data-start=\"1490\" data-end=\"1530\">Swelling (oedema) and local tenderness;<\/p>\n<\/li>\n<li data-start=\"1531\" data-end=\"1586\">\n<p data-start=\"1533\" data-end=\"1586\">Difficulty or inability to support the foot on the ground;<\/p>\n<\/li>\n<li data-start=\"1587\" data-end=\"1617\">\n<p data-start=\"1589\" data-end=\"1617\">Instability when walking;<\/p>\n<\/li>\n<li data-start=\"1618\" data-end=\"1685\">\n<p data-start=\"1620\" data-end=\"1685\">Haematomas (in cases of partial or total ligament rupture).<\/p>\n<\/li>\n<\/ul>\n<p data-start=\"1687\" data-end=\"1815\">If pain and swelling persist after a few days, it's important to seek specialised assessment to avoid complications.<\/p>\n<h4>The importance of physiotherapy in recovery<\/h4>\n<p>Physiotherapy plays a fundamental role in tibiotarsal sprain recovery, speeding up the healing process of injured tissues and preventing sequelae such as muscle weakness and chronic instability.<\/p>\n<p>The main benefits of physiotherapy include<\/p>\n<ul>\n<li>Reduction of pain and inflammation;<\/li>\n<li>Improved joint mobility;<\/li>\n<li>Strengthening the leg and foot muscles;<\/li>\n<li>Prevention of new sprains.<\/li>\n<\/ul>\n<h2 data-start=\"2310\" data-end=\"2358\">How physiotherapy treatment is carried out<\/h2>\n<p data-start=\"2360\" data-end=\"2423\">The treatment plan is always personalised, but may include:<\/p>\n<ol>\n<li><strong> Manual therapy: <\/strong>Joint mobilisation and massage therapy help to reduce pain and restore ankle mobility.<\/li>\n<li><strong> Strengthening exercises: <\/strong>Specific exercises are recommended to strengthen the stabilising muscles of the ankle, such as the calf and fibular muscles.<\/li>\n<li><strong> Proprioception and balance: <\/strong>Proprioceptive training is essential to re-educate the neuromuscular system and prevent new injuries. Exercises with balance boards and controlled instability are commonly used.<\/li>\n<li><strong> Gradual return to activity: <\/strong>Rehabilitation also involves the gradual progression of functional exercises, preparing the patient to resume daily activities and sports safely.<\/li>\n<\/ol>\n<h4 data-start=\"2938\" data-end=\"2979\">When to see a physiotherapist<\/h4>\n<p data-start=\"2981\" data-end=\"3223\">If you've suffered a sprain and feel pain, swelling or instability, don't expect it to \u201cget better by itself\u201d.<br data-start=\"3079\" data-end=\"3082\" \/>Early treatment significantly improves recovery and reduces the risk of complications such as chronic ankle instability.<\/p>\n<p data-start=\"3225\" data-end=\"3436\">At Integrativa, we have a team of physiotherapists specialising in musculoskeletal rehabilitation and sports physiotherapy, with advanced techniques to restore function and movement.<\/p>\n<h4 data-start=\"3443\" data-end=\"3501\">Recover the health and stability of your ankle<\/h4>\n<p data-start=\"3503\" data-end=\"3702\">Don't let a sprain keep you from your activities.<\/p>\n<p data-start=\"3503\" data-end=\"3702\">\ud83d\udc49 Book your physiotherapy session at Integrativa and take the first step towards regaining confidence and mobility in your ankle.<\/p>\n\n\t\t<\/div>\n\t<\/div>\n<\/div><\/div><\/div><\/div><div class=\"vc_row wpb_row vc_row-fluid vc_custom_1680169461443\"><div class=\"wpb_column vc_column_container vc_col-sm-12\"><div class=\"vc_column-inner\"><div class=\"wpb_wrapper\">\n\t<div class=\"wpb_text_column wpb_content_element  vc_custom_1761063935896\" >\n\t\t<div class=\"wpb_wrapper\">\n\t\t\t<p style=\"text-align: right;\"><a href=\"https:\/\/integrativa.pt\/en\/integrative-team\/\"><b>Alexandra Gomes<\/b> <\/a>| Physiotherapist<\/p>\n\n\t\t<\/div>\n\t<\/div>\n<\/div><\/div><\/div><\/div><div class=\"vc_row wpb_row vc_row-fluid vc_custom_1680169461443\"><div class=\"wpb_column vc_column_container vc_col-sm-12\"><div class=\"vc_column-inner\"><div class=\"wpb_wrapper\">\n\t<div class=\"wpb_text_column wpb_content_element  vc_custom_1680169468507\" >\n\t\t<div class=\"wpb_wrapper\">\n\t\t\t<p><a title=\"Home\" href=\"https:\/\/integrativa.pt\/en\/\"><strong>Integrativa<\/strong><\/a> | Health and well-being as a lifestyle<\/p>\n\n\t\t<\/div>\n\t<\/div>\n\n\t<div class=\"wpb_text_column wpb_content_element  vc_custom_1689951960351\" >\n\t\t<div class=\"wpb_wrapper\">\n\t\t\t<h6>This website and its content are for information purposes only and are not a substitute for medical or health professional advice. Each person's treatment should be individualised and guided by health professionals. Do not make any changes to your treatment without contacting the doctor or health professional accompanying you.<\/h6>\n\n\t\t<\/div>\n\t<\/div>\n<\/div><\/div><\/div><\/div><div class=\"vc_row wpb_row vc_row-fluid\"><div class=\"wpb_column vc_column_container vc_col-sm-12\"><div class=\"vc_column-inner vc_custom_1678987635945\"><div class=\"wpb_wrapper\"><div class=\"vc_separator wpb_content_element vc_separator_align_center vc_sep_border_width_1 vc_sep_pos_align_center wpb_content_element vc_separator-has-text\"   style=\"width: 100%;\"><span class=\"vc_sep_holder vc_sep_holder_l\"><span style=\"border-top-color:#1b9193;\" class=\"vc_sep_line\"><\/span><\/span><h4>Related articles<\/h4><span class=\"vc_sep_holder vc_sep_holder_r\"><span style=\"border-top-color:#1b9193;\" class=\"vc_sep_line\"><\/span><\/span>\n<\/div><style type=\"text\/css\" data-type=\"the7_shortcodes-inline-css\">.blog-carousel-shortcode.blog-carousel-shortcode-id-dc2121cad820d5acf76d1dfcf9282c1f.dividers-on.classic-layout-list article {\n  padding-top: 0;\n}\n.blog-carousel-shortcode.blog-carousel-shortcode-id-dc2121cad820d5acf76d1dfcf9282c1f.dividers-on.classic-layout-list article:first-of-type {\n  margin-top: 0;\n  padding-top: 0;\n}\n.blog-carousel-shortcode.blog-carousel-shortcode-id-dc2121cad820d5acf76d1dfcf9282c1f.classic-layout-list.mode-list .post-entry-content {\n  width: calc(100% - );\n}\n.blog-carousel-shortcode.blog-carousel-shortcode-id-dc2121cad820d5acf76d1dfcf9282c1f.classic-layout-list.mode-list .no-img .post-entry-content {\n  width: 100%;\n}\n.blog-carousel-shortcode.blog-carousel-shortcode-id-dc2121cad820d5acf76d1dfcf9282c1f .filter-bg-decoration .filter-categories a.act {\n  color: #fff;\n}\n.blog-carousel-shortcode.blog-carousel-shortcode-id-dc2121cad820d5acf76d1dfcf9282c1f:not(.mode-masonry) article:first-of-type,\n.blog-carousel-shortcode.blog-carousel-shortcode-id-dc2121cad820d5acf76d1dfcf9282c1f:not(.mode-masonry) article.visible.first:not(.product) {\n  margin-top: 0;\n}\n.blog-carousel-shortcode.blog-carousel-shortcode-id-dc2121cad820d5acf76d1dfcf9282c1f.dividers-on:not(.mode-masonry) article {\n  margin-top: 0;\n}\n.blog-carousel-shortcode.blog-carousel-shortcode-id-dc2121cad820d5acf76d1dfcf9282c1f.dividers-on:not(.mode-masonry) article:first-of-type,\n.blog-carousel-shortcode.blog-carousel-shortcode-id-dc2121cad820d5acf76d1dfcf9282c1f.dividers-on:not(.mode-masonry) article.visible.first:not(.product) {\n  margin-top: 0;\n  padding-top: 0;\n}\n.blog-carousel-shortcode.blog-carousel-shortcode-id-dc2121cad820d5acf76d1dfcf9282c1f .post-thumbnail-wrap {\n  padding: 0px 0px 0px 0px;\n}\n.blog-carousel-shortcode.blog-carousel-shortcode-id-dc2121cad820d5acf76d1dfcf9282c1f.enable-bg-rollover .post-thumbnail-rollover:after {\n  background: -webkit-linear-gradient();\n  background: linear-gradient();\n}\n.blog-carousel-shortcode.blog-carousel-shortcode-id-dc2121cad820d5acf76d1dfcf9282c1f .gallery-zoom-ico {\n  width: 44px;\n  height: 44px;\n  line-height: 44px;\n  border-radius: 100px;\n  margin: -22px 0 0 -22px;\n  border-width: 0px;\n  color: #ffffff;\n  background: none;\n}\n.bottom-overlap-layout-list.blog-carousel-shortcode.blog-carousel-shortcode-id-dc2121cad820d5acf76d1dfcf9282c1f .gallery-zoom-ico {\n  margin-top: -72px;\n}\n.gradient-overlay-layout-list.blog-carousel-shortcode.blog-carousel-shortcode-id-dc2121cad820d5acf76d1dfcf9282c1f .gallery-zoom-ico,\n.content-rollover-layout-list.blog-carousel-shortcode.blog-carousel-shortcode-id-dc2121cad820d5acf76d1dfcf9282c1f .gallery-zoom-ico {\n  margin: 0 0 10px;\n}\n.content-align-center.gradient-overlay-layout-list.blog-carousel-shortcode.blog-carousel-shortcode-id-dc2121cad820d5acf76d1dfcf9282c1f .gallery-zoom-ico,\n.content-align-center.content-rollover-layout-list.blog-carousel-shortcode.blog-carousel-shortcode-id-dc2121cad820d5acf76d1dfcf9282c1f .gallery-zoom-ico {\n  margin: 0 auto 10px;\n}\n.dt-icon-bg-on.blog-carousel-shortcode.blog-carousel-shortcode-id-dc2121cad820d5acf76d1dfcf9282c1f .gallery-zoom-ico {\n  background: rgba(255,255,255,0.3);\n  box-shadow: none;\n}\n.blog-carousel-shortcode.blog-carousel-shortcode-id-dc2121cad820d5acf76d1dfcf9282c1f .gallery-zoom-ico > span,\n.blog-carousel-shortcode.blog-carousel-shortcode-id-dc2121cad820d5acf76d1dfcf9282c1f .gallery-zoom-ico:before {\n  font-size: 32px;\n  line-height: 44px;\n}\n.blog-carousel-shortcode.blog-carousel-shortcode-id-dc2121cad820d5acf76d1dfcf9282c1f .gallery-zoom-ico > span,\n.blog-carousel-shortcode.blog-carousel-shortcode-id-dc2121cad820d5acf76d1dfcf9282c1f .gallery-zoom-ico:before {\n  color: #ffffff;\n  background: none;\n}\n.blog-carousel-shortcode.blog-carousel-shortcode-id-dc2121cad820d5acf76d1dfcf9282c1f .entry-title,\n.blog-carousel-shortcode.blog-carousel-shortcode-id-dc2121cad820d5acf76d1dfcf9282c1f.owl-carousel .entry-title {\n  margin-bottom: 5px;\n}\n.blog-carousel-shortcode.blog-carousel-shortcode-id-dc2121cad820d5acf76d1dfcf9282c1f .entry-meta {\n  margin-bottom: 15px;\n}\n.blog-carousel-shortcode.blog-carousel-shortcode-id-dc2121cad820d5acf76d1dfcf9282c1f .portfolio-categories {\n  margin-bottom: 15px;\n}\n.blog-carousel-shortcode.blog-carousel-shortcode-id-dc2121cad820d5acf76d1dfcf9282c1f .entry-excerpt {\n  margin-bottom: 5px;\n}\n.blog-carousel-shortcode.blog-carousel-shortcode-id-dc2121cad820d5acf76d1dfcf9282c1f:not(.centered-layout-list) .post-entry-content {\n  padding: 15px 20px 20px 20px;\n}\n.blog-carousel-shortcode.blog-carousel-shortcode-id-dc2121cad820d5acf76d1dfcf9282c1f:not(.centered-layout-list):not(.content-bg-on):not(.mode-list) .no-img .post-entry-content {\n  padding: 0;\n}\n@media screen and (max-width: ) {\n  .blog-carousel-shortcode.blog-carousel-shortcode-id-dc2121cad820d5acf76d1dfcf9282c1f article {\n    -ms-flex-flow: column nowrap;\n    flex-flow: column nowrap;\n    margin-top: 20px;\n  }\n  .blog-carousel-shortcode.blog-carousel-shortcode-id-dc2121cad820d5acf76d1dfcf9282c1f.dividers-on article {\n    border: none;\n  }\n  .blog-carousel-shortcode.blog-carousel-shortcode-id-dc2121cad820d5acf76d1dfcf9282c1f.content-bg-on.centered-layout-list article {\n    padding: 0;\n  }\n  .blog-carousel-shortcode.blog-carousel-shortcode-id-dc2121cad820d5acf76d1dfcf9282c1f.blog-shortcode.dividers-on article,\n  .blog-carousel-shortcode.blog-carousel-shortcode-id-dc2121cad820d5acf76d1dfcf9282c1f.dividers-on.classic-layout-list article {\n    margin-top: 20px;\n    padding: 0;\n  }\n  .blog-carousel-shortcode.blog-carousel-shortcode-id-dc2121cad820d5acf76d1dfcf9282c1f.blog-shortcode.dividers-on article:first-of-type,\n  .blog-carousel-shortcode.blog-carousel-shortcode-id-dc2121cad820d5acf76d1dfcf9282c1f.dividers-on.classic-layout-list article:first-of-type {\n    padding: 0;\n  }\n  #page .blog-carousel-shortcode.blog-carousel-shortcode-id-dc2121cad820d5acf76d1dfcf9282c1f .post-thumbnail-wrap,\n  #page .blog-carousel-shortcode.blog-carousel-shortcode-id-dc2121cad820d5acf76d1dfcf9282c1f .post-entry-content {\n    width: 100%;\n    margin: 0;\n    top: 0;\n  }\n  #page .blog-carousel-shortcode.blog-carousel-shortcode-id-dc2121cad820d5acf76d1dfcf9282c1f .post-thumbnail-wrap {\n    padding: 0;\n  }\n  #page .blog-carousel-shortcode.blog-carousel-shortcode-id-dc2121cad820d5acf76d1dfcf9282c1f .post-entry-content:after {\n    display: none;\n  }\n  #page .blog-carousel-shortcode.blog-carousel-shortcode-id-dc2121cad820d5acf76d1dfcf9282c1f .project-even .post-thumbnail-wrap,\n  #page .blog-carousel-shortcode.blog-carousel-shortcode-id-dc2121cad820d5acf76d1dfcf9282c1f.centered-layout-list .post-thumbnail-wrap {\n    -ms-flex-order: 0;\n    order: 0;\n  }\n  #page .blog-carousel-shortcode.blog-carousel-shortcode-id-dc2121cad820d5acf76d1dfcf9282c1f.centered-layout-list .post-entry-title-content {\n    -ms-flex-order: 1;\n    order: 1;\n    width: 100%;\n    padding: 20px 20px 0;\n  }\n  #page .blog-carousel-shortcode.blog-carousel-shortcode-id-dc2121cad820d5acf76d1dfcf9282c1f.centered-layout-list .post-entry-content {\n    -ms-flex-order: 2;\n    order: 2;\n    padding-top: 0;\n  }\n  #page .blog-carousel-shortcode.blog-carousel-shortcode-id-dc2121cad820d5acf76d1dfcf9282c1f .fancy-categories {\n    top: 10px;\n    left: 10px;\n    bottom: auto;\n    right: auto;\n  }\n  #page .blog-carousel-shortcode.blog-carousel-shortcode-id-dc2121cad820d5acf76d1dfcf9282c1f .fancy-date a {\n    top: 10px;\n    right: 10px;\n    left: auto;\n    bottom: auto;\n  }\n  #page .blog-carousel-shortcode.blog-carousel-shortcode-id-dc2121cad820d5acf76d1dfcf9282c1f .post-entry-content {\n    padding: 20px;\n  }\n  #page .blog-carousel-shortcode.blog-carousel-shortcode-id-dc2121cad820d5acf76d1dfcf9282c1f .entry-title {\n    margin: 3px 0 5px;\n    font-size: 20px;\n    line-height: 26px;\n  }\n  #page .blog-carousel-shortcode.blog-carousel-shortcode-id-dc2121cad820d5acf76d1dfcf9282c1f .entry-meta {\n    margin: 5px 0 5px;\n  }\n  #page .blog-carousel-shortcode.blog-carousel-shortcode-id-dc2121cad820d5acf76d1dfcf9282c1f .entry-excerpt {\n    margin: 15px 0 0;\n  }\n  #page .blog-carousel-shortcode.blog-carousel-shortcode-id-dc2121cad820d5acf76d1dfcf9282c1f .post-details {\n    margin: 5px 0 10px;\n  }\n  #page .blog-carousel-shortcode.blog-carousel-shortcode-id-dc2121cad820d5acf76d1dfcf9282c1f .post-details.details-type-link {\n    margin-bottom: 2px;\n  }\n}\n.blog-carousel-shortcode.blog-carousel-shortcode-id-dc2121cad820d5acf76d1dfcf9282c1f.owl-carousel .owl-nav div {\n  width: 36px;\n  height: 36px;\n  border-radius: 500px;\n}\n.dt-arrow-border-on.blog-carousel-shortcode.blog-carousel-shortcode-id-dc2121cad820d5acf76d1dfcf9282c1f.owl-carousel .owl-nav div:not(:hover):before {\n  border-width: 0px;\n}\n.dt-arrow-hover-border-on.blog-carousel-shortcode.blog-carousel-shortcode-id-dc2121cad820d5acf76d1dfcf9282c1f.owl-carousel .owl-nav div:hover:after {\n  border-width: 0px;\n}\n.blog-carousel-shortcode.blog-carousel-shortcode-id-dc2121cad820d5acf76d1dfcf9282c1f.owl-carousel .owl-nav div.owl-prev {\n  top: 50%;\n  transform: translateY(calc(-50% + 0px));\n  left: -43px;\n}\n@media all and (-ms-high-contrast: none) {\n  .blog-carousel-shortcode.blog-carousel-shortcode-id-dc2121cad820d5acf76d1dfcf9282c1f.owl-carousel .owl-nav div.owl-prev {\n    transform: translateY(-50%);\n    margin-top: 0px;\n  }\n}\n.blog-carousel-shortcode.blog-carousel-shortcode-id-dc2121cad820d5acf76d1dfcf9282c1f.owl-carousel .owl-nav div.owl-prev i {\n  padding: 0px 0px 0px 0px;\n}\n.blog-carousel-shortcode.blog-carousel-shortcode-id-dc2121cad820d5acf76d1dfcf9282c1f.owl-carousel .owl-nav div.owl-next {\n  top: 50%;\n  transform: translateY(calc(-50% + 0px));\n  right: -43px;\n}\n@media all and (-ms-high-contrast: none) {\n  .blog-carousel-shortcode.blog-carousel-shortcode-id-dc2121cad820d5acf76d1dfcf9282c1f.owl-carousel .owl-nav div.owl-next {\n    transform: translateY(-50%);\n    margin-top: 0px;\n  }\n}\n.blog-carousel-shortcode.blog-carousel-shortcode-id-dc2121cad820d5acf76d1dfcf9282c1f.owl-carousel .owl-nav div.owl-next i {\n  padding: 0px 0px 0px 0px;\n}\n.blog-carousel-shortcode.blog-carousel-shortcode-id-dc2121cad820d5acf76d1dfcf9282c1f.owl-carousel .owl-nav i {\n  font-size: 18px;\n}\n.blog-carousel-shortcode.blog-carousel-shortcode-id-dc2121cad820d5acf76d1dfcf9282c1f.owl-carousel .owl-nav div:not(:hover) i,\n.blog-carousel-shortcode.blog-carousel-shortcode-id-dc2121cad820d5acf76d1dfcf9282c1f.owl-carousel .owl-nav div:not(:hover) i:before {\n  color: #ffffff;\n  background: none;\n}\n.blog-carousel-shortcode.blog-carousel-shortcode-id-dc2121cad820d5acf76d1dfcf9282c1f.owl-carousel .owl-nav div:hover i,\n.blog-carousel-shortcode.blog-carousel-shortcode-id-dc2121cad820d5acf76d1dfcf9282c1f.owl-carousel .owl-nav div:hover i:before {\n  color: rgba(255,255,255,0.75);\n  background: none;\n}\n.blog-carousel-shortcode.blog-carousel-shortcode-id-dc2121cad820d5acf76d1dfcf9282c1f .owl-dots {\n  top: calc(100% + 20px);\n  left: 50%;\n  transform: translateX(calc(-50% + 0px));\n}\n@media all and (-ms-high-contrast: none) {\n  .blog-carousel-shortcode.blog-carousel-shortcode-id-dc2121cad820d5acf76d1dfcf9282c1f .owl-dots {\n    transform: translateX(-50%);\n    margin-left: 0px;\n  }\n}\n.blog-carousel-shortcode.blog-carousel-shortcode-id-dc2121cad820d5acf76d1dfcf9282c1f .owl-dot {\n  width: 10px;\n  height: 10px;\n  margin: 0 8px;\n}\n@media screen and (max-width: 778px) {\n  .blog-carousel-shortcode.blog-carousel-shortcode-id-dc2121cad820d5acf76d1dfcf9282c1f.hide-arrows .owl-nav a {\n    display: none;\n  }\n}\n@media screen and (max-width: 778px) {\n  .blog-carousel-shortcode.blog-carousel-shortcode-id-dc2121cad820d5acf76d1dfcf9282c1f.reposition-arrows .owl-nav .owl-prev {\n    top: 50%;\n    transform: translateY(calc(-50% + 0px));\n    left: 10px;\n  }\n  .blog-carousel-shortcode.blog-carousel-shortcode-id-dc2121cad820d5acf76d1dfcf9282c1f.reposition-arrows .owl-nav .owl-next {\n    top: 50%;\n    transform: translateY(calc(-50% + 0px));\n    right: 10px;\n  }\n}\n@media screen and (max-width: 778px) and all and (-ms-high-contrast: none) {\n  .blog-carousel-shortcode.blog-carousel-shortcode-id-dc2121cad820d5acf76d1dfcf9282c1f.reposition-arrows .owl-nav .owl-prev {\n    transform: translateY(-50%);\n    margin-top: 0px;\n  }\n}\n@media screen and (max-width: 778px) and all and (-ms-high-contrast: none) {\n  .blog-carousel-shortcode.blog-carousel-shortcode-id-dc2121cad820d5acf76d1dfcf9282c1f.reposition-arrows .owl-nav .owl-next {\n    transform: translateY(-50%);\n    margin-top: 0px;\n  }\n}<\/style><div class=\"owl-carousel blog-carousel-shortcode dt-owl-carousel-call blog-carousel-shortcode-id-dc2121cad820d5acf76d1dfcf9282c1f classic-layout-list scale-img dt-icon-bg-off dt-arrow-border-on dt-arrow-hover-border-on meta-info-off bullets-small-dot-stroke reposition-arrows arrows-bg-on disable-arrows-hover-bg arrows-hover-bg-on\" data-scroll-mode=\"1\" data-col-num=\"3\" data-wide-col-num=\"4\" data-laptop-col=\"3\" data-h-tablet-columns-num=\"3\" data-v-tablet-columns-num=\"2\" data-phone-columns-num=\"1\" data-auto-height=\"true\" data-col-gap=\"30\" data-stage-padding=\"0\" data-speed=\"600\" data-autoplay=\"false\" data-autoplay_speed=\"6000\" data-arrows=\"true\" data-bullet=\"false\" data-next-icon=\"icon-ar-017-r\" data-prev-icon=\"icon-ar-017-l\"><article class=\"post post-336 type-post status-publish format-standard has-post-thumbnail hentry category-atletas category-fisioterapia category-pilates-clinico tag-fisioterapia tag-pilates tag-pilates-clinico category-40 category-6 category-9 description-off\" data-name=\"Pilates Cl\u00ednico j\u00e1 alguma vez ouviu falar?\" data-date=\"2020-09-22T09:44:00+00:00\">\n\n<div class=\"post-thumbnail-wrap\">\n\t<div class=\"post-thumbnail\">\n\t\t\n\t\t\n\t\t<a href=\"https:\/\/integrativa.pt\/en\/pilates-clinico-ja-alguma-vez-ouviu-falar\/\" class=\"post-thumbnail-rollover layzr-bg\" ><img fetchpriority=\"high\" decoding=\"async\" class=\"preload-me owl-lazy-load aspect\" src=\"data:image\/svg+xml,%3Csvg%20xmlns%3D&#39;http%3A%2F%2Fwww.w3.org%2F2000%2Fsvg&#39;%20viewBox%3D&#39;0%200%20768%20512&#39;%2F%3E\" data-src=\"https:\/\/integrativa.pt\/wp-content\/uploads\/2025\/10\/Pilates-Clinico-Belem-Lisboa-Restelo-5-768x512.webp\" data-srcset=\"https:\/\/integrativa.pt\/wp-content\/uploads\/2025\/10\/Pilates-Clinico-Belem-Lisboa-Restelo-5-768x512.webp 768w, https:\/\/integrativa.pt\/wp-content\/uploads\/2025\/10\/Pilates-Clinico-Belem-Lisboa-Restelo-5-1152x768.webp 1152w\" loading=\"eager\" style=\"--ratio: 768 \/ 512\" sizes=\"(max-width: 768px) 100vw, 768px\" alt=\"\" title=\"Pilates Clinic Bel\u00e9m Lisboa Restelo (5)\" width=\"768\" height=\"512\"  \/><\/a>\t<\/div>\n<\/div>\n\n\n<div class=\"post-entry-content\">\n\n\t<h3 class=\"entry-title\">\n\t\t<a href=\"https:\/\/integrativa.pt\/en\/pilates-clinico-ja-alguma-vez-ouviu-falar\/\" title=\"Have you ever heard of Clinical Pilates?\" rel=\"bookmark\">Have you ever heard of Clinical Pilates?<\/a>\n\t<\/h3>\n\n\t\n\t\n\t\n<a href=\"https:\/\/integrativa.pt\/en\/pilates-clinico-ja-alguma-vez-ouviu-falar\/\" class=\"post-details details-type-link\" aria-label=\"Have you ever heard of Clinical Pilates?\">Read more<i class=\"dt-icon-the7-arrow-03\" aria-hidden=\"true\"><\/i><\/a>\n\n<\/div><\/article><article class=\"post post-347 type-post status-publish format-standard has-post-thumbnail hentry category-fisioterapia category-fisioterapia-desportiva category-fisioterapia-musculo-esqueletica tag-fisioterapeuta tag-fisioterapia category-6 category-55 category-54 description-off\" data-name=\"Ser\u00e1 que deve fazer gelo ap\u00f3s uma les\u00e3o? Pratique PEACE &#038; LOVE\" data-date=\"2020-09-22T10:36:35+00:00\">\n\n<div class=\"post-thumbnail-wrap\">\n\t<div class=\"post-thumbnail\">\n\t\t\n\t\t\n\t\t<a href=\"https:\/\/integrativa.pt\/en\/sera-que-deve-fazer-gelo-apos-uma-lesao-pratique-peace-love\/\" class=\"post-thumbnail-rollover layzr-bg\" ><img decoding=\"async\" class=\"preload-me owl-lazy-load aspect\" src=\"data:image\/svg+xml,%3Csvg%20xmlns%3D&#39;http%3A%2F%2Fwww.w3.org%2F2000%2Fsvg&#39;%20viewBox%3D&#39;0%200%20768%20512&#39;%2F%3E\" data-src=\"https:\/\/integrativa.pt\/wp-content\/uploads\/2020\/09\/Frio-ou-Calor-fisioterapia-tendinite-768x512.webp\" data-srcset=\"https:\/\/integrativa.pt\/wp-content\/uploads\/2020\/09\/Frio-ou-Calor-fisioterapia-tendinite-768x512.webp 768w, https:\/\/integrativa.pt\/wp-content\/uploads\/2020\/09\/Frio-ou-Calor-fisioterapia-tendinite-1152x768.webp 1152w\" loading=\"eager\" style=\"--ratio: 768 \/ 512\" sizes=\"(max-width: 768px) 100vw, 768px\" alt=\"\" title=\"Cold or Heat physiotherapy tendonitis\" width=\"768\" height=\"512\"  \/><\/a>\t<\/div>\n<\/div>\n\n\n<div class=\"post-entry-content\">\n\n\t<h3 class=\"entry-title\">\n\t\t<a href=\"https:\/\/integrativa.pt\/en\/sera-que-deve-fazer-gelo-apos-uma-lesao-pratique-peace-love\/\" title=\"Should you ice after an injury? Practise PEACE &amp; LOVE\" rel=\"bookmark\">Should you ice after an injury? Practise PEACE &amp; LOVE<\/a>\n\t<\/h3>\n\n\t\n\t\n\t\n<a href=\"https:\/\/integrativa.pt\/en\/sera-que-deve-fazer-gelo-apos-uma-lesao-pratique-peace-love\/\" class=\"post-details details-type-link\" aria-label=\"Read more about Should you ice an injury? Practise PEACE &amp; LOVE\">Read more<i class=\"dt-icon-the7-arrow-03\" aria-hidden=\"true\"><\/i><\/a>\n\n<\/div><\/article><article class=\"post post-7015 type-post status-publish format-standard has-post-thumbnail hentry category-fisioterapia category-fisioterapia-musculo-esqueletica tag-fisioterapia tag-osteopatia tag-pilates-clinico category-6 category-54 description-off\" data-name=\"Conflito femoroacetabular: como a fisioterapia pode ajudar a aliviar a dor na anca e reduzir o risco de cirurgia\" data-date=\"2026-02-16T16:30:05+00:00\">\n\n<div class=\"post-thumbnail-wrap\">\n\t<div class=\"post-thumbnail\">\n\t\t\n\t\t\n\t\t<a href=\"https:\/\/integrativa.pt\/en\/conflito-femoroacetabular-como-a-fisioterapia-pode-ajudar-a-aliviar-a-dor-na-anca-e-reduzir-o-risco-de-cirurgia\/\" class=\"post-thumbnail-rollover layzr-bg\" ><img decoding=\"async\" class=\"preload-me owl-lazy-load aspect\" src=\"data:image\/svg+xml,%3Csvg%20xmlns%3D&#39;http%3A%2F%2Fwww.w3.org%2F2000%2Fsvg&#39;%20viewBox%3D&#39;0%200%20768%20512&#39;%2F%3E\" data-src=\"https:\/\/integrativa.pt\/wp-content\/uploads\/2025\/11\/Anca-Integrativa-Fisioterapia-Lisboa-768x512.webp\" data-srcset=\"https:\/\/integrativa.pt\/wp-content\/uploads\/2025\/11\/Anca-Integrativa-Fisioterapia-Lisboa-768x512.webp 768w, https:\/\/integrativa.pt\/wp-content\/uploads\/2025\/11\/Anca-Integrativa-Fisioterapia-Lisboa-1152x768.webp 1152w\" loading=\"eager\" style=\"--ratio: 768 \/ 512\" sizes=\"(max-width: 768px) 100vw, 768px\" alt=\"\" title=\"Integrative Hip Physiotherapy Lisbon\" width=\"768\" height=\"512\"  \/><\/a>\t<\/div>\n<\/div>\n\n\n<div class=\"post-entry-content\">\n\n\t<h3 class=\"entry-title\">\n\t\t<a href=\"https:\/\/integrativa.pt\/en\/conflito-femoroacetabular-como-a-fisioterapia-pode-ajudar-a-aliviar-a-dor-na-anca-e-reduzir-o-risco-de-cirurgia\/\" title=\"Femoroacetabular impingement: how physiotherapy can help relieve hip pain and reduce the risk of surgery\" rel=\"bookmark\">Femoroacetabular impingement: how physiotherapy can help relieve hip pain and reduce the risk of surgery<\/a>\n\t<\/h3>\n\n\t\n\t\n\t\n<a href=\"https:\/\/integrativa.pt\/en\/conflito-femoroacetabular-como-a-fisioterapia-pode-ajudar-a-aliviar-a-dor-na-anca-e-reduzir-o-risco-de-cirurgia\/\" class=\"post-details details-type-link\" aria-label=\"Read more about Femoroacetabular Impingement: How Physiotherapy Can Help Relieve Hip Pain and Reduce the Risk of Surgery\">Read more<i class=\"dt-icon-the7-arrow-03\" aria-hidden=\"true\"><\/i><\/a>\n\n<\/div><\/article><article class=\"post post-2993 type-post status-publish format-standard has-post-thumbnail hentry category-atm category-bruxismo category-dores-de-cabeca category-fisioterapia category-osteopata-david-brandao category-osteopatia-integrativa-osteopatia category-osteopatia-integrativa tag-fisioterapia tag-osteopatia tag-pilates-clinico category-41 category-135 category-52 category-6 category-33 category-34 category-32 description-off\" data-name=\"Fisioterapia na dor orofacial e a rela\u00e7\u00e3o com a articula\u00e7\u00e3o temporomandibular\" data-date=\"2024-03-04T14:37:15+00:00\">\n\n<div class=\"post-thumbnail-wrap\">\n\t<div class=\"post-thumbnail\">\n\t\t\n\t\t\n\t\t<a href=\"https:\/\/integrativa.pt\/en\/fisioterapia-na-dor-orofacial-e-a-relacao-com-a-articulacao-temporomandibular\/\" class=\"post-thumbnail-rollover layzr-bg\" ><img decoding=\"async\" class=\"preload-me owl-lazy-load aspect\" src=\"data:image\/svg+xml,%3Csvg%20xmlns%3D&#39;http%3A%2F%2Fwww.w3.org%2F2000%2Fsvg&#39;%20viewBox%3D&#39;0%200%20768%20512&#39;%2F%3E\" data-src=\"https:\/\/integrativa.pt\/wp-content\/uploads\/2024\/03\/ATM-Integrativa-Fisioterapia-Osteopatia-768x512.webp\" data-srcset=\"https:\/\/integrativa.pt\/wp-content\/uploads\/2024\/03\/ATM-Integrativa-Fisioterapia-Osteopatia-768x512.webp 768w, https:\/\/integrativa.pt\/wp-content\/uploads\/2024\/03\/ATM-Integrativa-Fisioterapia-Osteopatia-1152x768.webp 1152w\" loading=\"eager\" style=\"--ratio: 768 \/ 512\" sizes=\"(max-width: 768px) 100vw, 768px\" alt=\"\" title=\"Integrative ATM Physiotherapy Osteopathy\" width=\"768\" height=\"512\"  \/><\/a>\t<\/div>\n<\/div>\n\n\n<div class=\"post-entry-content\">\n\n\t<h3 class=\"entry-title\">\n\t\t<a href=\"https:\/\/integrativa.pt\/en\/fisioterapia-na-dor-orofacial-e-a-relacao-com-a-articulacao-temporomandibular\/\" title=\"Physiotherapy in orofacial pain and the relationship with the temporomandibular joint\" rel=\"bookmark\">Physiotherapy in orofacial pain and the relationship with the temporomandibular joint<\/a>\n\t<\/h3>\n\n\t\n\t\n\t\n<a href=\"https:\/\/integrativa.pt\/en\/fisioterapia-na-dor-orofacial-e-a-relacao-com-a-articulacao-temporomandibular\/\" class=\"post-details details-type-link\" aria-label=\"Read more about Physiotherapy in orofacial pain and its relationship with the temporomandibular joint\">Read more<i class=\"dt-icon-the7-arrow-03\" aria-hidden=\"true\"><\/i><\/a>\n\n<\/div><\/article><article class=\"post post-427 type-post status-publish format-standard has-post-thumbnail hentry category-4-pilares-da-saude category-atividade-fisica category-fisioterapia tag-atividade-fisica category-35 category-38 category-6 description-off\" data-name=\"Atividade f\u00edsica e sa\u00fade: a import\u00e2ncia do movimento ao longo da vida\" data-date=\"2020-10-26T12:57:08+00:00\">\n\n<div class=\"post-thumbnail-wrap\">\n\t<div class=\"post-thumbnail\">\n\t\t\n\t\t\n\t\t<a href=\"https:\/\/integrativa.pt\/en\/atividade-fisica-e-saude-a-importancia-do-movimento-ao-longo-da-vida\/\" class=\"post-thumbnail-rollover layzr-bg\" ><img decoding=\"async\" class=\"preload-me owl-lazy-load aspect\" src=\"data:image\/svg+xml,%3Csvg%20xmlns%3D&#39;http%3A%2F%2Fwww.w3.org%2F2000%2Fsvg&#39;%20viewBox%3D&#39;0%200%20768%20512&#39;%2F%3E\" data-src=\"https:\/\/integrativa.pt\/wp-content\/uploads\/2020\/10\/Integrativa-768x512.webp\" data-srcset=\"https:\/\/integrativa.pt\/wp-content\/uploads\/2020\/10\/Integrativa-768x512.webp 768w, https:\/\/integrativa.pt\/wp-content\/uploads\/2020\/10\/Integrativa-1152x768.webp 1152w\" loading=\"eager\" style=\"--ratio: 768 \/ 512\" sizes=\"(max-width: 768px) 100vw, 768px\" alt=\"\" title=\"Integrativa\" width=\"768\" height=\"512\"  \/><\/a>\t<\/div>\n<\/div>\n\n\n<div class=\"post-entry-content\">\n\n\t<h3 class=\"entry-title\">\n\t\t<a href=\"https:\/\/integrativa.pt\/en\/atividade-fisica-e-saude-a-importancia-do-movimento-ao-longo-da-vida\/\" title=\"Physical activity and health: the importance of movement throughout life\" rel=\"bookmark\">Physical activity and health: the importance of movement throughout life<\/a>\n\t<\/h3>\n\n\t\n\t\n\t\n<a href=\"https:\/\/integrativa.pt\/en\/atividade-fisica-e-saude-a-importancia-do-movimento-ao-longo-da-vida\/\" class=\"post-details details-type-link\" aria-label=\"Read more about Physical activity and health: the importance of movement throughout life\">Read more<i class=\"dt-icon-the7-arrow-03\" aria-hidden=\"true\"><\/i><\/a>\n\n<\/div><\/article><article class=\"post post-2932 type-post status-publish format-standard has-post-thumbnail hentry category-fisioterapia tag-fisioterapia tag-osteopatia tag-pilates-clinico category-6 description-off\" data-name=\"Fisioterapia Respirat\u00f3ria para pacientes com doen\u00e7as respirat\u00f3rias cr\u00f3nicas na preven\u00e7\u00e3o de complica\u00e7\u00f5es nas infe\u00e7\u00f5es\" data-date=\"2024-01-22T13:44:38+00:00\">\n\n<div class=\"post-thumbnail-wrap\">\n\t<div class=\"post-thumbnail\">\n\t\t\n\t\t\n\t\t<a href=\"https:\/\/integrativa.pt\/en\/fisioterapia-respiratoria-para-pacientes-com-doencas-respiratorias-cronicas-na-prevencao-de-complicacoes-nas-infecoes\/\" class=\"post-thumbnail-rollover layzr-bg\" ><img decoding=\"async\" class=\"preload-me owl-lazy-load aspect\" src=\"data:image\/svg+xml,%3Csvg%20xmlns%3D&#39;http%3A%2F%2Fwww.w3.org%2F2000%2Fsvg&#39;%20viewBox%3D&#39;0%200%20768%20512&#39;%2F%3E\" data-src=\"https:\/\/integrativa.pt\/wp-content\/uploads\/2024\/01\/Fisioterapia-Respiratoria-scaled-768x512.jpg\" data-srcset=\"https:\/\/integrativa.pt\/wp-content\/uploads\/2024\/01\/Fisioterapia-Respiratoria-scaled-768x512.jpg 768w, https:\/\/integrativa.pt\/wp-content\/uploads\/2024\/01\/Fisioterapia-Respiratoria-scaled-1152x768.jpg 1152w\" loading=\"eager\" style=\"--ratio: 768 \/ 512\" sizes=\"(max-width: 768px) 100vw, 768px\" alt=\"\" title=\"Respiratory Physiotherapy\" width=\"768\" height=\"512\"  \/><\/a>\t<\/div>\n<\/div>\n\n\n<div class=\"post-entry-content\">\n\n\t<h3 class=\"entry-title\">\n\t\t<a href=\"https:\/\/integrativa.pt\/en\/fisioterapia-respiratoria-para-pacientes-com-doencas-respiratorias-cronicas-na-prevencao-de-complicacoes-nas-infecoes\/\" title=\"Respiratory physiotherapy for patients with chronic respiratory diseases to prevent infection complications\" rel=\"bookmark\">Respiratory physiotherapy for patients with chronic respiratory diseases to prevent infection complications<\/a>\n\t<\/h3>\n\n\t\n\t\n\t\n<a href=\"https:\/\/integrativa.pt\/en\/fisioterapia-respiratoria-para-pacientes-com-doencas-respiratorias-cronicas-na-prevencao-de-complicacoes-nas-infecoes\/\" class=\"post-details details-type-link\" aria-label=\"Read more about Respiratory physiotherapy for patients with chronic respiratory diseases to prevent infection complications\">Read more<i class=\"dt-icon-the7-arrow-03\" aria-hidden=\"true\"><\/i><\/a>\n\n<\/div><\/article><\/div><\/div><\/div><\/div><\/div>\n<\/div>","protected":false},"excerpt":{"rendered":"<p>What is a tibiotarsal sprain? A tibiotarsal sprain, better known as an ankle sprain, is one of the most common injuries in athletes and physically active people. It occurs when the ligaments in the ankle are stretched beyond their normal limit or suffer small tears, usually due to a sudden movement, imbalance or improper twisting. Causes...<\/p>","protected":false},"author":1,"featured_media":4511,"comment_status":"closed","ping_status":"open","sticky":false,"template":"","format":"standard","meta":{"inline_featured_image":false,"footnotes":""},"categories":[6,55,54],"tags":[4,27,8],"class_list":["post-3742","post","type-post","status-publish","format-standard","has-post-thumbnail","hentry","category-fisioterapia","category-fisioterapia-desportiva","category-fisioterapia-musculo-esqueletica","tag-fisioterapia","tag-osteopatia","tag-pilates-clinico","category-6","category-55","category-54","description-off"],"_links":{"self":[{"href":"https:\/\/integrativa.pt\/en\/wp-json\/wp\/v2\/posts\/3742","targetHints":{"allow":["GET"]}}],"collection":[{"href":"https:\/\/integrativa.pt\/en\/wp-json\/wp\/v2\/posts"}],"about":[{"href":"https:\/\/integrativa.pt\/en\/wp-json\/wp\/v2\/types\/post"}],"author":[{"embeddable":true,"href":"https:\/\/integrativa.pt\/en\/wp-json\/wp\/v2\/users\/1"}],"replies":[{"embeddable":true,"href":"https:\/\/integrativa.pt\/en\/wp-json\/wp\/v2\/comments?post=3742"}],"version-history":[{"count":0,"href":"https:\/\/integrativa.pt\/en\/wp-json\/wp\/v2\/posts\/3742\/revisions"}],"wp:featuredmedia":[{"embeddable":true,"href":"https:\/\/integrativa.pt\/en\/wp-json\/wp\/v2\/media\/4511"}],"wp:attachment":[{"href":"https:\/\/integrativa.pt\/en\/wp-json\/wp\/v2\/media?parent=3742"}],"wp:term":[{"taxonomy":"category","embeddable":true,"href":"https:\/\/integrativa.pt\/en\/wp-json\/wp\/v2\/categories?post=3742"},{"taxonomy":"post_tag","embeddable":true,"href":"https:\/\/integrativa.pt\/en\/wp-json\/wp\/v2\/tags?post=3742"}],"curies":[{"name":"wp","href":"https:\/\/api.w.org\/{rel}","templated":true}]}}