{"id":3817,"date":"2025-07-29T09:45:52","date_gmt":"2025-07-29T09:45:52","guid":{"rendered":"https:\/\/integrativa.pt\/?p=3817"},"modified":"2026-02-01T11:04:42","modified_gmt":"2026-02-01T11:04:42","slug":"muscle-tension-because-stretching-doesnt-always-resolve-discomfort","status":"publish","type":"post","link":"https:\/\/integrativa.pt\/en\/tensao-muscular-porque-alongar-nem-sempre-resolve-o-desconforto\/","title":{"rendered":"Muscle tension: why stretching doesn't always solve the discomfort"},"content":{"rendered":"<div class=\"wpb-content-wrapper\" id=\"wpb-content-root\"><div class=\"vc_row wpb_row vc_row-fluid\"><div class=\"wpb_column vc_column_container vc_col-sm-12\"><div class=\"vc_column-inner\"><div class=\"wpb_wrapper\">\n\t<div class=\"wpb_text_column wpb_content_element\" >\n\t\t<div class=\"wpb_wrapper\">\n\t\t\t<p data-start=\"70\" data-end=\"399\">When areas of tension appear in the body, the most common impulse is to lengthen or \u201cstretch\u201d the muscles in an attempt to relieve the discomfort. This automatic response is deeply rooted in the perception that muscle stiffness alone is the problem. However, from a clinical point of view, this association is not always correct.<\/p>\n<p data-start=\"401\" data-end=\"658\">In many cases, forced stretching not only doesn't resolve the source of the tension, but can also contribute to maintaining it. Before intervening directly on the muscle, it is important to understand the mechanisms that are supporting this increase in tone.<\/p>\n<h4 data-start=\"660\" data-end=\"710\">The urge to stretch when muscles are tense<\/h4>\n<p data-start=\"712\" data-end=\"1024\">Muscle discomfort is often interpreted as a sign of shortening or lack of flexibility. This interpretation almost automatically leads to an attempt to intensely stretch the symptomatic area. However, this approach ignores the functional and neurological context in which the tension manifests itself.<\/p>\n<p data-start=\"1026\" data-end=\"1279\">Muscles don't work in isolation. They respond continuously to stimuli from the nervous system, mechanical load, posture and the overall state of the body. Therefore, the sensation of stiffness may just be the final expression of a more complex process.<\/p>\n<h4 data-start=\"1281\" data-end=\"1326\">Why tense muscles appear in the body<\/h4>\n<p data-start=\"1328\" data-end=\"1673\">Muscle tension is often associated with an organism's state of alertness. This state can be triggered by <em>stress<\/em> physical, emotional, postural or functional. Faced with these demands, the nervous system increases muscle tone as a form of protection, with the aim of stabilising joints and safeguarding deeper tissues.<\/p>\n<p data-start=\"1675\" data-end=\"1942\">In this context, the muscle is not randomly \u201cstuck\u201d or rigid. It is fulfilling an adaptive function. Forcing it to stretch can be interpreted by the body as an additional threat, leading to a reflex increase in tension and the persistence of discomfort.<\/p>\n<h4 data-start=\"1944\" data-end=\"2007\">Muscle tension as an adaptive response of the nervous system<\/h4>\n<p data-start=\"2009\" data-end=\"2289\">The autonomic nervous system plays a central role in regulating muscle tone. When sympathetic activation predominates, associated with prolonged states of <em>stress<\/em> your hypervigilance, the body remains prepared to react, which translates into sustained muscle contraction.<\/p>\n<p data-start=\"2291\" data-end=\"2514\">In this scenario, the muscle is not the primary cause, but rather a mediator of the body's overall response. Intervening only at a local level, without considering this framework, tends to produce limited or transient results.<\/p>\n<h4 data-start=\"2516\" data-end=\"2570\">When muscle tension is not originating from the muscle<\/h4>\n<p data-start=\"2572\" data-end=\"2746\">Clinical practice shows that persistent muscle tension is often associated with factors that are not localised to the muscle itself. Among the most common are:<\/p>\n<ul>\n<li data-start=\"2748\" data-end=\"3239\">Dysregulation of the autonomic nervous system, associated with states of <em>stress<\/em> chronic, anxiety or insufficient recovery<\/li>\n<li data-start=\"2748\" data-end=\"3239\">Joint restrictions, which limit mobility and force the body to resort to compensatory patterns<\/li>\n<li data-start=\"2748\" data-end=\"3239\">Visceral influence, in which changes in the mobility of internal organs are reflected in muscle tone through fascial and neurological connections<\/li>\n<li data-start=\"2748\" data-end=\"3239\">Accumulated fatigue and functional overload, in which the muscle acts as a protective mechanism for more vulnerable tissues<\/li>\n<\/ul>\n<p data-start=\"3241\" data-end=\"3365\">In these contexts, muscle tension should be understood as a clinical sign and not just as a local problem to be corrected.<\/p>\n<h4 data-start=\"3367\" data-end=\"3414\">Why forceful stretching can perpetuate pain<\/h4>\n<p data-start=\"3416\" data-end=\"3689\">When a muscle is in a state of protection, intense stretching can increase the perception of threat. This response can reinforce the nervous system's defence mechanisms, resulting in greater stiffness, prolonged discomfort or rapid reappearance of symptoms.<\/p>\n<p data-start=\"3691\" data-end=\"3956\">Sustained relief rarely results from interventions that ignore the body's need for safety and regulation. The most effective clinical response involves creating conditions for the body to reduce its state of alertness and progressively reorganise movement.<\/p>\n<h4 data-start=\"3958\" data-end=\"4026\">More suitable clinical strategies than intense stretching<\/h4>\n<p data-start=\"4028\" data-end=\"4241\">Rather than insisting on painful or repetitive stretching, the approach can benefit from strategies that promote regulation, adaptation and functional efficiency. Clinically used options include:<\/p>\n<ul>\n<li data-start=\"4243\" data-end=\"5137\">Osteopathic and integrative manual techniques aimed at releasing joint and fascial restrictions<\/li>\n<li data-start=\"4243\" data-end=\"5137\">Diaphragmatic breathing and breathing exercises, with a direct impact on the modulation of the autonomic nervous system<\/li>\n<li data-start=\"4243\" data-end=\"5137\">Conscious and progressive movement, facilitating the reorganisation of motor control without increasing the load<\/li>\n<li data-start=\"4243\" data-end=\"5137\">Slow joint mobilisations and gentle active stretching, respecting the tissues' response<\/li>\n<li data-start=\"4243\" data-end=\"5137\">Gentle myofascial release, manual or with appropriate tools, without inducing pain<\/li>\n<li data-start=\"4243\" data-end=\"5137\">Postural and stability work, reducing sustained compensatory patterns<\/li>\n<li data-start=\"4243\" data-end=\"5137\">Regular movement breaks throughout the day, preventing overload and prolonged immobility<\/li>\n<li data-start=\"4243\" data-end=\"5137\">Management strategies <em>stress,<\/em> such as mindfulness practices or heart coherence exercises<\/li>\n<li data-start=\"4243\" data-end=\"5137\">Pay attention to recovery, including adequate hydration and rest management<\/li>\n<\/ul>\n<h4 data-start=\"5139\" data-end=\"5208\">Understanding muscle tension from an integrative perspective<\/h4>\n<p data-start=\"0\" data-end=\"423\">The presence of persistent tension, recurring pain or a lack of response to stretching may suggest the need for a more comprehensive physiotherapy or osteopathic assessment. This assessment seeks to identify possible factors associated with the maintenance of tension, taking into account the functioning of the nervous system, joint mobility, movement patterns and daily functional load.<\/p>\n<p data-start=\"425\" data-end=\"662\">Through this process, restrictions, compensations and protective strategies can be identified that the body has developed over time, often not consciously, in response to physical and functional demands.<\/p>\n<p data-start=\"664\" data-end=\"1133\" data-is-last-node=\"\" data-is-only-node=\"\">By intervening on the mechanisms that seem to contribute to tension, while respecting the body's ability to adapt, it may be possible to support the reorganisation of functional balance and facilitate more efficient adaptation to the demands of everyday life. This approach makes it possible to guide the intervention in an individualised way, adjusted to the specific needs of each person, with attention to functionality, the regulation of muscle tone and the quality of movement.<\/p>\n\n\t\t<\/div>\n\t<\/div>\n<\/div><\/div><\/div><\/div><div class=\"vc_row wpb_row vc_row-fluid vc_custom_1680169461443\"><div class=\"wpb_column vc_column_container vc_col-sm-12\"><div class=\"vc_column-inner\"><div class=\"wpb_wrapper\">\n\t<div class=\"wpb_text_column wpb_content_element  vc_custom_1769875037865\" >\n\t\t<div class=\"wpb_wrapper\">\n\t\t\t<p style=\"text-align: right;\"><a title=\"Osteopath - Physiotherapist David Brand\u00e3o\" href=\"https:\/\/integrativa.pt\/en\/osteopata-fisioterapeuta-david-brandao\/\"><strong>David Brand\u00e3o<\/strong> <\/a>| Osteopath, Physiotherapist and Clinical Pilates Instructor<\/p>\n<h6 style=\"text-align: right;\">Physiotherapist Card: 3652 | Order of Physiotherapists \/\/ Osteopath Card: C-0031697 | ACSS<\/h6>\n\n\t\t<\/div>\n\t<\/div>\n<style type=\"text\/css\" data-type=\"the7_shortcodes-inline-css\">.dt-shortcode-soc-icons.soc-icons-d45686d09a63baba6497efe6c6ad3c1e a {\n  margin-right: 4px;\n}\n.dt-shortcode-soc-icons a.soc-icons-d45686d09a63baba6497efe6c6ad3c1e {\n  margin-right: 4px;\n}\n.dt-shortcode-soc-icons a.soc-icons-d45686d09a63baba6497efe6c6ad3c1e:last-child {\n  margin-right: 0;\n}\n.dt-shortcode-soc-icons a.soc-icons-d45686d09a63baba6497efe6c6ad3c1e:before,\n.dt-shortcode-soc-icons a.soc-icons-d45686d09a63baba6497efe6c6ad3c1e:after {\n  padding: inherit;\n}\n.dt-shortcode-soc-icons a.soc-icons-d45686d09a63baba6497efe6c6ad3c1e.dt-icon-border-on:before {\n  border:  solid ;\n}\n.dt-shortcode-soc-icons a.soc-icons-d45686d09a63baba6497efe6c6ad3c1e.dt-icon-hover-border-on:after {\n  border:  solid ;\n}<\/style><div class=\"dt-shortcode-soc-icons  soc-icons-d45686d09a63baba6497efe6c6ad3c1e soc-icons-right\" ><style type=\"text\/css\" data-type=\"the7_shortcodes-inline-css\">.dt-shortcode-soc-icons a.single-soc-icon-4e4f278c408213ddb82c8b416bc69fdc {\n  min-width: 26px;\n  min-height: 26px;\n  font-size: 16px;\n  border-radius: 100px;\n}\n.dt-shortcode-soc-icons a.single-soc-icon-4e4f278c408213ddb82c8b416bc69fdc:last-child {\n  margin-right: 0;\n}\n.dt-shortcode-soc-icons a.single-soc-icon-4e4f278c408213ddb82c8b416bc69fdc:before,\n.dt-shortcode-soc-icons a.single-soc-icon-4e4f278c408213ddb82c8b416bc69fdc:after {\n  min-width: 26px;\n  min-height: 26px;\n  padding: inherit;\n}\n.dt-shortcode-soc-icons a.single-soc-icon-4e4f278c408213ddb82c8b416bc69fdc.dt-icon-border-on:before {\n  border: 0px solid ;\n}\n.dt-shortcode-soc-icons a.single-soc-icon-4e4f278c408213ddb82c8b416bc69fdc.dt-icon-hover-border-on:after {\n  border: 0px solid ;\n}\n.dt-shortcode-soc-icons a.single-soc-icon-4e4f278c408213ddb82c8b416bc69fdc:hover {\n  font-size: 16px;\n}\n#page .dt-shortcode-soc-icons a.single-soc-icon-4e4f278c408213ddb82c8b416bc69fdc:hover .soc-font-icon,\n#phantom .dt-shortcode-soc-icons a.single-soc-icon-4e4f278c408213ddb82c8b416bc69fdc:hover .soc-font-icon,\n#page .dt-shortcode-soc-icons a.single-soc-icon-4e4f278c408213ddb82c8b416bc69fdc:hover .soc-icon,\n#phantom .dt-shortcode-soc-icons a.single-soc-icon-4e4f278c408213ddb82c8b416bc69fdc:hover .soc-icon {\n  color: rgba(255,255,255,0.75);\n  background: none;\n}\n#page .dt-shortcode-soc-icons a.single-soc-icon-4e4f278c408213ddb82c8b416bc69fdc:not(:hover) .soc-font-icon,\n#phantom .dt-shortcode-soc-icons a.single-soc-icon-4e4f278c408213ddb82c8b416bc69fdc:not(:hover) .soc-font-icon,\n#page .dt-shortcode-soc-icons a.single-soc-icon-4e4f278c408213ddb82c8b416bc69fdc:not(:hover) .soc-icon,\n#phantom .dt-shortcode-soc-icons a.single-soc-icon-4e4f278c408213ddb82c8b416bc69fdc:not(:hover) .soc-icon {\n  color: #ffffff;\n  background: none;\n}\n.dt-shortcode-soc-icons a.single-soc-icon-4e4f278c408213ddb82c8b416bc69fdc .soc-font-icon,\n.dt-shortcode-soc-icons a.single-soc-icon-4e4f278c408213ddb82c8b416bc69fdc .soc-icon {\n  font-size: 16px;\n}<\/style><a title=\"Instagram\" href=\"https:\/\/www.instagram.com\/davidosteopata\/\" class=\"instagram single-soc-icon-4e4f278c408213ddb82c8b416bc69fdc dt-icon-bg-on dt-icon-border-on dt-icon-hover-border-on dt-icon-hover-bg-on\" target=\"_blank\" rel=\"noopener\"><i class=\"soc-icon soc-font-icon dt-icon-instagram\"><\/i><span class=\"screen-reader-text\">Instagram<\/span><\/a><\/div><\/div><\/div><\/div><\/div><div class=\"vc_row wpb_row vc_row-fluid vc_custom_1680169461443\"><div class=\"wpb_column vc_column_container vc_col-sm-12\"><div class=\"vc_column-inner\"><div class=\"wpb_wrapper\">\n\t<div class=\"wpb_text_column wpb_content_element  vc_custom_1680169468507\" >\n\t\t<div class=\"wpb_wrapper\">\n\t\t\t<p><a title=\"Home\" href=\"https:\/\/integrativa.pt\/en\/\"><strong>Integrativa<\/strong><\/a> | Health and well-being as a lifestyle<\/p>\n\n\t\t<\/div>\n\t<\/div>\n\n\t<div class=\"wpb_text_column wpb_content_element  vc_custom_1689951960351\" >\n\t\t<div class=\"wpb_wrapper\">\n\t\t\t<h6>This website and its content are for information purposes only and are not a substitute for medical or health professional advice. Each person's treatment should be individualised and guided by health professionals. Do not make any changes to your treatment without contacting the doctor or health professional accompanying you.<\/h6>\n\n\t\t<\/div>\n\t<\/div>\n<\/div><\/div><\/div><\/div><div class=\"vc_row wpb_row vc_row-fluid\"><div class=\"wpb_column vc_column_container vc_col-sm-12\"><div class=\"vc_column-inner vc_custom_1678987635945\"><div class=\"wpb_wrapper\"><div class=\"vc_separator wpb_content_element vc_separator_align_center vc_sep_border_width_1 vc_sep_pos_align_center wpb_content_element vc_separator-has-text\"   style=\"width: 100%;\"><span class=\"vc_sep_holder vc_sep_holder_l\"><span style=\"border-top-color:#1b9193;\" class=\"vc_sep_line\"><\/span><\/span><h4>Related articles<\/h4><span class=\"vc_sep_holder vc_sep_holder_r\"><span style=\"border-top-color:#1b9193;\" class=\"vc_sep_line\"><\/span><\/span>\n<\/div><style type=\"text\/css\" data-type=\"the7_shortcodes-inline-css\">.blog-carousel-shortcode.blog-carousel-shortcode-id-bee74f0ca1102187f3f4c661b198a2e1.dividers-on.classic-layout-list article {\n  padding-top: 0;\n}\n.blog-carousel-shortcode.blog-carousel-shortcode-id-bee74f0ca1102187f3f4c661b198a2e1.dividers-on.classic-layout-list article:first-of-type {\n  margin-top: 0;\n  padding-top: 0;\n}\n.blog-carousel-shortcode.blog-carousel-shortcode-id-bee74f0ca1102187f3f4c661b198a2e1.classic-layout-list.mode-list .post-entry-content {\n  width: calc(100% - );\n}\n.blog-carousel-shortcode.blog-carousel-shortcode-id-bee74f0ca1102187f3f4c661b198a2e1.classic-layout-list.mode-list .no-img .post-entry-content {\n  width: 100%;\n}\n.blog-carousel-shortcode.blog-carousel-shortcode-id-bee74f0ca1102187f3f4c661b198a2e1 .filter-bg-decoration .filter-categories a.act {\n  color: #fff;\n}\n.blog-carousel-shortcode.blog-carousel-shortcode-id-bee74f0ca1102187f3f4c661b198a2e1:not(.mode-masonry) article:first-of-type,\n.blog-carousel-shortcode.blog-carousel-shortcode-id-bee74f0ca1102187f3f4c661b198a2e1:not(.mode-masonry) article.visible.first:not(.product) {\n  margin-top: 0;\n}\n.blog-carousel-shortcode.blog-carousel-shortcode-id-bee74f0ca1102187f3f4c661b198a2e1.dividers-on:not(.mode-masonry) article {\n  margin-top: 0;\n}\n.blog-carousel-shortcode.blog-carousel-shortcode-id-bee74f0ca1102187f3f4c661b198a2e1.dividers-on:not(.mode-masonry) article:first-of-type,\n.blog-carousel-shortcode.blog-carousel-shortcode-id-bee74f0ca1102187f3f4c661b198a2e1.dividers-on:not(.mode-masonry) article.visible.first:not(.product) {\n  margin-top: 0;\n  padding-top: 0;\n}\n.blog-carousel-shortcode.blog-carousel-shortcode-id-bee74f0ca1102187f3f4c661b198a2e1 .post-thumbnail-wrap {\n  padding: 0px 0px 0px 0px;\n}\n.blog-carousel-shortcode.blog-carousel-shortcode-id-bee74f0ca1102187f3f4c661b198a2e1.enable-bg-rollover .post-thumbnail-rollover:after {\n  background: -webkit-linear-gradient();\n  background: linear-gradient();\n}\n.blog-carousel-shortcode.blog-carousel-shortcode-id-bee74f0ca1102187f3f4c661b198a2e1 .gallery-zoom-ico {\n  width: 44px;\n  height: 44px;\n  line-height: 44px;\n  border-radius: 100px;\n  margin: -22px 0 0 -22px;\n  border-width: 0px;\n  color: #ffffff;\n  background: none;\n}\n.bottom-overlap-layout-list.blog-carousel-shortcode.blog-carousel-shortcode-id-bee74f0ca1102187f3f4c661b198a2e1 .gallery-zoom-ico {\n  margin-top: -72px;\n}\n.gradient-overlay-layout-list.blog-carousel-shortcode.blog-carousel-shortcode-id-bee74f0ca1102187f3f4c661b198a2e1 .gallery-zoom-ico,\n.content-rollover-layout-list.blog-carousel-shortcode.blog-carousel-shortcode-id-bee74f0ca1102187f3f4c661b198a2e1 .gallery-zoom-ico {\n  margin: 0 0 10px;\n}\n.content-align-center.gradient-overlay-layout-list.blog-carousel-shortcode.blog-carousel-shortcode-id-bee74f0ca1102187f3f4c661b198a2e1 .gallery-zoom-ico,\n.content-align-center.content-rollover-layout-list.blog-carousel-shortcode.blog-carousel-shortcode-id-bee74f0ca1102187f3f4c661b198a2e1 .gallery-zoom-ico {\n  margin: 0 auto 10px;\n}\n.dt-icon-bg-on.blog-carousel-shortcode.blog-carousel-shortcode-id-bee74f0ca1102187f3f4c661b198a2e1 .gallery-zoom-ico {\n  background: rgba(255,255,255,0.3);\n  box-shadow: none;\n}\n.blog-carousel-shortcode.blog-carousel-shortcode-id-bee74f0ca1102187f3f4c661b198a2e1 .gallery-zoom-ico > span,\n.blog-carousel-shortcode.blog-carousel-shortcode-id-bee74f0ca1102187f3f4c661b198a2e1 .gallery-zoom-ico:before {\n  font-size: 32px;\n  line-height: 44px;\n}\n.blog-carousel-shortcode.blog-carousel-shortcode-id-bee74f0ca1102187f3f4c661b198a2e1 .gallery-zoom-ico > span,\n.blog-carousel-shortcode.blog-carousel-shortcode-id-bee74f0ca1102187f3f4c661b198a2e1 .gallery-zoom-ico:before {\n  color: #ffffff;\n  background: none;\n}\n.blog-carousel-shortcode.blog-carousel-shortcode-id-bee74f0ca1102187f3f4c661b198a2e1 .entry-title,\n.blog-carousel-shortcode.blog-carousel-shortcode-id-bee74f0ca1102187f3f4c661b198a2e1.owl-carousel .entry-title {\n  margin-bottom: 5px;\n}\n.blog-carousel-shortcode.blog-carousel-shortcode-id-bee74f0ca1102187f3f4c661b198a2e1 .entry-meta {\n  margin-bottom: 15px;\n}\n.blog-carousel-shortcode.blog-carousel-shortcode-id-bee74f0ca1102187f3f4c661b198a2e1 .portfolio-categories {\n  margin-bottom: 15px;\n}\n.blog-carousel-shortcode.blog-carousel-shortcode-id-bee74f0ca1102187f3f4c661b198a2e1 .entry-excerpt {\n  margin-bottom: 5px;\n}\n.blog-carousel-shortcode.blog-carousel-shortcode-id-bee74f0ca1102187f3f4c661b198a2e1:not(.centered-layout-list) .post-entry-content {\n  padding: 15px 20px 20px 20px;\n}\n.blog-carousel-shortcode.blog-carousel-shortcode-id-bee74f0ca1102187f3f4c661b198a2e1:not(.centered-layout-list):not(.content-bg-on):not(.mode-list) .no-img .post-entry-content {\n  padding: 0;\n}\n@media screen and (max-width: ) {\n  .blog-carousel-shortcode.blog-carousel-shortcode-id-bee74f0ca1102187f3f4c661b198a2e1 article {\n    -ms-flex-flow: column nowrap;\n    flex-flow: column nowrap;\n    margin-top: 20px;\n  }\n  .blog-carousel-shortcode.blog-carousel-shortcode-id-bee74f0ca1102187f3f4c661b198a2e1.dividers-on article {\n    border: none;\n  }\n  .blog-carousel-shortcode.blog-carousel-shortcode-id-bee74f0ca1102187f3f4c661b198a2e1.content-bg-on.centered-layout-list article {\n    padding: 0;\n  }\n  .blog-carousel-shortcode.blog-carousel-shortcode-id-bee74f0ca1102187f3f4c661b198a2e1.blog-shortcode.dividers-on article,\n  .blog-carousel-shortcode.blog-carousel-shortcode-id-bee74f0ca1102187f3f4c661b198a2e1.dividers-on.classic-layout-list article {\n    margin-top: 20px;\n    padding: 0;\n  }\n  .blog-carousel-shortcode.blog-carousel-shortcode-id-bee74f0ca1102187f3f4c661b198a2e1.blog-shortcode.dividers-on article:first-of-type,\n  .blog-carousel-shortcode.blog-carousel-shortcode-id-bee74f0ca1102187f3f4c661b198a2e1.dividers-on.classic-layout-list article:first-of-type {\n    padding: 0;\n  }\n  #page .blog-carousel-shortcode.blog-carousel-shortcode-id-bee74f0ca1102187f3f4c661b198a2e1 .post-thumbnail-wrap,\n  #page .blog-carousel-shortcode.blog-carousel-shortcode-id-bee74f0ca1102187f3f4c661b198a2e1 .post-entry-content {\n    width: 100%;\n    margin: 0;\n    top: 0;\n  }\n  #page .blog-carousel-shortcode.blog-carousel-shortcode-id-bee74f0ca1102187f3f4c661b198a2e1 .post-thumbnail-wrap {\n    padding: 0;\n  }\n  #page .blog-carousel-shortcode.blog-carousel-shortcode-id-bee74f0ca1102187f3f4c661b198a2e1 .post-entry-content:after {\n    display: none;\n  }\n  #page .blog-carousel-shortcode.blog-carousel-shortcode-id-bee74f0ca1102187f3f4c661b198a2e1 .project-even .post-thumbnail-wrap,\n  #page .blog-carousel-shortcode.blog-carousel-shortcode-id-bee74f0ca1102187f3f4c661b198a2e1.centered-layout-list .post-thumbnail-wrap {\n    -ms-flex-order: 0;\n    order: 0;\n  }\n  #page .blog-carousel-shortcode.blog-carousel-shortcode-id-bee74f0ca1102187f3f4c661b198a2e1.centered-layout-list .post-entry-title-content {\n    -ms-flex-order: 1;\n    order: 1;\n    width: 100%;\n    padding: 20px 20px 0;\n  }\n  #page .blog-carousel-shortcode.blog-carousel-shortcode-id-bee74f0ca1102187f3f4c661b198a2e1.centered-layout-list .post-entry-content {\n    -ms-flex-order: 2;\n    order: 2;\n    padding-top: 0;\n  }\n  #page .blog-carousel-shortcode.blog-carousel-shortcode-id-bee74f0ca1102187f3f4c661b198a2e1 .fancy-categories {\n    top: 10px;\n    left: 10px;\n    bottom: auto;\n    right: auto;\n  }\n  #page .blog-carousel-shortcode.blog-carousel-shortcode-id-bee74f0ca1102187f3f4c661b198a2e1 .fancy-date a {\n    top: 10px;\n    right: 10px;\n    left: auto;\n    bottom: auto;\n  }\n  #page .blog-carousel-shortcode.blog-carousel-shortcode-id-bee74f0ca1102187f3f4c661b198a2e1 .post-entry-content {\n    padding: 20px;\n  }\n  #page .blog-carousel-shortcode.blog-carousel-shortcode-id-bee74f0ca1102187f3f4c661b198a2e1 .entry-title {\n    margin: 3px 0 5px;\n    font-size: 20px;\n    line-height: 26px;\n  }\n  #page .blog-carousel-shortcode.blog-carousel-shortcode-id-bee74f0ca1102187f3f4c661b198a2e1 .entry-meta {\n    margin: 5px 0 5px;\n  }\n  #page .blog-carousel-shortcode.blog-carousel-shortcode-id-bee74f0ca1102187f3f4c661b198a2e1 .entry-excerpt {\n    margin: 15px 0 0;\n  }\n  #page .blog-carousel-shortcode.blog-carousel-shortcode-id-bee74f0ca1102187f3f4c661b198a2e1 .post-details {\n    margin: 5px 0 10px;\n  }\n  #page .blog-carousel-shortcode.blog-carousel-shortcode-id-bee74f0ca1102187f3f4c661b198a2e1 .post-details.details-type-link {\n    margin-bottom: 2px;\n  }\n}\n.blog-carousel-shortcode.blog-carousel-shortcode-id-bee74f0ca1102187f3f4c661b198a2e1.owl-carousel .owl-nav div {\n  width: 36px;\n  height: 36px;\n  border-radius: 500px;\n}\n.dt-arrow-border-on.blog-carousel-shortcode.blog-carousel-shortcode-id-bee74f0ca1102187f3f4c661b198a2e1.owl-carousel .owl-nav div:not(:hover):before {\n  border-width: 0px;\n}\n.dt-arrow-hover-border-on.blog-carousel-shortcode.blog-carousel-shortcode-id-bee74f0ca1102187f3f4c661b198a2e1.owl-carousel .owl-nav div:hover:after {\n  border-width: 0px;\n}\n.blog-carousel-shortcode.blog-carousel-shortcode-id-bee74f0ca1102187f3f4c661b198a2e1.owl-carousel .owl-nav div.owl-prev {\n  top: 50%;\n  transform: translateY(calc(-50% + 0px));\n  left: -43px;\n}\n@media all and (-ms-high-contrast: none) {\n  .blog-carousel-shortcode.blog-carousel-shortcode-id-bee74f0ca1102187f3f4c661b198a2e1.owl-carousel .owl-nav div.owl-prev {\n    transform: translateY(-50%);\n    margin-top: 0px;\n  }\n}\n.blog-carousel-shortcode.blog-carousel-shortcode-id-bee74f0ca1102187f3f4c661b198a2e1.owl-carousel .owl-nav div.owl-prev i {\n  padding: 0px 0px 0px 0px;\n}\n.blog-carousel-shortcode.blog-carousel-shortcode-id-bee74f0ca1102187f3f4c661b198a2e1.owl-carousel .owl-nav div.owl-next {\n  top: 50%;\n  transform: translateY(calc(-50% + 0px));\n  right: -43px;\n}\n@media all and (-ms-high-contrast: none) {\n  .blog-carousel-shortcode.blog-carousel-shortcode-id-bee74f0ca1102187f3f4c661b198a2e1.owl-carousel .owl-nav div.owl-next {\n    transform: translateY(-50%);\n    margin-top: 0px;\n  }\n}\n.blog-carousel-shortcode.blog-carousel-shortcode-id-bee74f0ca1102187f3f4c661b198a2e1.owl-carousel .owl-nav div.owl-next i {\n  padding: 0px 0px 0px 0px;\n}\n.blog-carousel-shortcode.blog-carousel-shortcode-id-bee74f0ca1102187f3f4c661b198a2e1.owl-carousel .owl-nav i {\n  font-size: 18px;\n}\n.blog-carousel-shortcode.blog-carousel-shortcode-id-bee74f0ca1102187f3f4c661b198a2e1.owl-carousel .owl-nav div:not(:hover) i,\n.blog-carousel-shortcode.blog-carousel-shortcode-id-bee74f0ca1102187f3f4c661b198a2e1.owl-carousel .owl-nav div:not(:hover) i:before {\n  color: #ffffff;\n  background: none;\n}\n.blog-carousel-shortcode.blog-carousel-shortcode-id-bee74f0ca1102187f3f4c661b198a2e1.owl-carousel .owl-nav div:hover i,\n.blog-carousel-shortcode.blog-carousel-shortcode-id-bee74f0ca1102187f3f4c661b198a2e1.owl-carousel .owl-nav div:hover i:before {\n  color: rgba(255,255,255,0.75);\n  background: none;\n}\n.blog-carousel-shortcode.blog-carousel-shortcode-id-bee74f0ca1102187f3f4c661b198a2e1 .owl-dots {\n  top: calc(100% + 20px);\n  left: 50%;\n  transform: translateX(calc(-50% + 0px));\n}\n@media all and (-ms-high-contrast: none) {\n  .blog-carousel-shortcode.blog-carousel-shortcode-id-bee74f0ca1102187f3f4c661b198a2e1 .owl-dots {\n    transform: translateX(-50%);\n    margin-left: 0px;\n  }\n}\n.blog-carousel-shortcode.blog-carousel-shortcode-id-bee74f0ca1102187f3f4c661b198a2e1 .owl-dot {\n  width: 10px;\n  height: 10px;\n  margin: 0 8px;\n}\n@media screen and (max-width: 778px) {\n  .blog-carousel-shortcode.blog-carousel-shortcode-id-bee74f0ca1102187f3f4c661b198a2e1.hide-arrows .owl-nav a {\n    display: none;\n  }\n}\n@media screen and (max-width: 778px) {\n  .blog-carousel-shortcode.blog-carousel-shortcode-id-bee74f0ca1102187f3f4c661b198a2e1.reposition-arrows .owl-nav div.owl-prev {\n    top: 50%;\n    transform: translateY(calc(-50% + 0px));\n    left: 10px;\n  }\n  .blog-carousel-shortcode.blog-carousel-shortcode-id-bee74f0ca1102187f3f4c661b198a2e1.reposition-arrows .owl-nav div.owl-next {\n    top: 50%;\n    transform: translateY(calc(-50% + 0px));\n    right: 10px;\n  }\n}\n@media screen and (max-width: 778px) and all and (-ms-high-contrast: none) {\n  .blog-carousel-shortcode.blog-carousel-shortcode-id-bee74f0ca1102187f3f4c661b198a2e1.reposition-arrows .owl-nav div.owl-prev {\n    transform: translateY(-50%);\n    margin-top: 0px;\n  }\n}\n@media screen and (max-width: 778px) and all and (-ms-high-contrast: none) {\n  .blog-carousel-shortcode.blog-carousel-shortcode-id-bee74f0ca1102187f3f4c661b198a2e1.reposition-arrows .owl-nav div.owl-next {\n    transform: translateY(-50%);\n    margin-top: 0px;\n  }\n}<\/style><div class=\"owl-carousel blog-carousel-shortcode dt-owl-carousel-call blog-carousel-shortcode-id-bee74f0ca1102187f3f4c661b198a2e1 classic-layout-list scale-img dt-icon-bg-off dt-arrow-border-on dt-arrow-hover-border-on meta-info-off bullets-small-dot-stroke reposition-arrows arrows-bg-on disable-arrows-hover-bg arrows-hover-bg-on\" data-scroll-mode=\"1\" data-col-num=\"3\" data-wide-col-num=\"4\" data-laptop-col=\"3\" data-h-tablet-columns-num=\"3\" data-v-tablet-columns-num=\"2\" data-phone-columns-num=\"1\" data-auto-height=\"true\" data-col-gap=\"30\" data-stage-padding=\"0\" data-speed=\"600\" data-autoplay=\"false\" data-autoplay_speed=\"6000\" data-arrows=\"true\" data-bullet=\"false\" data-next-icon=\"icon-ar-017-r\" data-prev-icon=\"icon-ar-017-l\"><article class=\"post post-1798 type-post status-publish format-standard has-post-thumbnail hentry category-osteopatia category-4-pilares-da-saude category-fisioterapia category-osteopata-david-brandao category-osteopatia-integrativa category-osteopatia-integrativa-osteopatia tag-fisioterapia tag-osteopatia tag-pilates-clinico category-17 category-35 category-6 category-33 category-32 category-34 description-off\" data-name=\"Dor lombar cr\u00f3nica e regula\u00e7\u00e3o emocional: compreender a liga\u00e7\u00e3o\" data-date=\"2023-01-24T22:33:14+00:00\">\n\n<div class=\"post-thumbnail-wrap\">\n\t<div class=\"post-thumbnail\">\n\t\t\n\t\t\n\t\t<a href=\"https:\/\/integrativa.pt\/en\/dor-lombar-cronica-e-regulacao-emocional-compreender-a-ligacao\/\" class=\"post-thumbnail-rollover layzr-bg\"><img fetchpriority=\"high\" decoding=\"async\" class=\"preload-me owl-lazy-load aspect\" src=\"data:image\/svg+xml,%3Csvg%20xmlns%3D&#39;http%3A%2F%2Fwww.w3.org%2F2000%2Fsvg&#39;%20viewBox%3D&#39;0%200%20612%20408&#39;%2F%3E\" data-src=\"https:\/\/integrativa.pt\/wp-content\/uploads\/2023\/01\/Mindfulness-dor-lombar-cronica-1.jpg\" data-srcset=\"https:\/\/integrativa.pt\/wp-content\/uploads\/2023\/01\/Mindfulness-dor-lombar-cronica-1.jpg 612w\" loading=\"eager\" style=\"--ratio: 612 \/ 408\" sizes=\"(max-width: 612px) 100vw, 612px\" alt=\"\" title=\"A man practices yoga at the top of the mountain at sunrise.\" width=\"612\" height=\"408\"  \/><\/a>\t<\/div>\n<\/div>\n\n\n<div class=\"post-entry-content\">\n\n\t<h3 class=\"entry-title\">\n\t\t<a href=\"https:\/\/integrativa.pt\/en\/dor-lombar-cronica-e-regulacao-emocional-compreender-a-ligacao\/\" title=\"Chronic low back pain and emotional regulation: understanding the link\" rel=\"bookmark\">Chronic low back pain and emotional regulation: understanding the link<\/a>\n\t<\/h3>\n\n\t\n\t\n\t\n<a href=\"https:\/\/integrativa.pt\/en\/dor-lombar-cronica-e-regulacao-emocional-compreender-a-ligacao\/\" class=\"post-details details-type-link\" aria-label=\"Read more about Chronic low back pain and emotional regulation: understanding the link\">Read more...<i class=\"dt-icon-the7-arrow-03\" aria-hidden=\"true\"><\/i><\/a>\n\n<\/div><\/article><article class=\"post post-2966 type-post status-publish format-standard has-post-thumbnail hentry category-fisioterapia category-fisioterapia-em-paralisia-facial tag-fisioterapia tag-osteopatia tag-pilates-clinico category-6 category-39 description-off\" data-name=\"Paralisia de Bell: o papel da Fisioterapia especializada na recupera\u00e7\u00e3o da fun\u00e7\u00e3o facial\" data-date=\"2024-02-03T09:44:44+00:00\">\n\n<div class=\"post-thumbnail-wrap\">\n\t<div class=\"post-thumbnail\">\n\t\t\n\t\t\n\t\t<a href=\"https:\/\/integrativa.pt\/en\/paralisia-de-bell-o-papel-da-fisioterapia-especializada-na-recuperacao-da-funcao-facial\/\" class=\"post-thumbnail-rollover layzr-bg\"><img decoding=\"async\" class=\"preload-me owl-lazy-load aspect\" src=\"data:image\/svg+xml,%3Csvg%20xmlns%3D&#39;http%3A%2F%2Fwww.w3.org%2F2000%2Fsvg&#39;%20viewBox%3D&#39;0%200%20768%20512&#39;%2F%3E\" data-src=\"https:\/\/integrativa.pt\/wp-content\/uploads\/2026\/02\/Fisioterapia-Paralisia-Facial-Belem-Lisboa-2-768x512.avif\" data-srcset=\"https:\/\/integrativa.pt\/wp-content\/uploads\/2026\/02\/Fisioterapia-Paralisia-Facial-Belem-Lisboa-2-768x512.avif 768w, https:\/\/integrativa.pt\/wp-content\/uploads\/2026\/02\/Fisioterapia-Paralisia-Facial-Belem-Lisboa-2-1152x768.avif 1152w\" loading=\"eager\" style=\"--ratio: 768 \/ 512\" sizes=\"(max-width: 768px) 100vw, 768px\" alt=\"\" title=\"Physiotherapy Facial Palsy Belem Lisbon\" width=\"768\" height=\"512\"  \/><\/a>\t<\/div>\n<\/div>\n\n\n<div class=\"post-entry-content\">\n\n\t<h3 class=\"entry-title\">\n\t\t<a href=\"https:\/\/integrativa.pt\/en\/paralisia-de-bell-o-papel-da-fisioterapia-especializada-na-recuperacao-da-funcao-facial\/\" title=\"Bell&#039;s palsy: the role of specialised physiotherapy in restoring facial function\" rel=\"bookmark\">Bell's palsy: the role of specialised physiotherapy in restoring facial function<\/a>\n\t<\/h3>\n\n\t\n\t\n\t\n<a href=\"https:\/\/integrativa.pt\/en\/paralisia-de-bell-o-papel-da-fisioterapia-especializada-na-recuperacao-da-funcao-facial\/\" class=\"post-details details-type-link\" aria-label=\"Read more about Bell&#039;s palsy: the role of specialised physiotherapy in restoring facial function\">Read more...<i class=\"dt-icon-the7-arrow-03\" aria-hidden=\"true\"><\/i><\/a>\n\n<\/div><\/article><article class=\"post post-277 type-post status-publish format-standard has-post-thumbnail hentry category-fisioterapia tag-fisioterapeuta tag-fisioterapia category-6 description-off\" data-name=\"Quando procurar um Fisioterapeuta? Avalia\u00e7\u00e3o, preven\u00e7\u00e3o e movimento\" data-date=\"2020-09-21T19:02:37+00:00\">\n\n<div class=\"post-thumbnail-wrap\">\n\t<div class=\"post-thumbnail\">\n\t\t\n\t\t\n\t\t<a href=\"https:\/\/integrativa.pt\/en\/quando-procurar-um-fisioterapeuta-avaliacao-prevencao-e-movimento\/\" class=\"post-thumbnail-rollover layzr-bg\"><img decoding=\"async\" class=\"preload-me owl-lazy-load aspect\" src=\"data:image\/svg+xml,%3Csvg%20xmlns%3D&#39;http%3A%2F%2Fwww.w3.org%2F2000%2Fsvg&#39;%20viewBox%3D&#39;0%200%20768%20512&#39;%2F%3E\" data-src=\"https:\/\/integrativa.pt\/wp-content\/uploads\/2025\/10\/Fisioterapia-Lisboa-2-768x512.webp\" data-srcset=\"https:\/\/integrativa.pt\/wp-content\/uploads\/2025\/10\/Fisioterapia-Lisboa-2-768x512.webp 768w, https:\/\/integrativa.pt\/wp-content\/uploads\/2025\/10\/Fisioterapia-Lisboa-2-1152x768.webp 1152w\" loading=\"eager\" style=\"--ratio: 768 \/ 512\" sizes=\"(max-width: 768px) 100vw, 768px\" alt=\"\" title=\"Physiotherapy Lisbon\" width=\"768\" height=\"512\"  \/><\/a>\t<\/div>\n<\/div>\n\n\n<div class=\"post-entry-content\">\n\n\t<h3 class=\"entry-title\">\n\t\t<a href=\"https:\/\/integrativa.pt\/en\/quando-procurar-um-fisioterapeuta-avaliacao-prevencao-e-movimento\/\" title=\"When to see a physiotherapist? Assessment, prevention and movement\" rel=\"bookmark\">When to see a physiotherapist? Assessment, prevention and movement<\/a>\n\t<\/h3>\n\n\t\n\t\n\t\n<a href=\"https:\/\/integrativa.pt\/en\/quando-procurar-um-fisioterapeuta-avaliacao-prevencao-e-movimento\/\" class=\"post-details details-type-link\" aria-label=\"Read more about When to See a Physiotherapist? Assessment, Prevention, and Movement\">Read more...<i class=\"dt-icon-the7-arrow-03\" aria-hidden=\"true\"><\/i><\/a>\n\n<\/div><\/article><article class=\"post post-5703 type-post status-publish format-standard has-post-thumbnail hentry category-fisioterapia tag-fisioterapia category-6 description-off\" data-name=\"Eletroterapia na Fisioterapia: Ultrassom Terap\u00eautico, TENS, EMS e Laser\" data-date=\"2026-01-21T15:34:14+00:00\">\n\n<div class=\"post-thumbnail-wrap\">\n\t<div class=\"post-thumbnail\">\n\t\t\n\t\t\n\t\t<a href=\"https:\/\/integrativa.pt\/en\/eletroterapia-na-fisioterapia-ultrassom-terapeutico-tens-ems-e-laser\/\" class=\"post-thumbnail-rollover layzr-bg\"><img decoding=\"async\" class=\"preload-me owl-lazy-load aspect\" src=\"data:image\/svg+xml,%3Csvg%20xmlns%3D&#39;http%3A%2F%2Fwww.w3.org%2F2000%2Fsvg&#39;%20viewBox%3D&#39;0%200%20768%20512&#39;%2F%3E\" data-src=\"https:\/\/integrativa.pt\/wp-content\/uploads\/2026\/01\/Eletroterapia-na-Fisioterapia-3-768x512.avif\" data-srcset=\"https:\/\/integrativa.pt\/wp-content\/uploads\/2026\/01\/Eletroterapia-na-Fisioterapia-3-768x512.avif 768w, https:\/\/integrativa.pt\/wp-content\/uploads\/2026\/01\/Eletroterapia-na-Fisioterapia-3-1152x768.avif 1152w\" loading=\"eager\" style=\"--ratio: 768 \/ 512\" sizes=\"(max-width: 768px) 100vw, 768px\" alt=\"\" title=\"Electrotherapy in Physiotherapy\" width=\"768\" height=\"512\"  \/><\/a>\t<\/div>\n<\/div>\n\n\n<div class=\"post-entry-content\">\n\n\t<h3 class=\"entry-title\">\n\t\t<a href=\"https:\/\/integrativa.pt\/en\/eletroterapia-na-fisioterapia-ultrassom-terapeutico-tens-ems-e-laser\/\" title=\"Electrotherapy in Physiotherapy: Therapeutic Ultrasound, TENS, EMS and Laser\" rel=\"bookmark\">Electrotherapy in Physiotherapy: Therapeutic Ultrasound, TENS, EMS and Laser<\/a>\n\t<\/h3>\n\n\t\n\t\n\t\n<a href=\"https:\/\/integrativa.pt\/en\/eletroterapia-na-fisioterapia-ultrassom-terapeutico-tens-ems-e-laser\/\" class=\"post-details details-type-link\" aria-label=\"Read more about Electrotherapy in Physiotherapy: Therapeutic Ultrasound, TENS, EMS and Laser\">Read more...<i class=\"dt-icon-the7-arrow-03\" aria-hidden=\"true\"><\/i><\/a>\n\n<\/div><\/article><article class=\"post post-3817 type-post status-publish format-standard has-post-thumbnail hentry category-osteopatia category-dor-lombar category-fisioterapia-desportiva category-fisioterapia-musculo-esqueletica category-osteopata-david-brandao category-osteopatia-desportiva category-osteopatia-integrativa tag-fisioterapia tag-osteopatia tag-pilates-clinico category-17 category-50 category-55 category-54 category-33 category-134 category-32 description-off\" data-name=\"Tens\u00e3o muscular: porque alongar nem sempre resolve o desconforto\" data-date=\"2025-07-29T09:45:52+00:00\">\n\n<div class=\"post-thumbnail-wrap\">\n\t<div class=\"post-thumbnail\">\n\t\t\n\t\t\n\t\t<a href=\"https:\/\/integrativa.pt\/en\/tensao-muscular-porque-alongar-nem-sempre-resolve-o-desconforto\/\" class=\"post-thumbnail-rollover layzr-bg\"><img decoding=\"async\" class=\"preload-me owl-lazy-load aspect\" src=\"data:image\/svg+xml,%3Csvg%20xmlns%3D&#39;http%3A%2F%2Fwww.w3.org%2F2000%2Fsvg&#39;%20viewBox%3D&#39;0%200%20768%20512&#39;%2F%3E\" data-src=\"https:\/\/integrativa.pt\/wp-content\/uploads\/2025\/10\/Pilates-Clinico-Belem-Lisboa-Restelo-2-768x512.webp\" data-srcset=\"https:\/\/integrativa.pt\/wp-content\/uploads\/2025\/10\/Pilates-Clinico-Belem-Lisboa-Restelo-2-768x512.webp 768w, https:\/\/integrativa.pt\/wp-content\/uploads\/2025\/10\/Pilates-Clinico-Belem-Lisboa-Restelo-2-1152x768.webp 1152w\" loading=\"eager\" style=\"--ratio: 768 \/ 512\" sizes=\"(max-width: 768px) 100vw, 768px\" alt=\"\" title=\"Pilates Clinic Bel\u00e9m Lisboa Restelo (2)\" width=\"768\" height=\"512\"  \/><\/a>\t<\/div>\n<\/div>\n\n\n<div class=\"post-entry-content\">\n\n\t<h3 class=\"entry-title\">\n\t\t<a href=\"https:\/\/integrativa.pt\/en\/tensao-muscular-porque-alongar-nem-sempre-resolve-o-desconforto\/\" title=\"Muscle tension: why stretching doesn&#039;t always solve the discomfort\" rel=\"bookmark\">Muscle tension: why stretching doesn't always solve the discomfort<\/a>\n\t<\/h3>\n\n\t\n\t\n\t\n<a href=\"https:\/\/integrativa.pt\/en\/tensao-muscular-porque-alongar-nem-sempre-resolve-o-desconforto\/\" class=\"post-details details-type-link\" aria-label=\"Read more about Muscle tension: why stretching doesn&#039;t always resolve discomfort\">Read more...<i class=\"dt-icon-the7-arrow-03\" aria-hidden=\"true\"><\/i><\/a>\n\n<\/div><\/article><article class=\"post post-3767 type-post status-publish format-standard has-post-thumbnail hentry category-4-pilares-da-saude category-atividade-fisica category-osteopatia-integrativa-osteopatia category-psiconeuroimunologia tag-fisioterapia tag-osteopatia tag-pilates-clinico category-35 category-38 category-34 category-48 description-off\" data-name=\"O Papel do Exerc\u00edcio F\u00edsico na Regula\u00e7\u00e3o da Inflama\u00e7\u00e3o e no Fortalecimento do Sistema Imunit\u00e1rio\" data-date=\"2025-03-21T10:33:38+00:00\">\n\n<div class=\"post-thumbnail-wrap\">\n\t<div class=\"post-thumbnail\">\n\t\t\n\t\t\n\t\t<a href=\"https:\/\/integrativa.pt\/en\/o-papel-do-exercicio-fisico-na-regulacao-da-inflamacao-e-no-fortalecimento-do-sistema-imunitario\/\" class=\"post-thumbnail-rollover layzr-bg\"><img decoding=\"async\" class=\"preload-me owl-lazy-load aspect\" src=\"data:image\/svg+xml,%3Csvg%20xmlns%3D&#39;http%3A%2F%2Fwww.w3.org%2F2000%2Fsvg&#39;%20viewBox%3D&#39;0%200%20768%20512&#39;%2F%3E\" data-src=\"https:\/\/integrativa.pt\/wp-content\/uploads\/2025\/03\/Atividade-Fisica-Desporto-768x512.webp\" data-srcset=\"https:\/\/integrativa.pt\/wp-content\/uploads\/2025\/03\/Atividade-Fisica-Desporto-768x512.webp 768w, https:\/\/integrativa.pt\/wp-content\/uploads\/2025\/03\/Atividade-Fisica-Desporto-1152x768.webp 1152w\" loading=\"eager\" style=\"--ratio: 768 \/ 512\" sizes=\"(max-width: 768px) 100vw, 768px\" alt=\"\" title=\"Physical Activity Sport\" width=\"768\" height=\"512\"  \/><\/a>\t<\/div>\n<\/div>\n\n\n<div class=\"post-entry-content\">\n\n\t<h3 class=\"entry-title\">\n\t\t<a href=\"https:\/\/integrativa.pt\/en\/o-papel-do-exercicio-fisico-na-regulacao-da-inflamacao-e-no-fortalecimento-do-sistema-imunitario\/\" title=\"The Role of Physical Exercise in Regulating Inflammation and Strengthening the Immune System\" rel=\"bookmark\">The Role of Physical Exercise in Regulating Inflammation and Strengthening the Immune System<\/a>\n\t<\/h3>\n\n\t\n\t\n\t\n<a href=\"https:\/\/integrativa.pt\/en\/o-papel-do-exercicio-fisico-na-regulacao-da-inflamacao-e-no-fortalecimento-do-sistema-imunitario\/\" class=\"post-details details-type-link\" aria-label=\"Read more about the Role of Physical Exercise in Regulating Inflammation and Strengthening the Immune System\">Read more...<i class=\"dt-icon-the7-arrow-03\" aria-hidden=\"true\"><\/i><\/a>\n\n<\/div><\/article><\/div><\/div><\/div><\/div><\/div>\n<\/div>","protected":false},"excerpt":{"rendered":"<p>When areas of tension appear in the body, the most common impulse is to lengthen or \u201cstretch\u201d the muscles in an attempt to relieve the discomfort. This automatic response is deeply rooted in the perception that muscle stiffness alone is the problem. However, from a clinical point of view, this association is not always correct....<\/p>","protected":false},"author":1,"featured_media":4294,"comment_status":"closed","ping_status":"open","sticky":false,"template":"","format":"standard","meta":{"inline_featured_image":false,"footnotes":""},"categories":[17,50,55,54,33,134,32],"tags":[4,27,8],"class_list":["post-3817","post","type-post","status-publish","format-standard","has-post-thumbnail","hentry","category-osteopatia","category-dor-lombar","category-fisioterapia-desportiva","category-fisioterapia-musculo-esqueletica","category-osteopata-david-brandao","category-osteopatia-desportiva","category-osteopatia-integrativa","tag-fisioterapia","tag-osteopatia","tag-pilates-clinico","category-17","category-50","category-55","category-54","category-33","category-134","category-32","description-off"],"_links":{"self":[{"href":"https:\/\/integrativa.pt\/en\/wp-json\/wp\/v2\/posts\/3817","targetHints":{"allow":["GET"]}}],"collection":[{"href":"https:\/\/integrativa.pt\/en\/wp-json\/wp\/v2\/posts"}],"about":[{"href":"https:\/\/integrativa.pt\/en\/wp-json\/wp\/v2\/types\/post"}],"author":[{"embeddable":true,"href":"https:\/\/integrativa.pt\/en\/wp-json\/wp\/v2\/users\/1"}],"replies":[{"embeddable":true,"href":"https:\/\/integrativa.pt\/en\/wp-json\/wp\/v2\/comments?post=3817"}],"version-history":[{"count":0,"href":"https:\/\/integrativa.pt\/en\/wp-json\/wp\/v2\/posts\/3817\/revisions"}],"wp:featuredmedia":[{"embeddable":true,"href":"https:\/\/integrativa.pt\/en\/wp-json\/wp\/v2\/media\/4294"}],"wp:attachment":[{"href":"https:\/\/integrativa.pt\/en\/wp-json\/wp\/v2\/media?parent=3817"}],"wp:term":[{"taxonomy":"category","embeddable":true,"href":"https:\/\/integrativa.pt\/en\/wp-json\/wp\/v2\/categories?post=3817"},{"taxonomy":"post_tag","embeddable":true,"href":"https:\/\/integrativa.pt\/en\/wp-json\/wp\/v2\/tags?post=3817"}],"curies":[{"name":"wp","href":"https:\/\/api.w.org\/{rel}","templated":true}]}}