{"id":3824,"date":"2025-08-21T11:16:57","date_gmt":"2025-08-21T11:16:57","guid":{"rendered":"https:\/\/integrativa.pt\/?p=3824"},"modified":"2026-01-28T12:30:43","modified_gmt":"2026-01-28T12:30:43","slug":"melatonin-sunlight-and-sleep-regulation-understanding-the-relationship","status":"publish","type":"post","link":"https:\/\/integrativa.pt\/en\/melatonina-luz-solar-e-regulacao-do-sono-compreender-a-relacao\/","title":{"rendered":"Melatonin, sunlight and sleep regulation: understanding the relationship"},"content":{"rendered":"<div class=\"wpb-content-wrapper\" id=\"wpb-content-root\"><div class=\"vc_row wpb_row vc_row-fluid\"><div class=\"wpb_column vc_column_container vc_col-sm-12\"><div class=\"vc_column-inner\"><div class=\"wpb_wrapper\">\n\t<div class=\"wpb_text_column wpb_content_element\" >\n\t\t<div class=\"wpb_wrapper\">\n\t\t\t<p>Melatonin is a central hormone in the regulation of the sleep-wake cycle and plays an important role in the overall physiological balance. It is associated with the organisation of the circadian rhythm, the quality of sleep and various processes of adaptation in the body.<\/p>\n<p>Although it is commonly known as the \u201csleep hormone\u201d, its regulation depends to a large extent on exposure to light throughout the day, particularly natural light.<\/p>\n<h3>How sunlight influences melatonin regulation<\/h3>\n<p>The relationship between sunlight and melatonin is essential in regulating the circadian rhythm and is well defined from a physiological point of view:<\/p>\n<ul>\n<li>Natural light is captured by the retina and transmitted via the optic nerve<\/li>\n<li>Light information is processed by the hypothalamus, more specifically by the suprachiasmatic nucleus, which is considered the main regulator of the circadian rhythm<\/li>\n<li>This system adjusts the internal biological clock, modulating the suppression of melatonin during the day and its progressive release at dusk<\/li>\n<\/ul>\n<p>Thus, adequate exposure to light during the day contributes to more consistent circadian signalling, favouring the production of melatonin at night.<\/p>\n<h3>The physiological role of melatonin<\/h3>\n<p>Melatonin is involved in multiple regulatory processes, going beyond sleep induction:<\/p>\n<ul>\n<li><u>Sleep and circadian rhythm<\/u>Contributes to the synchronisation of sleep cycles, facilitating the transition between states of wakefulness and rest.<\/li>\n<li><u>Modulation of <em>stress<\/em> oxidative<\/u>: It has antioxidant properties, helping to protect cells against oxidative stress.<\/li>\n<li><u>Inflammatory regulation<\/u>Intervenes in inflammatory modulation mechanisms, with a possible impact on tissue recovery.<\/li>\n<li><u>Immune system<\/u>It is associated with the regulation of immune responses, influencing the activity of certain defence cells.<\/li>\n<li><u>Brain function<\/u>Participates in neuroprotection and neuronal adaptation processes.<\/li>\n<li><u>Hormonal balance<\/u>Interacts with other hormonal axes, including the <em>stress,<\/em> contributing to a more stable organisation of biological rhythms.<\/li>\n<li><u>Metabolism<\/u>: The quality of sleep, which is partly dependent on melatonin, is related to metabolic and energy regulation.<\/li>\n<li><u>Emotional state<\/u>A more organised circadian rhythm can be associated with greater mood stability and subjective well-being.<\/li>\n<\/ul>\n<h3>Consequences of insufficient exposure to natural light<\/h3>\n<p>Reduced sun exposure, particularly in the morning, can interfere with circadian rhythm regulation and is associated with:<\/p>\n<ul>\n<li>Difficulty falling asleep<\/li>\n<li>Fragmented or superficial sleep<\/li>\n<li>Feeling of daytime fatigue<\/li>\n<li>Altered waking and resting cycles<\/li>\n<\/ul>\n<h3>Strategies to support the natural regulation of melatonin<\/h3>\n<p>Some behavioural measures can contribute to a more favourable circadian organisation:<\/p>\n<ul>\n<li>Regular exposure to natural light, especially in the early hours of the day<\/li>\n<li>Reducing exposure to bright artificial light at the end of the day, especially blue light from screens<\/li>\n<li>Maintaining a relatively consistent sleep schedule<\/li>\n<li>Balanced diet, with attention to nutrients involved in neurotransmitter synthesis<\/li>\n<li>Regular physical activity, preferably during the day<\/li>\n<li>Strategies for reducing physiological activation before going to sleep<\/li>\n<li>Sleeping environment with low light, silence and comfortable temperature<\/li>\n<li>Avoid stimulants in the afternoon and evening<\/li>\n<\/ul>\n<h3>Sleep and regulation throughout the day<\/h3>\n<p>Sleeping well doesn't just depend on when you go to bed, but on how your body is prepared throughout the day. Seemingly simple habits, such as regular exposure to natural light or organising daily routines, can have a significant influence on the quality of sleep.<\/p>\n<p>The quality of sleep is the result of the interaction between multiple stimuli throughout the day, such as exposure to natural light, movement, food, the <em>stress<\/em> and our routines. These factors continuously influence the regulation of the nervous, immune and endocrine systems.<\/p>\n<p>In Clinical Psychoneuroimmunology, sleep is considered to be a central and fundamental regulatory process, conditioned by biological and environmental factors, and not just the duration of rest. Clinical assessment therefore considers the regularity of sleep schedules, the depth of sleep and its organisation throughout the night.<\/p>\n<p>This approach makes it possible to identify patterns of dysregulation that may be associated with symptoms such as persistent fatigue, difficulty falling asleep or maintaining sleep, mood swings or greater vulnerability to inflammatory processes, guiding an intervention tailored to each person.<\/p>\n\n\t\t<\/div>\n\t<\/div>\n<\/div><\/div><\/div><\/div><div class=\"vc_row wpb_row vc_row-fluid\"><div class=\"wpb_column vc_column_container vc_col-sm-12 vc_col-has-fill\"><div class=\"vc_column-inner vc_custom_1769546988557\"><div class=\"wpb_wrapper\">\n\t<div class=\"wpb_text_column wpb_content_element\" >\n\t\t<div class=\"wpb_wrapper\">\n\t\t\t<p data-pm-slice=\"1 1 &#091;&#093;\">The Integrative Osteopathy consultation, with a framework in Clinical Psychoneuroimmunology, allows for an individualised assessment of sleep patterns, circadian rhythm and factors that may be interfering with physiological regulation, allowing for a better understanding of the factors involved and supporting the definition of strategies adjusted to your context and individual needs.<\/p>\n\n\t\t<\/div>\n\t<\/div>\n<\/div><\/div><\/div><\/div><div class=\"vc_row wpb_row vc_row-fluid vc_custom_1680169461443\"><div class=\"wpb_column vc_column_container vc_col-sm-12\"><div class=\"vc_column-inner\"><div class=\"wpb_wrapper\">\n\t<div class=\"wpb_text_column wpb_content_element  vc_custom_1760628837336\" >\n\t\t<div class=\"wpb_wrapper\">\n\t\t\t<p style=\"text-align: right;\"><a title=\"Osteopath - Physiotherapist David Brand\u00e3o\" href=\"https:\/\/integrativa.pt\/en\/osteopata-fisioterapeuta-david-brandao\/\"><strong>David Brand\u00e3o<\/strong> <\/a>| Osteopath and Physiotherapist<\/p>\n<p style=\"text-align: right;\">Specialised in Clinical Psychoneuroimmunology<\/p>\n<h6 style=\"text-align: right;\">Physiotherapist Card: 3652 | Order of Physiotherapists \/\/ Osteopath Card: C-0031697 | ACSS<\/h6>\n\n\t\t<\/div>\n\t<\/div>\n<style type=\"text\/css\" data-type=\"the7_shortcodes-inline-css\">.dt-shortcode-soc-icons.soc-icons-d45686d09a63baba6497efe6c6ad3c1e a {\n  margin-right: 4px;\n}\n.dt-shortcode-soc-icons a.soc-icons-d45686d09a63baba6497efe6c6ad3c1e {\n  margin-right: 4px;\n}\n.dt-shortcode-soc-icons a.soc-icons-d45686d09a63baba6497efe6c6ad3c1e:last-child {\n  margin-right: 0;\n}\n.dt-shortcode-soc-icons a.soc-icons-d45686d09a63baba6497efe6c6ad3c1e:before,\n.dt-shortcode-soc-icons a.soc-icons-d45686d09a63baba6497efe6c6ad3c1e:after {\n  padding: inherit;\n}\n.dt-shortcode-soc-icons a.soc-icons-d45686d09a63baba6497efe6c6ad3c1e.dt-icon-border-on:before {\n  border:  solid ;\n}\n.dt-shortcode-soc-icons a.soc-icons-d45686d09a63baba6497efe6c6ad3c1e.dt-icon-hover-border-on:after {\n  border:  solid ;\n}<\/style><div class=\"dt-shortcode-soc-icons  soc-icons-d45686d09a63baba6497efe6c6ad3c1e soc-icons-right\" ><style type=\"text\/css\" data-type=\"the7_shortcodes-inline-css\">.dt-shortcode-soc-icons a.single-soc-icon-4e4f278c408213ddb82c8b416bc69fdc {\n  min-width: 26px;\n  min-height: 26px;\n  font-size: 16px;\n  border-radius: 100px;\n}\n.dt-shortcode-soc-icons a.single-soc-icon-4e4f278c408213ddb82c8b416bc69fdc:last-child {\n  margin-right: 0;\n}\n.dt-shortcode-soc-icons a.single-soc-icon-4e4f278c408213ddb82c8b416bc69fdc:before,\n.dt-shortcode-soc-icons a.single-soc-icon-4e4f278c408213ddb82c8b416bc69fdc:after {\n  min-width: 26px;\n  min-height: 26px;\n  padding: inherit;\n}\n.dt-shortcode-soc-icons a.single-soc-icon-4e4f278c408213ddb82c8b416bc69fdc.dt-icon-border-on:before {\n  border: 0px solid ;\n}\n.dt-shortcode-soc-icons a.single-soc-icon-4e4f278c408213ddb82c8b416bc69fdc.dt-icon-hover-border-on:after {\n  border: 0px solid ;\n}\n.dt-shortcode-soc-icons a.single-soc-icon-4e4f278c408213ddb82c8b416bc69fdc:hover {\n  font-size: 16px;\n}\n#page .dt-shortcode-soc-icons a.single-soc-icon-4e4f278c408213ddb82c8b416bc69fdc:hover .soc-font-icon,\n#phantom .dt-shortcode-soc-icons a.single-soc-icon-4e4f278c408213ddb82c8b416bc69fdc:hover .soc-font-icon,\n#page .dt-shortcode-soc-icons a.single-soc-icon-4e4f278c408213ddb82c8b416bc69fdc:hover .soc-icon,\n#phantom .dt-shortcode-soc-icons a.single-soc-icon-4e4f278c408213ddb82c8b416bc69fdc:hover .soc-icon {\n  color: rgba(255,255,255,0.75);\n  background: none;\n}\n#page .dt-shortcode-soc-icons a.single-soc-icon-4e4f278c408213ddb82c8b416bc69fdc:not(:hover) .soc-font-icon,\n#phantom .dt-shortcode-soc-icons a.single-soc-icon-4e4f278c408213ddb82c8b416bc69fdc:not(:hover) .soc-font-icon,\n#page .dt-shortcode-soc-icons a.single-soc-icon-4e4f278c408213ddb82c8b416bc69fdc:not(:hover) .soc-icon,\n#phantom .dt-shortcode-soc-icons a.single-soc-icon-4e4f278c408213ddb82c8b416bc69fdc:not(:hover) .soc-icon {\n  color: #ffffff;\n  background: none;\n}\n.dt-shortcode-soc-icons a.single-soc-icon-4e4f278c408213ddb82c8b416bc69fdc .soc-font-icon,\n.dt-shortcode-soc-icons a.single-soc-icon-4e4f278c408213ddb82c8b416bc69fdc .soc-icon {\n  font-size: 16px;\n}<\/style><a title=\"Instagram\" href=\"https:\/\/www.instagram.com\/davidosteopata\/\" class=\"instagram single-soc-icon-4e4f278c408213ddb82c8b416bc69fdc dt-icon-bg-on dt-icon-border-on dt-icon-hover-border-on dt-icon-hover-bg-on\" target=\"_blank\" rel=\"noopener\"><i class=\"soc-icon soc-font-icon dt-icon-instagram\"><\/i><span class=\"screen-reader-text\">Instagram<\/span><\/a><\/div><\/div><\/div><\/div><\/div><div class=\"vc_row wpb_row vc_row-fluid vc_custom_1680169461443\"><div class=\"wpb_column vc_column_container vc_col-sm-12\"><div class=\"vc_column-inner\"><div class=\"wpb_wrapper\">\n\t<div class=\"wpb_text_column wpb_content_element  vc_custom_1680169468507\" >\n\t\t<div class=\"wpb_wrapper\">\n\t\t\t<p><a title=\"Home\" href=\"https:\/\/integrativa.pt\/en\/\"><strong>Integrativa<\/strong><\/a> | Health and well-being as a lifestyle<\/p>\n\n\t\t<\/div>\n\t<\/div>\n\n\t<div class=\"wpb_text_column wpb_content_element  vc_custom_1689951960351\" >\n\t\t<div class=\"wpb_wrapper\">\n\t\t\t<h6>This website and its content are for information purposes only and are not a substitute for medical or health professional advice. Each person's treatment should be individualised and guided by health professionals. Do not make any changes to your treatment without contacting the doctor or health professional accompanying you.<\/h6>\n\n\t\t<\/div>\n\t<\/div>\n<\/div><\/div><\/div><\/div><div class=\"vc_row wpb_row vc_row-fluid\"><div class=\"wpb_column vc_column_container vc_col-sm-12\"><div class=\"vc_column-inner vc_custom_1678987635945\"><div class=\"wpb_wrapper\"><div class=\"vc_separator wpb_content_element vc_separator_align_center vc_sep_border_width_1 vc_sep_pos_align_center wpb_content_element vc_separator-has-text\"   style=\"width: 100%;\"><span class=\"vc_sep_holder vc_sep_holder_l\"><span style=\"border-top-color:#1b9193;\" class=\"vc_sep_line\"><\/span><\/span><h4>Related articles<\/h4><span class=\"vc_sep_holder vc_sep_holder_r\"><span style=\"border-top-color:#1b9193;\" class=\"vc_sep_line\"><\/span><\/span>\n<\/div><style type=\"text\/css\" data-type=\"the7_shortcodes-inline-css\">.blog-carousel-shortcode.blog-carousel-shortcode-id-13f38358c49797ee066cfd462ae4f20c.dividers-on.classic-layout-list article {\n  padding-top: 0;\n}\n.blog-carousel-shortcode.blog-carousel-shortcode-id-13f38358c49797ee066cfd462ae4f20c.dividers-on.classic-layout-list article:first-of-type {\n  margin-top: 0;\n  padding-top: 0;\n}\n.blog-carousel-shortcode.blog-carousel-shortcode-id-13f38358c49797ee066cfd462ae4f20c.classic-layout-list.mode-list .post-entry-content {\n  width: calc(100% - );\n}\n.blog-carousel-shortcode.blog-carousel-shortcode-id-13f38358c49797ee066cfd462ae4f20c.classic-layout-list.mode-list .no-img .post-entry-content {\n  width: 100%;\n}\n.blog-carousel-shortcode.blog-carousel-shortcode-id-13f38358c49797ee066cfd462ae4f20c .filter-bg-decoration .filter-categories a.act {\n  color: #fff;\n}\n.blog-carousel-shortcode.blog-carousel-shortcode-id-13f38358c49797ee066cfd462ae4f20c:not(.mode-masonry) article:first-of-type,\n.blog-carousel-shortcode.blog-carousel-shortcode-id-13f38358c49797ee066cfd462ae4f20c:not(.mode-masonry) article.visible.first:not(.product) {\n  margin-top: 0;\n}\n.blog-carousel-shortcode.blog-carousel-shortcode-id-13f38358c49797ee066cfd462ae4f20c.dividers-on:not(.mode-masonry) article {\n  margin-top: 0;\n}\n.blog-carousel-shortcode.blog-carousel-shortcode-id-13f38358c49797ee066cfd462ae4f20c.dividers-on:not(.mode-masonry) article:first-of-type,\n.blog-carousel-shortcode.blog-carousel-shortcode-id-13f38358c49797ee066cfd462ae4f20c.dividers-on:not(.mode-masonry) article.visible.first:not(.product) {\n  margin-top: 0;\n  padding-top: 0;\n}\n.blog-carousel-shortcode.blog-carousel-shortcode-id-13f38358c49797ee066cfd462ae4f20c .post-thumbnail-wrap {\n  padding: 0px 0px 0px 0px;\n}\n.blog-carousel-shortcode.blog-carousel-shortcode-id-13f38358c49797ee066cfd462ae4f20c.enable-bg-rollover .post-thumbnail-rollover:after {\n  background: -webkit-linear-gradient();\n  background: linear-gradient();\n}\n.blog-carousel-shortcode.blog-carousel-shortcode-id-13f38358c49797ee066cfd462ae4f20c .gallery-zoom-ico {\n  width: 44px;\n  height: 44px;\n  line-height: 44px;\n  border-radius: 100px;\n  margin: -22px 0 0 -22px;\n  border-width: 0px;\n  color: #ffffff;\n  background: none;\n}\n.bottom-overlap-layout-list.blog-carousel-shortcode.blog-carousel-shortcode-id-13f38358c49797ee066cfd462ae4f20c .gallery-zoom-ico {\n  margin-top: -72px;\n}\n.gradient-overlay-layout-list.blog-carousel-shortcode.blog-carousel-shortcode-id-13f38358c49797ee066cfd462ae4f20c .gallery-zoom-ico,\n.content-rollover-layout-list.blog-carousel-shortcode.blog-carousel-shortcode-id-13f38358c49797ee066cfd462ae4f20c .gallery-zoom-ico {\n  margin: 0 0 10px;\n}\n.content-align-center.gradient-overlay-layout-list.blog-carousel-shortcode.blog-carousel-shortcode-id-13f38358c49797ee066cfd462ae4f20c .gallery-zoom-ico,\n.content-align-center.content-rollover-layout-list.blog-carousel-shortcode.blog-carousel-shortcode-id-13f38358c49797ee066cfd462ae4f20c .gallery-zoom-ico {\n  margin: 0 auto 10px;\n}\n.dt-icon-bg-on.blog-carousel-shortcode.blog-carousel-shortcode-id-13f38358c49797ee066cfd462ae4f20c .gallery-zoom-ico {\n  background: rgba(255,255,255,0.3);\n  box-shadow: none;\n}\n.blog-carousel-shortcode.blog-carousel-shortcode-id-13f38358c49797ee066cfd462ae4f20c .gallery-zoom-ico > span,\n.blog-carousel-shortcode.blog-carousel-shortcode-id-13f38358c49797ee066cfd462ae4f20c .gallery-zoom-ico:before {\n  font-size: 32px;\n  line-height: 44px;\n}\n.blog-carousel-shortcode.blog-carousel-shortcode-id-13f38358c49797ee066cfd462ae4f20c .gallery-zoom-ico > span,\n.blog-carousel-shortcode.blog-carousel-shortcode-id-13f38358c49797ee066cfd462ae4f20c .gallery-zoom-ico:before {\n  color: #ffffff;\n  background: none;\n}\n.blog-carousel-shortcode.blog-carousel-shortcode-id-13f38358c49797ee066cfd462ae4f20c .entry-title,\n.blog-carousel-shortcode.blog-carousel-shortcode-id-13f38358c49797ee066cfd462ae4f20c.owl-carousel .entry-title {\n  margin-bottom: 5px;\n}\n.blog-carousel-shortcode.blog-carousel-shortcode-id-13f38358c49797ee066cfd462ae4f20c .entry-meta {\n  margin-bottom: 15px;\n}\n.blog-carousel-shortcode.blog-carousel-shortcode-id-13f38358c49797ee066cfd462ae4f20c .portfolio-categories {\n  margin-bottom: 15px;\n}\n.blog-carousel-shortcode.blog-carousel-shortcode-id-13f38358c49797ee066cfd462ae4f20c .entry-excerpt {\n  margin-bottom: 5px;\n}\n.blog-carousel-shortcode.blog-carousel-shortcode-id-13f38358c49797ee066cfd462ae4f20c:not(.centered-layout-list) .post-entry-content {\n  padding: 15px 20px 20px 20px;\n}\n.blog-carousel-shortcode.blog-carousel-shortcode-id-13f38358c49797ee066cfd462ae4f20c:not(.centered-layout-list):not(.content-bg-on):not(.mode-list) .no-img .post-entry-content {\n  padding: 0;\n}\n@media screen and (max-width: ) {\n  .blog-carousel-shortcode.blog-carousel-shortcode-id-13f38358c49797ee066cfd462ae4f20c article {\n    -ms-flex-flow: column nowrap;\n    flex-flow: column nowrap;\n    margin-top: 20px;\n  }\n  .blog-carousel-shortcode.blog-carousel-shortcode-id-13f38358c49797ee066cfd462ae4f20c.dividers-on article {\n    border: none;\n  }\n  .blog-carousel-shortcode.blog-carousel-shortcode-id-13f38358c49797ee066cfd462ae4f20c.content-bg-on.centered-layout-list article {\n    padding: 0;\n  }\n  .blog-carousel-shortcode.blog-carousel-shortcode-id-13f38358c49797ee066cfd462ae4f20c.blog-shortcode.dividers-on article,\n  .blog-carousel-shortcode.blog-carousel-shortcode-id-13f38358c49797ee066cfd462ae4f20c.dividers-on.classic-layout-list article {\n    margin-top: 20px;\n    padding: 0;\n  }\n  .blog-carousel-shortcode.blog-carousel-shortcode-id-13f38358c49797ee066cfd462ae4f20c.blog-shortcode.dividers-on article:first-of-type,\n  .blog-carousel-shortcode.blog-carousel-shortcode-id-13f38358c49797ee066cfd462ae4f20c.dividers-on.classic-layout-list article:first-of-type {\n    padding: 0;\n  }\n  #page .blog-carousel-shortcode.blog-carousel-shortcode-id-13f38358c49797ee066cfd462ae4f20c .post-thumbnail-wrap,\n  #page .blog-carousel-shortcode.blog-carousel-shortcode-id-13f38358c49797ee066cfd462ae4f20c .post-entry-content {\n    width: 100%;\n    margin: 0;\n    top: 0;\n  }\n  #page .blog-carousel-shortcode.blog-carousel-shortcode-id-13f38358c49797ee066cfd462ae4f20c .post-thumbnail-wrap {\n    padding: 0;\n  }\n  #page .blog-carousel-shortcode.blog-carousel-shortcode-id-13f38358c49797ee066cfd462ae4f20c .post-entry-content:after {\n    display: none;\n  }\n  #page .blog-carousel-shortcode.blog-carousel-shortcode-id-13f38358c49797ee066cfd462ae4f20c .project-even .post-thumbnail-wrap,\n  #page .blog-carousel-shortcode.blog-carousel-shortcode-id-13f38358c49797ee066cfd462ae4f20c.centered-layout-list .post-thumbnail-wrap {\n    -ms-flex-order: 0;\n    order: 0;\n  }\n  #page .blog-carousel-shortcode.blog-carousel-shortcode-id-13f38358c49797ee066cfd462ae4f20c.centered-layout-list .post-entry-title-content {\n    -ms-flex-order: 1;\n    order: 1;\n    width: 100%;\n    padding: 20px 20px 0;\n  }\n  #page .blog-carousel-shortcode.blog-carousel-shortcode-id-13f38358c49797ee066cfd462ae4f20c.centered-layout-list .post-entry-content {\n    -ms-flex-order: 2;\n    order: 2;\n    padding-top: 0;\n  }\n  #page .blog-carousel-shortcode.blog-carousel-shortcode-id-13f38358c49797ee066cfd462ae4f20c .fancy-categories {\n    top: 10px;\n    left: 10px;\n    bottom: auto;\n    right: auto;\n  }\n  #page .blog-carousel-shortcode.blog-carousel-shortcode-id-13f38358c49797ee066cfd462ae4f20c .fancy-date a {\n    top: 10px;\n    right: 10px;\n    left: auto;\n    bottom: auto;\n  }\n  #page .blog-carousel-shortcode.blog-carousel-shortcode-id-13f38358c49797ee066cfd462ae4f20c .post-entry-content {\n    padding: 20px;\n  }\n  #page .blog-carousel-shortcode.blog-carousel-shortcode-id-13f38358c49797ee066cfd462ae4f20c .entry-title {\n    margin: 3px 0 5px;\n    font-size: 20px;\n    line-height: 26px;\n  }\n  #page .blog-carousel-shortcode.blog-carousel-shortcode-id-13f38358c49797ee066cfd462ae4f20c .entry-meta {\n    margin: 5px 0 5px;\n  }\n  #page .blog-carousel-shortcode.blog-carousel-shortcode-id-13f38358c49797ee066cfd462ae4f20c .entry-excerpt {\n    margin: 15px 0 0;\n  }\n  #page .blog-carousel-shortcode.blog-carousel-shortcode-id-13f38358c49797ee066cfd462ae4f20c .post-details {\n    margin: 5px 0 10px;\n  }\n  #page .blog-carousel-shortcode.blog-carousel-shortcode-id-13f38358c49797ee066cfd462ae4f20c .post-details.details-type-link {\n    margin-bottom: 2px;\n  }\n}\n.blog-carousel-shortcode.blog-carousel-shortcode-id-13f38358c49797ee066cfd462ae4f20c.owl-carousel .owl-nav div {\n  width: 36px;\n  height: 36px;\n  border-radius: 500px;\n}\n.dt-arrow-border-on.blog-carousel-shortcode.blog-carousel-shortcode-id-13f38358c49797ee066cfd462ae4f20c.owl-carousel .owl-nav div:not(:hover):before {\n  border-width: 0px;\n}\n.dt-arrow-hover-border-on.blog-carousel-shortcode.blog-carousel-shortcode-id-13f38358c49797ee066cfd462ae4f20c.owl-carousel .owl-nav div:hover:after {\n  border-width: 0px;\n}\n.blog-carousel-shortcode.blog-carousel-shortcode-id-13f38358c49797ee066cfd462ae4f20c.owl-carousel .owl-nav div.owl-prev {\n  top: 50%;\n  transform: translateY(calc(-50% + 0px));\n  left: -43px;\n}\n@media all and (-ms-high-contrast: none) {\n  .blog-carousel-shortcode.blog-carousel-shortcode-id-13f38358c49797ee066cfd462ae4f20c.owl-carousel .owl-nav div.owl-prev {\n    transform: translateY(-50%);\n    margin-top: 0px;\n  }\n}\n.blog-carousel-shortcode.blog-carousel-shortcode-id-13f38358c49797ee066cfd462ae4f20c.owl-carousel .owl-nav div.owl-prev i {\n  padding: 0px 0px 0px 0px;\n}\n.blog-carousel-shortcode.blog-carousel-shortcode-id-13f38358c49797ee066cfd462ae4f20c.owl-carousel .owl-nav div.owl-next {\n  top: 50%;\n  transform: translateY(calc(-50% + 0px));\n  right: -43px;\n}\n@media all and (-ms-high-contrast: none) {\n  .blog-carousel-shortcode.blog-carousel-shortcode-id-13f38358c49797ee066cfd462ae4f20c.owl-carousel .owl-nav div.owl-next {\n    transform: translateY(-50%);\n    margin-top: 0px;\n  }\n}\n.blog-carousel-shortcode.blog-carousel-shortcode-id-13f38358c49797ee066cfd462ae4f20c.owl-carousel .owl-nav div.owl-next i {\n  padding: 0px 0px 0px 0px;\n}\n.blog-carousel-shortcode.blog-carousel-shortcode-id-13f38358c49797ee066cfd462ae4f20c.owl-carousel .owl-nav i {\n  font-size: 18px;\n}\n.blog-carousel-shortcode.blog-carousel-shortcode-id-13f38358c49797ee066cfd462ae4f20c.owl-carousel .owl-nav div:not(:hover) i,\n.blog-carousel-shortcode.blog-carousel-shortcode-id-13f38358c49797ee066cfd462ae4f20c.owl-carousel .owl-nav div:not(:hover) i:before {\n  color: #ffffff;\n  background: none;\n}\n.blog-carousel-shortcode.blog-carousel-shortcode-id-13f38358c49797ee066cfd462ae4f20c.owl-carousel .owl-nav div:hover i,\n.blog-carousel-shortcode.blog-carousel-shortcode-id-13f38358c49797ee066cfd462ae4f20c.owl-carousel .owl-nav div:hover i:before {\n  color: rgba(255,255,255,0.75);\n  background: none;\n}\n.blog-carousel-shortcode.blog-carousel-shortcode-id-13f38358c49797ee066cfd462ae4f20c .owl-dots {\n  top: calc(100% + 20px);\n  left: 50%;\n  transform: translateX(calc(-50% + 0px));\n}\n@media all and (-ms-high-contrast: none) {\n  .blog-carousel-shortcode.blog-carousel-shortcode-id-13f38358c49797ee066cfd462ae4f20c .owl-dots {\n    transform: translateX(-50%);\n    margin-left: 0px;\n  }\n}\n.blog-carousel-shortcode.blog-carousel-shortcode-id-13f38358c49797ee066cfd462ae4f20c .owl-dot {\n  width: 10px;\n  height: 10px;\n  margin: 0 8px;\n}\n@media screen and (max-width: 778px) {\n  .blog-carousel-shortcode.blog-carousel-shortcode-id-13f38358c49797ee066cfd462ae4f20c.hide-arrows .owl-nav a {\n    display: none;\n  }\n}\n@media screen and (max-width: 778px) {\n  .blog-carousel-shortcode.blog-carousel-shortcode-id-13f38358c49797ee066cfd462ae4f20c.reposition-arrows .owl-nav div.owl-prev {\n    top: 50%;\n    transform: translateY(calc(-50% + 0px));\n    left: 10px;\n  }\n  .blog-carousel-shortcode.blog-carousel-shortcode-id-13f38358c49797ee066cfd462ae4f20c.reposition-arrows .owl-nav div.owl-next {\n    top: 50%;\n    transform: translateY(calc(-50% + 0px));\n    right: 10px;\n  }\n}\n@media screen and (max-width: 778px) and all and (-ms-high-contrast: none) {\n  .blog-carousel-shortcode.blog-carousel-shortcode-id-13f38358c49797ee066cfd462ae4f20c.reposition-arrows .owl-nav div.owl-prev {\n    transform: translateY(-50%);\n    margin-top: 0px;\n  }\n}\n@media screen and (max-width: 778px) and all and (-ms-high-contrast: none) {\n  .blog-carousel-shortcode.blog-carousel-shortcode-id-13f38358c49797ee066cfd462ae4f20c.reposition-arrows .owl-nav div.owl-next {\n    transform: translateY(-50%);\n    margin-top: 0px;\n  }\n}<\/style><div class=\"owl-carousel blog-carousel-shortcode dt-owl-carousel-call blog-carousel-shortcode-id-13f38358c49797ee066cfd462ae4f20c classic-layout-list scale-img dt-icon-bg-off dt-arrow-border-on dt-arrow-hover-border-on meta-info-off bullets-small-dot-stroke reposition-arrows arrows-bg-on disable-arrows-hover-bg arrows-hover-bg-on\" data-scroll-mode=\"1\" data-col-num=\"3\" data-wide-col-num=\"4\" data-laptop-col=\"3\" data-h-tablet-columns-num=\"3\" data-v-tablet-columns-num=\"2\" data-phone-columns-num=\"1\" data-auto-height=\"true\" data-col-gap=\"30\" data-stage-padding=\"0\" data-speed=\"600\" data-autoplay=\"false\" data-autoplay_speed=\"6000\" data-arrows=\"true\" data-bullet=\"false\" data-next-icon=\"icon-ar-017-r\" data-prev-icon=\"icon-ar-017-l\"><article class=\"post post-6869 type-post status-publish format-standard has-post-thumbnail hentry category-osteopatia category-osteopata-david-brandao category-osteopatia-integrativa tag-fisioterapia tag-osteopatia tag-pilates-clinico category-17 category-33 category-32 description-off\" data-name=\"Osteopatia e Dor Lombar (lombalgia): enquadramento cl\u00ednico e perspetiva integrativa\" data-date=\"2026-02-09T19:39:56+00:00\">\n\n<div class=\"post-thumbnail-wrap\">\n\t<div class=\"post-thumbnail\">\n\t\t\n\t\t\n\t\t<a href=\"https:\/\/integrativa.pt\/en\/osteopatia-e-dor-lombar-lombalgia-enquadramento-clinico-e-perspetiva-integrativa\/\" class=\"post-thumbnail-rollover layzr-bg\"><img fetchpriority=\"high\" decoding=\"async\" class=\"preload-me owl-lazy-load aspect\" src=\"data:image\/svg+xml,%3Csvg%20xmlns%3D&#39;http%3A%2F%2Fwww.w3.org%2F2000%2Fsvg&#39;%20viewBox%3D&#39;0%200%20768%20512&#39;%2F%3E\" data-src=\"https:\/\/integrativa.pt\/wp-content\/uploads\/2026\/02\/Osteopatia-Lombalgia-768x512.avif\" data-srcset=\"https:\/\/integrativa.pt\/wp-content\/uploads\/2026\/02\/Osteopatia-Lombalgia-768x512.avif 768w, https:\/\/integrativa.pt\/wp-content\/uploads\/2026\/02\/Osteopatia-Lombalgia-1152x768.avif 1152w\" loading=\"eager\" style=\"--ratio: 768 \/ 512\" sizes=\"(max-width: 768px) 100vw, 768px\" alt=\"Low back pain osteopathy\" title=\"Osteopathy Low Back Pain\" width=\"768\" height=\"512\"  \/><\/a>\t<\/div>\n<\/div>\n\n\n<div class=\"post-entry-content\">\n\n\t<h3 class=\"entry-title\">\n\t\t<a href=\"https:\/\/integrativa.pt\/en\/osteopatia-e-dor-lombar-lombalgia-enquadramento-clinico-e-perspetiva-integrativa\/\" title=\"Osteopathy and low back pain: clinical framework and integrative perspective\" rel=\"bookmark\">Osteopathy and low back pain: clinical framework and integrative perspective<\/a>\n\t<\/h3>\n\n\t\n\t\n\t\n<a href=\"https:\/\/integrativa.pt\/en\/osteopatia-e-dor-lombar-lombalgia-enquadramento-clinico-e-perspetiva-integrativa\/\" class=\"post-details details-type-link\" aria-label=\"Read more about Osteopathy and Low Back Pain (LBP): clinical framework and integrative perspective\">Read more<i class=\"dt-icon-the7-arrow-03\" aria-hidden=\"true\"><\/i><\/a>\n\n<\/div><\/article><article class=\"post post-5255 type-post status-publish format-standard has-post-thumbnail hentry category-nervo-vago category-osteopatia-craniana category-osteopatia-integrativa tag-fisioterapia tag-osteopatia tag-pilates-clinico category-58 category-42 category-32 description-off\" data-name=\"Dor: uma experi\u00eancia complexa e multifatorial\" data-date=\"2025-10-23T17:09:02+00:00\">\n\n<div class=\"post-thumbnail-wrap\">\n\t<div class=\"post-thumbnail\">\n\t\t\n\t\t\n\t\t<a href=\"https:\/\/integrativa.pt\/en\/dor-mecanismos-influencias-e-a-abordagem-integrativa-na-sua-reabilitacao\/\" class=\"post-thumbnail-rollover layzr-bg\"><img decoding=\"async\" class=\"preload-me owl-lazy-load aspect\" src=\"data:image\/svg+xml,%3Csvg%20xmlns%3D&#39;http%3A%2F%2Fwww.w3.org%2F2000%2Fsvg&#39;%20viewBox%3D&#39;0%200%20768%20512&#39;%2F%3E\" data-src=\"https:\/\/integrativa.pt\/wp-content\/uploads\/2025\/10\/Dor-de-cabeca-Enxaqueca-Integrativa-ATM-Fisioterapia-768x512.webp\" data-srcset=\"https:\/\/integrativa.pt\/wp-content\/uploads\/2025\/10\/Dor-de-cabeca-Enxaqueca-Integrativa-ATM-Fisioterapia-768x512.webp 768w, https:\/\/integrativa.pt\/wp-content\/uploads\/2025\/10\/Dor-de-cabeca-Enxaqueca-Integrativa-ATM-Fisioterapia-1152x768.webp 1152w\" loading=\"eager\" style=\"--ratio: 768 \/ 512\" sizes=\"(max-width: 768px) 100vw, 768px\" alt=\"\" title=\"Headache Migraine Integrative TMJ Physiotherapy\" width=\"768\" height=\"512\"  \/><\/a>\t<\/div>\n<\/div>\n\n\n<div class=\"post-entry-content\">\n\n\t<h3 class=\"entry-title\">\n\t\t<a href=\"https:\/\/integrativa.pt\/en\/dor-mecanismos-influencias-e-a-abordagem-integrativa-na-sua-reabilitacao\/\" title=\"Pain: a complex and multifactorial experience\" rel=\"bookmark\">Pain: a complex and multifactorial experience<\/a>\n\t<\/h3>\n\n\t\n\t\n\t\n<a href=\"https:\/\/integrativa.pt\/en\/dor-mecanismos-influencias-e-a-abordagem-integrativa-na-sua-reabilitacao\/\" class=\"post-details details-type-link\" aria-label=\"Learn more about Dor: a complex and multifactorial experience.\">Read more<i class=\"dt-icon-the7-arrow-03\" aria-hidden=\"true\"><\/i><\/a>\n\n<\/div><\/article><article class=\"post post-2483 type-post status-publish format-standard has-post-thumbnail hentry category-4-pilares-da-saude category-coaching category-fisioterapia category-nutricao category-osteopata-david-brandao category-osteopatia-integrativa category-osteopatia-integrativa-osteopatia category-psicologia tag-fisioterapia tag-osteopatia tag-pilates-clinico category-35 category-10 category-6 category-14 category-33 category-32 category-34 category-18 description-off\" data-name=\"9 Passos para uma Vida mais Saud\u00e1vel\" data-date=\"2023-09-02T13:23:20+00:00\">\n\n<div class=\"post-thumbnail-wrap\">\n\t<div class=\"post-thumbnail\">\n\t\t\n\t\t\n\t\t<a href=\"https:\/\/integrativa.pt\/en\/9-passos-para-uma-vida-mais-saudavel\/\" class=\"post-thumbnail-rollover layzr-bg\"><img decoding=\"async\" class=\"preload-me owl-lazy-load aspect\" src=\"data:image\/svg+xml,%3Csvg%20xmlns%3D&#39;http%3A%2F%2Fwww.w3.org%2F2000%2Fsvg&#39;%20viewBox%3D&#39;0%200%20768%20512&#39;%2F%3E\" data-src=\"https:\/\/integrativa.pt\/wp-content\/uploads\/2023\/09\/Integrativa-Lisboa-Psiconeuroimunologia-768x512.webp\" data-srcset=\"https:\/\/integrativa.pt\/wp-content\/uploads\/2023\/09\/Integrativa-Lisboa-Psiconeuroimunologia-768x512.webp 768w, https:\/\/integrativa.pt\/wp-content\/uploads\/2023\/09\/Integrativa-Lisboa-Psiconeuroimunologia-1152x768.webp 1152w\" loading=\"eager\" style=\"--ratio: 768 \/ 512\" sizes=\"(max-width: 768px) 100vw, 768px\" alt=\"\" title=\"Integrative Lisbon Psychoneuroimmunology\" width=\"768\" height=\"512\"  \/><\/a>\t<\/div>\n<\/div>\n\n\n<div class=\"post-entry-content\">\n\n\t<h3 class=\"entry-title\">\n\t\t<a href=\"https:\/\/integrativa.pt\/en\/9-passos-para-uma-vida-mais-saudavel\/\" title=\"9 Steps to a Healthier Life\" rel=\"bookmark\">9 Steps to a Healthier Life<\/a>\n\t<\/h3>\n\n\t\n\t\n\t\n<a href=\"https:\/\/integrativa.pt\/en\/9-passos-para-uma-vida-mais-saudavel\/\" class=\"post-details details-type-link\" aria-label=\"Read more about 9 Steps to a Healthier Life\">Read more<i class=\"dt-icon-the7-arrow-03\" aria-hidden=\"true\"><\/i><\/a>\n\n<\/div><\/article><article class=\"post post-1798 type-post status-publish format-standard has-post-thumbnail hentry category-osteopatia category-4-pilares-da-saude category-fisioterapia category-osteopata-david-brandao category-osteopatia-integrativa-osteopatia category-osteopatia-integrativa tag-fisioterapia tag-osteopatia tag-pilates-clinico category-17 category-35 category-6 category-33 category-34 category-32 description-off\" data-name=\"Dor lombar cr\u00f3nica e regula\u00e7\u00e3o emocional: compreender a liga\u00e7\u00e3o\" data-date=\"2023-01-24T22:33:14+00:00\">\n\n<div class=\"post-thumbnail-wrap\">\n\t<div class=\"post-thumbnail\">\n\t\t\n\t\t\n\t\t<a href=\"https:\/\/integrativa.pt\/en\/dor-lombar-cronica-e-regulacao-emocional-compreender-a-ligacao\/\" class=\"post-thumbnail-rollover layzr-bg\"><img decoding=\"async\" class=\"preload-me owl-lazy-load aspect\" src=\"data:image\/svg+xml,%3Csvg%20xmlns%3D&#39;http%3A%2F%2Fwww.w3.org%2F2000%2Fsvg&#39;%20viewBox%3D&#39;0%200%20612%20408&#39;%2F%3E\" data-src=\"https:\/\/integrativa.pt\/wp-content\/uploads\/2023\/01\/Mindfulness-dor-lombar-cronica-1.jpg\" data-srcset=\"https:\/\/integrativa.pt\/wp-content\/uploads\/2023\/01\/Mindfulness-dor-lombar-cronica-1.jpg 612w\" loading=\"eager\" style=\"--ratio: 612 \/ 408\" sizes=\"(max-width: 612px) 100vw, 612px\" alt=\"\" title=\"A man practices yoga at the top of the mountain at sunrise.\" width=\"612\" height=\"408\"  \/><\/a>\t<\/div>\n<\/div>\n\n\n<div class=\"post-entry-content\">\n\n\t<h3 class=\"entry-title\">\n\t\t<a href=\"https:\/\/integrativa.pt\/en\/dor-lombar-cronica-e-regulacao-emocional-compreender-a-ligacao\/\" title=\"Chronic low back pain and emotional regulation: understanding the link\" rel=\"bookmark\">Chronic low back pain and emotional regulation: understanding the link<\/a>\n\t<\/h3>\n\n\t\n\t\n\t\n<a href=\"https:\/\/integrativa.pt\/en\/dor-lombar-cronica-e-regulacao-emocional-compreender-a-ligacao\/\" class=\"post-details details-type-link\" aria-label=\"Read more about Chronic low back pain and emotional regulation: understanding the link\">Read more<i class=\"dt-icon-the7-arrow-03\" aria-hidden=\"true\"><\/i><\/a>\n\n<\/div><\/article><article class=\"post post-3826 type-post status-publish format-standard has-post-thumbnail hentry category-osteopata-david-brandao category-osteopatia-integrativa category-osteopatia-visceral category-psiconeuroimunologia tag-fisioterapia tag-osteopatia tag-pilates-clinico category-33 category-32 category-31 category-48 description-off\" data-name=\"O stress provoca obstipa\u00e7\u00e3o? Uma vis\u00e3o integrativa\" data-date=\"2025-07-25T08:33:07+00:00\">\n\n<div class=\"post-thumbnail-wrap\">\n\t<div class=\"post-thumbnail\">\n\t\t\n\t\t\n\t\t<a href=\"https:\/\/integrativa.pt\/en\/o-stress-provoca-obstipacao-uma-visao-integrativa\/\" class=\"post-thumbnail-rollover layzr-bg\"><img decoding=\"async\" class=\"preload-me owl-lazy-load aspect\" src=\"data:image\/svg+xml,%3Csvg%20xmlns%3D&#39;http%3A%2F%2Fwww.w3.org%2F2000%2Fsvg&#39;%20viewBox%3D&#39;0%200%20768%20512&#39;%2F%3E\" data-src=\"https:\/\/integrativa.pt\/wp-content\/uploads\/2025\/07\/Osteopatia-Visceral-Lisboa-2-768x512.webp\" data-srcset=\"https:\/\/integrativa.pt\/wp-content\/uploads\/2025\/07\/Osteopatia-Visceral-Lisboa-2-768x512.webp 768w, https:\/\/integrativa.pt\/wp-content\/uploads\/2025\/07\/Osteopatia-Visceral-Lisboa-2-1152x768.webp 1152w\" loading=\"eager\" style=\"--ratio: 768 \/ 512\" sizes=\"(max-width: 768px) 100vw, 768px\" alt=\"\" title=\"Visceral Osteopathy Lisbon (2)\" width=\"768\" height=\"512\"  \/><\/a>\t<\/div>\n<\/div>\n\n\n<div class=\"post-entry-content\">\n\n\t<h3 class=\"entry-title\">\n\t\t<a href=\"https:\/\/integrativa.pt\/en\/o-stress-provoca-obstipacao-uma-visao-integrativa\/\" title=\"Does stress cause constipation? An integrative view\" rel=\"bookmark\">Does stress cause constipation? An integrative view<\/a>\n\t<\/h3>\n\n\t\n\t\n\t\n<a href=\"https:\/\/integrativa.pt\/en\/o-stress-provoca-obstipacao-uma-visao-integrativa\/\" class=\"post-details details-type-link\" aria-label=\"Read more about Does stress cause constipation? An integrative view\">Read more<i class=\"dt-icon-the7-arrow-03\" aria-hidden=\"true\"><\/i><\/a>\n\n<\/div><\/article><article class=\"post post-2445 type-post status-publish format-standard has-post-thumbnail hentry category-osteopatia category-atm category-bruxismo category-dores-de-cabeca category-fisioterapia category-osteopatia-craniana category-osteopatia-integrativa category-osteopatia-integrativa-osteopatia tag-fisioterapia tag-osteopatia tag-pilates-clinico category-17 category-41 category-135 category-52 category-6 category-42 category-32 category-34 description-off\" data-name=\"Stress, bruxismo e dores de cabe\u00e7a: compreender a rela\u00e7\u00e3o numa perspetiva integrativa\" data-date=\"2023-07-26T12:35:35+00:00\">\n\n<div class=\"post-thumbnail-wrap\">\n\t<div class=\"post-thumbnail\">\n\t\t\n\t\t\n\t\t<a href=\"https:\/\/integrativa.pt\/en\/stress-bruxismo-e-dores-de-cabeca-compreender-a-relacao-numa-perspetiva-integrativa\/\" class=\"post-thumbnail-rollover layzr-bg\"><img decoding=\"async\" class=\"preload-me owl-lazy-load aspect\" src=\"data:image\/svg+xml,%3Csvg%20xmlns%3D&#39;http%3A%2F%2Fwww.w3.org%2F2000%2Fsvg&#39;%20viewBox%3D&#39;0%200%20768%20512&#39;%2F%3E\" data-src=\"https:\/\/integrativa.pt\/wp-content\/uploads\/2023\/07\/Dor-cabeca-Osteopatia-Enxaqueca-Integrativa-Fisioterapia-768x512.webp\" data-srcset=\"https:\/\/integrativa.pt\/wp-content\/uploads\/2023\/07\/Dor-cabeca-Osteopatia-Enxaqueca-Integrativa-Fisioterapia-768x512.webp 768w, https:\/\/integrativa.pt\/wp-content\/uploads\/2023\/07\/Dor-cabeca-Osteopatia-Enxaqueca-Integrativa-Fisioterapia-1152x768.webp 1152w\" loading=\"eager\" style=\"--ratio: 768 \/ 512\" sizes=\"(max-width: 768px) 100vw, 768px\" alt=\"\" title=\"Headache Osteopathy Migraine Integrative Physiotherapy\" width=\"768\" height=\"512\"  \/><\/a>\t<\/div>\n<\/div>\n\n\n<div class=\"post-entry-content\">\n\n\t<h3 class=\"entry-title\">\n\t\t<a href=\"https:\/\/integrativa.pt\/en\/stress-bruxismo-e-dores-de-cabeca-compreender-a-relacao-numa-perspetiva-integrativa\/\" title=\"Stress, bruxism and headaches: understanding the relationship from an integrative perspective\" rel=\"bookmark\">Stress, bruxism and headaches: understanding the relationship from an integrative perspective<\/a>\n\t<\/h3>\n\n\t\n\t\n\t\n<a href=\"https:\/\/integrativa.pt\/en\/stress-bruxismo-e-dores-de-cabeca-compreender-a-relacao-numa-perspetiva-integrativa\/\" class=\"post-details details-type-link\" aria-label=\"Read more about Stress, bruxism and headaches: understanding the relationship from an integrative perspective\">Read more<i class=\"dt-icon-the7-arrow-03\" aria-hidden=\"true\"><\/i><\/a>\n\n<\/div><\/article><\/div><\/div><\/div><\/div><\/div>\n<\/div>","protected":false},"excerpt":{"rendered":"<p>Melatonin is a central hormone in the regulation of the sleep-wake cycle and plays an important role in the overall physiological balance. It is associated with the organisation of the circadian rhythm, the quality of sleep and various adaptive processes in the body. Although it is commonly known as the \u201csleep hormone\u201d, its regulation depends to a large extent on...<\/p>","protected":false},"author":1,"featured_media":4487,"comment_status":"closed","ping_status":"open","sticky":false,"template":"","format":"standard","meta":{"inline_featured_image":false,"footnotes":""},"categories":[35,33,34,48,36,37],"tags":[4,27,8],"class_list":["post-3824","post","type-post","status-publish","format-standard","has-post-thumbnail","hentry","category-4-pilares-da-saude","category-osteopata-david-brandao","category-osteopatia-integrativa-osteopatia","category-psiconeuroimunologia","category-sono","category-sono-4-pilares-da-saude","tag-fisioterapia","tag-osteopatia","tag-pilates-clinico","category-35","category-33","category-34","category-48","category-36","category-37","description-off"],"_links":{"self":[{"href":"https:\/\/integrativa.pt\/en\/wp-json\/wp\/v2\/posts\/3824","targetHints":{"allow":["GET"]}}],"collection":[{"href":"https:\/\/integrativa.pt\/en\/wp-json\/wp\/v2\/posts"}],"about":[{"href":"https:\/\/integrativa.pt\/en\/wp-json\/wp\/v2\/types\/post"}],"author":[{"embeddable":true,"href":"https:\/\/integrativa.pt\/en\/wp-json\/wp\/v2\/users\/1"}],"replies":[{"embeddable":true,"href":"https:\/\/integrativa.pt\/en\/wp-json\/wp\/v2\/comments?post=3824"}],"version-history":[{"count":0,"href":"https:\/\/integrativa.pt\/en\/wp-json\/wp\/v2\/posts\/3824\/revisions"}],"wp:featuredmedia":[{"embeddable":true,"href":"https:\/\/integrativa.pt\/en\/wp-json\/wp\/v2\/media\/4487"}],"wp:attachment":[{"href":"https:\/\/integrativa.pt\/en\/wp-json\/wp\/v2\/media?parent=3824"}],"wp:term":[{"taxonomy":"category","embeddable":true,"href":"https:\/\/integrativa.pt\/en\/wp-json\/wp\/v2\/categories?post=3824"},{"taxonomy":"post_tag","embeddable":true,"href":"https:\/\/integrativa.pt\/en\/wp-json\/wp\/v2\/tags?post=3824"}],"curies":[{"name":"wp","href":"https:\/\/api.w.org\/{rel}","templated":true}]}}