{"id":5597,"date":"2026-01-05T13:02:03","date_gmt":"2026-01-05T13:02:03","guid":{"rendered":"https:\/\/integrativa.pt\/?p=5597"},"modified":"2026-04-11T17:02:52","modified_gmt":"2026-04-11T17:02:52","slug":"physiotherapy-in-plantar-fasciitis-pain-relief-and-functional-recovery","status":"publish","type":"post","link":"https:\/\/integrativa.pt\/en\/fisioterapia-na-fascite-plantar-alivio-da-dor-e-recuperacao-funcional\/","title":{"rendered":"Physiotherapy for plantar fasciitis: pain relief and functional recovery"},"content":{"rendered":"<div class=\"wpb-content-wrapper\" id=\"wpb-content-root\"><div class=\"vc_row wpb_row vc_row-fluid\"><div class=\"wpb_column vc_column_container vc_col-sm-12\"><div class=\"vc_column-inner\"><div class=\"wpb_wrapper\">\n\t<div class=\"wpb_text_column wpb_content_element\" >\n\t\t<div class=\"wpb_wrapper\">\n\t\t\t<p data-start=\"261\" data-end=\"470\">The plantar fascia is a thick fibrous structure that extends from the heel to the toes. Its main function is to support the plantar arch and absorb impact during walking and running.<\/p>\n<p data-start=\"472\" data-end=\"697\">Plantar fasciitis develops when this structure is subjected to repeated overload, causing micro-tears and degenerative changes in the tissue. This process results in pain and stiffness, particularly in the heel area.<\/p>\n<p data-start=\"699\" data-end=\"1116\">It is a common condition in adults of different ages and lifestyles, from sedentary individuals to athletes who practice impact sports, as well as professionals who spend long periods on their feet. It can significantly interfere with daily activities, causing intense pain with the first steps in the morning or after prolonged periods of rest, negatively impacting quality of life.<\/p>\n<p><strong>Main symptoms<\/strong><\/p>\n<p>The most frequent symptoms that indicate the presence of plantar fasciitis include:<\/p>\n<ul>\n<li data-start=\"1200\" data-end=\"1265\">\n<p data-start=\"1202\" data-end=\"1265\">Pain located in the sole of the foot, particularly near the heel;<\/p>\n<\/li>\n<li data-start=\"1266\" data-end=\"1357\">\n<p data-start=\"1268\" data-end=\"1357\">More intense pain at the first steps of the morning or after prolonged periods of rest;<\/p>\n<\/li>\n<li data-start=\"1358\" data-end=\"1442\">\n<p data-start=\"1360\" data-end=\"1442\">Gradual relief of pain with movement, with possible worsening at the end of the day;<\/p>\n<\/li>\n<li data-start=\"1443\" data-end=\"1557\">\n<p data-start=\"1445\" data-end=\"1557\">A feeling of stiffness, sharpness or discomfort when walking, climbing stairs or after long periods of sitting or standing.<\/p>\n<\/li>\n<\/ul>\n<h4>Causes and risk factors for plantar fasciitis<\/h4>\n<p>There are a number of factors that increase the risk of developing plantar fasciitis:<\/p>\n<ul>\n<li>Repetitive overload of the plantar fascia, common in athletes or people who spend a lot of time on their feet;<\/li>\n<li>Wearing unsuitable footwear without adequate support or cushioning;<\/li>\n<li>Biomechanical changes in the foot, such as flat feet or a very high arch;<\/li>\n<li>Weight gain or obesity, which increases the pressure exerted on the plantar fascia;<\/li>\n<li>Shortening of the muscles of the posterior leg chain, increasing the strain on this structure.<\/li>\n<\/ul>\n<h4>The role of physiotherapy<\/h4>\n<p>Physiotherapy is considered an essential treatment for the recovery of plantar fasciitis. Its aim is not only pain relief but also to improve foot mobility and function, strengthen muscle structures, and prevent recurrence, promoting a safe and long-lasting recovery.<\/p>\n<p>Conservative treatment suitable for the recovery of these cases consists of:<\/p>\n<ul>\n<li><strong>Stretching and strengthening exercises, <\/strong>with consistent benefits in reducing pain and tension in the fascia and improving function;<\/li>\n<li><strong>Manual therapy and mobilisation, <\/strong>which help to reduce stiffness and improve movement;<\/li>\n<li><strong>Orthotics, <\/strong>which can be useful at an early stage to support the plantar arch and temporarily relieve symptoms;<\/li>\n<li><strong>Education and load adaptation, <\/strong>by adjusting daily activities, choosing suitable footwear and gradually increasing the intensity;<\/li>\n<li><strong>Complementary physiotherapy techniques, <\/strong>adapted to individual needs.<\/li>\n<\/ul>\n<h4>Rehabilitation phases<\/h4>\n<p>Recovery from plantar fasciitis must be progressive and adapted to each person's evolution. The process can therefore be divided into different phases:<\/p>\n<ul>\n<li><strong>Phase 1 - Pain control and initial mobility - <\/strong>Gentle stretching, manual therapy to relieve tension and adaptation of activities to reduce excessive load;<\/li>\n<li><strong>Phase 2 - Strengthening and functional re-education - <\/strong>Strengthening of the foot and leg muscles, balance and proprioception training with controlled load progression;<\/li>\n<li><strong>Phase 3 - Return to activity and prevention - <\/strong>Gradual reintroduction of higher impact activities, postural and biomechanical education and implementation of preventive strategies to reduce the risk of recurrence.<\/li>\n<\/ul>\n<p><strong>\u00a0Tips for a good recovery<\/strong><\/p>\n<ul>\n<li>Respect the treatment plan and recovery time;<\/li>\n<li>Avoid suddenly increasing the intensity or duration of exercise;<\/li>\n<li>Wear comfortable shoes with good support and cushioning;<\/li>\n<li>Combine stretching with strengthening on a regular basis;<\/li>\n<li>Avoid hard surfaces and prolonged periods of standing without rest.<\/li>\n<\/ul>\n<p>Plantar fasciitis is a common condition with a safe, effective and evidence-based treatment for most people. An approach centred on proper stretching, muscle strengthening, manual therapy, support and personalised follow-up plays an essential role in reducing pain, restoring foot function and preventing recurrences.<\/p>\n<p>At Integrativa, our approach combines science, personalisation and continuous follow-up so that each patient achieves a complete and sustainable recovery, with a focus on joint prevention and longevity.<\/p>\n<p>Book your assessment at Integrativa and take the first step towards your recovery.<\/p>\n\n\t\t<\/div>\n\t<\/div>\n<\/div><\/div><\/div><\/div><div class=\"vc_row wpb_row vc_row-fluid vc_custom_1680169461443\"><div class=\"wpb_column vc_column_container vc_col-sm-12\"><div class=\"vc_column-inner\"><div class=\"wpb_wrapper\">\n\t<div class=\"wpb_text_column wpb_content_element\" >\n\t\t<div class=\"wpb_wrapper\">\n\t\t\t<p style=\"text-align: right;\"><b>Rita Xarepe<\/b>\u00a0| Physiotherapist and Clinical Pilates Instructor by APPI<\/p>\n<h6 style=\"text-align: right;\">Physiotherapist Card: 4209 | Order of Physiotherapists<\/h6>\n\n\t\t<\/div>\n\t<\/div>\n<\/div><\/div><\/div><\/div><div class=\"vc_row wpb_row vc_row-fluid vc_custom_1680169461443\"><div class=\"wpb_column vc_column_container vc_col-sm-12\"><div class=\"vc_column-inner\"><div class=\"wpb_wrapper\">\n\t<div class=\"wpb_text_column wpb_content_element  vc_custom_1680169468507\" >\n\t\t<div class=\"wpb_wrapper\">\n\t\t\t<p><a title=\"Home\" href=\"https:\/\/integrativa.pt\/en\/\"><strong>Integrativa<\/strong><\/a> | Health and well-being as a lifestyle<\/p>\n\n\t\t<\/div>\n\t<\/div>\n\n\t<div class=\"wpb_text_column wpb_content_element  vc_custom_1775895587227\" >\n\t\t<div class=\"wpb_wrapper\">\n\t\t\t<h6>This website and its content are for information purposes only and are not a substitute for medical or health professional advice. In all cases, treatments should be individualised and guided by health professionals. Do not make any changes to your treatment without contacting the doctor or health professional accompanying you.<\/h6>\n\n\t\t<\/div>\n\t<\/div>\n<\/div><\/div><\/div><\/div><div class=\"vc_row wpb_row vc_row-fluid\"><div class=\"wpb_column vc_column_container vc_col-sm-12\"><div class=\"vc_column-inner vc_custom_1678987635945\"><div class=\"wpb_wrapper\"><div class=\"vc_separator wpb_content_element vc_separator_align_center vc_sep_border_width_1 vc_sep_pos_align_center wpb_content_element vc_separator-has-text\"   style=\"width: 100%;\"><span class=\"vc_sep_holder vc_sep_holder_l\"><span style=\"border-top-color:#1b9193;\" class=\"vc_sep_line\"><\/span><\/span><h4>Related articles<\/h4><span class=\"vc_sep_holder vc_sep_holder_r\"><span style=\"border-top-color:#1b9193;\" class=\"vc_sep_line\"><\/span><\/span>\n<\/div><style type=\"text\/css\" data-type=\"the7_shortcodes-inline-css\">.blog-carousel-shortcode.blog-carousel-shortcode-id-dc2121cad820d5acf76d1dfcf9282c1f.dividers-on.classic-layout-list article {\n  padding-top: 0;\n}\n.blog-carousel-shortcode.blog-carousel-shortcode-id-dc2121cad820d5acf76d1dfcf9282c1f.dividers-on.classic-layout-list article:first-of-type {\n  margin-top: 0;\n  padding-top: 0;\n}\n.blog-carousel-shortcode.blog-carousel-shortcode-id-dc2121cad820d5acf76d1dfcf9282c1f.classic-layout-list.mode-list .post-entry-content {\n  width: calc(100% - );\n}\n.blog-carousel-shortcode.blog-carousel-shortcode-id-dc2121cad820d5acf76d1dfcf9282c1f.classic-layout-list.mode-list .no-img .post-entry-content {\n  width: 100%;\n}\n.blog-carousel-shortcode.blog-carousel-shortcode-id-dc2121cad820d5acf76d1dfcf9282c1f .filter-bg-decoration .filter-categories a.act {\n  color: #fff;\n}\n.blog-carousel-shortcode.blog-carousel-shortcode-id-dc2121cad820d5acf76d1dfcf9282c1f:not(.mode-masonry) article:first-of-type,\n.blog-carousel-shortcode.blog-carousel-shortcode-id-dc2121cad820d5acf76d1dfcf9282c1f:not(.mode-masonry) article.visible.first:not(.product) {\n  margin-top: 0;\n}\n.blog-carousel-shortcode.blog-carousel-shortcode-id-dc2121cad820d5acf76d1dfcf9282c1f.dividers-on:not(.mode-masonry) article {\n  margin-top: 0;\n}\n.blog-carousel-shortcode.blog-carousel-shortcode-id-dc2121cad820d5acf76d1dfcf9282c1f.dividers-on:not(.mode-masonry) article:first-of-type,\n.blog-carousel-shortcode.blog-carousel-shortcode-id-dc2121cad820d5acf76d1dfcf9282c1f.dividers-on:not(.mode-masonry) article.visible.first:not(.product) {\n  margin-top: 0;\n  padding-top: 0;\n}\n.blog-carousel-shortcode.blog-carousel-shortcode-id-dc2121cad820d5acf76d1dfcf9282c1f .post-thumbnail-wrap {\n  padding: 0px 0px 0px 0px;\n}\n.blog-carousel-shortcode.blog-carousel-shortcode-id-dc2121cad820d5acf76d1dfcf9282c1f.enable-bg-rollover .post-thumbnail-rollover:after {\n  background: -webkit-linear-gradient();\n  background: linear-gradient();\n}\n.blog-carousel-shortcode.blog-carousel-shortcode-id-dc2121cad820d5acf76d1dfcf9282c1f .gallery-zoom-ico {\n  width: 44px;\n  height: 44px;\n  line-height: 44px;\n  border-radius: 100px;\n  margin: -22px 0 0 -22px;\n  border-width: 0px;\n  color: #ffffff;\n  background: none;\n}\n.bottom-overlap-layout-list.blog-carousel-shortcode.blog-carousel-shortcode-id-dc2121cad820d5acf76d1dfcf9282c1f .gallery-zoom-ico {\n  margin-top: -72px;\n}\n.gradient-overlay-layout-list.blog-carousel-shortcode.blog-carousel-shortcode-id-dc2121cad820d5acf76d1dfcf9282c1f .gallery-zoom-ico,\n.content-rollover-layout-list.blog-carousel-shortcode.blog-carousel-shortcode-id-dc2121cad820d5acf76d1dfcf9282c1f .gallery-zoom-ico {\n  margin: 0 0 10px;\n}\n.content-align-center.gradient-overlay-layout-list.blog-carousel-shortcode.blog-carousel-shortcode-id-dc2121cad820d5acf76d1dfcf9282c1f .gallery-zoom-ico,\n.content-align-center.content-rollover-layout-list.blog-carousel-shortcode.blog-carousel-shortcode-id-dc2121cad820d5acf76d1dfcf9282c1f .gallery-zoom-ico {\n  margin: 0 auto 10px;\n}\n.dt-icon-bg-on.blog-carousel-shortcode.blog-carousel-shortcode-id-dc2121cad820d5acf76d1dfcf9282c1f .gallery-zoom-ico {\n  background: rgba(255,255,255,0.3);\n  box-shadow: none;\n}\n.blog-carousel-shortcode.blog-carousel-shortcode-id-dc2121cad820d5acf76d1dfcf9282c1f .gallery-zoom-ico > span,\n.blog-carousel-shortcode.blog-carousel-shortcode-id-dc2121cad820d5acf76d1dfcf9282c1f .gallery-zoom-ico:before {\n  font-size: 32px;\n  line-height: 44px;\n}\n.blog-carousel-shortcode.blog-carousel-shortcode-id-dc2121cad820d5acf76d1dfcf9282c1f .gallery-zoom-ico > span,\n.blog-carousel-shortcode.blog-carousel-shortcode-id-dc2121cad820d5acf76d1dfcf9282c1f .gallery-zoom-ico:before {\n  color: #ffffff;\n  background: none;\n}\n.blog-carousel-shortcode.blog-carousel-shortcode-id-dc2121cad820d5acf76d1dfcf9282c1f .entry-title,\n.blog-carousel-shortcode.blog-carousel-shortcode-id-dc2121cad820d5acf76d1dfcf9282c1f.owl-carousel .entry-title {\n  margin-bottom: 5px;\n}\n.blog-carousel-shortcode.blog-carousel-shortcode-id-dc2121cad820d5acf76d1dfcf9282c1f .entry-meta {\n  margin-bottom: 15px;\n}\n.blog-carousel-shortcode.blog-carousel-shortcode-id-dc2121cad820d5acf76d1dfcf9282c1f .portfolio-categories {\n  margin-bottom: 15px;\n}\n.blog-carousel-shortcode.blog-carousel-shortcode-id-dc2121cad820d5acf76d1dfcf9282c1f .entry-excerpt {\n  margin-bottom: 5px;\n}\n.blog-carousel-shortcode.blog-carousel-shortcode-id-dc2121cad820d5acf76d1dfcf9282c1f:not(.centered-layout-list) .post-entry-content {\n  padding: 15px 20px 20px 20px;\n}\n.blog-carousel-shortcode.blog-carousel-shortcode-id-dc2121cad820d5acf76d1dfcf9282c1f:not(.centered-layout-list):not(.content-bg-on):not(.mode-list) .no-img .post-entry-content {\n  padding: 0;\n}\n@media screen and (max-width: ) {\n  .blog-carousel-shortcode.blog-carousel-shortcode-id-dc2121cad820d5acf76d1dfcf9282c1f article {\n    -ms-flex-flow: column nowrap;\n    flex-flow: column nowrap;\n    margin-top: 20px;\n  }\n  .blog-carousel-shortcode.blog-carousel-shortcode-id-dc2121cad820d5acf76d1dfcf9282c1f.dividers-on article {\n    border: none;\n  }\n  .blog-carousel-shortcode.blog-carousel-shortcode-id-dc2121cad820d5acf76d1dfcf9282c1f.content-bg-on.centered-layout-list article {\n    padding: 0;\n  }\n  .blog-carousel-shortcode.blog-carousel-shortcode-id-dc2121cad820d5acf76d1dfcf9282c1f.blog-shortcode.dividers-on article,\n  .blog-carousel-shortcode.blog-carousel-shortcode-id-dc2121cad820d5acf76d1dfcf9282c1f.dividers-on.classic-layout-list article {\n    margin-top: 20px;\n    padding: 0;\n  }\n  .blog-carousel-shortcode.blog-carousel-shortcode-id-dc2121cad820d5acf76d1dfcf9282c1f.blog-shortcode.dividers-on article:first-of-type,\n  .blog-carousel-shortcode.blog-carousel-shortcode-id-dc2121cad820d5acf76d1dfcf9282c1f.dividers-on.classic-layout-list article:first-of-type {\n    padding: 0;\n  }\n  #page .blog-carousel-shortcode.blog-carousel-shortcode-id-dc2121cad820d5acf76d1dfcf9282c1f .post-thumbnail-wrap,\n  #page .blog-carousel-shortcode.blog-carousel-shortcode-id-dc2121cad820d5acf76d1dfcf9282c1f .post-entry-content {\n    width: 100%;\n    margin: 0;\n    top: 0;\n  }\n  #page .blog-carousel-shortcode.blog-carousel-shortcode-id-dc2121cad820d5acf76d1dfcf9282c1f .post-thumbnail-wrap {\n    padding: 0;\n  }\n  #page .blog-carousel-shortcode.blog-carousel-shortcode-id-dc2121cad820d5acf76d1dfcf9282c1f .post-entry-content:after {\n    display: none;\n  }\n  #page .blog-carousel-shortcode.blog-carousel-shortcode-id-dc2121cad820d5acf76d1dfcf9282c1f .project-even .post-thumbnail-wrap,\n  #page .blog-carousel-shortcode.blog-carousel-shortcode-id-dc2121cad820d5acf76d1dfcf9282c1f.centered-layout-list .post-thumbnail-wrap {\n    -ms-flex-order: 0;\n    order: 0;\n  }\n  #page .blog-carousel-shortcode.blog-carousel-shortcode-id-dc2121cad820d5acf76d1dfcf9282c1f.centered-layout-list .post-entry-title-content {\n    -ms-flex-order: 1;\n    order: 1;\n    width: 100%;\n    padding: 20px 20px 0;\n  }\n  #page .blog-carousel-shortcode.blog-carousel-shortcode-id-dc2121cad820d5acf76d1dfcf9282c1f.centered-layout-list .post-entry-content {\n    -ms-flex-order: 2;\n    order: 2;\n    padding-top: 0;\n  }\n  #page .blog-carousel-shortcode.blog-carousel-shortcode-id-dc2121cad820d5acf76d1dfcf9282c1f .fancy-categories {\n    top: 10px;\n    left: 10px;\n    bottom: auto;\n    right: auto;\n  }\n  #page .blog-carousel-shortcode.blog-carousel-shortcode-id-dc2121cad820d5acf76d1dfcf9282c1f .fancy-date a {\n    top: 10px;\n    right: 10px;\n    left: auto;\n    bottom: auto;\n  }\n  #page .blog-carousel-shortcode.blog-carousel-shortcode-id-dc2121cad820d5acf76d1dfcf9282c1f .post-entry-content {\n    padding: 20px;\n  }\n  #page .blog-carousel-shortcode.blog-carousel-shortcode-id-dc2121cad820d5acf76d1dfcf9282c1f .entry-title {\n    margin: 3px 0 5px;\n    font-size: 20px;\n    line-height: 26px;\n  }\n  #page .blog-carousel-shortcode.blog-carousel-shortcode-id-dc2121cad820d5acf76d1dfcf9282c1f .entry-meta {\n    margin: 5px 0 5px;\n  }\n  #page .blog-carousel-shortcode.blog-carousel-shortcode-id-dc2121cad820d5acf76d1dfcf9282c1f .entry-excerpt {\n    margin: 15px 0 0;\n  }\n  #page .blog-carousel-shortcode.blog-carousel-shortcode-id-dc2121cad820d5acf76d1dfcf9282c1f .post-details {\n    margin: 5px 0 10px;\n  }\n  #page .blog-carousel-shortcode.blog-carousel-shortcode-id-dc2121cad820d5acf76d1dfcf9282c1f .post-details.details-type-link {\n    margin-bottom: 2px;\n  }\n}\n.blog-carousel-shortcode.blog-carousel-shortcode-id-dc2121cad820d5acf76d1dfcf9282c1f.owl-carousel .owl-nav div {\n  width: 36px;\n  height: 36px;\n  border-radius: 500px;\n}\n.dt-arrow-border-on.blog-carousel-shortcode.blog-carousel-shortcode-id-dc2121cad820d5acf76d1dfcf9282c1f.owl-carousel .owl-nav div:not(:hover):before {\n  border-width: 0px;\n}\n.dt-arrow-hover-border-on.blog-carousel-shortcode.blog-carousel-shortcode-id-dc2121cad820d5acf76d1dfcf9282c1f.owl-carousel .owl-nav div:hover:after {\n  border-width: 0px;\n}\n.blog-carousel-shortcode.blog-carousel-shortcode-id-dc2121cad820d5acf76d1dfcf9282c1f.owl-carousel .owl-nav div.owl-prev {\n  top: 50%;\n  transform: translateY(calc(-50% + 0px));\n  left: -43px;\n}\n@media all and (-ms-high-contrast: none) {\n  .blog-carousel-shortcode.blog-carousel-shortcode-id-dc2121cad820d5acf76d1dfcf9282c1f.owl-carousel .owl-nav div.owl-prev {\n    transform: translateY(-50%);\n    margin-top: 0px;\n  }\n}\n.blog-carousel-shortcode.blog-carousel-shortcode-id-dc2121cad820d5acf76d1dfcf9282c1f.owl-carousel .owl-nav div.owl-prev i {\n  padding: 0px 0px 0px 0px;\n}\n.blog-carousel-shortcode.blog-carousel-shortcode-id-dc2121cad820d5acf76d1dfcf9282c1f.owl-carousel .owl-nav div.owl-next {\n  top: 50%;\n  transform: translateY(calc(-50% + 0px));\n  right: -43px;\n}\n@media all and (-ms-high-contrast: none) {\n  .blog-carousel-shortcode.blog-carousel-shortcode-id-dc2121cad820d5acf76d1dfcf9282c1f.owl-carousel .owl-nav div.owl-next {\n    transform: translateY(-50%);\n    margin-top: 0px;\n  }\n}\n.blog-carousel-shortcode.blog-carousel-shortcode-id-dc2121cad820d5acf76d1dfcf9282c1f.owl-carousel .owl-nav div.owl-next i {\n  padding: 0px 0px 0px 0px;\n}\n.blog-carousel-shortcode.blog-carousel-shortcode-id-dc2121cad820d5acf76d1dfcf9282c1f.owl-carousel .owl-nav i {\n  font-size: 18px;\n}\n.blog-carousel-shortcode.blog-carousel-shortcode-id-dc2121cad820d5acf76d1dfcf9282c1f.owl-carousel .owl-nav div:not(:hover) i,\n.blog-carousel-shortcode.blog-carousel-shortcode-id-dc2121cad820d5acf76d1dfcf9282c1f.owl-carousel .owl-nav div:not(:hover) i:before {\n  color: #ffffff;\n  background: none;\n}\n.blog-carousel-shortcode.blog-carousel-shortcode-id-dc2121cad820d5acf76d1dfcf9282c1f.owl-carousel .owl-nav div:hover i,\n.blog-carousel-shortcode.blog-carousel-shortcode-id-dc2121cad820d5acf76d1dfcf9282c1f.owl-carousel .owl-nav div:hover i:before {\n  color: rgba(255,255,255,0.75);\n  background: none;\n}\n.blog-carousel-shortcode.blog-carousel-shortcode-id-dc2121cad820d5acf76d1dfcf9282c1f .owl-dots {\n  top: calc(100% + 20px);\n  left: 50%;\n  transform: translateX(calc(-50% + 0px));\n}\n@media all and (-ms-high-contrast: none) {\n  .blog-carousel-shortcode.blog-carousel-shortcode-id-dc2121cad820d5acf76d1dfcf9282c1f .owl-dots {\n    transform: translateX(-50%);\n    margin-left: 0px;\n  }\n}\n.blog-carousel-shortcode.blog-carousel-shortcode-id-dc2121cad820d5acf76d1dfcf9282c1f .owl-dot {\n  width: 10px;\n  height: 10px;\n  margin: 0 8px;\n}\n@media screen and (max-width: 778px) {\n  .blog-carousel-shortcode.blog-carousel-shortcode-id-dc2121cad820d5acf76d1dfcf9282c1f.hide-arrows .owl-nav a {\n    display: none;\n  }\n}\n@media screen and (max-width: 778px) {\n  .blog-carousel-shortcode.blog-carousel-shortcode-id-dc2121cad820d5acf76d1dfcf9282c1f.reposition-arrows .owl-nav div.owl-prev {\n    top: 50%;\n    transform: translateY(calc(-50% + 0px));\n    left: 10px;\n  }\n  .blog-carousel-shortcode.blog-carousel-shortcode-id-dc2121cad820d5acf76d1dfcf9282c1f.reposition-arrows .owl-nav div.owl-next {\n    top: 50%;\n    transform: translateY(calc(-50% + 0px));\n    right: 10px;\n  }\n}\n@media screen and (max-width: 778px) and all and (-ms-high-contrast: none) {\n  .blog-carousel-shortcode.blog-carousel-shortcode-id-dc2121cad820d5acf76d1dfcf9282c1f.reposition-arrows .owl-nav div.owl-prev {\n    transform: translateY(-50%);\n    margin-top: 0px;\n  }\n}\n@media screen and (max-width: 778px) and all and (-ms-high-contrast: none) {\n  .blog-carousel-shortcode.blog-carousel-shortcode-id-dc2121cad820d5acf76d1dfcf9282c1f.reposition-arrows .owl-nav div.owl-next {\n    transform: translateY(-50%);\n    margin-top: 0px;\n  }\n}<\/style><div class=\"owl-carousel blog-carousel-shortcode dt-owl-carousel-call blog-carousel-shortcode-id-dc2121cad820d5acf76d1dfcf9282c1f classic-layout-list scale-img dt-icon-bg-off dt-arrow-border-on dt-arrow-hover-border-on meta-info-off bullets-small-dot-stroke reposition-arrows arrows-bg-on disable-arrows-hover-bg arrows-hover-bg-on\" data-scroll-mode=\"1\" data-col-num=\"3\" data-wide-col-num=\"4\" data-laptop-col=\"3\" data-h-tablet-columns-num=\"3\" data-v-tablet-columns-num=\"2\" data-phone-columns-num=\"1\" data-auto-height=\"true\" data-col-gap=\"30\" data-stage-padding=\"0\" data-speed=\"600\" data-autoplay=\"false\" data-autoplay_speed=\"6000\" data-arrows=\"true\" data-bullet=\"false\" data-next-icon=\"icon-ar-017-r\" data-prev-icon=\"icon-ar-017-l\"><article class=\"post post-277 type-post status-publish format-standard has-post-thumbnail hentry category-fisioterapia tag-fisioterapeuta tag-fisioterapia category-6 description-off\" data-name=\"Quando procurar um Fisioterapeuta? Avalia\u00e7\u00e3o, preven\u00e7\u00e3o e movimento\" data-date=\"2020-09-21T19:02:37+00:00\">\n\n<div class=\"post-thumbnail-wrap\">\n\t<div class=\"post-thumbnail\">\n\t\t\n\t\t\n\t\t<a href=\"https:\/\/integrativa.pt\/en\/quando-procurar-um-fisioterapeuta-avaliacao-prevencao-e-movimento\/\" class=\"post-thumbnail-rollover layzr-bg\" ><img fetchpriority=\"high\" decoding=\"async\" class=\"preload-me owl-lazy-load aspect\" src=\"data:image\/svg+xml,%3Csvg%20xmlns%3D&#39;http%3A%2F%2Fwww.w3.org%2F2000%2Fsvg&#39;%20viewBox%3D&#39;0%200%20768%20512&#39;%2F%3E\" data-src=\"https:\/\/integrativa.pt\/wp-content\/uploads\/2025\/10\/Fisioterapia-Lisboa-2-768x512.webp\" data-srcset=\"https:\/\/integrativa.pt\/wp-content\/uploads\/2025\/10\/Fisioterapia-Lisboa-2-768x512.webp 768w, https:\/\/integrativa.pt\/wp-content\/uploads\/2025\/10\/Fisioterapia-Lisboa-2-1152x768.webp 1152w\" loading=\"eager\" style=\"--ratio: 768 \/ 512\" sizes=\"(max-width: 768px) 100vw, 768px\" alt=\"\" title=\"Physiotherapy Lisbon\" width=\"768\" height=\"512\"  \/><\/a>\t<\/div>\n<\/div>\n\n\n<div class=\"post-entry-content\">\n\n\t<h3 class=\"entry-title\">\n\t\t<a href=\"https:\/\/integrativa.pt\/en\/quando-procurar-um-fisioterapeuta-avaliacao-prevencao-e-movimento\/\" title=\"When to see a physiotherapist? Assessment, prevention and movement\" rel=\"bookmark\">When to see a physiotherapist? Assessment, prevention and movement<\/a>\n\t<\/h3>\n\n\t\n\t\n\t\n<a href=\"https:\/\/integrativa.pt\/en\/quando-procurar-um-fisioterapeuta-avaliacao-prevencao-e-movimento\/\" class=\"post-details details-type-link\" aria-label=\"Read more about When to See a Physiotherapist? Assessment, Prevention, and Movement\">Read more<i class=\"dt-icon-the7-arrow-03\" aria-hidden=\"true\"><\/i><\/a>\n\n<\/div><\/article><article class=\"post post-7015 type-post status-publish format-standard has-post-thumbnail hentry category-fisioterapia category-fisioterapia-musculo-esqueletica tag-fisioterapia tag-osteopatia tag-pilates-clinico category-6 category-54 description-off\" data-name=\"Conflito femoroacetabular: como a fisioterapia pode ajudar a aliviar a dor na anca e reduzir o risco de cirurgia\" data-date=\"2026-02-16T16:30:05+00:00\">\n\n<div class=\"post-thumbnail-wrap\">\n\t<div class=\"post-thumbnail\">\n\t\t\n\t\t\n\t\t<a href=\"https:\/\/integrativa.pt\/en\/conflito-femoroacetabular-como-a-fisioterapia-pode-ajudar-a-aliviar-a-dor-na-anca-e-reduzir-o-risco-de-cirurgia\/\" class=\"post-thumbnail-rollover layzr-bg\" ><img decoding=\"async\" class=\"preload-me owl-lazy-load aspect\" src=\"data:image\/svg+xml,%3Csvg%20xmlns%3D&#39;http%3A%2F%2Fwww.w3.org%2F2000%2Fsvg&#39;%20viewBox%3D&#39;0%200%20768%20512&#39;%2F%3E\" data-src=\"https:\/\/integrativa.pt\/wp-content\/uploads\/2025\/11\/Anca-Integrativa-Fisioterapia-Lisboa-768x512.webp\" data-srcset=\"https:\/\/integrativa.pt\/wp-content\/uploads\/2025\/11\/Anca-Integrativa-Fisioterapia-Lisboa-768x512.webp 768w, https:\/\/integrativa.pt\/wp-content\/uploads\/2025\/11\/Anca-Integrativa-Fisioterapia-Lisboa-1152x768.webp 1152w\" loading=\"eager\" style=\"--ratio: 768 \/ 512\" sizes=\"(max-width: 768px) 100vw, 768px\" alt=\"\" title=\"Integrative Hip Physiotherapy Lisbon\" width=\"768\" height=\"512\"  \/><\/a>\t<\/div>\n<\/div>\n\n\n<div class=\"post-entry-content\">\n\n\t<h3 class=\"entry-title\">\n\t\t<a href=\"https:\/\/integrativa.pt\/en\/conflito-femoroacetabular-como-a-fisioterapia-pode-ajudar-a-aliviar-a-dor-na-anca-e-reduzir-o-risco-de-cirurgia\/\" title=\"Femoroacetabular impingement: how physiotherapy can help relieve hip pain and reduce the risk of surgery\" rel=\"bookmark\">Femoroacetabular impingement: how physiotherapy can help relieve hip pain and reduce the risk of surgery<\/a>\n\t<\/h3>\n\n\t\n\t\n\t\n<a href=\"https:\/\/integrativa.pt\/en\/conflito-femoroacetabular-como-a-fisioterapia-pode-ajudar-a-aliviar-a-dor-na-anca-e-reduzir-o-risco-de-cirurgia\/\" class=\"post-details details-type-link\" aria-label=\"Read more about Femoroacetabular Impingement: How Physiotherapy Can Help Relieve Hip Pain and Reduce the Risk of Surgery\">Read more<i class=\"dt-icon-the7-arrow-03\" aria-hidden=\"true\"><\/i><\/a>\n\n<\/div><\/article><article class=\"post post-1331 type-post status-publish format-standard has-post-thumbnail hentry category-fisioterapia category-fisioterapia-em-paralisia-facial tag-fisioterapia tag-osteopatia tag-pilates-clinico category-6 category-39 description-off\" data-name=\"Paralisia facial: sintomas e import\u00e2ncia da fisioterapia especializada precoce\" data-date=\"2022-10-30T22:31:53+00:00\">\n\n<div class=\"post-thumbnail-wrap\">\n\t<div class=\"post-thumbnail\">\n\t\t\n\t\t\n\t\t<a href=\"https:\/\/integrativa.pt\/en\/paralisia-facial-sintomas-e-importancia-da-fisioterapia-especializada-precoce\/\" class=\"post-thumbnail-rollover layzr-bg\" ><img decoding=\"async\" class=\"preload-me owl-lazy-load aspect\" src=\"data:image\/svg+xml,%3Csvg%20xmlns%3D&#39;http%3A%2F%2Fwww.w3.org%2F2000%2Fsvg&#39;%20viewBox%3D&#39;0%200%20768%20512&#39;%2F%3E\" data-src=\"https:\/\/integrativa.pt\/wp-content\/uploads\/2026\/02\/Fisioterapia-Paralisia-Facial-Belem-Lisboa-3-768x512.avif\" data-srcset=\"https:\/\/integrativa.pt\/wp-content\/uploads\/2026\/02\/Fisioterapia-Paralisia-Facial-Belem-Lisboa-3-768x512.avif 768w, https:\/\/integrativa.pt\/wp-content\/uploads\/2026\/02\/Fisioterapia-Paralisia-Facial-Belem-Lisboa-3-1152x768.avif 1152w\" loading=\"eager\" style=\"--ratio: 768 \/ 512\" sizes=\"(max-width: 768px) 100vw, 768px\" alt=\"\" title=\"Physiotherapy Facial Palsy Belem Lisbon\" width=\"768\" height=\"512\"  \/><\/a>\t<\/div>\n<\/div>\n\n\n<div class=\"post-entry-content\">\n\n\t<h3 class=\"entry-title\">\n\t\t<a href=\"https:\/\/integrativa.pt\/en\/paralisia-facial-sintomas-e-importancia-da-fisioterapia-especializada-precoce\/\" title=\"Facial paralysis: symptoms and the importance of early specialised physiotherapy\" rel=\"bookmark\">Facial paralysis: symptoms and the importance of early specialised physiotherapy<\/a>\n\t<\/h3>\n\n\t\n\t\n\t\n<a href=\"https:\/\/integrativa.pt\/en\/paralisia-facial-sintomas-e-importancia-da-fisioterapia-especializada-precoce\/\" class=\"post-details details-type-link\" aria-label=\"Read more about Facial paralysis: symptoms and the importance of early specialised physiotherapy\">Read more<i class=\"dt-icon-the7-arrow-03\" aria-hidden=\"true\"><\/i><\/a>\n\n<\/div><\/article><article class=\"post post-3456 type-post status-publish format-standard has-post-thumbnail hentry category-fisioterapia category-fisioterapia-desportiva category-fisioterapia-musculo-esqueletica tag-fisioterapia tag-osteopatia tag-pilates-clinico category-6 category-55 category-54 description-off\" data-name=\"A import\u00e2ncia da Fisioterapia pr\u00e9-operat\u00f3ria antes da cirurgia ao ligamento cruzado anterior (LCA)\" data-date=\"2024-06-11T08:46:45+00:00\">\n\n<div class=\"post-thumbnail-wrap\">\n\t<div class=\"post-thumbnail\">\n\t\t\n\t\t\n\t\t<a href=\"https:\/\/integrativa.pt\/en\/a-importancia-da-fisioterapia-pre-operatoria-antes-da-cirurgia-ao-ligamento-cruzado-anterior-lca\/\" class=\"post-thumbnail-rollover layzr-bg\" ><img decoding=\"async\" class=\"preload-me owl-lazy-load aspect\" src=\"data:image\/svg+xml,%3Csvg%20xmlns%3D&#39;http%3A%2F%2Fwww.w3.org%2F2000%2Fsvg&#39;%20viewBox%3D&#39;0%200%20768%20512&#39;%2F%3E\" data-src=\"https:\/\/integrativa.pt\/wp-content\/uploads\/2025\/10\/Fisioterapia-Lisboa-Belem-Osteopatia-2-768x512.webp\" data-srcset=\"https:\/\/integrativa.pt\/wp-content\/uploads\/2025\/10\/Fisioterapia-Lisboa-Belem-Osteopatia-2-768x512.webp 768w, https:\/\/integrativa.pt\/wp-content\/uploads\/2025\/10\/Fisioterapia-Lisboa-Belem-Osteopatia-2-1152x768.webp 1152w\" loading=\"eager\" style=\"--ratio: 768 \/ 512\" sizes=\"(max-width: 768px) 100vw, 768px\" alt=\"\" title=\"Physiotherapy Lisbon Bel\u00e9m Osteopathy\" width=\"768\" height=\"512\"  \/><\/a>\t<\/div>\n<\/div>\n\n\n<div class=\"post-entry-content\">\n\n\t<h3 class=\"entry-title\">\n\t\t<a href=\"https:\/\/integrativa.pt\/en\/a-importancia-da-fisioterapia-pre-operatoria-antes-da-cirurgia-ao-ligamento-cruzado-anterior-lca\/\" title=\"The importance of preoperative physiotherapy before anterior cruciate ligament (ACL) surgery\" rel=\"bookmark\">The importance of preoperative physiotherapy before anterior cruciate ligament (ACL) surgery<\/a>\n\t<\/h3>\n\n\t\n\t\n\t\n<a href=\"https:\/\/integrativa.pt\/en\/a-importancia-da-fisioterapia-pre-operatoria-antes-da-cirurgia-ao-ligamento-cruzado-anterior-lca\/\" class=\"post-details details-type-link\" aria-label=\"Read more about the importance of pre-operative physiotherapy before anterior cruciate ligament (ACL) surgery\">Read more<i class=\"dt-icon-the7-arrow-03\" aria-hidden=\"true\"><\/i><\/a>\n\n<\/div><\/article><article class=\"post post-7472 type-post status-publish format-standard has-post-thumbnail hentry category-fisioterapia tag-fisioterapia tag-osteopatia tag-pilates-clinico category-6 description-off\" data-name=\"Exerc\u00edcio f\u00edsico no envelhecimento: benef\u00edcios, recomenda\u00e7\u00f5es e import\u00e2ncia para a autonomia\" data-date=\"2026-08-28T14:54:48+00:00\">\n\n<div class=\"post-thumbnail-wrap\">\n\t<div class=\"post-thumbnail\">\n\t\t\n\t\t\n\t\t<a href=\"https:\/\/integrativa.pt\/en\/exercicio-fisico-no-envelhecimento-beneficios-recomendacoes-e-importancia-para-a-autonomia\/\" class=\"post-thumbnail-rollover layzr-bg\" ><img decoding=\"async\" class=\"preload-me owl-lazy-load aspect\" src=\"data:image\/svg+xml,%3Csvg%20xmlns%3D&#39;http%3A%2F%2Fwww.w3.org%2F2000%2Fsvg&#39;%20viewBox%3D&#39;0%200%20768%20512&#39;%2F%3E\" data-src=\"https:\/\/integrativa.pt\/wp-content\/uploads\/2025\/10\/Integrativa-Lisboa-Fisioterapia-Idosos-Prevencao-de-quedas-768x512.webp\" data-srcset=\"https:\/\/integrativa.pt\/wp-content\/uploads\/2025\/10\/Integrativa-Lisboa-Fisioterapia-Idosos-Prevencao-de-quedas-768x512.webp 768w, https:\/\/integrativa.pt\/wp-content\/uploads\/2025\/10\/Integrativa-Lisboa-Fisioterapia-Idosos-Prevencao-de-quedas-1152x768.webp 1152w\" loading=\"eager\" style=\"--ratio: 768 \/ 512\" sizes=\"(max-width: 768px) 100vw, 768px\" alt=\"\" title=\"Integrative Lisbon Physiotherapy Elderly Fall Prevention\" width=\"768\" height=\"512\"  \/><\/a>\t<\/div>\n<\/div>\n\n\n<div class=\"post-entry-content\">\n\n\t<h3 class=\"entry-title\">\n\t\t<a href=\"https:\/\/integrativa.pt\/en\/exercicio-fisico-no-envelhecimento-beneficios-recomendacoes-e-importancia-para-a-autonomia\/\" title=\"Physical exercise in ageing: benefits, recommendations and importance for independence\" rel=\"bookmark\">Physical exercise in ageing: benefits, recommendations and importance for independence<\/a>\n\t<\/h3>\n\n\t\n\t\n\t\n<a href=\"https:\/\/integrativa.pt\/en\/exercicio-fisico-no-envelhecimento-beneficios-recomendacoes-e-importancia-para-a-autonomia\/\" class=\"post-details details-type-link\" aria-label=\"Read more about Exerc\u00edcio f\u00edsico no envelhecimento: benef\u00edcios, recomenda\u00e7\u00f5es e import\u00e2ncia para a autonomia\">Read more<i class=\"dt-icon-the7-arrow-03\" aria-hidden=\"true\"><\/i><\/a>\n\n<\/div><\/article><article class=\"post post-5640 type-post status-publish format-standard has-post-thumbnail hentry category-fisioterapia-em-paralisia-facial tag-fisioterapia tag-osteopatia tag-pilates-clinico category-39 description-off\" data-name=\"Sincinesias ap\u00f3s Paralisia Facial: como melhorar mesmo anos depois\" data-date=\"2026-01-13T08:59:29+00:00\">\n\n<div class=\"post-thumbnail-wrap\">\n\t<div class=\"post-thumbnail\">\n\t\t\n\t\t\n\t\t<a href=\"https:\/\/integrativa.pt\/en\/sincinesias-apos-paralisia-facial-como-melhorar-mesmo-anos-depois\/\" class=\"post-thumbnail-rollover layzr-bg\" ><img decoding=\"async\" class=\"preload-me owl-lazy-load aspect\" src=\"data:image\/svg+xml,%3Csvg%20xmlns%3D&#39;http%3A%2F%2Fwww.w3.org%2F2000%2Fsvg&#39;%20viewBox%3D&#39;0%200%20768%20512&#39;%2F%3E\" data-src=\"https:\/\/integrativa.pt\/wp-content\/uploads\/2024\/12\/Fisioterapia-Paralisia-Facial-Integrativa-9-768x512.webp\" data-srcset=\"https:\/\/integrativa.pt\/wp-content\/uploads\/2024\/12\/Fisioterapia-Paralisia-Facial-Integrativa-9-768x512.webp 768w, https:\/\/integrativa.pt\/wp-content\/uploads\/2024\/12\/Fisioterapia-Paralisia-Facial-Integrativa-9-1152x768.webp 1152w\" loading=\"eager\" style=\"--ratio: 768 \/ 512\" sizes=\"(max-width: 768px) 100vw, 768px\" alt=\"\" title=\"Integrative Facial Palsy Physiotherapy (9)\" width=\"768\" height=\"512\"  \/><\/a>\t<\/div>\n<\/div>\n\n\n<div class=\"post-entry-content\">\n\n\t<h3 class=\"entry-title\">\n\t\t<a href=\"https:\/\/integrativa.pt\/en\/sincinesias-apos-paralisia-facial-como-melhorar-mesmo-anos-depois\/\" title=\"Synkinesias after Facial Paralysis: how to improve even years later\" rel=\"bookmark\">Synkinesias after Facial Paralysis: how to improve even years later<\/a>\n\t<\/h3>\n\n\t\n\t\n\t\n<a href=\"https:\/\/integrativa.pt\/en\/sincinesias-apos-paralisia-facial-como-melhorar-mesmo-anos-depois\/\" class=\"post-details details-type-link\" aria-label=\"Read more about Synkinesis after Facial Paralysis: how to improve even years later\">Read more<i class=\"dt-icon-the7-arrow-03\" aria-hidden=\"true\"><\/i><\/a>\n\n<\/div><\/article><\/div><\/div><\/div><\/div><\/div>\n<\/div>","protected":false},"excerpt":{"rendered":"<p>The plantar fascia is a thick fibrous structure that extends from the heel to the toes. Its main function is to support the plantar arch and absorb impact during walking and running. Plantar fasciitis develops when this structure is subjected to repeated overload, causing microlesions and degenerative changes...<\/p>","protected":false},"author":1,"featured_media":5539,"comment_status":"closed","ping_status":"open","sticky":false,"template":"","format":"standard","meta":{"inline_featured_image":false,"footnotes":""},"categories":[6,54],"tags":[4,27,8],"class_list":["post-5597","post","type-post","status-publish","format-standard","has-post-thumbnail","hentry","category-fisioterapia","category-fisioterapia-musculo-esqueletica","tag-fisioterapia","tag-osteopatia","tag-pilates-clinico","category-6","category-54","description-off"],"_links":{"self":[{"href":"https:\/\/integrativa.pt\/en\/wp-json\/wp\/v2\/posts\/5597","targetHints":{"allow":["GET"]}}],"collection":[{"href":"https:\/\/integrativa.pt\/en\/wp-json\/wp\/v2\/posts"}],"about":[{"href":"https:\/\/integrativa.pt\/en\/wp-json\/wp\/v2\/types\/post"}],"author":[{"embeddable":true,"href":"https:\/\/integrativa.pt\/en\/wp-json\/wp\/v2\/users\/1"}],"replies":[{"embeddable":true,"href":"https:\/\/integrativa.pt\/en\/wp-json\/wp\/v2\/comments?post=5597"}],"version-history":[{"count":0,"href":"https:\/\/integrativa.pt\/en\/wp-json\/wp\/v2\/posts\/5597\/revisions"}],"wp:featuredmedia":[{"embeddable":true,"href":"https:\/\/integrativa.pt\/en\/wp-json\/wp\/v2\/media\/5539"}],"wp:attachment":[{"href":"https:\/\/integrativa.pt\/en\/wp-json\/wp\/v2\/media?parent=5597"}],"wp:term":[{"taxonomy":"category","embeddable":true,"href":"https:\/\/integrativa.pt\/en\/wp-json\/wp\/v2\/categories?post=5597"},{"taxonomy":"post_tag","embeddable":true,"href":"https:\/\/integrativa.pt\/en\/wp-json\/wp\/v2\/tags?post=5597"}],"curies":[{"name":"wp","href":"https:\/\/api.w.org\/{rel}","templated":true}]}}