{"id":5703,"date":"2026-01-21T15:34:14","date_gmt":"2026-01-21T15:34:14","guid":{"rendered":"https:\/\/integrativa.pt\/?p=5703"},"modified":"2026-04-11T17:08:46","modified_gmt":"2026-04-11T17:08:46","slug":"electrotherapy-in-physiotherapy-therapeutic-ultrasound-tens-ems-and-laser","status":"publish","type":"post","link":"https:\/\/integrativa.pt\/en\/eletroterapia-na-fisioterapia-ultrassom-terapeutico-tens-ems-e-laser\/","title":{"rendered":"Electrotherapy in Physiotherapy: Therapeutic Ultrasound, TENS, EMS and Laser"},"content":{"rendered":"<div class=\"wpb-content-wrapper\" id=\"wpb-content-root\"><div class=\"vc_row wpb_row vc_row-fluid\"><div class=\"wpb_column vc_column_container vc_col-sm-12\"><div class=\"vc_column-inner\"><div class=\"wpb_wrapper\">\n\t<div class=\"wpb_text_column wpb_content_element\" >\n\t\t<div class=\"wpb_wrapper\">\n\t\t\t<p>Electrotherapy is one of the complementary resources used by Physiotherapy for pain relief, tissue stimulation and support for recovery processes. Through different technologies, it allows for precise action on muscles, nerves and injured tissues, always being integrated into an individualized treatment plan.<\/p>\n<p>In our advanced and specialised physiotherapy sessions, electrotherapy is applied judiciously, in conjunction with manual therapy and therapeutic exercise, continuously adjusting to the clinical condition, therapeutic objectives, and recovery phase of each patient.<\/p>\n<p>This resource is only used when necessary and with a well-defined purpose, and may take on different functions throughout the rehabilitation process. Depending on the clinical stage, it can be integrated for pain control, inflammation modulation, muscle activation or support for tissue regeneration, always as a complement to manual and active approaches.<\/p>\n<p>As the patient progresses, therapeutic strategies also evolve. Electrotherapy techniques can be introduced, adjusted, or gradually reduced, keeping pace with the patient's functional evolution throughout the treatment plan, progressively giving way to more active interventions, with a greater focus on movement, motor control, and function.<\/p>\n<p>This approach allows for truly individualised, efficient treatment based on continuous assessment, moving away from the traditional model of closed, standardised protocols. The aim is to utilise every resource, including electrotherapy at the right time and for the right purpose, enhancing outcomes and promoting a safe, effective, and sustainable recovery.<\/p>\n<h4>What is electrotherapy?<\/h4>\n<p>Electrotherapy consists of the use of electrical currents, mechanical waves or light energy for therapeutic purposes. Electrotherapy equipment operates with very low, safe and controlled intensities, applied through electrodes placed directly on the skin.<\/p>\n<p>The therapeutic effects obtained include:<\/p>\n<ul>\n<li>Pain reduction<\/li>\n<li>Muscle stimulation<\/li>\n<li>Improved blood circulation<\/li>\n<li>Acceleration of tissue regeneration<\/li>\n<li>Reduction of inflammation<\/li>\n<\/ul>\n<p>The correct application of these techniques always requires the supervision of a qualified physiotherapist.<\/p>\n<h4>Therapeutic Ultrasound<\/h4>\n<p>Therapeutic Ultrasound is a widely used technique in physiotherapy due to its micromassage and warming effects on tissues, contributing to the improvement of tissue conditions and supporting recovery processes.<\/p>\n<p>It acts through mechanical waves that penetrate tissues, promoting physiological changes favourable to recovery. The ultrasound can be adjusted to act on deeper or more superficial tissues, according to the location and type of injury, through the use of different frequencies.<\/p>\n<p>It can still be applied in different modes, depending on the treatment objectives, and is often integrated into support for:<\/p>\n<ul>\n<li>Tendinitis<\/li>\n<li>Muscle and ligament injuries<\/li>\n<li>Muscle spasms<\/li>\n<li>Inflammatory processes<\/li>\n<li>Tissue healing<\/li>\n<\/ul>\n<h4>TENS \u2013 Transcutaneous Electrical Nerve Stimulation<\/h4>\n<p>TENS is a technique of electrotherapy used primarily for pain management. It works by stimulating peripheral nerves, interfering with the transmission of pain signals to the central nervous system, thus contributing to a reduction in pain perception.<\/p>\n<p>Among the main benefits of TENS are:<\/p>\n<ul>\n<li>Relief of acute and chronic pain<\/li>\n<li>Reduction in the need for analgesic medication<\/li>\n<li>Muscle relaxation<\/li>\n<li>Improving patient comfort<\/li>\n<\/ul>\n<p>It is frequently used in situations of muscle and joint pain, lower back pain, neck pain, and in post-operative recovery processes, always integrated into an individualised treatment plan.<\/p>\n<h4>EMS \u2013 Electrical Muscle Stimulation<\/h4>\n<p>EMS (Electrical Muscle Stimulation) is a technique that promotes muscle contraction through controlled electrical impulses, allowing musculature to be activated safely, precisely, and efficiently. It is a versatile resource, used in both therapeutic and functional contexts, always integrated into an individualised treatment plan.<\/p>\n<p>EMS can be integrated into the rehabilitation process for:<\/p>\n<ul>\n<li>Support muscle strengthening and activation<\/li>\n<li>Help prevent muscle wastage<\/li>\n<li>Facilitate neuromuscular re-education<\/li>\n<li>Support recovery after injury or surgery<\/li>\n<\/ul>\n<p>One of the main advantages of EMS is its potential for association with therapeutic exercise, enhancing muscle activation, improving motor control, and contributing to a more effective, functional recovery geared towards improved performance in daily activities.<\/p>\n<h4>Therapeutic Laser<\/h4>\n<p>The Therapeutic Laser uses low-intensity light energy to stimulate biological processes at a cellular level, supporting the natural tissue recovery mechanisms. Its application is performed through controlled irradiation, allowing for optimisation of microcirculation and stimulation of local metabolic activity.<\/p>\n<p>Among the main effects associated with therapeutic laser, the following stand out:<\/p>\n<ul>\n<li>Pain reduction<\/li>\n<li>Reduction of inflammation<\/li>\n<li>Acceleration of healing processes<\/li>\n<li>Stimulation of cell regeneration<\/li>\n<\/ul>\n<p>In Physiotherapy, therapeutic laser is used as a complementary resource and can be integrated into different phases of treatment, depending on the therapeutic objectives and the progress of each patient. It can be applied in the initial phase, to aid pain and inflammation control; in the intermediate phase, to stimulate tissue regeneration and healing; and in the final phase, as support for tissue recovery and progressive return to function.<\/p>\n<p>It is frequently used in the support of recovery from musculoskeletal injuries, inflammation, joint pain, and in soft tissue rehabilitation, always in conjunction with manual therapy and therapeutic exercise.<\/p>\n<h4><strong>Integrated Electrotherapy in Specialized Physiotherapy<\/strong><\/h4>\n<p>In physiotherapy, electrotherapy should be integrated as a clinical resource used at specific, strategic times, and it should be continuously adjusted to the evolution and needs of each patient. Used judiciously and always in conjunction with manual therapy and therapeutic exercise, it contributes to a more precise, efficient, and function-centred approach, promoting consistent and sustainable recovery.<\/p>\n<p>In Integrativa's Specialised Physiotherapy sessions, electrotherapy is applied according to the phase and objectives of the treatment, as part of a dynamic, personalised, and results-oriented rehabilitation process, respecting each stage of recovery and each patient's response to treatment.<\/p>\n\n\t\t<\/div>\n\t<\/div>\n<\/div><\/div><\/div><\/div><div class=\"vc_row wpb_row vc_row-fluid vc_custom_1680169461443\"><div class=\"wpb_column vc_column_container vc_col-sm-12\"><div class=\"vc_column-inner\"><div class=\"wpb_wrapper\">\n\t<div class=\"wpb_text_column wpb_content_element  vc_custom_1761830119970\" >\n\t\t<div class=\"wpb_wrapper\">\n\t\t\t<p style=\"text-align: right;\"><a href=\"https:\/\/integrativa.pt\/en\/integrative-team\/\"><strong>Alexandra Gomes <\/strong><\/a>| Physiotherapist<\/p>\n<h6 style=\"text-align: right;\">Physiotherapist Card: 4209 | Order of Physiotherapists<\/h6>\n\n\t\t<\/div>\n\t<\/div>\n<\/div><\/div><\/div><\/div><div class=\"vc_row wpb_row vc_row-fluid vc_custom_1680169461443\"><div class=\"wpb_column vc_column_container vc_col-sm-12\"><div class=\"vc_column-inner\"><div class=\"wpb_wrapper\">\n\t<div class=\"wpb_text_column wpb_content_element  vc_custom_1680169468507\" >\n\t\t<div class=\"wpb_wrapper\">\n\t\t\t<p><a title=\"Home\" href=\"https:\/\/integrativa.pt\/en\/\"><strong>Integrativa<\/strong><\/a> | Health and well-being as a lifestyle<\/p>\n\n\t\t<\/div>\n\t<\/div>\n\n\t<div class=\"wpb_text_column wpb_content_element  vc_custom_1775895587227\" >\n\t\t<div class=\"wpb_wrapper\">\n\t\t\t<h6>This website and its content are for information purposes only and are not a substitute for medical or health professional advice. In all cases, treatments should be individualised and guided by health professionals. Do not make any changes to your treatment without contacting the doctor or health professional accompanying you.<\/h6>\n\n\t\t<\/div>\n\t<\/div>\n<\/div><\/div><\/div><\/div><div class=\"vc_row wpb_row vc_row-fluid\"><div class=\"wpb_column vc_column_container vc_col-sm-12\"><div class=\"vc_column-inner vc_custom_1678987635945\"><div class=\"wpb_wrapper\"><div class=\"vc_separator wpb_content_element vc_separator_align_center vc_sep_border_width_1 vc_sep_pos_align_center wpb_content_element vc_separator-has-text\"   style=\"width: 100%;\"><span class=\"vc_sep_holder vc_sep_holder_l\"><span style=\"border-top-color:#1b9193;\" class=\"vc_sep_line\"><\/span><\/span><h4>Related articles<\/h4><span class=\"vc_sep_holder vc_sep_holder_r\"><span style=\"border-top-color:#1b9193;\" class=\"vc_sep_line\"><\/span><\/span>\n<\/div><style type=\"text\/css\" data-type=\"the7_shortcodes-inline-css\">.blog-carousel-shortcode.blog-carousel-shortcode-id-dc2121cad820d5acf76d1dfcf9282c1f.dividers-on.classic-layout-list article {\n  padding-top: 0;\n}\n.blog-carousel-shortcode.blog-carousel-shortcode-id-dc2121cad820d5acf76d1dfcf9282c1f.dividers-on.classic-layout-list article:first-of-type {\n  margin-top: 0;\n  padding-top: 0;\n}\n.blog-carousel-shortcode.blog-carousel-shortcode-id-dc2121cad820d5acf76d1dfcf9282c1f.classic-layout-list.mode-list .post-entry-content {\n  width: calc(100% - );\n}\n.blog-carousel-shortcode.blog-carousel-shortcode-id-dc2121cad820d5acf76d1dfcf9282c1f.classic-layout-list.mode-list .no-img .post-entry-content {\n  width: 100%;\n}\n.blog-carousel-shortcode.blog-carousel-shortcode-id-dc2121cad820d5acf76d1dfcf9282c1f .filter-bg-decoration .filter-categories a.act {\n  color: #fff;\n}\n.blog-carousel-shortcode.blog-carousel-shortcode-id-dc2121cad820d5acf76d1dfcf9282c1f:not(.mode-masonry) article:first-of-type,\n.blog-carousel-shortcode.blog-carousel-shortcode-id-dc2121cad820d5acf76d1dfcf9282c1f:not(.mode-masonry) article.visible.first:not(.product) {\n  margin-top: 0;\n}\n.blog-carousel-shortcode.blog-carousel-shortcode-id-dc2121cad820d5acf76d1dfcf9282c1f.dividers-on:not(.mode-masonry) article {\n  margin-top: 0;\n}\n.blog-carousel-shortcode.blog-carousel-shortcode-id-dc2121cad820d5acf76d1dfcf9282c1f.dividers-on:not(.mode-masonry) article:first-of-type,\n.blog-carousel-shortcode.blog-carousel-shortcode-id-dc2121cad820d5acf76d1dfcf9282c1f.dividers-on:not(.mode-masonry) article.visible.first:not(.product) {\n  margin-top: 0;\n  padding-top: 0;\n}\n.blog-carousel-shortcode.blog-carousel-shortcode-id-dc2121cad820d5acf76d1dfcf9282c1f .post-thumbnail-wrap {\n  padding: 0px 0px 0px 0px;\n}\n.blog-carousel-shortcode.blog-carousel-shortcode-id-dc2121cad820d5acf76d1dfcf9282c1f.enable-bg-rollover .post-thumbnail-rollover:after {\n  background: -webkit-linear-gradient();\n  background: linear-gradient();\n}\n.blog-carousel-shortcode.blog-carousel-shortcode-id-dc2121cad820d5acf76d1dfcf9282c1f .gallery-zoom-ico {\n  width: 44px;\n  height: 44px;\n  line-height: 44px;\n  border-radius: 100px;\n  margin: -22px 0 0 -22px;\n  border-width: 0px;\n  color: #ffffff;\n  background: none;\n}\n.bottom-overlap-layout-list.blog-carousel-shortcode.blog-carousel-shortcode-id-dc2121cad820d5acf76d1dfcf9282c1f .gallery-zoom-ico {\n  margin-top: -72px;\n}\n.gradient-overlay-layout-list.blog-carousel-shortcode.blog-carousel-shortcode-id-dc2121cad820d5acf76d1dfcf9282c1f .gallery-zoom-ico,\n.content-rollover-layout-list.blog-carousel-shortcode.blog-carousel-shortcode-id-dc2121cad820d5acf76d1dfcf9282c1f .gallery-zoom-ico {\n  margin: 0 0 10px;\n}\n.content-align-center.gradient-overlay-layout-list.blog-carousel-shortcode.blog-carousel-shortcode-id-dc2121cad820d5acf76d1dfcf9282c1f .gallery-zoom-ico,\n.content-align-center.content-rollover-layout-list.blog-carousel-shortcode.blog-carousel-shortcode-id-dc2121cad820d5acf76d1dfcf9282c1f .gallery-zoom-ico {\n  margin: 0 auto 10px;\n}\n.dt-icon-bg-on.blog-carousel-shortcode.blog-carousel-shortcode-id-dc2121cad820d5acf76d1dfcf9282c1f .gallery-zoom-ico {\n  background: rgba(255,255,255,0.3);\n  box-shadow: none;\n}\n.blog-carousel-shortcode.blog-carousel-shortcode-id-dc2121cad820d5acf76d1dfcf9282c1f .gallery-zoom-ico > span,\n.blog-carousel-shortcode.blog-carousel-shortcode-id-dc2121cad820d5acf76d1dfcf9282c1f .gallery-zoom-ico:before {\n  font-size: 32px;\n  line-height: 44px;\n}\n.blog-carousel-shortcode.blog-carousel-shortcode-id-dc2121cad820d5acf76d1dfcf9282c1f .gallery-zoom-ico > span,\n.blog-carousel-shortcode.blog-carousel-shortcode-id-dc2121cad820d5acf76d1dfcf9282c1f .gallery-zoom-ico:before {\n  color: #ffffff;\n  background: none;\n}\n.blog-carousel-shortcode.blog-carousel-shortcode-id-dc2121cad820d5acf76d1dfcf9282c1f .entry-title,\n.blog-carousel-shortcode.blog-carousel-shortcode-id-dc2121cad820d5acf76d1dfcf9282c1f.owl-carousel .entry-title {\n  margin-bottom: 5px;\n}\n.blog-carousel-shortcode.blog-carousel-shortcode-id-dc2121cad820d5acf76d1dfcf9282c1f .entry-meta {\n  margin-bottom: 15px;\n}\n.blog-carousel-shortcode.blog-carousel-shortcode-id-dc2121cad820d5acf76d1dfcf9282c1f .portfolio-categories {\n  margin-bottom: 15px;\n}\n.blog-carousel-shortcode.blog-carousel-shortcode-id-dc2121cad820d5acf76d1dfcf9282c1f .entry-excerpt {\n  margin-bottom: 5px;\n}\n.blog-carousel-shortcode.blog-carousel-shortcode-id-dc2121cad820d5acf76d1dfcf9282c1f:not(.centered-layout-list) .post-entry-content {\n  padding: 15px 20px 20px 20px;\n}\n.blog-carousel-shortcode.blog-carousel-shortcode-id-dc2121cad820d5acf76d1dfcf9282c1f:not(.centered-layout-list):not(.content-bg-on):not(.mode-list) .no-img .post-entry-content {\n  padding: 0;\n}\n@media screen and (max-width: ) {\n  .blog-carousel-shortcode.blog-carousel-shortcode-id-dc2121cad820d5acf76d1dfcf9282c1f article {\n    -ms-flex-flow: column nowrap;\n    flex-flow: column nowrap;\n    margin-top: 20px;\n  }\n  .blog-carousel-shortcode.blog-carousel-shortcode-id-dc2121cad820d5acf76d1dfcf9282c1f.dividers-on article {\n    border: none;\n  }\n  .blog-carousel-shortcode.blog-carousel-shortcode-id-dc2121cad820d5acf76d1dfcf9282c1f.content-bg-on.centered-layout-list article {\n    padding: 0;\n  }\n  .blog-carousel-shortcode.blog-carousel-shortcode-id-dc2121cad820d5acf76d1dfcf9282c1f.blog-shortcode.dividers-on article,\n  .blog-carousel-shortcode.blog-carousel-shortcode-id-dc2121cad820d5acf76d1dfcf9282c1f.dividers-on.classic-layout-list article {\n    margin-top: 20px;\n    padding: 0;\n  }\n  .blog-carousel-shortcode.blog-carousel-shortcode-id-dc2121cad820d5acf76d1dfcf9282c1f.blog-shortcode.dividers-on article:first-of-type,\n  .blog-carousel-shortcode.blog-carousel-shortcode-id-dc2121cad820d5acf76d1dfcf9282c1f.dividers-on.classic-layout-list article:first-of-type {\n    padding: 0;\n  }\n  #page .blog-carousel-shortcode.blog-carousel-shortcode-id-dc2121cad820d5acf76d1dfcf9282c1f .post-thumbnail-wrap,\n  #page .blog-carousel-shortcode.blog-carousel-shortcode-id-dc2121cad820d5acf76d1dfcf9282c1f .post-entry-content {\n    width: 100%;\n    margin: 0;\n    top: 0;\n  }\n  #page .blog-carousel-shortcode.blog-carousel-shortcode-id-dc2121cad820d5acf76d1dfcf9282c1f .post-thumbnail-wrap {\n    padding: 0;\n  }\n  #page .blog-carousel-shortcode.blog-carousel-shortcode-id-dc2121cad820d5acf76d1dfcf9282c1f .post-entry-content:after {\n    display: none;\n  }\n  #page .blog-carousel-shortcode.blog-carousel-shortcode-id-dc2121cad820d5acf76d1dfcf9282c1f .project-even .post-thumbnail-wrap,\n  #page .blog-carousel-shortcode.blog-carousel-shortcode-id-dc2121cad820d5acf76d1dfcf9282c1f.centered-layout-list .post-thumbnail-wrap {\n    -ms-flex-order: 0;\n    order: 0;\n  }\n  #page .blog-carousel-shortcode.blog-carousel-shortcode-id-dc2121cad820d5acf76d1dfcf9282c1f.centered-layout-list .post-entry-title-content {\n    -ms-flex-order: 1;\n    order: 1;\n    width: 100%;\n    padding: 20px 20px 0;\n  }\n  #page .blog-carousel-shortcode.blog-carousel-shortcode-id-dc2121cad820d5acf76d1dfcf9282c1f.centered-layout-list .post-entry-content {\n    -ms-flex-order: 2;\n    order: 2;\n    padding-top: 0;\n  }\n  #page .blog-carousel-shortcode.blog-carousel-shortcode-id-dc2121cad820d5acf76d1dfcf9282c1f .fancy-categories {\n    top: 10px;\n    left: 10px;\n    bottom: auto;\n    right: auto;\n  }\n  #page .blog-carousel-shortcode.blog-carousel-shortcode-id-dc2121cad820d5acf76d1dfcf9282c1f .fancy-date a {\n    top: 10px;\n    right: 10px;\n    left: auto;\n    bottom: auto;\n  }\n  #page .blog-carousel-shortcode.blog-carousel-shortcode-id-dc2121cad820d5acf76d1dfcf9282c1f .post-entry-content {\n    padding: 20px;\n  }\n  #page .blog-carousel-shortcode.blog-carousel-shortcode-id-dc2121cad820d5acf76d1dfcf9282c1f .entry-title {\n    margin: 3px 0 5px;\n    font-size: 20px;\n    line-height: 26px;\n  }\n  #page .blog-carousel-shortcode.blog-carousel-shortcode-id-dc2121cad820d5acf76d1dfcf9282c1f .entry-meta {\n    margin: 5px 0 5px;\n  }\n  #page .blog-carousel-shortcode.blog-carousel-shortcode-id-dc2121cad820d5acf76d1dfcf9282c1f .entry-excerpt {\n    margin: 15px 0 0;\n  }\n  #page .blog-carousel-shortcode.blog-carousel-shortcode-id-dc2121cad820d5acf76d1dfcf9282c1f .post-details {\n    margin: 5px 0 10px;\n  }\n  #page .blog-carousel-shortcode.blog-carousel-shortcode-id-dc2121cad820d5acf76d1dfcf9282c1f .post-details.details-type-link {\n    margin-bottom: 2px;\n  }\n}\n.blog-carousel-shortcode.blog-carousel-shortcode-id-dc2121cad820d5acf76d1dfcf9282c1f.owl-carousel .owl-nav div {\n  width: 36px;\n  height: 36px;\n  border-radius: 500px;\n}\n.dt-arrow-border-on.blog-carousel-shortcode.blog-carousel-shortcode-id-dc2121cad820d5acf76d1dfcf9282c1f.owl-carousel .owl-nav div:not(:hover):before {\n  border-width: 0px;\n}\n.dt-arrow-hover-border-on.blog-carousel-shortcode.blog-carousel-shortcode-id-dc2121cad820d5acf76d1dfcf9282c1f.owl-carousel .owl-nav div:hover:after {\n  border-width: 0px;\n}\n.blog-carousel-shortcode.blog-carousel-shortcode-id-dc2121cad820d5acf76d1dfcf9282c1f.owl-carousel .owl-nav div.owl-prev {\n  top: 50%;\n  transform: translateY(calc(-50% + 0px));\n  left: -43px;\n}\n@media all and (-ms-high-contrast: none) {\n  .blog-carousel-shortcode.blog-carousel-shortcode-id-dc2121cad820d5acf76d1dfcf9282c1f.owl-carousel .owl-nav div.owl-prev {\n    transform: translateY(-50%);\n    margin-top: 0px;\n  }\n}\n.blog-carousel-shortcode.blog-carousel-shortcode-id-dc2121cad820d5acf76d1dfcf9282c1f.owl-carousel .owl-nav div.owl-prev i {\n  padding: 0px 0px 0px 0px;\n}\n.blog-carousel-shortcode.blog-carousel-shortcode-id-dc2121cad820d5acf76d1dfcf9282c1f.owl-carousel .owl-nav div.owl-next {\n  top: 50%;\n  transform: translateY(calc(-50% + 0px));\n  right: -43px;\n}\n@media all and (-ms-high-contrast: none) {\n  .blog-carousel-shortcode.blog-carousel-shortcode-id-dc2121cad820d5acf76d1dfcf9282c1f.owl-carousel .owl-nav div.owl-next {\n    transform: translateY(-50%);\n    margin-top: 0px;\n  }\n}\n.blog-carousel-shortcode.blog-carousel-shortcode-id-dc2121cad820d5acf76d1dfcf9282c1f.owl-carousel .owl-nav div.owl-next i {\n  padding: 0px 0px 0px 0px;\n}\n.blog-carousel-shortcode.blog-carousel-shortcode-id-dc2121cad820d5acf76d1dfcf9282c1f.owl-carousel .owl-nav i {\n  font-size: 18px;\n}\n.blog-carousel-shortcode.blog-carousel-shortcode-id-dc2121cad820d5acf76d1dfcf9282c1f.owl-carousel .owl-nav div:not(:hover) i,\n.blog-carousel-shortcode.blog-carousel-shortcode-id-dc2121cad820d5acf76d1dfcf9282c1f.owl-carousel .owl-nav div:not(:hover) i:before {\n  color: #ffffff;\n  background: none;\n}\n.blog-carousel-shortcode.blog-carousel-shortcode-id-dc2121cad820d5acf76d1dfcf9282c1f.owl-carousel .owl-nav div:hover i,\n.blog-carousel-shortcode.blog-carousel-shortcode-id-dc2121cad820d5acf76d1dfcf9282c1f.owl-carousel .owl-nav div:hover i:before {\n  color: rgba(255,255,255,0.75);\n  background: none;\n}\n.blog-carousel-shortcode.blog-carousel-shortcode-id-dc2121cad820d5acf76d1dfcf9282c1f .owl-dots {\n  top: calc(100% + 20px);\n  left: 50%;\n  transform: translateX(calc(-50% + 0px));\n}\n@media all and (-ms-high-contrast: none) {\n  .blog-carousel-shortcode.blog-carousel-shortcode-id-dc2121cad820d5acf76d1dfcf9282c1f .owl-dots {\n    transform: translateX(-50%);\n    margin-left: 0px;\n  }\n}\n.blog-carousel-shortcode.blog-carousel-shortcode-id-dc2121cad820d5acf76d1dfcf9282c1f .owl-dot {\n  width: 10px;\n  height: 10px;\n  margin: 0 8px;\n}\n@media screen and (max-width: 778px) {\n  .blog-carousel-shortcode.blog-carousel-shortcode-id-dc2121cad820d5acf76d1dfcf9282c1f.hide-arrows .owl-nav a {\n    display: none;\n  }\n}\n@media screen and (max-width: 778px) {\n  .blog-carousel-shortcode.blog-carousel-shortcode-id-dc2121cad820d5acf76d1dfcf9282c1f.reposition-arrows .owl-nav div.owl-prev {\n    top: 50%;\n    transform: translateY(calc(-50% + 0px));\n    left: 10px;\n  }\n  .blog-carousel-shortcode.blog-carousel-shortcode-id-dc2121cad820d5acf76d1dfcf9282c1f.reposition-arrows .owl-nav div.owl-next {\n    top: 50%;\n    transform: translateY(calc(-50% + 0px));\n    right: 10px;\n  }\n}\n@media screen and (max-width: 778px) and all and (-ms-high-contrast: none) {\n  .blog-carousel-shortcode.blog-carousel-shortcode-id-dc2121cad820d5acf76d1dfcf9282c1f.reposition-arrows .owl-nav div.owl-prev {\n    transform: translateY(-50%);\n    margin-top: 0px;\n  }\n}\n@media screen and (max-width: 778px) and all and (-ms-high-contrast: none) {\n  .blog-carousel-shortcode.blog-carousel-shortcode-id-dc2121cad820d5acf76d1dfcf9282c1f.reposition-arrows .owl-nav div.owl-next {\n    transform: translateY(-50%);\n    margin-top: 0px;\n  }\n}<\/style><div class=\"owl-carousel blog-carousel-shortcode dt-owl-carousel-call blog-carousel-shortcode-id-dc2121cad820d5acf76d1dfcf9282c1f classic-layout-list scale-img dt-icon-bg-off dt-arrow-border-on dt-arrow-hover-border-on meta-info-off bullets-small-dot-stroke reposition-arrows arrows-bg-on disable-arrows-hover-bg arrows-hover-bg-on\" data-scroll-mode=\"1\" data-col-num=\"3\" data-wide-col-num=\"4\" data-laptop-col=\"3\" data-h-tablet-columns-num=\"3\" data-v-tablet-columns-num=\"2\" data-phone-columns-num=\"1\" data-auto-height=\"true\" data-col-gap=\"30\" data-stage-padding=\"0\" data-speed=\"600\" data-autoplay=\"false\" data-autoplay_speed=\"6000\" data-arrows=\"true\" data-bullet=\"false\" data-next-icon=\"icon-ar-017-r\" data-prev-icon=\"icon-ar-017-l\"><article class=\"post post-3127 type-post status-publish format-standard has-post-thumbnail hentry category-osteopatia category-dor-lombar category-fisioterapia category-fisioterapia-desportiva category-fisioterapia-musculo-esqueletica category-pilates-clinico tag-fisioterapia tag-osteopatia tag-pilates-clinico category-17 category-50 category-6 category-55 category-54 category-9 description-off\" data-name=\"Tratamento da dor lombar com Fisioterapia, Osteopatia e Pilates Cl\u00ednico\" data-date=\"2024-05-30T17:00:07+00:00\">\n\n<div class=\"post-thumbnail-wrap\">\n\t<div class=\"post-thumbnail\">\n\t\t\n\t\t\n\t\t<a href=\"https:\/\/integrativa.pt\/en\/tratamento-da-dor-lombar-com-fisioterapia-osteopatia-e-pilates-clinico\/\" class=\"post-thumbnail-rollover layzr-bg\" ><img fetchpriority=\"high\" decoding=\"async\" class=\"preload-me owl-lazy-load aspect\" src=\"data:image\/svg+xml,%3Csvg%20xmlns%3D&#39;http%3A%2F%2Fwww.w3.org%2F2000%2Fsvg&#39;%20viewBox%3D&#39;0%200%20768%20512&#39;%2F%3E\" data-src=\"https:\/\/integrativa.pt\/wp-content\/uploads\/2024\/05\/Dores-de-Costas-Osteopatia-Integrativa-768x512.webp\" data-srcset=\"https:\/\/integrativa.pt\/wp-content\/uploads\/2024\/05\/Dores-de-Costas-Osteopatia-Integrativa-768x512.webp 768w, https:\/\/integrativa.pt\/wp-content\/uploads\/2024\/05\/Dores-de-Costas-Osteopatia-Integrativa-1152x768.webp 1152w\" loading=\"eager\" style=\"--ratio: 768 \/ 512\" sizes=\"(max-width: 768px) 100vw, 768px\" alt=\"\" title=\"Back Pain Integrative Osteopathy\" width=\"768\" height=\"512\"  \/><\/a>\t<\/div>\n<\/div>\n\n\n<div class=\"post-entry-content\">\n\n\t<h3 class=\"entry-title\">\n\t\t<a href=\"https:\/\/integrativa.pt\/en\/tratamento-da-dor-lombar-com-fisioterapia-osteopatia-e-pilates-clinico\/\" title=\"Treatment of low back pain with Physiotherapy, Osteopathy and Clinical Pilates\" rel=\"bookmark\">Treatment of low back pain with Physiotherapy, Osteopathy and Clinical Pilates<\/a>\n\t<\/h3>\n\n\t\n\t\n\t\n<a href=\"https:\/\/integrativa.pt\/en\/tratamento-da-dor-lombar-com-fisioterapia-osteopatia-e-pilates-clinico\/\" class=\"post-details details-type-link\" aria-label=\"Read more about Lumbar Pain Treatment with Physiotherapy, Osteopathy and Clinical Pilates\">Read more<i class=\"dt-icon-the7-arrow-03\" aria-hidden=\"true\"><\/i><\/a>\n\n<\/div><\/article><article class=\"post post-7248 type-post status-publish format-standard has-post-thumbnail hentry category-fisioterapia category-fisioterapia-em-saude-da-mulher tag-fisioterapia tag-osteopatia tag-pilates-clinico category-6 category-47 description-off\" data-name=\"Fisioterapia p\u00e9lvica na gravidez: quando come\u00e7ar, o que esperar e benef\u00edcios\" data-date=\"2026-04-16T14:19:32+00:00\">\n\n<div class=\"post-thumbnail-wrap\">\n\t<div class=\"post-thumbnail\">\n\t\t\n\t\t\n\t\t<a href=\"https:\/\/integrativa.pt\/en\/fisioterapia-pelvica-na-gravidez-quando-comecar-o-que-esperar-e-beneficios\/\" class=\"post-thumbnail-rollover layzr-bg\" ><img decoding=\"async\" class=\"preload-me owl-lazy-load aspect\" src=\"data:image\/svg+xml,%3Csvg%20xmlns%3D&#39;http%3A%2F%2Fwww.w3.org%2F2000%2Fsvg&#39;%20viewBox%3D&#39;0%200%20768%20512&#39;%2F%3E\" data-src=\"https:\/\/integrativa.pt\/wp-content\/uploads\/2024\/08\/Pilates-clinico-gravidas-768x512.webp\" data-srcset=\"https:\/\/integrativa.pt\/wp-content\/uploads\/2024\/08\/Pilates-clinico-gravidas-768x512.webp 768w, https:\/\/integrativa.pt\/wp-content\/uploads\/2024\/08\/Pilates-clinico-gravidas-1152x768.webp 1152w\" loading=\"eager\" style=\"--ratio: 768 \/ 512\" sizes=\"(max-width: 768px) 100vw, 768px\" alt=\"\" title=\"Clinical Pilates for pregnant women\" width=\"768\" height=\"512\"  \/><\/a>\t<\/div>\n<\/div>\n\n\n<div class=\"post-entry-content\">\n\n\t<h3 class=\"entry-title\">\n\t\t<a href=\"https:\/\/integrativa.pt\/en\/fisioterapia-pelvica-na-gravidez-quando-comecar-o-que-esperar-e-beneficios\/\" title=\"Pelvic floor physiotherapy during pregnancy: when to start, what to expect and benefits\" rel=\"bookmark\">Pelvic floor physiotherapy during pregnancy: when to start, what to expect and benefits<\/a>\n\t<\/h3>\n\n\t\n\t\n\t\n<a href=\"https:\/\/integrativa.pt\/en\/fisioterapia-pelvica-na-gravidez-quando-comecar-o-que-esperar-e-beneficios\/\" class=\"post-details details-type-link\" aria-label=\"Read more about Pelvic physiotherapy in pregnancy: when to start, what to expect, and benefits\">Read more<i class=\"dt-icon-the7-arrow-03\" aria-hidden=\"true\"><\/i><\/a>\n\n<\/div><\/article><article class=\"post post-2443 type-post status-publish format-standard has-post-thumbnail hentry category-fisioterapia category-fisioterapia-em-paralisia-facial tag-fisioterapia tag-osteopatia tag-pilates-clinico category-6 category-39 description-off\" data-name=\"Paralisia facial e autocuidado: estrat\u00e9gias integrativas para apoiar o equil\u00edbrio f\u00edsico e emocional\" data-date=\"2023-07-25T10:54:26+00:00\">\n\n<div class=\"post-thumbnail-wrap\">\n\t<div class=\"post-thumbnail\">\n\t\t\n\t\t\n\t\t<a href=\"https:\/\/integrativa.pt\/en\/paralisia-facial-e-autocuidado-estrategias-integrativas-para-apoiar-o-equilibrio-fisico-e-emocional\/\" class=\"post-thumbnail-rollover layzr-bg\" ><img decoding=\"async\" class=\"preload-me owl-lazy-load aspect\" src=\"data:image\/svg+xml,%3Csvg%20xmlns%3D&#39;http%3A%2F%2Fwww.w3.org%2F2000%2Fsvg&#39;%20viewBox%3D&#39;0%200%20768%20512&#39;%2F%3E\" data-src=\"https:\/\/integrativa.pt\/wp-content\/uploads\/2026\/02\/Fisioterapia-Paralisia-Facial-Belem-Lisboa-1-768x512.avif\" data-srcset=\"https:\/\/integrativa.pt\/wp-content\/uploads\/2026\/02\/Fisioterapia-Paralisia-Facial-Belem-Lisboa-1-768x512.avif 768w, https:\/\/integrativa.pt\/wp-content\/uploads\/2026\/02\/Fisioterapia-Paralisia-Facial-Belem-Lisboa-1-1152x768.avif 1152w\" loading=\"eager\" style=\"--ratio: 768 \/ 512\" sizes=\"(max-width: 768px) 100vw, 768px\" alt=\"\" title=\"Physiotherapy Facial Palsy Belem Lisbon\" width=\"768\" height=\"512\"  \/><\/a>\t<\/div>\n<\/div>\n\n\n<div class=\"post-entry-content\">\n\n\t<h3 class=\"entry-title\">\n\t\t<a href=\"https:\/\/integrativa.pt\/en\/paralisia-facial-e-autocuidado-estrategias-integrativas-para-apoiar-o-equilibrio-fisico-e-emocional\/\" title=\"Facial paralysis and self-care: integrative strategies to support physical and emotional balance\" rel=\"bookmark\">Facial paralysis and self-care: integrative strategies to support physical and emotional balance<\/a>\n\t<\/h3>\n\n\t\n\t\n\t\n<a href=\"https:\/\/integrativa.pt\/en\/paralisia-facial-e-autocuidado-estrategias-integrativas-para-apoiar-o-equilibrio-fisico-e-emocional\/\" class=\"post-details details-type-link\" aria-label=\"Read more about Facial Paralysis and Self-Care: Integrative Strategies to Support Physical and Emotional Balance\">Read more<i class=\"dt-icon-the7-arrow-03\" aria-hidden=\"true\"><\/i><\/a>\n\n<\/div><\/article><article class=\"post post-3000 type-post status-publish format-standard has-post-thumbnail hentry category-fisioterapia tag-fisioterapia tag-osteopatia tag-pilates-clinico category-6 description-off\" data-name=\"Fisioterapia em Bel\u00e9m (Lisboa): abordagem personalizada na Integrativa\" data-date=\"2024-02-25T10:59:12+00:00\">\n\n<div class=\"post-thumbnail-wrap\">\n\t<div class=\"post-thumbnail\">\n\t\t\n\t\t\n\t\t<a href=\"https:\/\/integrativa.pt\/en\/integrativa-a-clinica-de-fisioterapia-de-belem-restelo-lisboa\/\" class=\"post-thumbnail-rollover layzr-bg\" ><img decoding=\"async\" class=\"preload-me owl-lazy-load aspect\" src=\"data:image\/svg+xml,%3Csvg%20xmlns%3D&#39;http%3A%2F%2Fwww.w3.org%2F2000%2Fsvg&#39;%20viewBox%3D&#39;0%200%20768%20512&#39;%2F%3E\" data-src=\"https:\/\/integrativa.pt\/wp-content\/uploads\/2024\/02\/Fisioterapia-belem-scaled-768x512.jpg\" data-srcset=\"https:\/\/integrativa.pt\/wp-content\/uploads\/2024\/02\/Fisioterapia-belem-scaled-768x512.jpg 768w, https:\/\/integrativa.pt\/wp-content\/uploads\/2024\/02\/Fisioterapia-belem-scaled-1152x768.jpg 1152w\" loading=\"eager\" style=\"--ratio: 768 \/ 512\" sizes=\"(max-width: 768px) 100vw, 768px\" alt=\"Integrativa Restelo (Bel\u00e9m, Lisbon)\" title=\"Physiotherapy Bel\u00e9m\" width=\"768\" height=\"512\"  \/><\/a>\t<\/div>\n<\/div>\n\n\n<div class=\"post-entry-content\">\n\n\t<h3 class=\"entry-title\">\n\t\t<a href=\"https:\/\/integrativa.pt\/en\/integrativa-a-clinica-de-fisioterapia-de-belem-restelo-lisboa\/\" title=\"Physiotherapy in Bel\u00e9m (Lisbon): personalised approach at Integrativa\" rel=\"bookmark\">Physiotherapy in Bel\u00e9m (Lisbon): personalised approach at Integrativa<\/a>\n\t<\/h3>\n\n\t\n\t\n\t\n<a href=\"https:\/\/integrativa.pt\/en\/integrativa-a-clinica-de-fisioterapia-de-belem-restelo-lisboa\/\" class=\"post-details details-type-link\" aria-label=\"Read more about Physiotherapy in Bel\u00e9m (Lisbon): personalised approach at Integrativa\">Read more<i class=\"dt-icon-the7-arrow-03\" aria-hidden=\"true\"><\/i><\/a>\n\n<\/div><\/article><article class=\"post post-3595 type-post status-publish format-standard has-post-thumbnail hentry category-osteopatia category-dor-lombar category-fisioterapia category-osteopata-david-brandao category-pilates-clinico tag-fisioterapia tag-osteopatia tag-pilates-clinico category-17 category-50 category-6 category-33 category-9 description-off\" data-name=\"Dor lombar: mitos, factos e o papel da Fisioterapia\" data-date=\"2024-08-30T12:20:21+00:00\">\n\n<div class=\"post-thumbnail-wrap\">\n\t<div class=\"post-thumbnail\">\n\t\t\n\t\t\n\t\t<a href=\"https:\/\/integrativa.pt\/en\/dor-lombar-mitos-factos-e-o-papel-da-fisioterapia\/\" class=\"post-thumbnail-rollover layzr-bg\" ><img decoding=\"async\" class=\"preload-me owl-lazy-load aspect\" src=\"data:image\/svg+xml,%3Csvg%20xmlns%3D&#39;http%3A%2F%2Fwww.w3.org%2F2000%2Fsvg&#39;%20viewBox%3D&#39;0%200%20768%20512&#39;%2F%3E\" data-src=\"https:\/\/integrativa.pt\/wp-content\/uploads\/2025\/10\/Dores-de-Costas-Osteopatia-Integrativa-Lombar-768x512.webp\" data-srcset=\"https:\/\/integrativa.pt\/wp-content\/uploads\/2025\/10\/Dores-de-Costas-Osteopatia-Integrativa-Lombar-768x512.webp 768w, https:\/\/integrativa.pt\/wp-content\/uploads\/2025\/10\/Dores-de-Costas-Osteopatia-Integrativa-Lombar-1152x768.webp 1152w\" loading=\"eager\" style=\"--ratio: 768 \/ 512\" sizes=\"(max-width: 768px) 100vw, 768px\" alt=\"\" title=\"Back Pain Lumbar Integrative Osteopathy\" width=\"768\" height=\"512\"  \/><\/a>\t<\/div>\n<\/div>\n\n\n<div class=\"post-entry-content\">\n\n\t<h3 class=\"entry-title\">\n\t\t<a href=\"https:\/\/integrativa.pt\/en\/dor-lombar-mitos-factos-e-o-papel-da-fisioterapia\/\" title=\"Low back pain: myths, facts and the role of physiotherapy\" rel=\"bookmark\">Low back pain: myths, facts and the role of physiotherapy<\/a>\n\t<\/h3>\n\n\t\n\t\n\t\n<a href=\"https:\/\/integrativa.pt\/en\/dor-lombar-mitos-factos-e-o-papel-da-fisioterapia\/\" class=\"post-details details-type-link\" aria-label=\"Read more about Lower back pain: myths, facts and the role of Physiotherapy\">Read more<i class=\"dt-icon-the7-arrow-03\" aria-hidden=\"true\"><\/i><\/a>\n\n<\/div><\/article><article class=\"post post-5799 type-post status-publish format-standard has-post-thumbnail hentry category-fisioterapia category-fisioterapia-musculo-esqueletica category-pilates-clinico tag-fisioterapia tag-osteopatia tag-pilates-clinico category-6 category-54 category-9 description-off\" data-name=\"O Pilates Cl\u00ednico ajuda na dor lombar?\" data-date=\"2026-01-24T22:40:54+00:00\">\n\n<div class=\"post-thumbnail-wrap\">\n\t<div class=\"post-thumbnail\">\n\t\t\n\t\t\n\t\t<a href=\"https:\/\/integrativa.pt\/en\/o-pilates-clinico-ajuda-na-dor-lombar\/\" class=\"post-thumbnail-rollover layzr-bg\" ><img decoding=\"async\" class=\"preload-me owl-lazy-load aspect\" src=\"data:image\/svg+xml,%3Csvg%20xmlns%3D&#39;http%3A%2F%2Fwww.w3.org%2F2000%2Fsvg&#39;%20viewBox%3D&#39;0%200%20768%20512&#39;%2F%3E\" data-src=\"https:\/\/integrativa.pt\/wp-content\/uploads\/2025\/10\/Pilates-Lisboa-1-768x512.webp\" data-srcset=\"https:\/\/integrativa.pt\/wp-content\/uploads\/2025\/10\/Pilates-Lisboa-1-768x512.webp 768w, https:\/\/integrativa.pt\/wp-content\/uploads\/2025\/10\/Pilates-Lisboa-1-1152x768.webp 1152w\" loading=\"eager\" style=\"--ratio: 768 \/ 512\" sizes=\"(max-width: 768px) 100vw, 768px\" alt=\"\" title=\"Pilates Lisbon\" width=\"768\" height=\"512\"  \/><\/a>\t<\/div>\n<\/div>\n\n\n<div class=\"post-entry-content\">\n\n\t<h3 class=\"entry-title\">\n\t\t<a href=\"https:\/\/integrativa.pt\/en\/o-pilates-clinico-ajuda-na-dor-lombar\/\" title=\"Does Clinical Pilates help with low back pain?\" rel=\"bookmark\">Does Clinical Pilates help with low back pain?<\/a>\n\t<\/h3>\n\n\t\n\t\n\t\n<a href=\"https:\/\/integrativa.pt\/en\/o-pilates-clinico-ajuda-na-dor-lombar\/\" class=\"post-details details-type-link\" aria-label=\"Read more about how Clinical Pilates helps with lower back pain?\">Read more<i class=\"dt-icon-the7-arrow-03\" aria-hidden=\"true\"><\/i><\/a>\n\n<\/div><\/article><\/div><\/div><\/div><\/div><\/div>\n<\/div>","protected":false},"excerpt":{"rendered":"<p>Electrotherapy is one of the complementary resources used by physiotherapy to relieve pain, stimulate tissues and support recovery processes. Using different technologies, it enables precise action on injured muscles, nerves and tissues, and is always integrated into an individualised treatment plan. In our advanced and specialised physiotherapy sessions, electrotherapy...<\/p>","protected":false},"author":1,"featured_media":5709,"comment_status":"closed","ping_status":"open","sticky":false,"template":"","format":"standard","meta":{"inline_featured_image":false,"footnotes":""},"categories":[6],"tags":[4],"class_list":["post-5703","post","type-post","status-publish","format-standard","has-post-thumbnail","hentry","category-fisioterapia","tag-fisioterapia","category-6","description-off"],"_links":{"self":[{"href":"https:\/\/integrativa.pt\/en\/wp-json\/wp\/v2\/posts\/5703","targetHints":{"allow":["GET"]}}],"collection":[{"href":"https:\/\/integrativa.pt\/en\/wp-json\/wp\/v2\/posts"}],"about":[{"href":"https:\/\/integrativa.pt\/en\/wp-json\/wp\/v2\/types\/post"}],"author":[{"embeddable":true,"href":"https:\/\/integrativa.pt\/en\/wp-json\/wp\/v2\/users\/1"}],"replies":[{"embeddable":true,"href":"https:\/\/integrativa.pt\/en\/wp-json\/wp\/v2\/comments?post=5703"}],"version-history":[{"count":0,"href":"https:\/\/integrativa.pt\/en\/wp-json\/wp\/v2\/posts\/5703\/revisions"}],"wp:featuredmedia":[{"embeddable":true,"href":"https:\/\/integrativa.pt\/en\/wp-json\/wp\/v2\/media\/5709"}],"wp:attachment":[{"href":"https:\/\/integrativa.pt\/en\/wp-json\/wp\/v2\/media?parent=5703"}],"wp:term":[{"taxonomy":"category","embeddable":true,"href":"https:\/\/integrativa.pt\/en\/wp-json\/wp\/v2\/categories?post=5703"},{"taxonomy":"post_tag","embeddable":true,"href":"https:\/\/integrativa.pt\/en\/wp-json\/wp\/v2\/tags?post=5703"}],"curies":[{"name":"wp","href":"https:\/\/api.w.org\/{rel}","templated":true}]}}