{"id":5986,"date":"2026-01-27T10:00:29","date_gmt":"2026-01-27T10:00:29","guid":{"rendered":"https:\/\/integrativa.pt\/?p=5986"},"modified":"2026-04-11T17:10:14","modified_gmt":"2026-04-11T17:10:14","slug":"memory-versus-attention-the-psychologist-explains-why-we-confuse-the-two","status":"publish","type":"post","link":"https:\/\/integrativa.pt\/en\/memoria-vs-atencao-a-psicologa-explica-porque-confundimos-as-duas\/","title":{"rendered":"Memory vs Attention: The psychologist explains why we confuse the two"},"content":{"rendered":"<div class=\"wpb-content-wrapper\" id=\"wpb-content-root\"><div class=\"vc_row wpb_row vc_row-fluid\"><div class=\"wpb_column vc_column_container vc_col-sm-12\"><div class=\"vc_column-inner\"><div class=\"wpb_wrapper\">\n\t<div class=\"wpb_text_column wpb_content_element\" >\n\t\t<div class=\"wpb_wrapper\">\n\t\t\t<p>It's common to hear people say they have a \u201cbad memory\u201d when, in fact, it's their attention that's compromised. They forget names, tasks, where they left objects or what they were going to do next and quickly conclude that something isn't working properly. However, memory and attention are not the same thing, even though they are closely linked.<\/p>\n<p>In psychology, attention is the gateway for information. It's the process that allows us to focus, select, and maintain contact with what's happening in the present moment. Memory emerges afterwards. For something to be remembered, it first needs to have been truly attended to. When we are distracted, overloaded, or on autopilot, information may even pass us by, but it doesn't get recorded. Not because memory has failed, but because there was never enough attention for the recording to take place.<\/p>\n<p>In contexts of <em>stress<\/em>, This confusion becomes even more frequent. O <em>stress<\/em> consumes cognitive resources and puts the brain into survival mode. The mind becomes more orientated towards the threat, towards what remains to be done, towards what could go wrong. In this state, attention becomes fragmented, jumping from stimulus to stimulus and losing depth. The result is an apparently worse cognitive performance, with frequent forgetfulness, difficulty maintaining focus and the feeling of always being behind.<\/p>\n<p>This phenomenon doesn't mean a loss of capacity. It means overload. When the system is constantly activated, it becomes more difficult to sustain enough attention for memory to work effectively. And the more you criticise yourself for \u201cnot remembering anything\u201d, the greater your anxiety tends to be, creating a cycle that reinforces distraction and mental fatigue.<\/p>\n<p>Doing one thing at a time allows information to be processed more thoroughly and the brain to have space to record what is important, something that has proven to be very effective, just as keeping information in lists or reminders is not a sign of weakness, but an adaptive strategy that frees up mental resources and reduces internal overload.<\/p>\n<p>Breaks also play a central role. A brain under continuous strain loses efficiency. Stopping intentionally, even briefly, helps regulate the level of activation and restore attentional capacity. It's not about switching off, but allowing the system to breathe.<\/p>\n<p>Many of the complaints associated with \u201cbad memory\u201d improve when you look at the emotional and cognitive context in which the person is inserted. Instead of asking \u201cwhat's wrong with me?\u201d, it can be more useful to ask \u201cwhat state is my attention in?\u201d. Looking after attention is often the most effective way of looking after memory.<\/p>\n<p>Because remembering is not just a question of ability. Above all, it's a question of presence.<\/p>\n<p>If this difficulty is familiar to you, it may be helpful to start by observing your attention in daily life, and in some cases, understanding this pattern with the support of psychology can help to make it clearer and more adjustable.<\/p>\n\n\t\t<\/div>\n\t<\/div>\n<\/div><\/div><\/div><\/div><div class=\"vc_row wpb_row vc_row-fluid vc_custom_1680169461443\"><div class=\"wpb_column vc_column_container vc_col-sm-12\"><div class=\"vc_column-inner\"><div class=\"wpb_wrapper\">\n\t<div class=\"wpb_text_column wpb_content_element  vc_custom_1775854502972\" >\n\t\t<div class=\"wpb_wrapper\">\n\t\t\t<p style=\"text-align: right;\"><a href=\"https:\/\/integrativa.pt\/en\/integrative-team\/\"><strong>Madalena Raposo <\/strong><\/a>| Psychologist<\/p>\n<h6 style=\"text-align: right;\">Psychologist licence: 30344 | Order of Psychologists<\/h6>\n\n\t\t<\/div>\n\t<\/div>\n<\/div><\/div><\/div><\/div><div class=\"vc_row wpb_row vc_row-fluid vc_custom_1680169461443\"><div class=\"wpb_column vc_column_container vc_col-sm-12\"><div class=\"vc_column-inner\"><div class=\"wpb_wrapper\">\n\t<div class=\"wpb_text_column wpb_content_element  vc_custom_1680169468507\" >\n\t\t<div class=\"wpb_wrapper\">\n\t\t\t<p><a title=\"Home\" href=\"https:\/\/integrativa.pt\/en\/\"><strong>Integrativa<\/strong><\/a> | Health and well-being as a lifestyle<\/p>\n\n\t\t<\/div>\n\t<\/div>\n\n\t<div class=\"wpb_text_column wpb_content_element  vc_custom_1775895587227\" >\n\t\t<div class=\"wpb_wrapper\">\n\t\t\t<h6>This website and its content are for information purposes only and are not a substitute for medical or health professional advice. In all cases, treatments should be individualised and guided by health professionals. Do not make any changes to your treatment without contacting the doctor or health professional accompanying you.<\/h6>\n\n\t\t<\/div>\n\t<\/div>\n<\/div><\/div><\/div><\/div><div class=\"vc_row wpb_row vc_row-fluid\"><div class=\"wpb_column vc_column_container vc_col-sm-12\"><div class=\"vc_column-inner vc_custom_1678987635945\"><div class=\"wpb_wrapper\"><div class=\"vc_separator wpb_content_element vc_separator_align_center vc_sep_border_width_1 vc_sep_pos_align_center wpb_content_element vc_separator-has-text\"   style=\"width: 100%;\"><span class=\"vc_sep_holder vc_sep_holder_l\"><span style=\"border-top-color:#1b9193;\" class=\"vc_sep_line\"><\/span><\/span><h4>Related articles<\/h4><span class=\"vc_sep_holder vc_sep_holder_r\"><span style=\"border-top-color:#1b9193;\" class=\"vc_sep_line\"><\/span><\/span>\n<\/div><style type=\"text\/css\" data-type=\"the7_shortcodes-inline-css\">.blog-carousel-shortcode.blog-carousel-shortcode-id-03add8fe49fa126a03396ac7b4a4c0c9.dividers-on.classic-layout-list article {\n  padding-top: 0;\n}\n.blog-carousel-shortcode.blog-carousel-shortcode-id-03add8fe49fa126a03396ac7b4a4c0c9.dividers-on.classic-layout-list article:first-of-type {\n  margin-top: 0;\n  padding-top: 0;\n}\n.blog-carousel-shortcode.blog-carousel-shortcode-id-03add8fe49fa126a03396ac7b4a4c0c9.classic-layout-list.mode-list .post-entry-content {\n  width: calc(100% - );\n}\n.blog-carousel-shortcode.blog-carousel-shortcode-id-03add8fe49fa126a03396ac7b4a4c0c9.classic-layout-list.mode-list .no-img .post-entry-content {\n  width: 100%;\n}\n.blog-carousel-shortcode.blog-carousel-shortcode-id-03add8fe49fa126a03396ac7b4a4c0c9 .filter-bg-decoration .filter-categories a.act {\n  color: #fff;\n}\n.blog-carousel-shortcode.blog-carousel-shortcode-id-03add8fe49fa126a03396ac7b4a4c0c9:not(.mode-masonry) article:first-of-type,\n.blog-carousel-shortcode.blog-carousel-shortcode-id-03add8fe49fa126a03396ac7b4a4c0c9:not(.mode-masonry) article.visible.first:not(.product) {\n  margin-top: 0;\n}\n.blog-carousel-shortcode.blog-carousel-shortcode-id-03add8fe49fa126a03396ac7b4a4c0c9.dividers-on:not(.mode-masonry) article {\n  margin-top: 0;\n}\n.blog-carousel-shortcode.blog-carousel-shortcode-id-03add8fe49fa126a03396ac7b4a4c0c9.dividers-on:not(.mode-masonry) article:first-of-type,\n.blog-carousel-shortcode.blog-carousel-shortcode-id-03add8fe49fa126a03396ac7b4a4c0c9.dividers-on:not(.mode-masonry) article.visible.first:not(.product) {\n  margin-top: 0;\n  padding-top: 0;\n}\n.blog-carousel-shortcode.blog-carousel-shortcode-id-03add8fe49fa126a03396ac7b4a4c0c9 .post-thumbnail-wrap {\n  padding: 0px 0px 0px 0px;\n}\n.blog-carousel-shortcode.blog-carousel-shortcode-id-03add8fe49fa126a03396ac7b4a4c0c9.enable-bg-rollover .post-thumbnail-rollover:after {\n  background: -webkit-linear-gradient();\n  background: linear-gradient();\n}\n.blog-carousel-shortcode.blog-carousel-shortcode-id-03add8fe49fa126a03396ac7b4a4c0c9 .gallery-zoom-ico {\n  width: 44px;\n  height: 44px;\n  line-height: 44px;\n  border-radius: 100px;\n  margin: -22px 0 0 -22px;\n  border-width: 0px;\n  color: #ffffff;\n  background: none;\n}\n.bottom-overlap-layout-list.blog-carousel-shortcode.blog-carousel-shortcode-id-03add8fe49fa126a03396ac7b4a4c0c9 .gallery-zoom-ico {\n  margin-top: -72px;\n}\n.gradient-overlay-layout-list.blog-carousel-shortcode.blog-carousel-shortcode-id-03add8fe49fa126a03396ac7b4a4c0c9 .gallery-zoom-ico,\n.content-rollover-layout-list.blog-carousel-shortcode.blog-carousel-shortcode-id-03add8fe49fa126a03396ac7b4a4c0c9 .gallery-zoom-ico {\n  margin: 0 0 10px;\n}\n.content-align-center.gradient-overlay-layout-list.blog-carousel-shortcode.blog-carousel-shortcode-id-03add8fe49fa126a03396ac7b4a4c0c9 .gallery-zoom-ico,\n.content-align-center.content-rollover-layout-list.blog-carousel-shortcode.blog-carousel-shortcode-id-03add8fe49fa126a03396ac7b4a4c0c9 .gallery-zoom-ico {\n  margin: 0 auto 10px;\n}\n.dt-icon-bg-on.blog-carousel-shortcode.blog-carousel-shortcode-id-03add8fe49fa126a03396ac7b4a4c0c9 .gallery-zoom-ico {\n  background: rgba(255,255,255,0.3);\n  box-shadow: none;\n}\n.blog-carousel-shortcode.blog-carousel-shortcode-id-03add8fe49fa126a03396ac7b4a4c0c9 .gallery-zoom-ico > span,\n.blog-carousel-shortcode.blog-carousel-shortcode-id-03add8fe49fa126a03396ac7b4a4c0c9 .gallery-zoom-ico:before {\n  font-size: 32px;\n  line-height: 44px;\n}\n.blog-carousel-shortcode.blog-carousel-shortcode-id-03add8fe49fa126a03396ac7b4a4c0c9 .gallery-zoom-ico > span,\n.blog-carousel-shortcode.blog-carousel-shortcode-id-03add8fe49fa126a03396ac7b4a4c0c9 .gallery-zoom-ico:before {\n  color: #ffffff;\n  background: none;\n}\n.blog-carousel-shortcode.blog-carousel-shortcode-id-03add8fe49fa126a03396ac7b4a4c0c9 .entry-title,\n.blog-carousel-shortcode.blog-carousel-shortcode-id-03add8fe49fa126a03396ac7b4a4c0c9.owl-carousel .entry-title {\n  margin-bottom: 5px;\n}\n.blog-carousel-shortcode.blog-carousel-shortcode-id-03add8fe49fa126a03396ac7b4a4c0c9 .entry-meta {\n  margin-bottom: 15px;\n}\n.blog-carousel-shortcode.blog-carousel-shortcode-id-03add8fe49fa126a03396ac7b4a4c0c9 .portfolio-categories {\n  margin-bottom: 15px;\n}\n.blog-carousel-shortcode.blog-carousel-shortcode-id-03add8fe49fa126a03396ac7b4a4c0c9 .entry-excerpt {\n  margin-bottom: 5px;\n}\n.blog-carousel-shortcode.blog-carousel-shortcode-id-03add8fe49fa126a03396ac7b4a4c0c9:not(.centered-layout-list) .post-entry-content {\n  padding: 15px 20px 20px 20px;\n}\n.blog-carousel-shortcode.blog-carousel-shortcode-id-03add8fe49fa126a03396ac7b4a4c0c9:not(.centered-layout-list):not(.content-bg-on):not(.mode-list) .no-img .post-entry-content {\n  padding: 0;\n}\n@media screen and (max-width: ) {\n  .blog-carousel-shortcode.blog-carousel-shortcode-id-03add8fe49fa126a03396ac7b4a4c0c9 article {\n    -ms-flex-flow: column nowrap;\n    flex-flow: column nowrap;\n    margin-top: 20px;\n  }\n  .blog-carousel-shortcode.blog-carousel-shortcode-id-03add8fe49fa126a03396ac7b4a4c0c9.dividers-on article {\n    border: none;\n  }\n  .blog-carousel-shortcode.blog-carousel-shortcode-id-03add8fe49fa126a03396ac7b4a4c0c9.content-bg-on.centered-layout-list article {\n    padding: 0;\n  }\n  .blog-carousel-shortcode.blog-carousel-shortcode-id-03add8fe49fa126a03396ac7b4a4c0c9.blog-shortcode.dividers-on article,\n  .blog-carousel-shortcode.blog-carousel-shortcode-id-03add8fe49fa126a03396ac7b4a4c0c9.dividers-on.classic-layout-list article {\n    margin-top: 20px;\n    padding: 0;\n  }\n  .blog-carousel-shortcode.blog-carousel-shortcode-id-03add8fe49fa126a03396ac7b4a4c0c9.blog-shortcode.dividers-on article:first-of-type,\n  .blog-carousel-shortcode.blog-carousel-shortcode-id-03add8fe49fa126a03396ac7b4a4c0c9.dividers-on.classic-layout-list article:first-of-type {\n    padding: 0;\n  }\n  #page .blog-carousel-shortcode.blog-carousel-shortcode-id-03add8fe49fa126a03396ac7b4a4c0c9 .post-thumbnail-wrap,\n  #page .blog-carousel-shortcode.blog-carousel-shortcode-id-03add8fe49fa126a03396ac7b4a4c0c9 .post-entry-content {\n    width: 100%;\n    margin: 0;\n    top: 0;\n  }\n  #page .blog-carousel-shortcode.blog-carousel-shortcode-id-03add8fe49fa126a03396ac7b4a4c0c9 .post-thumbnail-wrap {\n    padding: 0;\n  }\n  #page .blog-carousel-shortcode.blog-carousel-shortcode-id-03add8fe49fa126a03396ac7b4a4c0c9 .post-entry-content:after {\n    display: none;\n  }\n  #page .blog-carousel-shortcode.blog-carousel-shortcode-id-03add8fe49fa126a03396ac7b4a4c0c9 .project-even .post-thumbnail-wrap,\n  #page .blog-carousel-shortcode.blog-carousel-shortcode-id-03add8fe49fa126a03396ac7b4a4c0c9.centered-layout-list .post-thumbnail-wrap {\n    -ms-flex-order: 0;\n    order: 0;\n  }\n  #page .blog-carousel-shortcode.blog-carousel-shortcode-id-03add8fe49fa126a03396ac7b4a4c0c9.centered-layout-list .post-entry-title-content {\n    -ms-flex-order: 1;\n    order: 1;\n    width: 100%;\n    padding: 20px 20px 0;\n  }\n  #page .blog-carousel-shortcode.blog-carousel-shortcode-id-03add8fe49fa126a03396ac7b4a4c0c9.centered-layout-list .post-entry-content {\n    -ms-flex-order: 2;\n    order: 2;\n    padding-top: 0;\n  }\n  #page .blog-carousel-shortcode.blog-carousel-shortcode-id-03add8fe49fa126a03396ac7b4a4c0c9 .fancy-categories {\n    top: 10px;\n    left: 10px;\n    bottom: auto;\n    right: auto;\n  }\n  #page .blog-carousel-shortcode.blog-carousel-shortcode-id-03add8fe49fa126a03396ac7b4a4c0c9 .fancy-date a {\n    top: 10px;\n    right: 10px;\n    left: auto;\n    bottom: auto;\n  }\n  #page .blog-carousel-shortcode.blog-carousel-shortcode-id-03add8fe49fa126a03396ac7b4a4c0c9 .post-entry-content {\n    padding: 20px;\n  }\n  #page .blog-carousel-shortcode.blog-carousel-shortcode-id-03add8fe49fa126a03396ac7b4a4c0c9 .entry-title {\n    margin: 3px 0 5px;\n    font-size: 20px;\n    line-height: 26px;\n  }\n  #page .blog-carousel-shortcode.blog-carousel-shortcode-id-03add8fe49fa126a03396ac7b4a4c0c9 .entry-meta {\n    margin: 5px 0 5px;\n  }\n  #page .blog-carousel-shortcode.blog-carousel-shortcode-id-03add8fe49fa126a03396ac7b4a4c0c9 .entry-excerpt {\n    margin: 15px 0 0;\n  }\n  #page .blog-carousel-shortcode.blog-carousel-shortcode-id-03add8fe49fa126a03396ac7b4a4c0c9 .post-details {\n    margin: 5px 0 10px;\n  }\n  #page .blog-carousel-shortcode.blog-carousel-shortcode-id-03add8fe49fa126a03396ac7b4a4c0c9 .post-details.details-type-link {\n    margin-bottom: 2px;\n  }\n}\n.blog-carousel-shortcode.blog-carousel-shortcode-id-03add8fe49fa126a03396ac7b4a4c0c9.owl-carousel .owl-nav div {\n  width: 36px;\n  height: 36px;\n  border-radius: 500px;\n}\n.dt-arrow-border-on.blog-carousel-shortcode.blog-carousel-shortcode-id-03add8fe49fa126a03396ac7b4a4c0c9.owl-carousel .owl-nav div:not(:hover):before {\n  border-width: 0px;\n}\n.dt-arrow-hover-border-on.blog-carousel-shortcode.blog-carousel-shortcode-id-03add8fe49fa126a03396ac7b4a4c0c9.owl-carousel .owl-nav div:hover:after {\n  border-width: 0px;\n}\n.blog-carousel-shortcode.blog-carousel-shortcode-id-03add8fe49fa126a03396ac7b4a4c0c9.owl-carousel .owl-nav div.owl-prev {\n  top: 50%;\n  transform: translateY(calc(-50% + 0px));\n  left: -43px;\n}\n@media all and (-ms-high-contrast: none) {\n  .blog-carousel-shortcode.blog-carousel-shortcode-id-03add8fe49fa126a03396ac7b4a4c0c9.owl-carousel .owl-nav div.owl-prev {\n    transform: translateY(-50%);\n    margin-top: 0px;\n  }\n}\n.blog-carousel-shortcode.blog-carousel-shortcode-id-03add8fe49fa126a03396ac7b4a4c0c9.owl-carousel .owl-nav div.owl-prev i {\n  padding: 0px 0px 0px 0px;\n}\n.blog-carousel-shortcode.blog-carousel-shortcode-id-03add8fe49fa126a03396ac7b4a4c0c9.owl-carousel .owl-nav div.owl-next {\n  top: 50%;\n  transform: translateY(calc(-50% + 0px));\n  right: -43px;\n}\n@media all and (-ms-high-contrast: none) {\n  .blog-carousel-shortcode.blog-carousel-shortcode-id-03add8fe49fa126a03396ac7b4a4c0c9.owl-carousel .owl-nav div.owl-next {\n    transform: translateY(-50%);\n    margin-top: 0px;\n  }\n}\n.blog-carousel-shortcode.blog-carousel-shortcode-id-03add8fe49fa126a03396ac7b4a4c0c9.owl-carousel .owl-nav div.owl-next i {\n  padding: 0px 0px 0px 0px;\n}\n.blog-carousel-shortcode.blog-carousel-shortcode-id-03add8fe49fa126a03396ac7b4a4c0c9.owl-carousel .owl-nav i {\n  font-size: 18px;\n}\n.blog-carousel-shortcode.blog-carousel-shortcode-id-03add8fe49fa126a03396ac7b4a4c0c9.owl-carousel .owl-nav div:not(:hover) i,\n.blog-carousel-shortcode.blog-carousel-shortcode-id-03add8fe49fa126a03396ac7b4a4c0c9.owl-carousel .owl-nav div:not(:hover) i:before {\n  color: #ffffff;\n  background: none;\n}\n.blog-carousel-shortcode.blog-carousel-shortcode-id-03add8fe49fa126a03396ac7b4a4c0c9.owl-carousel .owl-nav div:hover i,\n.blog-carousel-shortcode.blog-carousel-shortcode-id-03add8fe49fa126a03396ac7b4a4c0c9.owl-carousel .owl-nav div:hover i:before {\n  color: rgba(255,255,255,0.75);\n  background: none;\n}\n.blog-carousel-shortcode.blog-carousel-shortcode-id-03add8fe49fa126a03396ac7b4a4c0c9 .owl-dots {\n  top: calc(100% + 20px);\n  left: 50%;\n  transform: translateX(calc(-50% + 0px));\n}\n@media all and (-ms-high-contrast: none) {\n  .blog-carousel-shortcode.blog-carousel-shortcode-id-03add8fe49fa126a03396ac7b4a4c0c9 .owl-dots {\n    transform: translateX(-50%);\n    margin-left: 0px;\n  }\n}\n.blog-carousel-shortcode.blog-carousel-shortcode-id-03add8fe49fa126a03396ac7b4a4c0c9 .owl-dot {\n  width: 10px;\n  height: 10px;\n  margin: 0 8px;\n}\n@media screen and (max-width: 778px) {\n  .blog-carousel-shortcode.blog-carousel-shortcode-id-03add8fe49fa126a03396ac7b4a4c0c9.hide-arrows .owl-nav a {\n    display: none;\n  }\n}\n@media screen and (max-width: 778px) {\n  .blog-carousel-shortcode.blog-carousel-shortcode-id-03add8fe49fa126a03396ac7b4a4c0c9.reposition-arrows .owl-nav div.owl-prev {\n    top: 50%;\n    transform: translateY(calc(-50% + 0px));\n    left: 10px;\n  }\n  .blog-carousel-shortcode.blog-carousel-shortcode-id-03add8fe49fa126a03396ac7b4a4c0c9.reposition-arrows .owl-nav div.owl-next {\n    top: 50%;\n    transform: translateY(calc(-50% + 0px));\n    right: 10px;\n  }\n}\n@media screen and (max-width: 778px) and all and (-ms-high-contrast: none) {\n  .blog-carousel-shortcode.blog-carousel-shortcode-id-03add8fe49fa126a03396ac7b4a4c0c9.reposition-arrows .owl-nav div.owl-prev {\n    transform: translateY(-50%);\n    margin-top: 0px;\n  }\n}\n@media screen and (max-width: 778px) and all and (-ms-high-contrast: none) {\n  .blog-carousel-shortcode.blog-carousel-shortcode-id-03add8fe49fa126a03396ac7b4a4c0c9.reposition-arrows .owl-nav div.owl-next {\n    transform: translateY(-50%);\n    margin-top: 0px;\n  }\n}<\/style><div class=\"owl-carousel blog-carousel-shortcode dt-owl-carousel-call blog-carousel-shortcode-id-03add8fe49fa126a03396ac7b4a4c0c9 classic-layout-list scale-img dt-icon-bg-off dt-arrow-border-on dt-arrow-hover-border-on meta-info-off bullets-small-dot-stroke reposition-arrows arrows-bg-on disable-arrows-hover-bg arrows-hover-bg-on\" data-scroll-mode=\"1\" data-col-num=\"3\" data-wide-col-num=\"4\" data-laptop-col=\"3\" data-h-tablet-columns-num=\"3\" data-v-tablet-columns-num=\"2\" data-phone-columns-num=\"1\" data-auto-height=\"true\" data-col-gap=\"30\" data-stage-padding=\"0\" data-speed=\"600\" data-autoplay=\"false\" data-autoplay_speed=\"6000\" data-arrows=\"true\" data-bullet=\"false\" data-next-icon=\"icon-ar-017-r\" data-prev-icon=\"icon-ar-017-l\"><article class=\"post post-2489 type-post status-publish format-standard has-post-thumbnail hentry category-4-pilares-da-saude category-coaching category-osteopata-david-brandao category-osteopatia-integrativa-osteopatia category-osteopatia-integrativa category-psicologia tag-fisioterapia tag-osteopatia tag-pilates-clinico category-35 category-10 category-33 category-34 category-32 category-18 description-off\" data-name=\"A influ\u00eancia das emo\u00e7\u00f5es na regula\u00e7\u00e3o fisiol\u00f3gica do organismo\" data-date=\"2023-09-04T09:57:01+00:00\">\n\n<div class=\"post-thumbnail-wrap\">\n\t<div class=\"post-thumbnail\">\n\t\t\n\t\t\n\t\t<a href=\"https:\/\/integrativa.pt\/en\/a-influencia-das-emocoes-na-regulacao-e-nas-respostas-fisiologicas-do-corpo\/\" class=\"post-thumbnail-rollover layzr-bg\" ><img fetchpriority=\"high\" decoding=\"async\" class=\"preload-me owl-lazy-load aspect\" src=\"data:image\/svg+xml,%3Csvg%20xmlns%3D&#39;http%3A%2F%2Fwww.w3.org%2F2000%2Fsvg&#39;%20viewBox%3D&#39;0%200%20768%20512&#39;%2F%3E\" data-src=\"https:\/\/integrativa.pt\/wp-content\/uploads\/2023\/09\/Integrativa-768x512.webp\" data-srcset=\"https:\/\/integrativa.pt\/wp-content\/uploads\/2023\/09\/Integrativa-768x512.webp 768w, https:\/\/integrativa.pt\/wp-content\/uploads\/2023\/09\/Integrativa-1152x768.webp 1152w\" loading=\"eager\" style=\"--ratio: 768 \/ 512\" sizes=\"(max-width: 768px) 100vw, 768px\" alt=\"\" title=\"Integrativa\" width=\"768\" height=\"512\"  \/><\/a>\t<\/div>\n<\/div>\n\n\n<div class=\"post-entry-content\">\n\n\t<h3 class=\"entry-title\">\n\t\t<a href=\"https:\/\/integrativa.pt\/en\/a-influencia-das-emocoes-na-regulacao-e-nas-respostas-fisiologicas-do-corpo\/\" title=\"The influence of emotions on the body&#039;s physiological regulation\" rel=\"bookmark\">The influence of emotions on the body's physiological regulation<\/a>\n\t<\/h3>\n\n\t\n\t\n\t\n<a href=\"https:\/\/integrativa.pt\/en\/a-influencia-das-emocoes-na-regulacao-e-nas-respostas-fisiologicas-do-corpo\/\" class=\"post-details details-type-link\" aria-label=\"Read more about The influence of emotions on the body&#039;s physiological regulation\">Read more<i class=\"dt-icon-the7-arrow-03\" aria-hidden=\"true\"><\/i><\/a>\n\n<\/div><\/article><article class=\"post post-2419 type-post status-publish format-standard has-post-thumbnail hentry category-4-pilares-da-saude category-coaching category-osteopata-david-brandao category-osteopatia-integrativa-osteopatia category-osteopatia-integrativa category-psicologia category-psiconeuroimunologia tag-fisioterapia tag-osteopatia tag-pilates-clinico category-35 category-10 category-33 category-34 category-32 category-18 category-48 description-off\" data-name=\"6 estrat\u00e9gias simples para come\u00e7ar a reduzir o stress e a ansiedade\" data-date=\"2023-07-12T09:22:41+00:00\">\n\n<div class=\"post-thumbnail-wrap\">\n\t<div class=\"post-thumbnail\">\n\t\t\n\t\t\n\t\t<a href=\"https:\/\/integrativa.pt\/en\/6-estrategias-simples-para-comecar-a-reduzir-o-stress-e-a-ansiedade\/\" class=\"post-thumbnail-rollover layzr-bg\" ><img decoding=\"async\" class=\"preload-me owl-lazy-load aspect\" src=\"data:image\/svg+xml,%3Csvg%20xmlns%3D&#39;http%3A%2F%2Fwww.w3.org%2F2000%2Fsvg&#39;%20viewBox%3D&#39;0%200%20768%20512&#39;%2F%3E\" data-src=\"https:\/\/integrativa.pt\/wp-content\/uploads\/2023\/07\/Integrativa-768x512.webp\" data-srcset=\"https:\/\/integrativa.pt\/wp-content\/uploads\/2023\/07\/Integrativa-768x512.webp 768w, https:\/\/integrativa.pt\/wp-content\/uploads\/2023\/07\/Integrativa-1152x768.webp 1152w\" loading=\"eager\" style=\"--ratio: 768 \/ 512\" sizes=\"(max-width: 768px) 100vw, 768px\" alt=\"\" title=\"Integrativa\" width=\"768\" height=\"512\"  \/><\/a>\t<\/div>\n<\/div>\n\n\n<div class=\"post-entry-content\">\n\n\t<h3 class=\"entry-title\">\n\t\t<a href=\"https:\/\/integrativa.pt\/en\/6-estrategias-simples-para-comecar-a-reduzir-o-stress-e-a-ansiedade\/\" title=\"6 simple strategies to start reducing stress and anxiety\" rel=\"bookmark\">6 simple strategies to start reducing stress and anxiety<\/a>\n\t<\/h3>\n\n\t\n\t\n\t\n<a href=\"https:\/\/integrativa.pt\/en\/6-estrategias-simples-para-comecar-a-reduzir-o-stress-e-a-ansiedade\/\" class=\"post-details details-type-link\" aria-label=\"Read more about 6 simple strategies to start reducing stress and anxiety\">Read more<i class=\"dt-icon-the7-arrow-03\" aria-hidden=\"true\"><\/i><\/a>\n\n<\/div><\/article><article class=\"post post-7011 type-post status-publish format-standard has-post-thumbnail hentry category-psicologia tag-fisioterapia tag-osteopatia tag-pilates-clinico category-18 description-off\" data-name=\"Quando a vida est\u00e1 \u201cok\u201d mas tu n\u00e3o est\u00e1s: um olhar da psicologia\" data-date=\"2026-02-14T16:58:39+00:00\">\n\n<div class=\"post-thumbnail-wrap\">\n\t<div class=\"post-thumbnail\">\n\t\t\n\t\t\n\t\t<a href=\"https:\/\/integrativa.pt\/en\/quando-a-vida-esta-ok-mas-tu-nao-estas-um-olhar-da-psicologia\/\" class=\"post-thumbnail-rollover layzr-bg\" ><img decoding=\"async\" class=\"preload-me owl-lazy-load aspect\" src=\"data:image\/svg+xml,%3Csvg%20xmlns%3D&#39;http%3A%2F%2Fwww.w3.org%2F2000%2Fsvg&#39;%20viewBox%3D&#39;0%200%20768%20512&#39;%2F%3E\" data-src=\"https:\/\/integrativa.pt\/wp-content\/uploads\/2024\/05\/Psicologia-integrativa-768x512.webp\" data-srcset=\"https:\/\/integrativa.pt\/wp-content\/uploads\/2024\/05\/Psicologia-integrativa-768x512.webp 768w, https:\/\/integrativa.pt\/wp-content\/uploads\/2024\/05\/Psicologia-integrativa-1152x768.webp 1152w\" loading=\"eager\" style=\"--ratio: 768 \/ 512\" sizes=\"(max-width: 768px) 100vw, 768px\" alt=\"\" title=\"Integrative psychology\" width=\"768\" height=\"512\"  \/><\/a>\t<\/div>\n<\/div>\n\n\n<div class=\"post-entry-content\">\n\n\t<h3 class=\"entry-title\">\n\t\t<a href=\"https:\/\/integrativa.pt\/en\/quando-a-vida-esta-ok-mas-tu-nao-estas-um-olhar-da-psicologia\/\" title=\"When life is \u201cok\u201d but you are not: a psychological perspective\" rel=\"bookmark\">When life is \u201cok\u201d but you are not: a psychological perspective<\/a>\n\t<\/h3>\n\n\t\n\t\n\t\n<a href=\"https:\/\/integrativa.pt\/en\/quando-a-vida-esta-ok-mas-tu-nao-estas-um-olhar-da-psicologia\/\" class=\"post-details details-type-link\" aria-label=\"Read more about When life is \u201cokay\u201d but you&#039;re not: a psychological perspective\">Read more<i class=\"dt-icon-the7-arrow-03\" aria-hidden=\"true\"><\/i><\/a>\n\n<\/div><\/article><article class=\"post post-5698 type-post status-publish format-standard has-post-thumbnail hentry category-psicologia tag-fisioterapia tag-osteopatia tag-pilates-clinico category-18 description-off\" data-name=\"Escolher n\u00e3o \u00e9 o fim do caminho: uma perspectiva da Psicologia\" data-date=\"2026-01-20T15:34:54+00:00\">\n\n<div class=\"post-thumbnail-wrap\">\n\t<div class=\"post-thumbnail\">\n\t\t\n\t\t\n\t\t<a href=\"https:\/\/integrativa.pt\/en\/escolher-nao-e-o-fim-do-caminho-uma-perspectiva-da-psicologia\/\" class=\"post-thumbnail-rollover layzr-bg\" ><img decoding=\"async\" class=\"preload-me owl-lazy-load aspect\" src=\"data:image\/svg+xml,%3Csvg%20xmlns%3D&#39;http%3A%2F%2Fwww.w3.org%2F2000%2Fsvg&#39;%20viewBox%3D&#39;0%200%20768%20512&#39;%2F%3E\" data-src=\"https:\/\/integrativa.pt\/wp-content\/uploads\/2025\/12\/Integrativa-Psicologia-Psicologo-Lisboa-Belem-768x512.webp\" data-srcset=\"https:\/\/integrativa.pt\/wp-content\/uploads\/2025\/12\/Integrativa-Psicologia-Psicologo-Lisboa-Belem-768x512.webp 768w, https:\/\/integrativa.pt\/wp-content\/uploads\/2025\/12\/Integrativa-Psicologia-Psicologo-Lisboa-Belem-1152x768.webp 1152w\" loading=\"eager\" style=\"--ratio: 768 \/ 512\" sizes=\"(max-width: 768px) 100vw, 768px\" alt=\"\" title=\"Integrative Psychology Psychologist Lisbon Bel\u00e9m\" width=\"768\" height=\"512\"  \/><\/a>\t<\/div>\n<\/div>\n\n\n<div class=\"post-entry-content\">\n\n\t<h3 class=\"entry-title\">\n\t\t<a href=\"https:\/\/integrativa.pt\/en\/escolher-nao-e-o-fim-do-caminho-uma-perspectiva-da-psicologia\/\" title=\"Choosing is not the end of the road: a psychology perspective\" rel=\"bookmark\">Choosing is not the end of the road: a psychology perspective<\/a>\n\t<\/h3>\n\n\t\n\t\n\t\n<a href=\"https:\/\/integrativa.pt\/en\/escolher-nao-e-o-fim-do-caminho-uma-perspectiva-da-psicologia\/\" class=\"post-details details-type-link\" aria-label=\"Read more about Choosing is not the end of the road: a Psychology perspective\">Read more<i class=\"dt-icon-the7-arrow-03\" aria-hidden=\"true\"><\/i><\/a>\n\n<\/div><\/article><article class=\"post post-3700 type-post status-publish format-standard has-post-thumbnail hentry category-psicologia tag-fisioterapia tag-osteopatia tag-pilates-clinico category-18 description-off\" data-name=\"A Mem\u00f3ria na Neuropsicologia\" data-date=\"2025-02-05T08:12:57+00:00\">\n\n<div class=\"post-thumbnail-wrap\">\n\t<div class=\"post-thumbnail\">\n\t\t\n\t\t\n\t\t<a href=\"https:\/\/integrativa.pt\/en\/a-memoria-na-neuropsicologia\/\" class=\"post-thumbnail-rollover layzr-bg\" ><img decoding=\"async\" class=\"preload-me owl-lazy-load aspect\" src=\"data:image\/svg+xml,%3Csvg%20xmlns%3D&#39;http%3A%2F%2Fwww.w3.org%2F2000%2Fsvg&#39;%20viewBox%3D&#39;0%200%20768%20512&#39;%2F%3E\" data-src=\"https:\/\/integrativa.pt\/wp-content\/uploads\/2025\/10\/Psicologia-1-768x512.webp\" data-srcset=\"https:\/\/integrativa.pt\/wp-content\/uploads\/2025\/10\/Psicologia-1-768x512.webp 768w, https:\/\/integrativa.pt\/wp-content\/uploads\/2025\/10\/Psicologia-1-1152x768.webp 1152w\" loading=\"eager\" style=\"--ratio: 768 \/ 512\" sizes=\"(max-width: 768px) 100vw, 768px\" alt=\"\" title=\"Psychology\" width=\"768\" height=\"512\"  \/><\/a>\t<\/div>\n<\/div>\n\n\n<div class=\"post-entry-content\">\n\n\t<h3 class=\"entry-title\">\n\t\t<a href=\"https:\/\/integrativa.pt\/en\/a-memoria-na-neuropsicologia\/\" title=\"Memory in Neuropsychology\" rel=\"bookmark\">Memory in Neuropsychology<\/a>\n\t<\/h3>\n\n\t\n\t\n\t\n<a href=\"https:\/\/integrativa.pt\/en\/a-memoria-na-neuropsicologia\/\" class=\"post-details details-type-link\" aria-label=\"Read more about Memory in Neuropsychology\">Read more<i class=\"dt-icon-the7-arrow-03\" aria-hidden=\"true\"><\/i><\/a>\n\n<\/div><\/article><article class=\"post post-7275 type-post status-publish format-standard has-post-thumbnail hentry category-orientacao-vocacional category-psicologia tag-fisioterapia tag-osteopatia tag-pilates-clinico category-51 category-18 description-off\" data-name=\"O que \u00e9 a Orienta\u00e7\u00e3o Vocacional e como funciona na Integrativa\" data-date=\"2026-04-21T10:58:11+00:00\">\n\n<div class=\"post-thumbnail-wrap\">\n\t<div class=\"post-thumbnail\">\n\t\t\n\t\t\n\t\t<a href=\"https:\/\/integrativa.pt\/en\/o-que-e-a-orientacao-vocacional-e-como-funciona-na-integrativa\/\" class=\"post-thumbnail-rollover layzr-bg\" ><img decoding=\"async\" class=\"preload-me owl-lazy-load aspect\" src=\"data:image\/svg+xml,%3Csvg%20xmlns%3D&#39;http%3A%2F%2Fwww.w3.org%2F2000%2Fsvg&#39;%20viewBox%3D&#39;0%200%20768%20512&#39;%2F%3E\" data-src=\"https:\/\/integrativa.pt\/wp-content\/uploads\/2023\/12\/Integrativa-Lisboa-1-768x512.webp\" data-srcset=\"https:\/\/integrativa.pt\/wp-content\/uploads\/2023\/12\/Integrativa-Lisboa-1-768x512.webp 768w, https:\/\/integrativa.pt\/wp-content\/uploads\/2023\/12\/Integrativa-Lisboa-1-1152x768.webp 1152w\" loading=\"eager\" style=\"--ratio: 768 \/ 512\" sizes=\"(max-width: 768px) 100vw, 768px\" alt=\"\" title=\"Integrative Lisbon\" width=\"768\" height=\"512\"  \/><\/a>\t<\/div>\n<\/div>\n\n\n<div class=\"post-entry-content\">\n\n\t<h3 class=\"entry-title\">\n\t\t<a href=\"https:\/\/integrativa.pt\/en\/o-que-e-a-orientacao-vocacional-e-como-funciona-na-integrativa\/\" title=\"What is vocational guidance and how does it work at Integrativa?\" rel=\"bookmark\">What is vocational guidance and how does it work at Integrativa?<\/a>\n\t<\/h3>\n\n\t\n\t\n\t\n<a href=\"https:\/\/integrativa.pt\/en\/o-que-e-a-orientacao-vocacional-e-como-funciona-na-integrativa\/\" class=\"post-details details-type-link\" aria-label=\"Read more about What is Vocational Guidance and how does it work at Integrativa?\">Read more<i class=\"dt-icon-the7-arrow-03\" aria-hidden=\"true\"><\/i><\/a>\n\n<\/div><\/article><\/div><\/div><\/div><\/div><\/div>\n<\/div>","protected":false},"excerpt":{"rendered":"<p>It's common to hear people say they have a \u201cbad memory\u201d when, in fact, it's their attention that's compromised. They forget names, tasks, where they left objects or what they were going to do next and quickly conclude that something isn't working properly. However, memory and attention are not the same thing,...<\/p>","protected":false},"author":1,"featured_media":5564,"comment_status":"closed","ping_status":"open","sticky":false,"template":"","format":"standard","meta":{"inline_featured_image":false,"footnotes":""},"categories":[18],"tags":[4,27,8],"class_list":["post-5986","post","type-post","status-publish","format-standard","has-post-thumbnail","hentry","category-psicologia","tag-fisioterapia","tag-osteopatia","tag-pilates-clinico","category-18","description-off"],"_links":{"self":[{"href":"https:\/\/integrativa.pt\/en\/wp-json\/wp\/v2\/posts\/5986","targetHints":{"allow":["GET"]}}],"collection":[{"href":"https:\/\/integrativa.pt\/en\/wp-json\/wp\/v2\/posts"}],"about":[{"href":"https:\/\/integrativa.pt\/en\/wp-json\/wp\/v2\/types\/post"}],"author":[{"embeddable":true,"href":"https:\/\/integrativa.pt\/en\/wp-json\/wp\/v2\/users\/1"}],"replies":[{"embeddable":true,"href":"https:\/\/integrativa.pt\/en\/wp-json\/wp\/v2\/comments?post=5986"}],"version-history":[{"count":0,"href":"https:\/\/integrativa.pt\/en\/wp-json\/wp\/v2\/posts\/5986\/revisions"}],"wp:featuredmedia":[{"embeddable":true,"href":"https:\/\/integrativa.pt\/en\/wp-json\/wp\/v2\/media\/5564"}],"wp:attachment":[{"href":"https:\/\/integrativa.pt\/en\/wp-json\/wp\/v2\/media?parent=5986"}],"wp:term":[{"taxonomy":"category","embeddable":true,"href":"https:\/\/integrativa.pt\/en\/wp-json\/wp\/v2\/categories?post=5986"},{"taxonomy":"post_tag","embeddable":true,"href":"https:\/\/integrativa.pt\/en\/wp-json\/wp\/v2\/tags?post=5986"}],"curies":[{"name":"wp","href":"https:\/\/api.w.org\/{rel}","templated":true}]}}