{"id":6171,"date":"2026-04-22T16:46:56","date_gmt":"2026-04-22T16:46:56","guid":{"rendered":"https:\/\/integrativa.pt\/?p=6171"},"modified":"2026-04-22T16:47:46","modified_gmt":"2026-04-22T16:47:46","slug":"sleep-as-a-pillar-of-health-from-an-integrative-perspective-2","status":"publish","type":"post","link":"https:\/\/integrativa.pt\/en\/o-sono-como-pilar-da-saude-numa-perspetiva-integrativa-2\/","title":{"rendered":"Sleep as a pillar of health from an integrative perspective"},"content":{"rendered":"<div class=\"wpb-content-wrapper\"><div class=\"vc_row wpb_row vc_row-fluid\"><div class=\"wpb_column vc_column_container vc_col-sm-12\"><div class=\"vc_column-inner\"><div class=\"wpb_wrapper\">\n\t<div class=\"wpb_text_column wpb_content_element\" >\n\t\t<div class=\"wpb_wrapper\">\n\t\t\t<p>Sleep is one of the fundamental pillars for a healthy and balanced life. During nightly rest, the body activates essential processes for recovery, cell repair, and functional reorganisation. At the same time, mental activity slows down and emotions tend to stabilise. Despite its importance, sleep is often undervalued in the context of the fast-paced modern lifestyle, which can have a significant impact on physical and emotional health.<\/p>\n<p data-start=\"634\" data-end=\"862\">Understanding sleep from an integrative perspective implies recognising it not just as a period of rest, but as an active process of regulation, intimately linked to the functioning of the nervous, endocrine and immune systems.<\/p>\n<h3 data-start=\"864\" data-end=\"911\">Sleep, biological rhythms and internal regulation<\/h3>\n<p data-start=\"913\" data-end=\"1328\">Sleep is regulated by the circadian rhythm, a biological system that organises wakefulness and rest cycles over 24 hours. Exposure to natural light during the day, especially in the early morning hours, plays a central role in synchronising this internal clock. Sunlight helps to regulate the production of cortisol during the day and melatonin at night, facilitating the natural transition to sleep.<\/p>\n<p data-start=\"1330\" data-end=\"1624\">Maintaining relatively consistent times for falling asleep and waking up contributes to the stability of these biological rhythms. Frequent changes in schedules, such as going to bed very late or varying wake-up times excessively, can make it difficult to fall asleep and compromise sleep quality.<\/p>\n<p data-start=\"1626\" data-end=\"1889\">Each person has slightly different sleep needs. Generally speaking, most adults require around 7 to 9 hours of sleep per night, but more important than duration is the quality of rest and feeling refreshed upon waking.<\/p>\n<h3 data-start=\"1891\" data-end=\"1938\">Everyday factors that influence sleep<\/h3>\n<p data-start=\"1940\" data-end=\"2326\">Some daily habits can interfere with sleep quality. Consuming caffeine or other stimulants late in the day tends to make it harder to fall asleep. Very heavy meals at night can overload digestion and disturb rest. Regular physical activity is associated with deeper sleep, as long as it is not performed too close to bedtime.<\/p>\n<p data-start=\"2328\" data-end=\"2767\">Exposure to blue light emitted by electronic devices can inhibit melatonin production, delaying the onset of sleep. Creating a restful environment with low light, quiet, and a comfortable temperature can facilitate the transition to rest. Some people also benefit from calming stimuli, such as reading in soft light or using weighted blankets, which can enhance feelings of security and comfort.<\/p>\n<h3 data-start=\"2769\" data-end=\"2826\">Sleep as an indicator of self-regulation capacity<\/h3>\n<p data-start=\"2828\" data-end=\"3280\">Sleep sensitively reflects the body's ability to regulate stress and switch between states of activation and rest. Its organisation depends, in large part, on the balance between the cortisol-melatonin axis, which coordinates wake-sleep cycles. In contexts of persistent stress, elevated cortisol levels are often observed at the end of the day, which can make falling asleep difficult, fragment sleep, or reduce its depth.<\/p>\n<p data-start=\"3282\" data-end=\"3695\">Persistent sleep disturbances rarely arise in isolation and tend to coexist with chronic pain, prolonged fatigue, increased emotional reactivity, or low-grade inflammatory states, reflecting a reduced adaptive capacity of the nervous system and the neuroendocrine axis. In these cases, even when the number of hours slept appears sufficient, sleep may not fully fulfil its restorative function.<\/p>\n<p data-start=\"3697\" data-end=\"4149\">It is important to distinguish between \u201csleeping hours\u201d and \u201cfunctional sleep\u201d. Functional sleep is characterised by continuity, adequate depth, and a feeling of recovery upon waking. Observing sleep quality, ease of falling asleep, nocturnal awakenings, and general state in the morning provides relevant information about the body's internal balance. From this perspective, sleep constitutes an important clinical indicator of physiological self-regulation.<\/p>\n<h3 data-start=\"4151\" data-end=\"4189\">Sleep from an integrative perspective<\/h3>\n<p data-start=\"4191\" data-end=\"4483\">In an integrated clinical approach, sleep is understood as part of an interconnected system involving stress, pain, inflammation, fatigue, and emotional regulation. Sleep disturbances can emerge as early signs of dysregulation, preceding other more evident physical or emotional symptoms.<\/p>\n<p data-start=\"4485\" data-end=\"4779\">Looking after your sleep isn't just about \u201csleeping more\u201d, but about creating conditions that promote its quality and regulatory function. Small, consistent changes in daily life can have a significant impact on how the body recovers, regulates stress, and maintains balance over time.<\/p>\n<p data-start=\"4781\" data-end=\"4995\">Valuing sleep as a pillar of health is a fundamental step towards a more conscious and integrated approach to well-being, respecting biological rhythms, individual limits, and personal life context.<\/p>\n<p data-start=\"4781\" data-end=\"4995\">In an Integrative Osteopathy consultation, framed within Clinical Psychoneuroimmunology, sleep is viewed not merely as an isolated objective but as an indicator of the body's overall balance. It is understood as a central regulatory process, influenced by biological, emotional, and environmental factors, rather than just the duration of rest. The clinical assessment therefore considers aspects such as the regularity of sleep times, continuity, and depth, as well as its organisation throughout the night, allowing for a more integrated reading of the body's functional state.<\/p>\n\n\t\t<\/div>\n\t<\/div>\n<\/div><\/div><\/div><\/div><div class=\"vc_row wpb_row vc_row-fluid vc_custom_1680169461443\"><div class=\"wpb_column vc_column_container vc_col-sm-12\"><div class=\"vc_column-inner\"><div class=\"wpb_wrapper\">\n\t<div class=\"wpb_text_column wpb_content_element  vc_custom_1761193940429\" >\n\t\t<div class=\"wpb_wrapper\">\n\t\t\t<p style=\"text-align: right;\"><a title=\"Osteopath - Physiotherapist David Brand\u00e3o\" href=\"https:\/\/integrativa.pt\/en\/osteopata-fisioterapeuta-david-brandao\/\"><strong>David Brand\u00e3o<\/strong> <\/a>| Osteopath and Physiotherapist<\/p>\n<p style=\"text-align: right;\">Specialised in Clinical Psychoneuroimmunology<\/p>\n<h6 style=\"text-align: right;\">Physiotherapist Card: 3652 | Order of Physiotherapists \/\/ Osteopath Card: C-0031697 | ACSS<\/h6>\n\n\t\t<\/div>\n\t<\/div>\n<style type=\"text\/css\" data-type=\"the7_shortcodes-inline-css\">.dt-shortcode-soc-icons.soc-icons-d45686d09a63baba6497efe6c6ad3c1e a {\n  margin-right: 4px;\n}\n.dt-shortcode-soc-icons a.soc-icons-d45686d09a63baba6497efe6c6ad3c1e {\n  margin-right: 4px;\n}\n.dt-shortcode-soc-icons a.soc-icons-d45686d09a63baba6497efe6c6ad3c1e:last-child {\n  margin-right: 0;\n}\n.dt-shortcode-soc-icons a.soc-icons-d45686d09a63baba6497efe6c6ad3c1e:before,\n.dt-shortcode-soc-icons a.soc-icons-d45686d09a63baba6497efe6c6ad3c1e:after {\n  padding: inherit;\n}\n.dt-shortcode-soc-icons a.soc-icons-d45686d09a63baba6497efe6c6ad3c1e.dt-icon-border-on:before {\n  border:  solid ;\n}\n.dt-shortcode-soc-icons a.soc-icons-d45686d09a63baba6497efe6c6ad3c1e.dt-icon-hover-border-on:after {\n  border:  solid ;\n}<\/style><div class=\"dt-shortcode-soc-icons  soc-icons-d45686d09a63baba6497efe6c6ad3c1e soc-icons-right\" ><style type=\"text\/css\" data-type=\"the7_shortcodes-inline-css\">.dt-shortcode-soc-icons a.single-soc-icon-4e4f278c408213ddb82c8b416bc69fdc {\n  min-width: 26px;\n  min-height: 26px;\n  font-size: 16px;\n  border-radius: 100px;\n}\n.dt-shortcode-soc-icons a.single-soc-icon-4e4f278c408213ddb82c8b416bc69fdc:last-child {\n  margin-right: 0;\n}\n.dt-shortcode-soc-icons a.single-soc-icon-4e4f278c408213ddb82c8b416bc69fdc:before,\n.dt-shortcode-soc-icons a.single-soc-icon-4e4f278c408213ddb82c8b416bc69fdc:after {\n  min-width: 26px;\n  min-height: 26px;\n  padding: inherit;\n}\n.dt-shortcode-soc-icons a.single-soc-icon-4e4f278c408213ddb82c8b416bc69fdc.dt-icon-border-on:before {\n  border: 0px solid ;\n}\n.dt-shortcode-soc-icons a.single-soc-icon-4e4f278c408213ddb82c8b416bc69fdc.dt-icon-hover-border-on:after {\n  border: 0px solid ;\n}\n.dt-shortcode-soc-icons a.single-soc-icon-4e4f278c408213ddb82c8b416bc69fdc:hover {\n  font-size: 16px;\n}\n#page .dt-shortcode-soc-icons a.single-soc-icon-4e4f278c408213ddb82c8b416bc69fdc:hover .soc-font-icon,\n#phantom .dt-shortcode-soc-icons a.single-soc-icon-4e4f278c408213ddb82c8b416bc69fdc:hover .soc-font-icon,\n#page .dt-shortcode-soc-icons a.single-soc-icon-4e4f278c408213ddb82c8b416bc69fdc:hover .soc-icon,\n#phantom .dt-shortcode-soc-icons a.single-soc-icon-4e4f278c408213ddb82c8b416bc69fdc:hover .soc-icon {\n  color: rgba(255,255,255,0.75);\n  background: none;\n}\n#page .dt-shortcode-soc-icons a.single-soc-icon-4e4f278c408213ddb82c8b416bc69fdc:not(:hover) .soc-font-icon,\n#phantom .dt-shortcode-soc-icons a.single-soc-icon-4e4f278c408213ddb82c8b416bc69fdc:not(:hover) .soc-font-icon,\n#page .dt-shortcode-soc-icons a.single-soc-icon-4e4f278c408213ddb82c8b416bc69fdc:not(:hover) .soc-icon,\n#phantom .dt-shortcode-soc-icons a.single-soc-icon-4e4f278c408213ddb82c8b416bc69fdc:not(:hover) .soc-icon {\n  color: #ffffff;\n  background: none;\n}\n.dt-shortcode-soc-icons a.single-soc-icon-4e4f278c408213ddb82c8b416bc69fdc .soc-font-icon,\n.dt-shortcode-soc-icons a.single-soc-icon-4e4f278c408213ddb82c8b416bc69fdc .soc-icon {\n  font-size: 16px;\n}<\/style><a title=\"Instagram\" href=\"https:\/\/www.instagram.com\/davidosteopata\/\" class=\"instagram single-soc-icon-4e4f278c408213ddb82c8b416bc69fdc dt-icon-bg-on dt-icon-border-on dt-icon-hover-border-on dt-icon-hover-bg-on\" target=\"_blank\" rel=\"noopener\"><i class=\"soc-icon soc-font-icon dt-icon-instagram\"><\/i><span class=\"screen-reader-text\">Instagram<\/span><\/a><\/div><\/div><\/div><\/div><\/div><div class=\"vc_row wpb_row vc_row-fluid vc_custom_1680169461443\"><div class=\"wpb_column vc_column_container vc_col-sm-12\"><div class=\"vc_column-inner\"><div class=\"wpb_wrapper\">\n\t<div class=\"wpb_text_column wpb_content_element  vc_custom_1680169468507\" >\n\t\t<div class=\"wpb_wrapper\">\n\t\t\t<p><a title=\"Home\" href=\"https:\/\/integrativa.pt\/en\/\"><strong>Integrativa<\/strong><\/a> | Health and well-being as a lifestyle<\/p>\n\n\t\t<\/div>\n\t<\/div>\n\n\t<div class=\"wpb_text_column wpb_content_element  vc_custom_1760628951994\" >\n\t\t<div class=\"wpb_wrapper\">\n\t\t\t<h6>This website and its content are for information purposes only and are not a substitute for medical or health professional advice. Each person's treatment should be individualised and guided by health professionals. Do not make any changes to your treatment without contacting the doctor or health professional accompanying you.<\/h6>\n\n\t\t<\/div>\n\t<\/div>\n<\/div><\/div><\/div><\/div><div class=\"vc_row wpb_row vc_row-fluid\"><div class=\"wpb_column vc_column_container vc_col-sm-12\"><div class=\"vc_column-inner vc_custom_1678987635945\"><div class=\"wpb_wrapper\"><div class=\"vc_separator wpb_content_element vc_separator_align_center vc_sep_width_100 vc_sep_pos_align_center wpb_content_element vc_separator-has-text\" ><span class=\"vc_sep_holder vc_sep_holder_l\"><span style=\"border-color:#1b9193;\" class=\"vc_sep_line\"><\/span><\/span><h4>Related articles<\/h4><span class=\"vc_sep_holder vc_sep_holder_r\"><span style=\"border-color:#1b9193;\" class=\"vc_sep_line\"><\/span><\/span>\n<\/div><style type=\"text\/css\" data-type=\"the7_shortcodes-inline-css\">.blog-carousel-shortcode.blog-carousel-shortcode-id-13f38358c49797ee066cfd462ae4f20c.dividers-on.classic-layout-list article {\n  padding-top: 0;\n}\n.blog-carousel-shortcode.blog-carousel-shortcode-id-13f38358c49797ee066cfd462ae4f20c.dividers-on.classic-layout-list article:first-of-type {\n  margin-top: 0;\n  padding-top: 0;\n}\n.blog-carousel-shortcode.blog-carousel-shortcode-id-13f38358c49797ee066cfd462ae4f20c.classic-layout-list.mode-list .post-entry-content {\n  width: calc(100% - );\n}\n.blog-carousel-shortcode.blog-carousel-shortcode-id-13f38358c49797ee066cfd462ae4f20c.classic-layout-list.mode-list .no-img .post-entry-content {\n  width: 100%;\n}\n.blog-carousel-shortcode.blog-carousel-shortcode-id-13f38358c49797ee066cfd462ae4f20c .filter-bg-decoration .filter-categories a.act {\n  color: #fff;\n}\n.blog-carousel-shortcode.blog-carousel-shortcode-id-13f38358c49797ee066cfd462ae4f20c:not(.mode-masonry) article:first-of-type,\n.blog-carousel-shortcode.blog-carousel-shortcode-id-13f38358c49797ee066cfd462ae4f20c:not(.mode-masonry) article.visible.first:not(.product) {\n  margin-top: 0;\n}\n.blog-carousel-shortcode.blog-carousel-shortcode-id-13f38358c49797ee066cfd462ae4f20c.dividers-on:not(.mode-masonry) article {\n  margin-top: 0;\n}\n.blog-carousel-shortcode.blog-carousel-shortcode-id-13f38358c49797ee066cfd462ae4f20c.dividers-on:not(.mode-masonry) article:first-of-type,\n.blog-carousel-shortcode.blog-carousel-shortcode-id-13f38358c49797ee066cfd462ae4f20c.dividers-on:not(.mode-masonry) article.visible.first:not(.product) {\n  margin-top: 0;\n  padding-top: 0;\n}\n.blog-carousel-shortcode.blog-carousel-shortcode-id-13f38358c49797ee066cfd462ae4f20c .post-thumbnail-wrap {\n  padding: 0px 0px 0px 0px;\n}\n.blog-carousel-shortcode.blog-carousel-shortcode-id-13f38358c49797ee066cfd462ae4f20c.enable-bg-rollover .post-thumbnail-rollover:after {\n  background: -webkit-linear-gradient();\n  background: linear-gradient();\n}\n.blog-carousel-shortcode.blog-carousel-shortcode-id-13f38358c49797ee066cfd462ae4f20c .gallery-zoom-ico {\n  width: 44px;\n  height: 44px;\n  line-height: 44px;\n  border-radius: 100px;\n  margin: -22px 0 0 -22px;\n  border-width: 0px;\n  color: #ffffff;\n  background: none;\n}\n.bottom-overlap-layout-list.blog-carousel-shortcode.blog-carousel-shortcode-id-13f38358c49797ee066cfd462ae4f20c .gallery-zoom-ico {\n  margin-top: -72px;\n}\n.gradient-overlay-layout-list.blog-carousel-shortcode.blog-carousel-shortcode-id-13f38358c49797ee066cfd462ae4f20c .gallery-zoom-ico,\n.content-rollover-layout-list.blog-carousel-shortcode.blog-carousel-shortcode-id-13f38358c49797ee066cfd462ae4f20c .gallery-zoom-ico {\n  margin: 0 0 10px;\n}\n.content-align-center.gradient-overlay-layout-list.blog-carousel-shortcode.blog-carousel-shortcode-id-13f38358c49797ee066cfd462ae4f20c .gallery-zoom-ico,\n.content-align-center.content-rollover-layout-list.blog-carousel-shortcode.blog-carousel-shortcode-id-13f38358c49797ee066cfd462ae4f20c .gallery-zoom-ico {\n  margin: 0 auto 10px;\n}\n.dt-icon-bg-on.blog-carousel-shortcode.blog-carousel-shortcode-id-13f38358c49797ee066cfd462ae4f20c .gallery-zoom-ico {\n  background: rgba(255,255,255,0.3);\n  box-shadow: none;\n}\n.blog-carousel-shortcode.blog-carousel-shortcode-id-13f38358c49797ee066cfd462ae4f20c .gallery-zoom-ico > span,\n.blog-carousel-shortcode.blog-carousel-shortcode-id-13f38358c49797ee066cfd462ae4f20c .gallery-zoom-ico:before {\n  font-size: 32px;\n  line-height: 44px;\n}\n.blog-carousel-shortcode.blog-carousel-shortcode-id-13f38358c49797ee066cfd462ae4f20c .gallery-zoom-ico > span,\n.blog-carousel-shortcode.blog-carousel-shortcode-id-13f38358c49797ee066cfd462ae4f20c .gallery-zoom-ico:before {\n  color: #ffffff;\n  background: none;\n}\n.blog-carousel-shortcode.blog-carousel-shortcode-id-13f38358c49797ee066cfd462ae4f20c .entry-title,\n.blog-carousel-shortcode.blog-carousel-shortcode-id-13f38358c49797ee066cfd462ae4f20c.owl-carousel .entry-title {\n  margin-bottom: 5px;\n}\n.blog-carousel-shortcode.blog-carousel-shortcode-id-13f38358c49797ee066cfd462ae4f20c .entry-meta {\n  margin-bottom: 15px;\n}\n.blog-carousel-shortcode.blog-carousel-shortcode-id-13f38358c49797ee066cfd462ae4f20c .portfolio-categories {\n  margin-bottom: 15px;\n}\n.blog-carousel-shortcode.blog-carousel-shortcode-id-13f38358c49797ee066cfd462ae4f20c .entry-excerpt {\n  margin-bottom: 5px;\n}\n.blog-carousel-shortcode.blog-carousel-shortcode-id-13f38358c49797ee066cfd462ae4f20c:not(.centered-layout-list) .post-entry-content {\n  padding: 15px 20px 20px 20px;\n}\n.blog-carousel-shortcode.blog-carousel-shortcode-id-13f38358c49797ee066cfd462ae4f20c:not(.centered-layout-list):not(.content-bg-on):not(.mode-list) .no-img .post-entry-content {\n  padding: 0;\n}\n@media screen and (max-width: ) {\n  .blog-carousel-shortcode.blog-carousel-shortcode-id-13f38358c49797ee066cfd462ae4f20c article {\n    -ms-flex-flow: column nowrap;\n    flex-flow: column nowrap;\n    margin-top: 20px;\n  }\n  .blog-carousel-shortcode.blog-carousel-shortcode-id-13f38358c49797ee066cfd462ae4f20c.dividers-on article {\n    border: none;\n  }\n  .blog-carousel-shortcode.blog-carousel-shortcode-id-13f38358c49797ee066cfd462ae4f20c.content-bg-on.centered-layout-list article {\n    padding: 0;\n  }\n  .blog-carousel-shortcode.blog-carousel-shortcode-id-13f38358c49797ee066cfd462ae4f20c.blog-shortcode.dividers-on article,\n  .blog-carousel-shortcode.blog-carousel-shortcode-id-13f38358c49797ee066cfd462ae4f20c.dividers-on.classic-layout-list article {\n    margin-top: 20px;\n    padding: 0;\n  }\n  .blog-carousel-shortcode.blog-carousel-shortcode-id-13f38358c49797ee066cfd462ae4f20c.blog-shortcode.dividers-on article:first-of-type,\n  .blog-carousel-shortcode.blog-carousel-shortcode-id-13f38358c49797ee066cfd462ae4f20c.dividers-on.classic-layout-list article:first-of-type {\n    padding: 0;\n  }\n  #page .blog-carousel-shortcode.blog-carousel-shortcode-id-13f38358c49797ee066cfd462ae4f20c .post-thumbnail-wrap,\n  #page .blog-carousel-shortcode.blog-carousel-shortcode-id-13f38358c49797ee066cfd462ae4f20c .post-entry-content {\n    width: 100%;\n    margin: 0;\n    top: 0;\n  }\n  #page .blog-carousel-shortcode.blog-carousel-shortcode-id-13f38358c49797ee066cfd462ae4f20c .post-thumbnail-wrap {\n    padding: 0;\n  }\n  #page .blog-carousel-shortcode.blog-carousel-shortcode-id-13f38358c49797ee066cfd462ae4f20c .post-entry-content:after {\n    display: none;\n  }\n  #page .blog-carousel-shortcode.blog-carousel-shortcode-id-13f38358c49797ee066cfd462ae4f20c .project-even .post-thumbnail-wrap,\n  #page .blog-carousel-shortcode.blog-carousel-shortcode-id-13f38358c49797ee066cfd462ae4f20c.centered-layout-list .post-thumbnail-wrap {\n    -ms-flex-order: 0;\n    order: 0;\n  }\n  #page .blog-carousel-shortcode.blog-carousel-shortcode-id-13f38358c49797ee066cfd462ae4f20c.centered-layout-list .post-entry-title-content {\n    -ms-flex-order: 1;\n    order: 1;\n    width: 100%;\n    padding: 20px 20px 0;\n  }\n  #page .blog-carousel-shortcode.blog-carousel-shortcode-id-13f38358c49797ee066cfd462ae4f20c.centered-layout-list .post-entry-content {\n    -ms-flex-order: 2;\n    order: 2;\n    padding-top: 0;\n  }\n  #page .blog-carousel-shortcode.blog-carousel-shortcode-id-13f38358c49797ee066cfd462ae4f20c .fancy-categories {\n    top: 10px;\n    left: 10px;\n    bottom: auto;\n    right: auto;\n  }\n  #page .blog-carousel-shortcode.blog-carousel-shortcode-id-13f38358c49797ee066cfd462ae4f20c .fancy-date a {\n    top: 10px;\n    right: 10px;\n    left: auto;\n    bottom: auto;\n  }\n  #page .blog-carousel-shortcode.blog-carousel-shortcode-id-13f38358c49797ee066cfd462ae4f20c .post-entry-content {\n    padding: 20px;\n  }\n  #page .blog-carousel-shortcode.blog-carousel-shortcode-id-13f38358c49797ee066cfd462ae4f20c .entry-title {\n    margin: 3px 0 5px;\n    font-size: 20px;\n    line-height: 26px;\n  }\n  #page .blog-carousel-shortcode.blog-carousel-shortcode-id-13f38358c49797ee066cfd462ae4f20c .entry-meta {\n    margin: 5px 0 5px;\n  }\n  #page .blog-carousel-shortcode.blog-carousel-shortcode-id-13f38358c49797ee066cfd462ae4f20c .entry-excerpt {\n    margin: 15px 0 0;\n  }\n  #page .blog-carousel-shortcode.blog-carousel-shortcode-id-13f38358c49797ee066cfd462ae4f20c .post-details {\n    margin: 5px 0 10px;\n  }\n  #page .blog-carousel-shortcode.blog-carousel-shortcode-id-13f38358c49797ee066cfd462ae4f20c .post-details.details-type-link {\n    margin-bottom: 2px;\n  }\n}\n.blog-carousel-shortcode.blog-carousel-shortcode-id-13f38358c49797ee066cfd462ae4f20c.owl-carousel .owl-nav div {\n  width: 36px;\n  height: 36px;\n  border-radius: 500px;\n}\n.dt-arrow-border-on.blog-carousel-shortcode.blog-carousel-shortcode-id-13f38358c49797ee066cfd462ae4f20c.owl-carousel .owl-nav div:not(:hover):before {\n  border-width: 0px;\n}\n.dt-arrow-hover-border-on.blog-carousel-shortcode.blog-carousel-shortcode-id-13f38358c49797ee066cfd462ae4f20c.owl-carousel .owl-nav div:hover:after {\n  border-width: 0px;\n}\n.blog-carousel-shortcode.blog-carousel-shortcode-id-13f38358c49797ee066cfd462ae4f20c.owl-carousel .owl-nav div.owl-prev {\n  top: 50%;\n  transform: translateY(calc(-50% + 0px));\n  left: -43px;\n}\n@media all and (-ms-high-contrast: none) {\n  .blog-carousel-shortcode.blog-carousel-shortcode-id-13f38358c49797ee066cfd462ae4f20c.owl-carousel .owl-nav div.owl-prev {\n    transform: translateY(-50%);\n    margin-top: 0px;\n  }\n}\n.blog-carousel-shortcode.blog-carousel-shortcode-id-13f38358c49797ee066cfd462ae4f20c.owl-carousel .owl-nav div.owl-prev i {\n  padding: 0px 0px 0px 0px;\n}\n.blog-carousel-shortcode.blog-carousel-shortcode-id-13f38358c49797ee066cfd462ae4f20c.owl-carousel .owl-nav div.owl-next {\n  top: 50%;\n  transform: translateY(calc(-50% + 0px));\n  right: -43px;\n}\n@media all and (-ms-high-contrast: none) {\n  .blog-carousel-shortcode.blog-carousel-shortcode-id-13f38358c49797ee066cfd462ae4f20c.owl-carousel .owl-nav div.owl-next {\n    transform: translateY(-50%);\n    margin-top: 0px;\n  }\n}\n.blog-carousel-shortcode.blog-carousel-shortcode-id-13f38358c49797ee066cfd462ae4f20c.owl-carousel .owl-nav div.owl-next i {\n  padding: 0px 0px 0px 0px;\n}\n.blog-carousel-shortcode.blog-carousel-shortcode-id-13f38358c49797ee066cfd462ae4f20c.owl-carousel .owl-nav i {\n  font-size: 18px;\n}\n.blog-carousel-shortcode.blog-carousel-shortcode-id-13f38358c49797ee066cfd462ae4f20c.owl-carousel .owl-nav div:not(:hover) i,\n.blog-carousel-shortcode.blog-carousel-shortcode-id-13f38358c49797ee066cfd462ae4f20c.owl-carousel .owl-nav div:not(:hover) i:before {\n  color: #ffffff;\n  background: none;\n}\n.blog-carousel-shortcode.blog-carousel-shortcode-id-13f38358c49797ee066cfd462ae4f20c.owl-carousel .owl-nav div:hover i,\n.blog-carousel-shortcode.blog-carousel-shortcode-id-13f38358c49797ee066cfd462ae4f20c.owl-carousel .owl-nav div:hover i:before {\n  color: rgba(255,255,255,0.75);\n  background: none;\n}\n.blog-carousel-shortcode.blog-carousel-shortcode-id-13f38358c49797ee066cfd462ae4f20c .owl-dots {\n  top: calc(100% + 20px);\n  left: 50%;\n  transform: translateX(calc(-50% + 0px));\n}\n@media all and (-ms-high-contrast: none) {\n  .blog-carousel-shortcode.blog-carousel-shortcode-id-13f38358c49797ee066cfd462ae4f20c .owl-dots {\n    transform: translateX(-50%);\n    margin-left: 0px;\n  }\n}\n.blog-carousel-shortcode.blog-carousel-shortcode-id-13f38358c49797ee066cfd462ae4f20c .owl-dot {\n  width: 10px;\n  height: 10px;\n  margin: 0 8px;\n}\n@media screen and (max-width: 778px) {\n  .blog-carousel-shortcode.blog-carousel-shortcode-id-13f38358c49797ee066cfd462ae4f20c.hide-arrows .owl-nav a {\n    display: none;\n  }\n}\n@media screen and (max-width: 778px) {\n  .blog-carousel-shortcode.blog-carousel-shortcode-id-13f38358c49797ee066cfd462ae4f20c.reposition-arrows .owl-nav div.owl-prev {\n    top: 50%;\n    transform: translateY(calc(-50% + 0px));\n    left: 10px;\n  }\n  .blog-carousel-shortcode.blog-carousel-shortcode-id-13f38358c49797ee066cfd462ae4f20c.reposition-arrows .owl-nav div.owl-next {\n    top: 50%;\n    transform: translateY(calc(-50% + 0px));\n    right: 10px;\n  }\n}\n@media screen and (max-width: 778px) and all and (-ms-high-contrast: none) {\n  .blog-carousel-shortcode.blog-carousel-shortcode-id-13f38358c49797ee066cfd462ae4f20c.reposition-arrows .owl-nav div.owl-prev {\n    transform: translateY(-50%);\n    margin-top: 0px;\n  }\n}\n@media screen and (max-width: 778px) and all and (-ms-high-contrast: none) {\n  .blog-carousel-shortcode.blog-carousel-shortcode-id-13f38358c49797ee066cfd462ae4f20c.reposition-arrows .owl-nav div.owl-next {\n    transform: translateY(-50%);\n    margin-top: 0px;\n  }\n}<\/style><div class=\"owl-carousel blog-carousel-shortcode dt-owl-carousel-call blog-carousel-shortcode-id-13f38358c49797ee066cfd462ae4f20c classic-layout-list scale-img dt-icon-bg-off dt-arrow-border-on dt-arrow-hover-border-on meta-info-off bullets-small-dot-stroke reposition-arrows arrows-bg-on disable-arrows-hover-bg arrows-hover-bg-on\" data-scroll-mode=\"1\" data-col-num=\"3\" data-wide-col-num=\"4\" data-laptop-col=\"3\" data-h-tablet-columns-num=\"3\" data-v-tablet-columns-num=\"2\" data-phone-columns-num=\"1\" data-auto-height=\"true\" data-col-gap=\"30\" data-stage-padding=\"0\" data-speed=\"600\" data-autoplay=\"false\" data-autoplay_speed=\"6000\" data-arrows=\"true\" data-bullet=\"false\" data-next-icon=\"icon-ar-017-r\" data-prev-icon=\"icon-ar-017-l\"><article class=\"post post-3517 type-post status-publish format-standard has-post-thumbnail hentry category-osteopatia category-osteopatia-integrativa-osteopatia category-psiconeuroimunologia category-respiracao tag-fisioterapia tag-osteopatia tag-pilates-clinico category-17 category-34 category-48 category-56 description-off\" data-name=\"Respira\u00e7\u00e3o 4-7-8: t\u00e9cnica respirat\u00f3ria de apoio \u00e0 regula\u00e7\u00e3o do sistema nervoso\" data-date=\"2025-01-29T11:08:24+00:00\">\n\n<div class=\"post-thumbnail-wrap\">\n\t<div class=\"post-thumbnail\">\n\t\t\n\t\t\n\t\t<a href=\"https:\/\/integrativa.pt\/en\/respiracao-4-7-8-tecnica-respiratoria-de-apoio-a-regulacao-do-sistema-nervoso\/\" class=\"post-thumbnail-rollover layzr-bg\"><img fetchpriority=\"high\" decoding=\"async\" class=\"preload-me owl-lazy-load aspect\" src=\"data:image\/svg+xml,%3Csvg%20xmlns%3D&#39;http%3A%2F%2Fwww.w3.org%2F2000%2Fsvg&#39;%20viewBox%3D&#39;0%200%20768%20512&#39;%2F%3E\" data-src=\"https:\/\/integrativa.pt\/wp-content\/uploads\/2025\/01\/Integrativa-768x512.webp\" data-srcset=\"https:\/\/integrativa.pt\/wp-content\/uploads\/2025\/01\/Integrativa-768x512.webp 768w, https:\/\/integrativa.pt\/wp-content\/uploads\/2025\/01\/Integrativa-1152x768.webp 1152w\" loading=\"eager\" style=\"--ratio: 768 \/ 512\" sizes=\"(max-width: 768px) 100vw, 768px\" alt=\"\" title=\"Integrativa\" width=\"768\" height=\"512\"  \/><\/a>\t<\/div>\n<\/div>\n\n\n<div class=\"post-entry-content\">\n\n\t<h3 class=\"entry-title\">\n\t\t<a href=\"https:\/\/integrativa.pt\/en\/respiracao-4-7-8-tecnica-respiratoria-de-apoio-a-regulacao-do-sistema-nervoso\/\" title=\"Breathing 4-7-8: breathing technique to support nervous system regulation\" rel=\"bookmark\">Breathing 4-7-8: breathing technique to support nervous system regulation<\/a>\n\t<\/h3>\n\n\t\n\t\n\t\n<a href=\"https:\/\/integrativa.pt\/en\/respiracao-4-7-8-tecnica-respiratoria-de-apoio-a-regulacao-do-sistema-nervoso\/\" class=\"post-details details-type-link\" aria-label=\"Read more about 4-7-8 Breathing: a respiratory technique to support nervous system regulation\">Read more<i class=\"dt-icon-the7-arrow-03\" aria-hidden=\"true\"><\/i><\/a>\n\n<\/div><\/article><article class=\"post post-3400 type-post status-publish format-standard has-post-thumbnail hentry category-psicologia category-psiconeuroimunologia tag-fisioterapia tag-osteopatia tag-pilates-clinico category-18 category-48 description-off\" data-name=\"Mindfulness no controlo da ansiedade: a vis\u00e3o da Psicologia\" data-date=\"2024-06-09T16:17:53+00:00\">\n\n<div class=\"post-thumbnail-wrap\">\n\t<div class=\"post-thumbnail\">\n\t\t\n\t\t\n\t\t<a href=\"https:\/\/integrativa.pt\/en\/mindfulness-no-controlo-da-ansiedade-a-visao-da-psicologia\/\" class=\"post-thumbnail-rollover layzr-bg\"><img decoding=\"async\" class=\"preload-me owl-lazy-load aspect\" src=\"data:image\/svg+xml,%3Csvg%20xmlns%3D&#39;http%3A%2F%2Fwww.w3.org%2F2000%2Fsvg&#39;%20viewBox%3D&#39;0%200%20768%20512&#39;%2F%3E\" data-src=\"https:\/\/integrativa.pt\/wp-content\/uploads\/2024\/06\/Mindfullness-Integrativa-768x512.webp\" data-srcset=\"https:\/\/integrativa.pt\/wp-content\/uploads\/2024\/06\/Mindfullness-Integrativa-768x512.webp 768w, https:\/\/integrativa.pt\/wp-content\/uploads\/2024\/06\/Mindfullness-Integrativa-1152x768.webp 1152w\" loading=\"eager\" style=\"--ratio: 768 \/ 512\" sizes=\"(max-width: 768px) 100vw, 768px\" alt=\"\" title=\"Integrative Mindfulness\" width=\"768\" height=\"512\"  \/><\/a>\t<\/div>\n<\/div>\n\n\n<div class=\"post-entry-content\">\n\n\t<h3 class=\"entry-title\">\n\t\t<a href=\"https:\/\/integrativa.pt\/en\/mindfulness-no-controlo-da-ansiedade-a-visao-da-psicologia\/\" title=\"Mindfulness in anxiety control: the view from Psychology\" rel=\"bookmark\">Mindfulness in anxiety control: the view from Psychology<\/a>\n\t<\/h3>\n\n\t\n\t\n\t\n<a href=\"https:\/\/integrativa.pt\/en\/mindfulness-no-controlo-da-ansiedade-a-visao-da-psicologia\/\" class=\"post-details details-type-link\" aria-label=\"Read more about Mindfulness in anxiety control: the view from psychology\">Read more<i class=\"dt-icon-the7-arrow-03\" aria-hidden=\"true\"><\/i><\/a>\n\n<\/div><\/article><article class=\"post post-3512 type-post status-publish format-standard has-post-thumbnail hentry category-osteopatia category-atm category-dores-de-cabeca category-osteopata-david-brandao category-osteopatia-craniana tag-fisioterapia tag-osteopatia tag-pilates-clinico category-17 category-41 category-52 category-33 category-42 description-off\" data-name=\"Osteopatia na Articula\u00e7\u00e3o Temporomandibular (ATM) e Dor Orofacial\" data-date=\"2024-06-22T13:00:37+00:00\">\n\n<div class=\"post-thumbnail-wrap\">\n\t<div class=\"post-thumbnail\">\n\t\t\n\t\t\n\t\t<a href=\"https:\/\/integrativa.pt\/en\/osteopatia-na-articulacao-temporomandibular-atm-e-dor-orofacial\/\" class=\"post-thumbnail-rollover layzr-bg\"><img decoding=\"async\" class=\"preload-me owl-lazy-load aspect\" src=\"data:image\/svg+xml,%3Csvg%20xmlns%3D&#39;http%3A%2F%2Fwww.w3.org%2F2000%2Fsvg&#39;%20viewBox%3D&#39;0%200%20768%20512&#39;%2F%3E\" data-src=\"https:\/\/integrativa.pt\/wp-content\/uploads\/2024\/06\/ATM-Fisioterapia-Osteopatia-Bruxismo-Osteopatia-768x512.webp\" data-srcset=\"https:\/\/integrativa.pt\/wp-content\/uploads\/2024\/06\/ATM-Fisioterapia-Osteopatia-Bruxismo-Osteopatia-768x512.webp 768w, https:\/\/integrativa.pt\/wp-content\/uploads\/2024\/06\/ATM-Fisioterapia-Osteopatia-Bruxismo-Osteopatia-1152x768.webp 1152w\" loading=\"eager\" style=\"--ratio: 768 \/ 512\" sizes=\"(max-width: 768px) 100vw, 768px\" alt=\"\" title=\"TMJ Physiotherapy Osteopathy Bruxism Osteopathy\" width=\"768\" height=\"512\"  \/><\/a>\t<\/div>\n<\/div>\n\n\n<div class=\"post-entry-content\">\n\n\t<h3 class=\"entry-title\">\n\t\t<a href=\"https:\/\/integrativa.pt\/en\/osteopatia-na-articulacao-temporomandibular-atm-e-dor-orofacial\/\" title=\"Osteopathy in the Temporomandibular Joint (TMJ) and Orofacial Pain\" rel=\"bookmark\">Osteopathy in the Temporomandibular Joint (TMJ) and Orofacial Pain<\/a>\n\t<\/h3>\n\n\t\n\t\n\t\n<a href=\"https:\/\/integrativa.pt\/en\/osteopatia-na-articulacao-temporomandibular-atm-e-dor-orofacial\/\" class=\"post-details details-type-link\" aria-label=\"Read more about Osteopatia na Articula\u00e7\u00e3o Temporomandibular (ATM) e Dor Orofacial\">Read more<i class=\"dt-icon-the7-arrow-03\" aria-hidden=\"true\"><\/i><\/a>\n\n<\/div><\/article><article class=\"post post-3677 type-post status-publish format-standard has-post-thumbnail hentry category-nervo-vago category-osteopata-david-brandao category-osteopatia-integrativa category-osteopatia-visceral category-psiconeuroimunologia tag-fisioterapia tag-osteopatia tag-pilates-clinico category-58 category-33 category-32 category-31 category-48 description-off\" data-name=\"O papel do Nervo Vago na digest\u00e3o e na sa\u00fade intestinal\" data-date=\"2025-01-16T10:51:00+00:00\">\n\n<div class=\"post-thumbnail-wrap\">\n\t<div class=\"post-thumbnail\">\n\t\t\n\t\t\n\t\t<a href=\"https:\/\/integrativa.pt\/en\/o-impacto-do-nervo-vago-na-digestao-e-saude-intestinal\/\" class=\"post-thumbnail-rollover layzr-bg\"><img decoding=\"async\" class=\"preload-me owl-lazy-load aspect\" src=\"data:image\/svg+xml,%3Csvg%20xmlns%3D&#39;http%3A%2F%2Fwww.w3.org%2F2000%2Fsvg&#39;%20viewBox%3D&#39;0%200%20768%20512&#39;%2F%3E\" data-src=\"https:\/\/integrativa.pt\/wp-content\/uploads\/2025\/01\/Osteopatia-Visceral-Lisboa-768x512.webp\" data-srcset=\"https:\/\/integrativa.pt\/wp-content\/uploads\/2025\/01\/Osteopatia-Visceral-Lisboa-768x512.webp 768w, https:\/\/integrativa.pt\/wp-content\/uploads\/2025\/01\/Osteopatia-Visceral-Lisboa-1152x768.webp 1152w\" loading=\"eager\" style=\"--ratio: 768 \/ 512\" sizes=\"(max-width: 768px) 100vw, 768px\" alt=\"\" title=\"Visceral Osteopathy Lisbon\" width=\"768\" height=\"512\"  \/><\/a>\t<\/div>\n<\/div>\n\n\n<div class=\"post-entry-content\">\n\n\t<h3 class=\"entry-title\">\n\t\t<a href=\"https:\/\/integrativa.pt\/en\/o-impacto-do-nervo-vago-na-digestao-e-saude-intestinal\/\" title=\"The role of the vagus nerve in digestion and intestinal health\" rel=\"bookmark\">The role of the vagus nerve in digestion and intestinal health<\/a>\n\t<\/h3>\n\n\t\n\t\n\t\n<a href=\"https:\/\/integrativa.pt\/en\/o-impacto-do-nervo-vago-na-digestao-e-saude-intestinal\/\" class=\"post-details details-type-link\" aria-label=\"Read more about the role of the Vagus Nerve in digestion and gut health\">Read more<i class=\"dt-icon-the7-arrow-03\" aria-hidden=\"true\"><\/i><\/a>\n\n<\/div><\/article><article class=\"post post-3686 type-post status-publish format-standard has-post-thumbnail hentry category-nervo-vago category-osteopata-david-brandao category-osteopatia-integrativa category-psiconeuroimunologia tag-fisioterapia tag-osteopatia tag-pilates-clinico category-58 category-33 category-32 category-48 description-off\" data-name=\"Como estimular o Nervo Vago pode ajudar na ansiedade e na depress\u00e3o\" data-date=\"2025-01-20T14:58:47+00:00\">\n\n<div class=\"post-thumbnail-wrap\">\n\t<div class=\"post-thumbnail\">\n\t\t\n\t\t\n\t\t<a href=\"https:\/\/integrativa.pt\/en\/como-estimular-o-nervo-vago-pode-ajudar-na-ansiedade-e-na-depressao\/\" class=\"post-thumbnail-rollover layzr-bg\"><img decoding=\"async\" class=\"preload-me owl-lazy-load aspect\" src=\"data:image\/svg+xml,%3Csvg%20xmlns%3D&#39;http%3A%2F%2Fwww.w3.org%2F2000%2Fsvg&#39;%20viewBox%3D&#39;0%200%20768%20512&#39;%2F%3E\" data-src=\"https:\/\/integrativa.pt\/wp-content\/uploads\/2025\/01\/Psicologia-integrativa-768x512.webp\" data-srcset=\"https:\/\/integrativa.pt\/wp-content\/uploads\/2025\/01\/Psicologia-integrativa-768x512.webp 768w, https:\/\/integrativa.pt\/wp-content\/uploads\/2025\/01\/Psicologia-integrativa-1152x768.webp 1152w\" loading=\"eager\" style=\"--ratio: 768 \/ 512\" sizes=\"(max-width: 768px) 100vw, 768px\" alt=\"\" title=\"Integrative psychology\" width=\"768\" height=\"512\"  \/><\/a>\t<\/div>\n<\/div>\n\n\n<div class=\"post-entry-content\">\n\n\t<h3 class=\"entry-title\">\n\t\t<a href=\"https:\/\/integrativa.pt\/en\/como-estimular-o-nervo-vago-pode-ajudar-na-ansiedade-e-na-depressao\/\" title=\"How stimulating the vagus nerve can help with anxiety and depression\" rel=\"bookmark\">How stimulating the vagus nerve can help with anxiety and depression<\/a>\n\t<\/h3>\n\n\t\n\t\n\t\n<a href=\"https:\/\/integrativa.pt\/en\/como-estimular-o-nervo-vago-pode-ajudar-na-ansiedade-e-na-depressao\/\" class=\"post-details details-type-link\" aria-label=\"Read more about how to stimulate the Vagus Nerve can help with anxiety and depression\">Read more<i class=\"dt-icon-the7-arrow-03\" aria-hidden=\"true\"><\/i><\/a>\n\n<\/div><\/article><article class=\"post post-1815 type-post status-publish format-standard has-post-thumbnail hentry category-osteopatia category-dor-lombar category-osteopata-david-brandao category-osteopatia-integrativa category-osteopatia-visceral tag-fisioterapia tag-osteopatia tag-pilates-clinico category-17 category-50 category-33 category-32 category-31 description-off\" data-name=\"A Osteopatia Visceral como abordagem para aliviar a dor nas costas\" data-date=\"2023-01-29T19:28:37+00:00\">\n\n<div class=\"post-thumbnail-wrap\">\n\t<div class=\"post-thumbnail\">\n\t\t\n\t\t\n\t\t<a href=\"https:\/\/integrativa.pt\/en\/a-osteopatia-visceral-como-abordagem-para-aliviar-a-dor-nas-costas\/\" class=\"post-thumbnail-rollover layzr-bg\"><img decoding=\"async\" class=\"preload-me owl-lazy-load aspect\" src=\"data:image\/svg+xml,%3Csvg%20xmlns%3D&#39;http%3A%2F%2Fwww.w3.org%2F2000%2Fsvg&#39;%20viewBox%3D&#39;0%200%20768%20512&#39;%2F%3E\" data-src=\"https:\/\/integrativa.pt\/wp-content\/uploads\/2025\/10\/Fisioterapia-Lisboa-Belem-1-768x512.webp\" data-srcset=\"https:\/\/integrativa.pt\/wp-content\/uploads\/2025\/10\/Fisioterapia-Lisboa-Belem-1-768x512.webp 768w, https:\/\/integrativa.pt\/wp-content\/uploads\/2025\/10\/Fisioterapia-Lisboa-Belem-1-1152x768.webp 1152w\" loading=\"eager\" style=\"--ratio: 768 \/ 512\" sizes=\"(max-width: 768px) 100vw, 768px\" alt=\"\" title=\"Physiotherapy Lisbon Bel\u00e9m\" width=\"768\" height=\"512\"  \/><\/a>\t<\/div>\n<\/div>\n\n\n<div class=\"post-entry-content\">\n\n\t<h3 class=\"entry-title\">\n\t\t<a href=\"https:\/\/integrativa.pt\/en\/a-osteopatia-visceral-como-abordagem-para-aliviar-a-dor-nas-costas\/\" title=\"Visceral Osteopathy as an approach to relieving back pain\" rel=\"bookmark\">Visceral Osteopathy as an approach to relieving back pain<\/a>\n\t<\/h3>\n\n\t\n\t\n\t\n<a href=\"https:\/\/integrativa.pt\/en\/a-osteopatia-visceral-como-abordagem-para-aliviar-a-dor-nas-costas\/\" class=\"post-details details-type-link\" aria-label=\"Read more about Visceral Osteopathy as an approach to alleviate back pain\">Read more<i class=\"dt-icon-the7-arrow-03\" aria-hidden=\"true\"><\/i><\/a>\n\n<\/div><\/article><\/div><\/div><\/div><\/div><\/div>\n<\/div>","protected":false},"excerpt":{"rendered":"<p>Sleep is one of the fundamental pillars of a healthy and balanced life. During nocturnal rest, the body activates essential processes of recovery, cellular repair, and functional reorganisation. At the same time, mental activity slows down and emotions tend to stabilise. Despite its importance, sleep is often undervalued in the context of the rhythm\u2026<\/p>","protected":false},"author":1,"featured_media":4710,"comment_status":"closed","ping_status":"open","sticky":false,"template":"","format":"standard","meta":{"inline_featured_image":false,"footnotes":""},"categories":[35,33,34,32,48,36,37],"tags":[4,27,8],"class_list":["post-6171","post","type-post","status-publish","format-standard","has-post-thumbnail","hentry","category-4-pilares-da-saude","category-osteopata-david-brandao","category-osteopatia-integrativa-osteopatia","category-osteopatia-integrativa","category-psiconeuroimunologia","category-sono","category-sono-4-pilares-da-saude","tag-fisioterapia","tag-osteopatia","tag-pilates-clinico","category-35","category-33","category-34","category-32","category-48","category-36","category-37","description-off"],"_links":{"self":[{"href":"https:\/\/integrativa.pt\/en\/wp-json\/wp\/v2\/posts\/6171","targetHints":{"allow":["GET"]}}],"collection":[{"href":"https:\/\/integrativa.pt\/en\/wp-json\/wp\/v2\/posts"}],"about":[{"href":"https:\/\/integrativa.pt\/en\/wp-json\/wp\/v2\/types\/post"}],"author":[{"embeddable":true,"href":"https:\/\/integrativa.pt\/en\/wp-json\/wp\/v2\/users\/1"}],"replies":[{"embeddable":true,"href":"https:\/\/integrativa.pt\/en\/wp-json\/wp\/v2\/comments?post=6171"}],"version-history":[{"count":0,"href":"https:\/\/integrativa.pt\/en\/wp-json\/wp\/v2\/posts\/6171\/revisions"}],"wp:featuredmedia":[{"embeddable":true,"href":"https:\/\/integrativa.pt\/en\/wp-json\/wp\/v2\/media\/4710"}],"wp:attachment":[{"href":"https:\/\/integrativa.pt\/en\/wp-json\/wp\/v2\/media?parent=6171"}],"wp:term":[{"taxonomy":"category","embeddable":true,"href":"https:\/\/integrativa.pt\/en\/wp-json\/wp\/v2\/categories?post=6171"},{"taxonomy":"post_tag","embeddable":true,"href":"https:\/\/integrativa.pt\/en\/wp-json\/wp\/v2\/tags?post=6171"}],"curies":[{"name":"wp","href":"https:\/\/api.w.org\/{rel}","templated":true}]}}