{"id":7011,"date":"2026-02-14T16:58:39","date_gmt":"2026-02-14T16:58:39","guid":{"rendered":"https:\/\/integrativa.pt\/?p=7011"},"modified":"2026-04-11T17:11:56","modified_gmt":"2026-04-11T17:11:56","slug":"when-life-is-okay-but-you-are-not-a-psychological-perspective","status":"publish","type":"post","link":"https:\/\/integrativa.pt\/en\/quando-a-vida-esta-ok-mas-tu-nao-estas-um-olhar-da-psicologia\/","title":{"rendered":"When life is \u201cok\u201d but you are not: a psychological perspective"},"content":{"rendered":"<div class=\"wpb-content-wrapper\" id=\"wpb-content-root\"><div class=\"vc_row wpb_row vc_row-fluid\"><div class=\"wpb_column vc_column_container vc_col-sm-12\"><div class=\"vc_column-inner\"><div class=\"wpb_wrapper\">\n\t<div class=\"wpb_text_column wpb_content_element\" >\n\t\t<div class=\"wpb_wrapper\">\n\t\t\t<p data-start=\"137\" data-end=\"477\">Sometimes life seems to be in the right place. Things are working, the days are going well, there are no major problems in sight. Even so, a thought arises that's hard to ignore: \u201cEverything is fine in my life and yet I don't feel good\u201d. Then comes the almost automatic attempt at internal correction: \u201cthere's no reason for me to feel this way\u201d.<\/p>\n<p data-start=\"479\" data-end=\"843\">This is where a particularly silent kind of unease begins. It doesn't impose itself, it doesn't interrupt, it doesn't attract attention. It coexists with normality, with the fulfilment of routines and with the feeling that, theoretically, everything should be fine. Because it has no obvious cause, this discomfort is often undervalued, pushed into the background or explained away as an exaggeration.<\/p>\n<p data-start=\"845\" data-end=\"1160\">Over time, the idea takes hold that feeling bad for no clear reason is a sign of weakness or ingratitude. And so, instead of listening to what's going on inside, the person learns to operate on top of what they feel. They remain productive, available and apparently stable, but increasingly disconnected from themselves.<\/p>\n<p data-start=\"1162\" data-end=\"1585\">From the perspective of cognitive-behavioural psychology, the aim is not to find a \u201csufficient\u201d reason to explain distress, but to recognise that emotional discomfort is, in itself, a form of information. Naming what you feel, even if it's not yet clear, helps to organise internal experience and reduce the feeling of strangeness. Validating this state does not mean dramatising, but accepting that something needs attention.<\/p>\n<p data-start=\"1587\" data-end=\"1926\">When what you feel is recognised and validated, it becomes possible to act differently. Small adjustments in rhythm, internal demands or the way you respond to everyday life can create space for greater emotional coherence and self-regulation. It's not about changing everything, but about stopping repeating patterns that are no longer serving you.<\/p>\n<p data-start=\"1928\" data-end=\"2186\">Feeling bad when \u201ceverything is fine\u201d isn't incoherence or a personal failing. It's a sign that we feel misaligned between what we experience on the outside and what's going on inside us. And listening to this signal can be the first step towards feeling whole again.<\/p>\n<p data-start=\"2188\" data-end=\"2254\">Because being functional is not the same as being emotionally well.<\/p>\n<p data-start=\"2188\" data-end=\"2254\">If this feeling is familiar to you, it may be helpful to start by giving space to what you are feeling, and, in some cases, exploring this process with psychological support can help you understand it more clearly and holistically.<\/p>\n\n\t\t<\/div>\n\t<\/div>\n<\/div><\/div><\/div><\/div><div class=\"vc_row wpb_row vc_row-fluid vc_custom_1680169461443\"><div class=\"wpb_column vc_column_container vc_col-sm-12\"><div class=\"vc_column-inner\"><div class=\"wpb_wrapper\">\n\t<div class=\"wpb_text_column wpb_content_element  vc_custom_1775854502972\" >\n\t\t<div class=\"wpb_wrapper\">\n\t\t\t<p style=\"text-align: right;\"><a href=\"https:\/\/integrativa.pt\/en\/integrative-team\/\"><strong>Madalena Raposo <\/strong><\/a>| Psychologist<\/p>\n<h6 style=\"text-align: right;\">Psychologist licence: 30344 | Order of Psychologists<\/h6>\n\n\t\t<\/div>\n\t<\/div>\n<\/div><\/div><\/div><\/div><div class=\"vc_row wpb_row vc_row-fluid vc_custom_1680169461443\"><div class=\"wpb_column vc_column_container vc_col-sm-12\"><div class=\"vc_column-inner\"><div class=\"wpb_wrapper\">\n\t<div class=\"wpb_text_column wpb_content_element  vc_custom_1680169468507\" >\n\t\t<div class=\"wpb_wrapper\">\n\t\t\t<p><a title=\"Home\" href=\"https:\/\/integrativa.pt\/en\/\"><strong>Integrativa<\/strong><\/a> | Health and well-being as a lifestyle<\/p>\n\n\t\t<\/div>\n\t<\/div>\n\n\t<div class=\"wpb_text_column wpb_content_element  vc_custom_1775895587227\" >\n\t\t<div class=\"wpb_wrapper\">\n\t\t\t<h6>This website and its content are for information purposes only and are not a substitute for medical or health professional advice. In all cases, treatments should be individualised and guided by health professionals. Do not make any changes to your treatment without contacting the doctor or health professional accompanying you.<\/h6>\n\n\t\t<\/div>\n\t<\/div>\n<\/div><\/div><\/div><\/div><div class=\"vc_row wpb_row vc_row-fluid\"><div class=\"wpb_column vc_column_container vc_col-sm-12\"><div class=\"vc_column-inner vc_custom_1678987635945\"><div class=\"wpb_wrapper\"><div class=\"vc_separator wpb_content_element vc_separator_align_center vc_sep_border_width_1 vc_sep_pos_align_center wpb_content_element vc_separator-has-text\"   style=\"width: 100%;\"><span class=\"vc_sep_holder vc_sep_holder_l\"><span style=\"border-top-color:#1b9193;\" class=\"vc_sep_line\"><\/span><\/span><h4>Related articles<\/h4><span class=\"vc_sep_holder vc_sep_holder_r\"><span style=\"border-top-color:#1b9193;\" class=\"vc_sep_line\"><\/span><\/span>\n<\/div><style type=\"text\/css\" data-type=\"the7_shortcodes-inline-css\">.blog-carousel-shortcode.blog-carousel-shortcode-id-03add8fe49fa126a03396ac7b4a4c0c9.dividers-on.classic-layout-list article {\n  padding-top: 0;\n}\n.blog-carousel-shortcode.blog-carousel-shortcode-id-03add8fe49fa126a03396ac7b4a4c0c9.dividers-on.classic-layout-list article:first-of-type {\n  margin-top: 0;\n  padding-top: 0;\n}\n.blog-carousel-shortcode.blog-carousel-shortcode-id-03add8fe49fa126a03396ac7b4a4c0c9.classic-layout-list.mode-list .post-entry-content {\n  width: calc(100% - );\n}\n.blog-carousel-shortcode.blog-carousel-shortcode-id-03add8fe49fa126a03396ac7b4a4c0c9.classic-layout-list.mode-list .no-img .post-entry-content {\n  width: 100%;\n}\n.blog-carousel-shortcode.blog-carousel-shortcode-id-03add8fe49fa126a03396ac7b4a4c0c9 .filter-bg-decoration .filter-categories a.act {\n  color: #fff;\n}\n.blog-carousel-shortcode.blog-carousel-shortcode-id-03add8fe49fa126a03396ac7b4a4c0c9:not(.mode-masonry) article:first-of-type,\n.blog-carousel-shortcode.blog-carousel-shortcode-id-03add8fe49fa126a03396ac7b4a4c0c9:not(.mode-masonry) article.visible.first:not(.product) {\n  margin-top: 0;\n}\n.blog-carousel-shortcode.blog-carousel-shortcode-id-03add8fe49fa126a03396ac7b4a4c0c9.dividers-on:not(.mode-masonry) article {\n  margin-top: 0;\n}\n.blog-carousel-shortcode.blog-carousel-shortcode-id-03add8fe49fa126a03396ac7b4a4c0c9.dividers-on:not(.mode-masonry) article:first-of-type,\n.blog-carousel-shortcode.blog-carousel-shortcode-id-03add8fe49fa126a03396ac7b4a4c0c9.dividers-on:not(.mode-masonry) article.visible.first:not(.product) {\n  margin-top: 0;\n  padding-top: 0;\n}\n.blog-carousel-shortcode.blog-carousel-shortcode-id-03add8fe49fa126a03396ac7b4a4c0c9 .post-thumbnail-wrap {\n  padding: 0px 0px 0px 0px;\n}\n.blog-carousel-shortcode.blog-carousel-shortcode-id-03add8fe49fa126a03396ac7b4a4c0c9.enable-bg-rollover .post-thumbnail-rollover:after {\n  background: -webkit-linear-gradient();\n  background: linear-gradient();\n}\n.blog-carousel-shortcode.blog-carousel-shortcode-id-03add8fe49fa126a03396ac7b4a4c0c9 .gallery-zoom-ico {\n  width: 44px;\n  height: 44px;\n  line-height: 44px;\n  border-radius: 100px;\n  margin: -22px 0 0 -22px;\n  border-width: 0px;\n  color: #ffffff;\n  background: none;\n}\n.bottom-overlap-layout-list.blog-carousel-shortcode.blog-carousel-shortcode-id-03add8fe49fa126a03396ac7b4a4c0c9 .gallery-zoom-ico {\n  margin-top: -72px;\n}\n.gradient-overlay-layout-list.blog-carousel-shortcode.blog-carousel-shortcode-id-03add8fe49fa126a03396ac7b4a4c0c9 .gallery-zoom-ico,\n.content-rollover-layout-list.blog-carousel-shortcode.blog-carousel-shortcode-id-03add8fe49fa126a03396ac7b4a4c0c9 .gallery-zoom-ico {\n  margin: 0 0 10px;\n}\n.content-align-center.gradient-overlay-layout-list.blog-carousel-shortcode.blog-carousel-shortcode-id-03add8fe49fa126a03396ac7b4a4c0c9 .gallery-zoom-ico,\n.content-align-center.content-rollover-layout-list.blog-carousel-shortcode.blog-carousel-shortcode-id-03add8fe49fa126a03396ac7b4a4c0c9 .gallery-zoom-ico {\n  margin: 0 auto 10px;\n}\n.dt-icon-bg-on.blog-carousel-shortcode.blog-carousel-shortcode-id-03add8fe49fa126a03396ac7b4a4c0c9 .gallery-zoom-ico {\n  background: rgba(255,255,255,0.3);\n  box-shadow: none;\n}\n.blog-carousel-shortcode.blog-carousel-shortcode-id-03add8fe49fa126a03396ac7b4a4c0c9 .gallery-zoom-ico > span,\n.blog-carousel-shortcode.blog-carousel-shortcode-id-03add8fe49fa126a03396ac7b4a4c0c9 .gallery-zoom-ico:before {\n  font-size: 32px;\n  line-height: 44px;\n}\n.blog-carousel-shortcode.blog-carousel-shortcode-id-03add8fe49fa126a03396ac7b4a4c0c9 .gallery-zoom-ico > span,\n.blog-carousel-shortcode.blog-carousel-shortcode-id-03add8fe49fa126a03396ac7b4a4c0c9 .gallery-zoom-ico:before {\n  color: #ffffff;\n  background: none;\n}\n.blog-carousel-shortcode.blog-carousel-shortcode-id-03add8fe49fa126a03396ac7b4a4c0c9 .entry-title,\n.blog-carousel-shortcode.blog-carousel-shortcode-id-03add8fe49fa126a03396ac7b4a4c0c9.owl-carousel .entry-title {\n  margin-bottom: 5px;\n}\n.blog-carousel-shortcode.blog-carousel-shortcode-id-03add8fe49fa126a03396ac7b4a4c0c9 .entry-meta {\n  margin-bottom: 15px;\n}\n.blog-carousel-shortcode.blog-carousel-shortcode-id-03add8fe49fa126a03396ac7b4a4c0c9 .portfolio-categories {\n  margin-bottom: 15px;\n}\n.blog-carousel-shortcode.blog-carousel-shortcode-id-03add8fe49fa126a03396ac7b4a4c0c9 .entry-excerpt {\n  margin-bottom: 5px;\n}\n.blog-carousel-shortcode.blog-carousel-shortcode-id-03add8fe49fa126a03396ac7b4a4c0c9:not(.centered-layout-list) .post-entry-content {\n  padding: 15px 20px 20px 20px;\n}\n.blog-carousel-shortcode.blog-carousel-shortcode-id-03add8fe49fa126a03396ac7b4a4c0c9:not(.centered-layout-list):not(.content-bg-on):not(.mode-list) .no-img .post-entry-content {\n  padding: 0;\n}\n@media screen and (max-width: ) {\n  .blog-carousel-shortcode.blog-carousel-shortcode-id-03add8fe49fa126a03396ac7b4a4c0c9 article {\n    -ms-flex-flow: column nowrap;\n    flex-flow: column nowrap;\n    margin-top: 20px;\n  }\n  .blog-carousel-shortcode.blog-carousel-shortcode-id-03add8fe49fa126a03396ac7b4a4c0c9.dividers-on article {\n    border: none;\n  }\n  .blog-carousel-shortcode.blog-carousel-shortcode-id-03add8fe49fa126a03396ac7b4a4c0c9.content-bg-on.centered-layout-list article {\n    padding: 0;\n  }\n  .blog-carousel-shortcode.blog-carousel-shortcode-id-03add8fe49fa126a03396ac7b4a4c0c9.blog-shortcode.dividers-on article,\n  .blog-carousel-shortcode.blog-carousel-shortcode-id-03add8fe49fa126a03396ac7b4a4c0c9.dividers-on.classic-layout-list article {\n    margin-top: 20px;\n    padding: 0;\n  }\n  .blog-carousel-shortcode.blog-carousel-shortcode-id-03add8fe49fa126a03396ac7b4a4c0c9.blog-shortcode.dividers-on article:first-of-type,\n  .blog-carousel-shortcode.blog-carousel-shortcode-id-03add8fe49fa126a03396ac7b4a4c0c9.dividers-on.classic-layout-list article:first-of-type {\n    padding: 0;\n  }\n  #page .blog-carousel-shortcode.blog-carousel-shortcode-id-03add8fe49fa126a03396ac7b4a4c0c9 .post-thumbnail-wrap,\n  #page .blog-carousel-shortcode.blog-carousel-shortcode-id-03add8fe49fa126a03396ac7b4a4c0c9 .post-entry-content {\n    width: 100%;\n    margin: 0;\n    top: 0;\n  }\n  #page .blog-carousel-shortcode.blog-carousel-shortcode-id-03add8fe49fa126a03396ac7b4a4c0c9 .post-thumbnail-wrap {\n    padding: 0;\n  }\n  #page .blog-carousel-shortcode.blog-carousel-shortcode-id-03add8fe49fa126a03396ac7b4a4c0c9 .post-entry-content:after {\n    display: none;\n  }\n  #page .blog-carousel-shortcode.blog-carousel-shortcode-id-03add8fe49fa126a03396ac7b4a4c0c9 .project-even .post-thumbnail-wrap,\n  #page .blog-carousel-shortcode.blog-carousel-shortcode-id-03add8fe49fa126a03396ac7b4a4c0c9.centered-layout-list .post-thumbnail-wrap {\n    -ms-flex-order: 0;\n    order: 0;\n  }\n  #page .blog-carousel-shortcode.blog-carousel-shortcode-id-03add8fe49fa126a03396ac7b4a4c0c9.centered-layout-list .post-entry-title-content {\n    -ms-flex-order: 1;\n    order: 1;\n    width: 100%;\n    padding: 20px 20px 0;\n  }\n  #page .blog-carousel-shortcode.blog-carousel-shortcode-id-03add8fe49fa126a03396ac7b4a4c0c9.centered-layout-list .post-entry-content {\n    -ms-flex-order: 2;\n    order: 2;\n    padding-top: 0;\n  }\n  #page .blog-carousel-shortcode.blog-carousel-shortcode-id-03add8fe49fa126a03396ac7b4a4c0c9 .fancy-categories {\n    top: 10px;\n    left: 10px;\n    bottom: auto;\n    right: auto;\n  }\n  #page .blog-carousel-shortcode.blog-carousel-shortcode-id-03add8fe49fa126a03396ac7b4a4c0c9 .fancy-date a {\n    top: 10px;\n    right: 10px;\n    left: auto;\n    bottom: auto;\n  }\n  #page .blog-carousel-shortcode.blog-carousel-shortcode-id-03add8fe49fa126a03396ac7b4a4c0c9 .post-entry-content {\n    padding: 20px;\n  }\n  #page .blog-carousel-shortcode.blog-carousel-shortcode-id-03add8fe49fa126a03396ac7b4a4c0c9 .entry-title {\n    margin: 3px 0 5px;\n    font-size: 20px;\n    line-height: 26px;\n  }\n  #page .blog-carousel-shortcode.blog-carousel-shortcode-id-03add8fe49fa126a03396ac7b4a4c0c9 .entry-meta {\n    margin: 5px 0 5px;\n  }\n  #page .blog-carousel-shortcode.blog-carousel-shortcode-id-03add8fe49fa126a03396ac7b4a4c0c9 .entry-excerpt {\n    margin: 15px 0 0;\n  }\n  #page .blog-carousel-shortcode.blog-carousel-shortcode-id-03add8fe49fa126a03396ac7b4a4c0c9 .post-details {\n    margin: 5px 0 10px;\n  }\n  #page .blog-carousel-shortcode.blog-carousel-shortcode-id-03add8fe49fa126a03396ac7b4a4c0c9 .post-details.details-type-link {\n    margin-bottom: 2px;\n  }\n}\n.blog-carousel-shortcode.blog-carousel-shortcode-id-03add8fe49fa126a03396ac7b4a4c0c9.owl-carousel .owl-nav div {\n  width: 36px;\n  height: 36px;\n  border-radius: 500px;\n}\n.dt-arrow-border-on.blog-carousel-shortcode.blog-carousel-shortcode-id-03add8fe49fa126a03396ac7b4a4c0c9.owl-carousel .owl-nav div:not(:hover):before {\n  border-width: 0px;\n}\n.dt-arrow-hover-border-on.blog-carousel-shortcode.blog-carousel-shortcode-id-03add8fe49fa126a03396ac7b4a4c0c9.owl-carousel .owl-nav div:hover:after {\n  border-width: 0px;\n}\n.blog-carousel-shortcode.blog-carousel-shortcode-id-03add8fe49fa126a03396ac7b4a4c0c9.owl-carousel .owl-nav div.owl-prev {\n  top: 50%;\n  transform: translateY(calc(-50% + 0px));\n  left: -43px;\n}\n@media all and (-ms-high-contrast: none) {\n  .blog-carousel-shortcode.blog-carousel-shortcode-id-03add8fe49fa126a03396ac7b4a4c0c9.owl-carousel .owl-nav div.owl-prev {\n    transform: translateY(-50%);\n    margin-top: 0px;\n  }\n}\n.blog-carousel-shortcode.blog-carousel-shortcode-id-03add8fe49fa126a03396ac7b4a4c0c9.owl-carousel .owl-nav div.owl-prev i {\n  padding: 0px 0px 0px 0px;\n}\n.blog-carousel-shortcode.blog-carousel-shortcode-id-03add8fe49fa126a03396ac7b4a4c0c9.owl-carousel .owl-nav div.owl-next {\n  top: 50%;\n  transform: translateY(calc(-50% + 0px));\n  right: -43px;\n}\n@media all and (-ms-high-contrast: none) {\n  .blog-carousel-shortcode.blog-carousel-shortcode-id-03add8fe49fa126a03396ac7b4a4c0c9.owl-carousel .owl-nav div.owl-next {\n    transform: translateY(-50%);\n    margin-top: 0px;\n  }\n}\n.blog-carousel-shortcode.blog-carousel-shortcode-id-03add8fe49fa126a03396ac7b4a4c0c9.owl-carousel .owl-nav div.owl-next i {\n  padding: 0px 0px 0px 0px;\n}\n.blog-carousel-shortcode.blog-carousel-shortcode-id-03add8fe49fa126a03396ac7b4a4c0c9.owl-carousel .owl-nav i {\n  font-size: 18px;\n}\n.blog-carousel-shortcode.blog-carousel-shortcode-id-03add8fe49fa126a03396ac7b4a4c0c9.owl-carousel .owl-nav div:not(:hover) i,\n.blog-carousel-shortcode.blog-carousel-shortcode-id-03add8fe49fa126a03396ac7b4a4c0c9.owl-carousel .owl-nav div:not(:hover) i:before {\n  color: #ffffff;\n  background: none;\n}\n.blog-carousel-shortcode.blog-carousel-shortcode-id-03add8fe49fa126a03396ac7b4a4c0c9.owl-carousel .owl-nav div:hover i,\n.blog-carousel-shortcode.blog-carousel-shortcode-id-03add8fe49fa126a03396ac7b4a4c0c9.owl-carousel .owl-nav div:hover i:before {\n  color: rgba(255,255,255,0.75);\n  background: none;\n}\n.blog-carousel-shortcode.blog-carousel-shortcode-id-03add8fe49fa126a03396ac7b4a4c0c9 .owl-dots {\n  top: calc(100% + 20px);\n  left: 50%;\n  transform: translateX(calc(-50% + 0px));\n}\n@media all and (-ms-high-contrast: none) {\n  .blog-carousel-shortcode.blog-carousel-shortcode-id-03add8fe49fa126a03396ac7b4a4c0c9 .owl-dots {\n    transform: translateX(-50%);\n    margin-left: 0px;\n  }\n}\n.blog-carousel-shortcode.blog-carousel-shortcode-id-03add8fe49fa126a03396ac7b4a4c0c9 .owl-dot {\n  width: 10px;\n  height: 10px;\n  margin: 0 8px;\n}\n@media screen and (max-width: 778px) {\n  .blog-carousel-shortcode.blog-carousel-shortcode-id-03add8fe49fa126a03396ac7b4a4c0c9.hide-arrows .owl-nav a {\n    display: none;\n  }\n}\n@media screen and (max-width: 778px) {\n  .blog-carousel-shortcode.blog-carousel-shortcode-id-03add8fe49fa126a03396ac7b4a4c0c9.reposition-arrows .owl-nav div.owl-prev {\n    top: 50%;\n    transform: translateY(calc(-50% + 0px));\n    left: 10px;\n  }\n  .blog-carousel-shortcode.blog-carousel-shortcode-id-03add8fe49fa126a03396ac7b4a4c0c9.reposition-arrows .owl-nav div.owl-next {\n    top: 50%;\n    transform: translateY(calc(-50% + 0px));\n    right: 10px;\n  }\n}\n@media screen and (max-width: 778px) and all and (-ms-high-contrast: none) {\n  .blog-carousel-shortcode.blog-carousel-shortcode-id-03add8fe49fa126a03396ac7b4a4c0c9.reposition-arrows .owl-nav div.owl-prev {\n    transform: translateY(-50%);\n    margin-top: 0px;\n  }\n}\n@media screen and (max-width: 778px) and all and (-ms-high-contrast: none) {\n  .blog-carousel-shortcode.blog-carousel-shortcode-id-03add8fe49fa126a03396ac7b4a4c0c9.reposition-arrows .owl-nav div.owl-next {\n    transform: translateY(-50%);\n    margin-top: 0px;\n  }\n}<\/style><div class=\"owl-carousel blog-carousel-shortcode dt-owl-carousel-call blog-carousel-shortcode-id-03add8fe49fa126a03396ac7b4a4c0c9 classic-layout-list scale-img dt-icon-bg-off dt-arrow-border-on dt-arrow-hover-border-on meta-info-off bullets-small-dot-stroke reposition-arrows arrows-bg-on disable-arrows-hover-bg arrows-hover-bg-on\" data-scroll-mode=\"1\" data-col-num=\"3\" data-wide-col-num=\"4\" data-laptop-col=\"3\" data-h-tablet-columns-num=\"3\" data-v-tablet-columns-num=\"2\" data-phone-columns-num=\"1\" data-auto-height=\"true\" data-col-gap=\"30\" data-stage-padding=\"0\" data-speed=\"600\" data-autoplay=\"false\" data-autoplay_speed=\"6000\" data-arrows=\"true\" data-bullet=\"false\" data-next-icon=\"icon-ar-017-r\" data-prev-icon=\"icon-ar-017-l\"><article class=\"post post-7081 type-post status-publish format-standard has-post-thumbnail hentry category-psicologia tag-fisioterapia tag-osteopatia tag-pilates-clinico category-18 description-off\" data-name=\"Sobrecarga cognitiva: quando o c\u00e9rebro entra em exaust\u00e3o\" data-date=\"2026-03-13T11:29:35+00:00\">\n\n<div class=\"post-thumbnail-wrap\">\n\t<div class=\"post-thumbnail\">\n\t\t\n\t\t\n\t\t<a href=\"https:\/\/integrativa.pt\/en\/sobrecarga-cognitiva-quando-o-cerebro-entra-em-exaustao\/\" class=\"post-thumbnail-rollover layzr-bg\" ><img fetchpriority=\"high\" decoding=\"async\" class=\"preload-me owl-lazy-load aspect\" src=\"data:image\/svg+xml,%3Csvg%20xmlns%3D&#39;http%3A%2F%2Fwww.w3.org%2F2000%2Fsvg&#39;%20viewBox%3D&#39;0%200%20768%20512&#39;%2F%3E\" data-src=\"https:\/\/integrativa.pt\/wp-content\/uploads\/2024\/06\/Mindfullness-Integrativa-768x512.webp\" data-srcset=\"https:\/\/integrativa.pt\/wp-content\/uploads\/2024\/06\/Mindfullness-Integrativa-768x512.webp 768w, https:\/\/integrativa.pt\/wp-content\/uploads\/2024\/06\/Mindfullness-Integrativa-1152x768.webp 1152w\" loading=\"eager\" style=\"--ratio: 768 \/ 512\" sizes=\"(max-width: 768px) 100vw, 768px\" alt=\"\" title=\"Integrative Mindfulness\" width=\"768\" height=\"512\"  \/><\/a>\t<\/div>\n<\/div>\n\n\n<div class=\"post-entry-content\">\n\n\t<h3 class=\"entry-title\">\n\t\t<a href=\"https:\/\/integrativa.pt\/en\/sobrecarga-cognitiva-quando-o-cerebro-entra-em-exaustao\/\" title=\"Cognitive overload: when the brain goes into overdrive\" rel=\"bookmark\">Cognitive overload: when the brain goes into overdrive<\/a>\n\t<\/h3>\n\n\t\n\t\n\t\n<a href=\"https:\/\/integrativa.pt\/en\/sobrecarga-cognitiva-quando-o-cerebro-entra-em-exaustao\/\" class=\"post-details details-type-link\" aria-label=\"Read more about Cognitive overload: when the brain enters exhaustion\">Read more<i class=\"dt-icon-the7-arrow-03\" aria-hidden=\"true\"><\/i><\/a>\n\n<\/div><\/article><article class=\"post post-7111 type-post status-publish format-standard has-post-thumbnail hentry category-fisioterapia-em-paralisia-facial category-psicologia tag-fisioterapia tag-osteopatia tag-pilates-clinico category-39 category-18 description-off\" data-name=\"Paralisia Facial: quando o impacto vai al\u00e9m do que \u00e9 vis\u00edvel\" data-date=\"2026-04-06T20:07:46+00:00\">\n\n<div class=\"post-thumbnail-wrap\">\n\t<div class=\"post-thumbnail\">\n\t\t\n\t\t\n\t\t<a href=\"https:\/\/integrativa.pt\/en\/paralisia-facial-quando-o-impacto-vai-alem-do-que-e-visivel\/\" class=\"post-thumbnail-rollover layzr-bg\" ><img decoding=\"async\" class=\"preload-me owl-lazy-load aspect\" src=\"data:image\/svg+xml,%3Csvg%20xmlns%3D&#39;http%3A%2F%2Fwww.w3.org%2F2000%2Fsvg&#39;%20viewBox%3D&#39;0%200%20768%20512&#39;%2F%3E\" data-src=\"https:\/\/integrativa.pt\/wp-content\/uploads\/2025\/10\/Consulta-Integrativa-do-Sono-2-768x512.webp\" data-srcset=\"https:\/\/integrativa.pt\/wp-content\/uploads\/2025\/10\/Consulta-Integrativa-do-Sono-2-768x512.webp 768w, https:\/\/integrativa.pt\/wp-content\/uploads\/2025\/10\/Consulta-Integrativa-do-Sono-2-1152x768.webp 1152w\" loading=\"eager\" style=\"--ratio: 768 \/ 512\" sizes=\"(max-width: 768px) 100vw, 768px\" alt=\"\" title=\"Integrative Sleep Consultation\" width=\"768\" height=\"512\"  \/><\/a>\t<\/div>\n<\/div>\n\n\n<div class=\"post-entry-content\">\n\n\t<h3 class=\"entry-title\">\n\t\t<a href=\"https:\/\/integrativa.pt\/en\/paralisia-facial-quando-o-impacto-vai-alem-do-que-e-visivel\/\" title=\"Facial Paralysis: when the impact goes beyond what is visible\" rel=\"bookmark\">Facial Paralysis: when the impact goes beyond what is visible<\/a>\n\t<\/h3>\n\n\t\n\t\n\t\n<a href=\"https:\/\/integrativa.pt\/en\/paralisia-facial-quando-o-impacto-vai-alem-do-que-e-visivel\/\" class=\"post-details details-type-link\" aria-label=\"Read more about Facial Paralysis: when the impact goes beyond what is visible\">Read more<i class=\"dt-icon-the7-arrow-03\" aria-hidden=\"true\"><\/i><\/a>\n\n<\/div><\/article><article class=\"post no-img post-3764 type-post status-publish format-standard hentry category-psicologia tag-fisioterapia tag-osteopatia tag-pilates-clinico category-18 description-off\" data-name=\"A Psiquiatria de m\u00e3os dadas com a Psicologia\" data-date=\"2025-03-14T12:50:34+00:00\">\n\n<div class=\"post-entry-content\">\n\n\t<h3 class=\"entry-title\">\n\t\t<a href=\"https:\/\/integrativa.pt\/en\/a-psiquiatria-de-maos-dadas-com-a-psicologia\/\" title=\"Psychiatry hand in hand with Psychology\" rel=\"bookmark\">Psychiatry hand in hand with Psychology<\/a>\n\t<\/h3>\n\n\t\n\t\n\t\n<a href=\"https:\/\/integrativa.pt\/en\/a-psiquiatria-de-maos-dadas-com-a-psicologia\/\" class=\"post-details details-type-link\" aria-label=\"Read more about Psychiatry hand-in-hand with Psychology\">Read more<i class=\"dt-icon-the7-arrow-03\" aria-hidden=\"true\"><\/i><\/a>\n\n<\/div><\/article><article class=\"post post-3118 type-post status-publish format-standard has-post-thumbnail hentry category-psicologia category-psiconeuroimunologia tag-fisioterapia tag-osteopatia tag-pilates-clinico category-18 category-48 description-off\" data-name=\"A import\u00e2ncia do autocuidado no tratamento da depress\u00e3o\" data-date=\"2024-05-28T16:53:03+00:00\">\n\n<div class=\"post-thumbnail-wrap\">\n\t<div class=\"post-thumbnail\">\n\t\t\n\t\t\n\t\t<a href=\"https:\/\/integrativa.pt\/en\/a-importancia-do-autocuidado-no-tratamento-da-depressao\/\" class=\"post-thumbnail-rollover layzr-bg\" ><img decoding=\"async\" class=\"preload-me owl-lazy-load aspect\" src=\"data:image\/svg+xml,%3Csvg%20xmlns%3D&#39;http%3A%2F%2Fwww.w3.org%2F2000%2Fsvg&#39;%20viewBox%3D&#39;0%200%20768%20512&#39;%2F%3E\" data-src=\"https:\/\/integrativa.pt\/wp-content\/uploads\/2024\/05\/Psicologia-integrativa-768x512.webp\" data-srcset=\"https:\/\/integrativa.pt\/wp-content\/uploads\/2024\/05\/Psicologia-integrativa-768x512.webp 768w, https:\/\/integrativa.pt\/wp-content\/uploads\/2024\/05\/Psicologia-integrativa-1152x768.webp 1152w\" loading=\"eager\" style=\"--ratio: 768 \/ 512\" sizes=\"(max-width: 768px) 100vw, 768px\" alt=\"\" title=\"Integrative psychology\" width=\"768\" height=\"512\"  \/><\/a>\t<\/div>\n<\/div>\n\n\n<div class=\"post-entry-content\">\n\n\t<h3 class=\"entry-title\">\n\t\t<a href=\"https:\/\/integrativa.pt\/en\/a-importancia-do-autocuidado-no-tratamento-da-depressao\/\" title=\"The importance of self-care in treating depression\" rel=\"bookmark\">The importance of self-care in treating depression<\/a>\n\t<\/h3>\n\n\t\n\t\n\t\n<a href=\"https:\/\/integrativa.pt\/en\/a-importancia-do-autocuidado-no-tratamento-da-depressao\/\" class=\"post-details details-type-link\" aria-label=\"Read more about The importance of self-care in treating depression\">Read more<i class=\"dt-icon-the7-arrow-03\" aria-hidden=\"true\"><\/i><\/a>\n\n<\/div><\/article><article class=\"post post-7123 type-post status-publish format-standard has-post-thumbnail hentry category-psicologia tag-fisioterapia tag-osteopatia tag-pilates-clinico category-18 description-off\" data-name=\"Quando ignorar emo\u00e7\u00f5es cria mais press\u00e3o do que senti-las\" data-date=\"2026-04-14T18:21:45+00:00\">\n\n<div class=\"post-thumbnail-wrap\">\n\t<div class=\"post-thumbnail\">\n\t\t\n\t\t\n\t\t<a href=\"https:\/\/integrativa.pt\/en\/quando-ignorar-emocoes-cria-mais-pressao-do-que-senti-las-2\/\" class=\"post-thumbnail-rollover layzr-bg\" ><img decoding=\"async\" class=\"preload-me owl-lazy-load aspect\" src=\"data:image\/svg+xml,%3Csvg%20xmlns%3D&#39;http%3A%2F%2Fwww.w3.org%2F2000%2Fsvg&#39;%20viewBox%3D&#39;0%200%20768%20512&#39;%2F%3E\" data-src=\"https:\/\/integrativa.pt\/wp-content\/uploads\/2025\/01\/Psicologia-integrativa-768x512.webp\" data-srcset=\"https:\/\/integrativa.pt\/wp-content\/uploads\/2025\/01\/Psicologia-integrativa-768x512.webp 768w, https:\/\/integrativa.pt\/wp-content\/uploads\/2025\/01\/Psicologia-integrativa-1152x768.webp 1152w\" loading=\"eager\" style=\"--ratio: 768 \/ 512\" sizes=\"(max-width: 768px) 100vw, 768px\" alt=\"\" title=\"Integrative psychology\" width=\"768\" height=\"512\"  \/><\/a>\t<\/div>\n<\/div>\n\n\n<div class=\"post-entry-content\">\n\n\t<h3 class=\"entry-title\">\n\t\t<a href=\"https:\/\/integrativa.pt\/en\/quando-ignorar-emocoes-cria-mais-pressao-do-que-senti-las-2\/\" title=\"When ignoring emotions creates more pressure than feeling them\" rel=\"bookmark\">When ignoring emotions creates more pressure than feeling them<\/a>\n\t<\/h3>\n\n\t\n\t\n\t\n<a href=\"https:\/\/integrativa.pt\/en\/quando-ignorar-emocoes-cria-mais-pressao-do-que-senti-las-2\/\" class=\"post-details details-type-link\" aria-label=\"Read more about when ignoring emotions creates more pressure than feeling them\">Read more<i class=\"dt-icon-the7-arrow-03\" aria-hidden=\"true\"><\/i><\/a>\n\n<\/div><\/article><article class=\"post post-3400 type-post status-publish format-standard has-post-thumbnail hentry category-psicologia category-psiconeuroimunologia tag-fisioterapia tag-osteopatia tag-pilates-clinico category-18 category-48 description-off\" data-name=\"Mindfulness no controlo da ansiedade: a vis\u00e3o da Psicologia\" data-date=\"2024-06-09T16:17:53+00:00\">\n\n<div class=\"post-thumbnail-wrap\">\n\t<div class=\"post-thumbnail\">\n\t\t\n\t\t\n\t\t<a href=\"https:\/\/integrativa.pt\/en\/mindfulness-no-controlo-da-ansiedade-a-visao-da-psicologia\/\" class=\"post-thumbnail-rollover layzr-bg\" ><img fetchpriority=\"high\" decoding=\"async\" class=\"preload-me owl-lazy-load aspect\" src=\"data:image\/svg+xml,%3Csvg%20xmlns%3D&#39;http%3A%2F%2Fwww.w3.org%2F2000%2Fsvg&#39;%20viewBox%3D&#39;0%200%20768%20512&#39;%2F%3E\" data-src=\"https:\/\/integrativa.pt\/wp-content\/uploads\/2024\/06\/Mindfullness-Integrativa-768x512.webp\" data-srcset=\"https:\/\/integrativa.pt\/wp-content\/uploads\/2024\/06\/Mindfullness-Integrativa-768x512.webp 768w, https:\/\/integrativa.pt\/wp-content\/uploads\/2024\/06\/Mindfullness-Integrativa-1152x768.webp 1152w\" loading=\"eager\" style=\"--ratio: 768 \/ 512\" sizes=\"(max-width: 768px) 100vw, 768px\" alt=\"\" title=\"Integrative Mindfulness\" width=\"768\" height=\"512\"  \/><\/a>\t<\/div>\n<\/div>\n\n\n<div class=\"post-entry-content\">\n\n\t<h3 class=\"entry-title\">\n\t\t<a href=\"https:\/\/integrativa.pt\/en\/mindfulness-no-controlo-da-ansiedade-a-visao-da-psicologia\/\" title=\"Mindfulness in anxiety control: the view from Psychology\" rel=\"bookmark\">Mindfulness in anxiety control: the view from Psychology<\/a>\n\t<\/h3>\n\n\t\n\t\n\t\n<a href=\"https:\/\/integrativa.pt\/en\/mindfulness-no-controlo-da-ansiedade-a-visao-da-psicologia\/\" class=\"post-details details-type-link\" aria-label=\"Read more about Mindfulness in anxiety control: the view from psychology\">Read more<i class=\"dt-icon-the7-arrow-03\" aria-hidden=\"true\"><\/i><\/a>\n\n<\/div><\/article><\/div><\/div><\/div><\/div><\/div>\n<\/div>","protected":false},"excerpt":{"rendered":"<p>Sometimes life seems to be in the right place. Things are working, the days are going well, there are no major problems in sight. Even so, a thought arises that's hard to ignore: \u201ceverything is fine in my life and yet I don't feel good\u201d. Then comes the almost automatic attempt at internal correction: \u201cthere's no...<\/p>","protected":false},"author":1,"featured_media":4526,"comment_status":"closed","ping_status":"open","sticky":false,"template":"","format":"standard","meta":{"inline_featured_image":false,"footnotes":""},"categories":[18],"tags":[4,27,8],"class_list":["post-7011","post","type-post","status-publish","format-standard","has-post-thumbnail","hentry","category-psicologia","tag-fisioterapia","tag-osteopatia","tag-pilates-clinico","category-18","description-off"],"_links":{"self":[{"href":"https:\/\/integrativa.pt\/en\/wp-json\/wp\/v2\/posts\/7011","targetHints":{"allow":["GET"]}}],"collection":[{"href":"https:\/\/integrativa.pt\/en\/wp-json\/wp\/v2\/posts"}],"about":[{"href":"https:\/\/integrativa.pt\/en\/wp-json\/wp\/v2\/types\/post"}],"author":[{"embeddable":true,"href":"https:\/\/integrativa.pt\/en\/wp-json\/wp\/v2\/users\/1"}],"replies":[{"embeddable":true,"href":"https:\/\/integrativa.pt\/en\/wp-json\/wp\/v2\/comments?post=7011"}],"version-history":[{"count":0,"href":"https:\/\/integrativa.pt\/en\/wp-json\/wp\/v2\/posts\/7011\/revisions"}],"wp:featuredmedia":[{"embeddable":true,"href":"https:\/\/integrativa.pt\/en\/wp-json\/wp\/v2\/media\/4526"}],"wp:attachment":[{"href":"https:\/\/integrativa.pt\/en\/wp-json\/wp\/v2\/media?parent=7011"}],"wp:term":[{"taxonomy":"category","embeddable":true,"href":"https:\/\/integrativa.pt\/en\/wp-json\/wp\/v2\/categories?post=7011"},{"taxonomy":"post_tag","embeddable":true,"href":"https:\/\/integrativa.pt\/en\/wp-json\/wp\/v2\/tags?post=7011"}],"curies":[{"name":"wp","href":"https:\/\/api.w.org\/{rel}","templated":true}]}}