{"id":7088,"date":"2026-03-27T15:31:30","date_gmt":"2026-03-27T15:31:30","guid":{"rendered":"https:\/\/integrativa.pt\/?p=7088"},"modified":"2026-03-27T15:31:30","modified_gmt":"2026-03-27T15:31:30","slug":"pe-plan-symptoms-types-and-benefits-of-physiotherapy","status":"publish","type":"post","link":"https:\/\/integrativa.pt\/en\/pe-plano-sintomas-tipos-e-beneficios-da-fisioterapia\/","title":{"rendered":"Flat feet: symptoms, types and benefits of physiotherapy"},"content":{"rendered":"<div class=\"wpb-content-wrapper\" id=\"wpb-content-root\"><div class=\"vc_row wpb_row vc_row-fluid\"><div class=\"wpb_column vc_column_container vc_col-sm-12\"><div class=\"vc_column-inner\"><div class=\"wpb_wrapper\">\n\t<div class=\"wpb_text_column wpb_content_element\" >\n\t\t<div class=\"wpb_wrapper\">\n\t\t\t<p>Flat feet, also known as flat feet or valgus flat feet, is a common condition characterised by a reduced or absent medial plantar arch. In these situations, a large part of the sole of the foot comes into contact with the ground during walking or standing.<\/p>\n<p>Although it is often seen as a benign alteration, flat feet can in some cases be associated with pain, muscle fatigue, functional limitations and biomechanical alterations. These changes don't just affect the foot, they can influence the entire kinetic chain of the lower limb.<\/p>\n<p>Physiotherapy plays an important role in the conservative approach to flat feet and is often considered the first line of intervention in symptomatic cases, according to the available scientific evidence.<\/p>\n<h4>Types of flat feet<\/h4>\n<p>There are two main types of flatfoot:<\/p>\n<p>- <span style=\"text-decoration: underline;\">Flexible flat feet<\/span>This is the most common type. The plantar arch is not visible under load, but appears when the person stands on tiptoe or when the foot is unloaded. It usually responds well to conservative treatment.<\/p>\n<p>- <span style=\"text-decoration: underline;\">Rigid flat foot<\/span>In this case, the plantar arch does not form, even when unloading or tiptoeing. It may be associated with structural, neurological or genetic alterations, requiring a more detailed clinical assessment.<\/p>\n<h4>Symptoms associated with flat feet<\/h4>\n<p>Although many people with flat feet don't experience symptoms, when they do they can include:<\/p>\n<ul>\n<li>Pain in the foot, ankle or leg<\/li>\n<li>Muscle fatigue after walking or standing for a long time<\/li>\n<li>Difficulty walking or running<\/li>\n<li>Postural changes:<\/li>\n<li>Increased risk of overload injuries<\/li>\n<li>Pain in the knee, hip or lumbar spine<\/li>\n<\/ul>\n<h4>The role of physiotherapy<\/h4>\n<p>Physiotherapy is a central intervention in the conservative treatment of flat feet, especially in flexible and symptomatic cases. The aim is not just to intervene in the structure of the foot, but to improve its function.<\/p>\n<p>The physiotherapeutic approach aims to:<\/p>\n<ul>\n<li>Reduce pain and discomfort<\/li>\n<li>Improve plantar arch function under load<\/li>\n<li>Increase strength and neuromuscular control<\/li>\n<li>Improve joint stability and mobility<\/li>\n<li>Prevent biomechanical complications and long-term injuries<\/li>\n<\/ul>\n<h4>The main benefits of physiotherapy<\/h4>\n<h5>Increased mobility<\/h5>\n<p>Muscle shortening, particularly of the calves and Achilles tendon, is common in people with flat feet. Specific stretching helps improve ankle and foot mobility, promoting a more efficient gait pattern.<\/p>\n<h5>Muscle strengthening and neuromuscular control<\/h5>\n<p>Flat feet are often associated with deficits in muscle strength and control. Physiotherapy focuses on strengthening the relevant muscles, such as the tibialis posterior, tibialis anterior and the intrinsic muscles of the foot. This work helps to improve ankle stability and reduce compensations.<\/p>\n<h5>Improved balance and proprioception<\/h5>\n<p>Changes in foot function can compromise balance and stability. Proprioceptive training improves body awareness, increases stability in unipodal support and reduces the risk of sprains and falls.<\/p>\n<h5>Improved plantar arch function<\/h5>\n<p>Physiotherapy intervention contributes to better activation and control of the plantar arch during movement, promoting greater biomechanical efficiency.<\/p>\n<h5>Prevention of associated injuries<\/h5>\n<p>Flat feet can influence the entire kinetic chain of the lower limb. Without proper intervention, it can contribute to overload injuries and pain in other joints. Physiotherapy plays a preventative role, promoting more efficient movement patterns.<\/p>\n<h5>Pain and discomfort relief<\/h5>\n<p>Physiotherapy helps to reduce the overload on the structures of the foot, improve the distribution of forces during support and relieve associated conditions such as plantar fasciitis or overload of the posterior tibial tendon.<\/p>\n<p>Flat feet is a common condition that can be managed through a structured and individualised physiotherapy programme. Intervention should take into account factors such as age, degree of flatfoot, presence of symptoms, level of physical activity and functional goals.<\/p>\n<p>Early intervention, individualised treatment and the use of evidence-based strategies are key to promoting better function and preventing long-term complications.<\/p>\n\n\t\t<\/div>\n\t<\/div>\n<\/div><\/div><\/div><\/div><div class=\"vc_row wpb_row vc_row-fluid vc_custom_1680169461443\"><div class=\"wpb_column vc_column_container vc_col-sm-12\"><div class=\"vc_column-inner\"><div class=\"wpb_wrapper\">\n\t<div class=\"wpb_text_column wpb_content_element\" >\n\t\t<div class=\"wpb_wrapper\">\n\t\t\t<p style=\"text-align: right;\"><a href=\"https:\/\/integrativa.pt\/en\/integrative-team\/\"><b>Rita Xarepe<\/b><\/a>\u00a0| Physiotherapist and Clinical Pilates Instructor by APPI<\/p>\n<h6 style=\"text-align: right;\">Physiotherapist Card: 4209 | Order of Physiotherapists<\/h6>\n\n\t\t<\/div>\n\t<\/div>\n<\/div><\/div><\/div><\/div><div class=\"vc_row wpb_row vc_row-fluid vc_custom_1680169461443\"><div class=\"wpb_column vc_column_container vc_col-sm-12\"><div class=\"vc_column-inner\"><div class=\"wpb_wrapper\">\n\t<div class=\"wpb_text_column wpb_content_element  vc_custom_1680169468507\" >\n\t\t<div class=\"wpb_wrapper\">\n\t\t\t<p><a title=\"Home\" href=\"https:\/\/integrativa.pt\/en\/\"><strong>Integrativa<\/strong><\/a> | Health and well-being as a lifestyle<\/p>\n\n\t\t<\/div>\n\t<\/div>\n\n\t<div class=\"wpb_text_column wpb_content_element  vc_custom_1769969575981\" >\n\t\t<div class=\"wpb_wrapper\">\n\t\t\t<h6>This website and its content are for information purposes only and are not a substitute for medical or health professional advice. In all cases, treatments should be individualised and guided by health professionals. Do not make any changes to your treatment without contacting the doctor or health professional accompanying you.<\/h6>\n\n\t\t<\/div>\n\t<\/div>\n<\/div><\/div><\/div><\/div><div class=\"vc_row wpb_row vc_row-fluid\"><div class=\"wpb_column vc_column_container vc_col-sm-12\"><div class=\"vc_column-inner vc_custom_1678987635945\"><div class=\"wpb_wrapper\"><div class=\"vc_separator wpb_content_element vc_separator_align_center vc_sep_border_width_1 vc_sep_pos_align_center wpb_content_element vc_separator-has-text\"   style=\"width: 100%;\"><span class=\"vc_sep_holder vc_sep_holder_l\"><span style=\"border-top-color:#1b9193;\" class=\"vc_sep_line\"><\/span><\/span><h4>Related articles<\/h4><span class=\"vc_sep_holder vc_sep_holder_r\"><span style=\"border-top-color:#1b9193;\" class=\"vc_sep_line\"><\/span><\/span>\n<\/div><style type=\"text\/css\" data-type=\"the7_shortcodes-inline-css\">.blog-carousel-shortcode.blog-carousel-shortcode-id-dc2121cad820d5acf76d1dfcf9282c1f.dividers-on.classic-layout-list article {\n  padding-top: 0;\n}\n.blog-carousel-shortcode.blog-carousel-shortcode-id-dc2121cad820d5acf76d1dfcf9282c1f.dividers-on.classic-layout-list article:first-of-type {\n  margin-top: 0;\n  padding-top: 0;\n}\n.blog-carousel-shortcode.blog-carousel-shortcode-id-dc2121cad820d5acf76d1dfcf9282c1f.classic-layout-list.mode-list .post-entry-content {\n  width: calc(100% - );\n}\n.blog-carousel-shortcode.blog-carousel-shortcode-id-dc2121cad820d5acf76d1dfcf9282c1f.classic-layout-list.mode-list .no-img .post-entry-content {\n  width: 100%;\n}\n.blog-carousel-shortcode.blog-carousel-shortcode-id-dc2121cad820d5acf76d1dfcf9282c1f .filter-bg-decoration .filter-categories a.act {\n  color: #fff;\n}\n.blog-carousel-shortcode.blog-carousel-shortcode-id-dc2121cad820d5acf76d1dfcf9282c1f:not(.mode-masonry) article:first-of-type,\n.blog-carousel-shortcode.blog-carousel-shortcode-id-dc2121cad820d5acf76d1dfcf9282c1f:not(.mode-masonry) article.visible.first:not(.product) {\n  margin-top: 0;\n}\n.blog-carousel-shortcode.blog-carousel-shortcode-id-dc2121cad820d5acf76d1dfcf9282c1f.dividers-on:not(.mode-masonry) article {\n  margin-top: 0;\n}\n.blog-carousel-shortcode.blog-carousel-shortcode-id-dc2121cad820d5acf76d1dfcf9282c1f.dividers-on:not(.mode-masonry) article:first-of-type,\n.blog-carousel-shortcode.blog-carousel-shortcode-id-dc2121cad820d5acf76d1dfcf9282c1f.dividers-on:not(.mode-masonry) article.visible.first:not(.product) {\n  margin-top: 0;\n  padding-top: 0;\n}\n.blog-carousel-shortcode.blog-carousel-shortcode-id-dc2121cad820d5acf76d1dfcf9282c1f .post-thumbnail-wrap {\n  padding: 0px 0px 0px 0px;\n}\n.blog-carousel-shortcode.blog-carousel-shortcode-id-dc2121cad820d5acf76d1dfcf9282c1f.enable-bg-rollover .post-thumbnail-rollover:after {\n  background: -webkit-linear-gradient();\n  background: linear-gradient();\n}\n.blog-carousel-shortcode.blog-carousel-shortcode-id-dc2121cad820d5acf76d1dfcf9282c1f .gallery-zoom-ico {\n  width: 44px;\n  height: 44px;\n  line-height: 44px;\n  border-radius: 100px;\n  margin: -22px 0 0 -22px;\n  border-width: 0px;\n  color: #ffffff;\n  background: none;\n}\n.bottom-overlap-layout-list.blog-carousel-shortcode.blog-carousel-shortcode-id-dc2121cad820d5acf76d1dfcf9282c1f .gallery-zoom-ico {\n  margin-top: -72px;\n}\n.gradient-overlay-layout-list.blog-carousel-shortcode.blog-carousel-shortcode-id-dc2121cad820d5acf76d1dfcf9282c1f .gallery-zoom-ico,\n.content-rollover-layout-list.blog-carousel-shortcode.blog-carousel-shortcode-id-dc2121cad820d5acf76d1dfcf9282c1f .gallery-zoom-ico {\n  margin: 0 0 10px;\n}\n.content-align-center.gradient-overlay-layout-list.blog-carousel-shortcode.blog-carousel-shortcode-id-dc2121cad820d5acf76d1dfcf9282c1f .gallery-zoom-ico,\n.content-align-center.content-rollover-layout-list.blog-carousel-shortcode.blog-carousel-shortcode-id-dc2121cad820d5acf76d1dfcf9282c1f .gallery-zoom-ico {\n  margin: 0 auto 10px;\n}\n.dt-icon-bg-on.blog-carousel-shortcode.blog-carousel-shortcode-id-dc2121cad820d5acf76d1dfcf9282c1f .gallery-zoom-ico {\n  background: rgba(255,255,255,0.3);\n  box-shadow: none;\n}\n.blog-carousel-shortcode.blog-carousel-shortcode-id-dc2121cad820d5acf76d1dfcf9282c1f .gallery-zoom-ico > span,\n.blog-carousel-shortcode.blog-carousel-shortcode-id-dc2121cad820d5acf76d1dfcf9282c1f .gallery-zoom-ico:before {\n  font-size: 32px;\n  line-height: 44px;\n}\n.blog-carousel-shortcode.blog-carousel-shortcode-id-dc2121cad820d5acf76d1dfcf9282c1f .gallery-zoom-ico > span,\n.blog-carousel-shortcode.blog-carousel-shortcode-id-dc2121cad820d5acf76d1dfcf9282c1f .gallery-zoom-ico:before {\n  color: #ffffff;\n  background: none;\n}\n.blog-carousel-shortcode.blog-carousel-shortcode-id-dc2121cad820d5acf76d1dfcf9282c1f .entry-title,\n.blog-carousel-shortcode.blog-carousel-shortcode-id-dc2121cad820d5acf76d1dfcf9282c1f.owl-carousel .entry-title {\n  margin-bottom: 5px;\n}\n.blog-carousel-shortcode.blog-carousel-shortcode-id-dc2121cad820d5acf76d1dfcf9282c1f .entry-meta {\n  margin-bottom: 15px;\n}\n.blog-carousel-shortcode.blog-carousel-shortcode-id-dc2121cad820d5acf76d1dfcf9282c1f .portfolio-categories {\n  margin-bottom: 15px;\n}\n.blog-carousel-shortcode.blog-carousel-shortcode-id-dc2121cad820d5acf76d1dfcf9282c1f .entry-excerpt {\n  margin-bottom: 5px;\n}\n.blog-carousel-shortcode.blog-carousel-shortcode-id-dc2121cad820d5acf76d1dfcf9282c1f:not(.centered-layout-list) .post-entry-content {\n  padding: 15px 20px 20px 20px;\n}\n.blog-carousel-shortcode.blog-carousel-shortcode-id-dc2121cad820d5acf76d1dfcf9282c1f:not(.centered-layout-list):not(.content-bg-on):not(.mode-list) .no-img .post-entry-content {\n  padding: 0;\n}\n@media screen and (max-width: ) {\n  .blog-carousel-shortcode.blog-carousel-shortcode-id-dc2121cad820d5acf76d1dfcf9282c1f article {\n    -ms-flex-flow: column nowrap;\n    flex-flow: column nowrap;\n    margin-top: 20px;\n  }\n  .blog-carousel-shortcode.blog-carousel-shortcode-id-dc2121cad820d5acf76d1dfcf9282c1f.dividers-on article {\n    border: none;\n  }\n  .blog-carousel-shortcode.blog-carousel-shortcode-id-dc2121cad820d5acf76d1dfcf9282c1f.content-bg-on.centered-layout-list article {\n    padding: 0;\n  }\n  .blog-carousel-shortcode.blog-carousel-shortcode-id-dc2121cad820d5acf76d1dfcf9282c1f.blog-shortcode.dividers-on article,\n  .blog-carousel-shortcode.blog-carousel-shortcode-id-dc2121cad820d5acf76d1dfcf9282c1f.dividers-on.classic-layout-list article {\n    margin-top: 20px;\n    padding: 0;\n  }\n  .blog-carousel-shortcode.blog-carousel-shortcode-id-dc2121cad820d5acf76d1dfcf9282c1f.blog-shortcode.dividers-on article:first-of-type,\n  .blog-carousel-shortcode.blog-carousel-shortcode-id-dc2121cad820d5acf76d1dfcf9282c1f.dividers-on.classic-layout-list article:first-of-type {\n    padding: 0;\n  }\n  #page .blog-carousel-shortcode.blog-carousel-shortcode-id-dc2121cad820d5acf76d1dfcf9282c1f .post-thumbnail-wrap,\n  #page .blog-carousel-shortcode.blog-carousel-shortcode-id-dc2121cad820d5acf76d1dfcf9282c1f .post-entry-content {\n    width: 100%;\n    margin: 0;\n    top: 0;\n  }\n  #page .blog-carousel-shortcode.blog-carousel-shortcode-id-dc2121cad820d5acf76d1dfcf9282c1f .post-thumbnail-wrap {\n    padding: 0;\n  }\n  #page .blog-carousel-shortcode.blog-carousel-shortcode-id-dc2121cad820d5acf76d1dfcf9282c1f .post-entry-content:after {\n    display: none;\n  }\n  #page .blog-carousel-shortcode.blog-carousel-shortcode-id-dc2121cad820d5acf76d1dfcf9282c1f .project-even .post-thumbnail-wrap,\n  #page .blog-carousel-shortcode.blog-carousel-shortcode-id-dc2121cad820d5acf76d1dfcf9282c1f.centered-layout-list .post-thumbnail-wrap {\n    -ms-flex-order: 0;\n    order: 0;\n  }\n  #page .blog-carousel-shortcode.blog-carousel-shortcode-id-dc2121cad820d5acf76d1dfcf9282c1f.centered-layout-list .post-entry-title-content {\n    -ms-flex-order: 1;\n    order: 1;\n    width: 100%;\n    padding: 20px 20px 0;\n  }\n  #page .blog-carousel-shortcode.blog-carousel-shortcode-id-dc2121cad820d5acf76d1dfcf9282c1f.centered-layout-list .post-entry-content {\n    -ms-flex-order: 2;\n    order: 2;\n    padding-top: 0;\n  }\n  #page .blog-carousel-shortcode.blog-carousel-shortcode-id-dc2121cad820d5acf76d1dfcf9282c1f .fancy-categories {\n    top: 10px;\n    left: 10px;\n    bottom: auto;\n    right: auto;\n  }\n  #page .blog-carousel-shortcode.blog-carousel-shortcode-id-dc2121cad820d5acf76d1dfcf9282c1f .fancy-date a {\n    top: 10px;\n    right: 10px;\n    left: auto;\n    bottom: auto;\n  }\n  #page .blog-carousel-shortcode.blog-carousel-shortcode-id-dc2121cad820d5acf76d1dfcf9282c1f .post-entry-content {\n    padding: 20px;\n  }\n  #page .blog-carousel-shortcode.blog-carousel-shortcode-id-dc2121cad820d5acf76d1dfcf9282c1f .entry-title {\n    margin: 3px 0 5px;\n    font-size: 20px;\n    line-height: 26px;\n  }\n  #page .blog-carousel-shortcode.blog-carousel-shortcode-id-dc2121cad820d5acf76d1dfcf9282c1f .entry-meta {\n    margin: 5px 0 5px;\n  }\n  #page .blog-carousel-shortcode.blog-carousel-shortcode-id-dc2121cad820d5acf76d1dfcf9282c1f .entry-excerpt {\n    margin: 15px 0 0;\n  }\n  #page .blog-carousel-shortcode.blog-carousel-shortcode-id-dc2121cad820d5acf76d1dfcf9282c1f .post-details {\n    margin: 5px 0 10px;\n  }\n  #page .blog-carousel-shortcode.blog-carousel-shortcode-id-dc2121cad820d5acf76d1dfcf9282c1f .post-details.details-type-link {\n    margin-bottom: 2px;\n  }\n}\n.blog-carousel-shortcode.blog-carousel-shortcode-id-dc2121cad820d5acf76d1dfcf9282c1f.owl-carousel .owl-nav div {\n  width: 36px;\n  height: 36px;\n  border-radius: 500px;\n}\n.dt-arrow-border-on.blog-carousel-shortcode.blog-carousel-shortcode-id-dc2121cad820d5acf76d1dfcf9282c1f.owl-carousel .owl-nav div:not(:hover):before {\n  border-width: 0px;\n}\n.dt-arrow-hover-border-on.blog-carousel-shortcode.blog-carousel-shortcode-id-dc2121cad820d5acf76d1dfcf9282c1f.owl-carousel .owl-nav div:hover:after {\n  border-width: 0px;\n}\n.blog-carousel-shortcode.blog-carousel-shortcode-id-dc2121cad820d5acf76d1dfcf9282c1f.owl-carousel .owl-nav div.owl-prev {\n  top: 50%;\n  transform: translateY(calc(-50% + 0px));\n  left: -43px;\n}\n@media all and (-ms-high-contrast: none) {\n  .blog-carousel-shortcode.blog-carousel-shortcode-id-dc2121cad820d5acf76d1dfcf9282c1f.owl-carousel .owl-nav div.owl-prev {\n    transform: translateY(-50%);\n    margin-top: 0px;\n  }\n}\n.blog-carousel-shortcode.blog-carousel-shortcode-id-dc2121cad820d5acf76d1dfcf9282c1f.owl-carousel .owl-nav div.owl-prev i {\n  padding: 0px 0px 0px 0px;\n}\n.blog-carousel-shortcode.blog-carousel-shortcode-id-dc2121cad820d5acf76d1dfcf9282c1f.owl-carousel .owl-nav div.owl-next {\n  top: 50%;\n  transform: translateY(calc(-50% + 0px));\n  right: -43px;\n}\n@media all and (-ms-high-contrast: none) {\n  .blog-carousel-shortcode.blog-carousel-shortcode-id-dc2121cad820d5acf76d1dfcf9282c1f.owl-carousel .owl-nav div.owl-next {\n    transform: translateY(-50%);\n    margin-top: 0px;\n  }\n}\n.blog-carousel-shortcode.blog-carousel-shortcode-id-dc2121cad820d5acf76d1dfcf9282c1f.owl-carousel .owl-nav div.owl-next i {\n  padding: 0px 0px 0px 0px;\n}\n.blog-carousel-shortcode.blog-carousel-shortcode-id-dc2121cad820d5acf76d1dfcf9282c1f.owl-carousel .owl-nav i {\n  font-size: 18px;\n}\n.blog-carousel-shortcode.blog-carousel-shortcode-id-dc2121cad820d5acf76d1dfcf9282c1f.owl-carousel .owl-nav div:not(:hover) i,\n.blog-carousel-shortcode.blog-carousel-shortcode-id-dc2121cad820d5acf76d1dfcf9282c1f.owl-carousel .owl-nav div:not(:hover) i:before {\n  color: #ffffff;\n  background: none;\n}\n.blog-carousel-shortcode.blog-carousel-shortcode-id-dc2121cad820d5acf76d1dfcf9282c1f.owl-carousel .owl-nav div:hover i,\n.blog-carousel-shortcode.blog-carousel-shortcode-id-dc2121cad820d5acf76d1dfcf9282c1f.owl-carousel .owl-nav div:hover i:before {\n  color: rgba(255,255,255,0.75);\n  background: none;\n}\n.blog-carousel-shortcode.blog-carousel-shortcode-id-dc2121cad820d5acf76d1dfcf9282c1f .owl-dots {\n  top: calc(100% + 20px);\n  left: 50%;\n  transform: translateX(calc(-50% + 0px));\n}\n@media all and (-ms-high-contrast: none) {\n  .blog-carousel-shortcode.blog-carousel-shortcode-id-dc2121cad820d5acf76d1dfcf9282c1f .owl-dots {\n    transform: translateX(-50%);\n    margin-left: 0px;\n  }\n}\n.blog-carousel-shortcode.blog-carousel-shortcode-id-dc2121cad820d5acf76d1dfcf9282c1f .owl-dot {\n  width: 10px;\n  height: 10px;\n  margin: 0 8px;\n}\n@media screen and (max-width: 778px) {\n  .blog-carousel-shortcode.blog-carousel-shortcode-id-dc2121cad820d5acf76d1dfcf9282c1f.hide-arrows .owl-nav a {\n    display: none;\n  }\n}\n@media screen and (max-width: 778px) {\n  .blog-carousel-shortcode.blog-carousel-shortcode-id-dc2121cad820d5acf76d1dfcf9282c1f.reposition-arrows .owl-nav div.owl-prev {\n    top: 50%;\n    transform: translateY(calc(-50% + 0px));\n    left: 10px;\n  }\n  .blog-carousel-shortcode.blog-carousel-shortcode-id-dc2121cad820d5acf76d1dfcf9282c1f.reposition-arrows .owl-nav div.owl-next {\n    top: 50%;\n    transform: translateY(calc(-50% + 0px));\n    right: 10px;\n  }\n}\n@media screen and (max-width: 778px) and all and (-ms-high-contrast: none) {\n  .blog-carousel-shortcode.blog-carousel-shortcode-id-dc2121cad820d5acf76d1dfcf9282c1f.reposition-arrows .owl-nav div.owl-prev {\n    transform: translateY(-50%);\n    margin-top: 0px;\n  }\n}\n@media screen and (max-width: 778px) and all and (-ms-high-contrast: none) {\n  .blog-carousel-shortcode.blog-carousel-shortcode-id-dc2121cad820d5acf76d1dfcf9282c1f.reposition-arrows .owl-nav div.owl-next {\n    transform: translateY(-50%);\n    margin-top: 0px;\n  }\n}<\/style><div class=\"owl-carousel blog-carousel-shortcode dt-owl-carousel-call blog-carousel-shortcode-id-dc2121cad820d5acf76d1dfcf9282c1f classic-layout-list scale-img dt-icon-bg-off dt-arrow-border-on dt-arrow-hover-border-on meta-info-off bullets-small-dot-stroke reposition-arrows arrows-bg-on disable-arrows-hover-bg arrows-hover-bg-on\" data-scroll-mode=\"1\" data-col-num=\"3\" data-wide-col-num=\"4\" data-laptop-col=\"3\" data-h-tablet-columns-num=\"3\" data-v-tablet-columns-num=\"2\" data-phone-columns-num=\"1\" data-auto-height=\"true\" data-col-gap=\"30\" data-stage-padding=\"0\" data-speed=\"600\" data-autoplay=\"false\" data-autoplay_speed=\"6000\" data-arrows=\"true\" data-bullet=\"false\" data-next-icon=\"icon-ar-017-r\" data-prev-icon=\"icon-ar-017-l\"><article class=\"post post-5703 type-post status-publish format-standard has-post-thumbnail hentry category-fisioterapia tag-fisioterapia category-6 description-off\" data-name=\"Eletroterapia na Fisioterapia: Ultrassom Terap\u00eautico, TENS, EMS e Laser\" data-date=\"2026-01-21T15:34:14+00:00\">\n\n<div class=\"post-thumbnail-wrap\">\n\t<div class=\"post-thumbnail\">\n\t\t\n\t\t\n\t\t<a href=\"https:\/\/integrativa.pt\/en\/eletroterapia-na-fisioterapia-ultrassom-terapeutico-tens-ems-e-laser\/\" class=\"post-thumbnail-rollover layzr-bg\" ><img fetchpriority=\"high\" decoding=\"async\" class=\"preload-me owl-lazy-load aspect\" src=\"data:image\/svg+xml,%3Csvg%20xmlns%3D&#39;http%3A%2F%2Fwww.w3.org%2F2000%2Fsvg&#39;%20viewBox%3D&#39;0%200%20768%20512&#39;%2F%3E\" data-src=\"https:\/\/integrativa.pt\/wp-content\/uploads\/2026\/01\/Eletroterapia-na-Fisioterapia-3-768x512.avif\" data-srcset=\"https:\/\/integrativa.pt\/wp-content\/uploads\/2026\/01\/Eletroterapia-na-Fisioterapia-3-768x512.avif 768w, https:\/\/integrativa.pt\/wp-content\/uploads\/2026\/01\/Eletroterapia-na-Fisioterapia-3-1152x768.avif 1152w\" loading=\"eager\" style=\"--ratio: 768 \/ 512\" sizes=\"(max-width: 768px) 100vw, 768px\" alt=\"\" title=\"Electrotherapy in Physiotherapy\" width=\"768\" height=\"512\"  \/><\/a>\t<\/div>\n<\/div>\n\n\n<div class=\"post-entry-content\">\n\n\t<h3 class=\"entry-title\">\n\t\t<a href=\"https:\/\/integrativa.pt\/en\/eletroterapia-na-fisioterapia-ultrassom-terapeutico-tens-ems-e-laser\/\" title=\"Electrotherapy in Physiotherapy: Therapeutic Ultrasound, TENS, EMS and Laser\" rel=\"bookmark\">Electrotherapy in Physiotherapy: Therapeutic Ultrasound, TENS, EMS and Laser<\/a>\n\t<\/h3>\n\n\t\n\t\n\t\n<a href=\"https:\/\/integrativa.pt\/en\/eletroterapia-na-fisioterapia-ultrassom-terapeutico-tens-ems-e-laser\/\" class=\"post-details details-type-link\" aria-label=\"Read more about Electrotherapy in Physiotherapy: Therapeutic Ultrasound, TENS, EMS and Laser\">Read more<i class=\"dt-icon-the7-arrow-03\" aria-hidden=\"true\"><\/i><\/a>\n\n<\/div><\/article><article class=\"post post-2922 type-post status-publish format-standard has-post-thumbnail hentry category-dor-lombar category-fisioterapia category-sono category-sono-4-pilares-da-saude tag-fisioterapia tag-osteopatia tag-pilates-clinico category-50 category-6 category-36 category-37 description-off\" data-name=\"A melhor posi\u00e7\u00e3o para dormir existe? Como adaptar a postura ao seu corpo\" data-date=\"2024-01-02T13:40:14+00:00\">\n\n<div class=\"post-thumbnail-wrap\">\n\t<div class=\"post-thumbnail\">\n\t\t\n\t\t\n\t\t<a href=\"https:\/\/integrativa.pt\/en\/a-melhor-posicao-para-dormir-existe-como-adaptar-a-postura-ao-seu-corpo\/\" class=\"post-thumbnail-rollover layzr-bg\" ><img decoding=\"async\" class=\"preload-me owl-lazy-load aspect\" src=\"data:image\/svg+xml,%3Csvg%20xmlns%3D&#39;http%3A%2F%2Fwww.w3.org%2F2000%2Fsvg&#39;%20viewBox%3D&#39;0%200%20768%20512&#39;%2F%3E\" data-src=\"https:\/\/integrativa.pt\/wp-content\/uploads\/2024\/01\/Consulta-Integrativa-do-Sono-768x512.webp\" data-srcset=\"https:\/\/integrativa.pt\/wp-content\/uploads\/2024\/01\/Consulta-Integrativa-do-Sono-768x512.webp 768w, https:\/\/integrativa.pt\/wp-content\/uploads\/2024\/01\/Consulta-Integrativa-do-Sono-1152x768.webp 1152w\" loading=\"eager\" style=\"--ratio: 768 \/ 512\" sizes=\"(max-width: 768px) 100vw, 768px\" alt=\"\" title=\"Integrative Sleep Consultation\" width=\"768\" height=\"512\"  \/><\/a>\t<\/div>\n<\/div>\n\n\n<div class=\"post-entry-content\">\n\n\t<h3 class=\"entry-title\">\n\t\t<a href=\"https:\/\/integrativa.pt\/en\/a-melhor-posicao-para-dormir-existe-como-adaptar-a-postura-ao-seu-corpo\/\" title=\"Is there such a thing as the best sleeping position? How to adapt your posture to your body\" rel=\"bookmark\">Is there such a thing as the best sleeping position? How to adapt your posture to your body<\/a>\n\t<\/h3>\n\n\t\n\t\n\t\n<a href=\"https:\/\/integrativa.pt\/en\/a-melhor-posicao-para-dormir-existe-como-adaptar-a-postura-ao-seu-corpo\/\" class=\"post-details details-type-link\" aria-label=\"Read more about Is there a best sleeping position? How to adapt your posture to your body\">Read more<i class=\"dt-icon-the7-arrow-03\" aria-hidden=\"true\"><\/i><\/a>\n\n<\/div><\/article><article class=\"post post-3547 type-post status-publish format-standard has-post-thumbnail hentry category-fisioterapia category-fisioterapia-em-paralisia-facial tag-fisioterapia tag-osteopatia tag-pilates-clinico category-6 category-39 description-off\" data-name=\"Prote\u00e7\u00e3o ocular na paralisia facial: cuidados essenciais\" data-date=\"2024-06-25T11:50:01+00:00\">\n\n<div class=\"post-thumbnail-wrap\">\n\t<div class=\"post-thumbnail\">\n\t\t\n\t\t\n\t\t<a href=\"https:\/\/integrativa.pt\/en\/protecao-ocular-na-paralisia-facial-cuidados-essenciais\/\" class=\"post-thumbnail-rollover layzr-bg\" ><img decoding=\"async\" class=\"preload-me owl-lazy-load aspect\" src=\"data:image\/svg+xml,%3Csvg%20xmlns%3D&#39;http%3A%2F%2Fwww.w3.org%2F2000%2Fsvg&#39;%20viewBox%3D&#39;0%200%20768%20512&#39;%2F%3E\" data-src=\"https:\/\/integrativa.pt\/wp-content\/uploads\/2025\/10\/Fisioterapia-Paralisia-Facial-Integrativa-Lisboa-Alexandra-768x512.webp\" data-srcset=\"https:\/\/integrativa.pt\/wp-content\/uploads\/2025\/10\/Fisioterapia-Paralisia-Facial-Integrativa-Lisboa-Alexandra-768x512.webp 768w, https:\/\/integrativa.pt\/wp-content\/uploads\/2025\/10\/Fisioterapia-Paralisia-Facial-Integrativa-Lisboa-Alexandra-1152x768.webp 1152w\" loading=\"eager\" style=\"--ratio: 768 \/ 512\" sizes=\"(max-width: 768px) 100vw, 768px\" alt=\"\" title=\"Integrative Facial Palsy Physiotherapy Lisbon Alexandra\" width=\"768\" height=\"512\"  \/><\/a>\t<\/div>\n<\/div>\n\n\n<div class=\"post-entry-content\">\n\n\t<h3 class=\"entry-title\">\n\t\t<a href=\"https:\/\/integrativa.pt\/en\/protecao-ocular-na-paralisia-facial-cuidados-essenciais\/\" title=\"Eye protection in facial paralysis: essential care\" rel=\"bookmark\">Eye protection in facial paralysis: essential care<\/a>\n\t<\/h3>\n\n\t\n\t\n\t\n<a href=\"https:\/\/integrativa.pt\/en\/protecao-ocular-na-paralisia-facial-cuidados-essenciais\/\" class=\"post-details details-type-link\" aria-label=\"Read more about Eye protection in facial paralysis: essential care\">Read more<i class=\"dt-icon-the7-arrow-03\" aria-hidden=\"true\"><\/i><\/a>\n\n<\/div><\/article><article class=\"post post-6067 type-post status-publish format-standard has-post-thumbnail hentry category-fisioterapia-em-saude-da-mulher category-pilates-clinico tag-fisioterapia tag-pilates-clinico category-47 category-9 description-off\" data-name=\"Pilates Cl\u00ednico no P\u00f3s-Parto: reorganizar o movimento ap\u00f3s o nascimento do beb\u00e9\" data-date=\"2026-02-11T15:16:43+00:00\">\n\n<div class=\"post-thumbnail-wrap\">\n\t<div class=\"post-thumbnail\">\n\t\t\n\t\t\n\t\t<a href=\"https:\/\/integrativa.pt\/en\/pilates-clinico-no-pos-parto-reorganizar-o-movimento-apos-o-nascimento-do-bebe\/\" class=\"post-thumbnail-rollover layzr-bg\" ><img decoding=\"async\" class=\"preload-me owl-lazy-load aspect\" src=\"data:image\/svg+xml,%3Csvg%20xmlns%3D&#39;http%3A%2F%2Fwww.w3.org%2F2000%2Fsvg&#39;%20viewBox%3D&#39;0%200%20768%20512&#39;%2F%3E\" data-src=\"https:\/\/integrativa.pt\/wp-content\/uploads\/2025\/01\/Fisioterapia-Pos-Parto-Lisboa-768x512.webp\" data-srcset=\"https:\/\/integrativa.pt\/wp-content\/uploads\/2025\/01\/Fisioterapia-Pos-Parto-Lisboa-768x512.webp 768w, https:\/\/integrativa.pt\/wp-content\/uploads\/2025\/01\/Fisioterapia-Pos-Parto-Lisboa-1152x768.webp 1152w\" loading=\"eager\" style=\"--ratio: 768 \/ 512\" sizes=\"(max-width: 768px) 100vw, 768px\" alt=\"\" title=\"Postpartum Physiotherapy Lisbon\" width=\"768\" height=\"512\"  \/><\/a>\t<\/div>\n<\/div>\n\n\n<div class=\"post-entry-content\">\n\n\t<h3 class=\"entry-title\">\n\t\t<a href=\"https:\/\/integrativa.pt\/en\/pilates-clinico-no-pos-parto-reorganizar-o-movimento-apos-o-nascimento-do-bebe\/\" title=\"Clinical Pilates in Postpartum: reorganising movement after the birth of a baby\" rel=\"bookmark\">Clinical Pilates in Postpartum: reorganising movement after the birth of a baby<\/a>\n\t<\/h3>\n\n\t\n\t\n\t\n<a href=\"https:\/\/integrativa.pt\/en\/pilates-clinico-no-pos-parto-reorganizar-o-movimento-apos-o-nascimento-do-bebe\/\" class=\"post-details details-type-link\" aria-label=\"Read more about Clinical Pilates in Postpartum: reorganising movement after the birth of a baby\">Read more<i class=\"dt-icon-the7-arrow-03\" aria-hidden=\"true\"><\/i><\/a>\n\n<\/div><\/article><article class=\"post post-2996 type-post status-publish format-standard has-post-thumbnail hentry category-fisioterapia category-fisioterapia-em-paralisia-facial tag-fisioterapia tag-osteopatia tag-pilates-clinico category-6 category-39 description-off\" data-name=\"Fisioterapia especializada em paralisia facial em Lisboa: avalia\u00e7\u00e3o, reeduca\u00e7\u00e3o neuromuscular e recupera\u00e7\u00e3o funcional\" data-date=\"2024-02-11T11:45:40+00:00\">\n\n<div class=\"post-thumbnail-wrap\">\n\t<div class=\"post-thumbnail\">\n\t\t\n\t\t\n\t\t<a href=\"https:\/\/integrativa.pt\/en\/fisioterapia-especializada-em-paralisia-facial-em-lisboa-avaliacao-reeducacao-neuromuscular-e-recuperacao-funcional\/\" class=\"post-thumbnail-rollover layzr-bg\" ><img decoding=\"async\" class=\"preload-me owl-lazy-load aspect\" src=\"data:image\/svg+xml,%3Csvg%20xmlns%3D&#39;http%3A%2F%2Fwww.w3.org%2F2000%2Fsvg&#39;%20viewBox%3D&#39;0%200%20768%20512&#39;%2F%3E\" data-src=\"https:\/\/integrativa.pt\/wp-content\/uploads\/2024\/02\/Fisioterapia-Paralisia-Facia-Integrativa-Lisboa-768x512.avif\" data-srcset=\"https:\/\/integrativa.pt\/wp-content\/uploads\/2024\/02\/Fisioterapia-Paralisia-Facia-Integrativa-Lisboa-768x512.avif 768w, https:\/\/integrativa.pt\/wp-content\/uploads\/2024\/02\/Fisioterapia-Paralisia-Facia-Integrativa-Lisboa-1152x768.avif 1152w\" loading=\"eager\" style=\"--ratio: 768 \/ 512\" sizes=\"(max-width: 768px) 100vw, 768px\" alt=\"\" title=\"Integrative Facial Paralysis Physiotherapy Lisbon\" width=\"768\" height=\"512\"  \/><\/a>\t<\/div>\n<\/div>\n\n\n<div class=\"post-entry-content\">\n\n\t<h3 class=\"entry-title\">\n\t\t<a href=\"https:\/\/integrativa.pt\/en\/fisioterapia-especializada-em-paralisia-facial-em-lisboa-avaliacao-reeducacao-neuromuscular-e-recuperacao-funcional\/\" title=\"Physiotherapy specialising in facial paralysis in Lisbon: assessment, neuromuscular re-education and functional recovery\" rel=\"bookmark\">Physiotherapy specialising in facial paralysis in Lisbon: assessment, neuromuscular re-education and functional recovery<\/a>\n\t<\/h3>\n\n\t\n\t\n\t\n<a href=\"https:\/\/integrativa.pt\/en\/fisioterapia-especializada-em-paralisia-facial-em-lisboa-avaliacao-reeducacao-neuromuscular-e-recuperacao-funcional\/\" class=\"post-details details-type-link\" aria-label=\"Read more about Physiotherapy specialising in facial paralysis in Lisbon: assessment, neuromuscular re-education and functional recovery\">Read more<i class=\"dt-icon-the7-arrow-03\" aria-hidden=\"true\"><\/i><\/a>\n\n<\/div><\/article><article class=\"post post-3638 type-post status-publish format-standard has-post-thumbnail hentry category-fisioterapia category-fisioterapia-em-paralisia-facial tag-fisioterapia tag-osteopatia tag-pilates-clinico category-6 category-39 description-off\" data-name=\"Paralisia facial: 10 erros frequentes que podem comprometer a recupera\u00e7\u00e3o\" data-date=\"2025-01-05T12:02:19+00:00\">\n\n<div class=\"post-thumbnail-wrap\">\n\t<div class=\"post-thumbnail\">\n\t\t\n\t\t\n\t\t<a href=\"https:\/\/integrativa.pt\/en\/paralisia-facial-10-erros-frequentes-que-podem-comprometer-a-recuperacao\/\" class=\"post-thumbnail-rollover layzr-bg\" ><img decoding=\"async\" class=\"preload-me owl-lazy-load aspect\" src=\"data:image\/svg+xml,%3Csvg%20xmlns%3D&#39;http%3A%2F%2Fwww.w3.org%2F2000%2Fsvg&#39;%20viewBox%3D&#39;0%200%20768%20512&#39;%2F%3E\" data-src=\"https:\/\/integrativa.pt\/wp-content\/uploads\/2025\/10\/Fisioterapia-Lisboa-Alexandra-Paralisia-Facial-Integrativa-768x512.webp\" data-srcset=\"https:\/\/integrativa.pt\/wp-content\/uploads\/2025\/10\/Fisioterapia-Lisboa-Alexandra-Paralisia-Facial-Integrativa-768x512.webp 768w, https:\/\/integrativa.pt\/wp-content\/uploads\/2025\/10\/Fisioterapia-Lisboa-Alexandra-Paralisia-Facial-Integrativa-1152x768.webp 1152w\" loading=\"eager\" style=\"--ratio: 768 \/ 512\" sizes=\"(max-width: 768px) 100vw, 768px\" alt=\"\" title=\"Physiotherapy Lisbon Alexandra Integrative Facial Palsy\" width=\"768\" height=\"512\"  \/><\/a>\t<\/div>\n<\/div>\n\n\n<div class=\"post-entry-content\">\n\n\t<h3 class=\"entry-title\">\n\t\t<a href=\"https:\/\/integrativa.pt\/en\/paralisia-facial-10-erros-frequentes-que-podem-comprometer-a-recuperacao\/\" title=\"Facial paralysis: 10 common mistakes that can jeopardise recovery\" rel=\"bookmark\">Facial paralysis: 10 common mistakes that can jeopardise recovery<\/a>\n\t<\/h3>\n\n\t\n\t\n\t\n<a href=\"https:\/\/integrativa.pt\/en\/paralisia-facial-10-erros-frequentes-que-podem-comprometer-a-recuperacao\/\" class=\"post-details details-type-link\" aria-label=\"Read more about Facial Paralysis: 10 common mistakes that can jeopardise recovery\">Read more<i class=\"dt-icon-the7-arrow-03\" aria-hidden=\"true\"><\/i><\/a>\n\n<\/div><\/article><\/div><\/div><\/div><\/div><\/div>\n<\/div>","protected":false},"excerpt":{"rendered":"<p>Flat feet, also known as flat feet or valgus flat feet, is a common condition characterised by a reduced or absent medial plantar arch. In these situations, a large part of the sole of the foot comes into contact with the ground during walking or standing. Although it is often seen as a...<\/p>","protected":false},"author":1,"featured_media":5540,"comment_status":"closed","ping_status":"open","sticky":false,"template":"","format":"standard","meta":{"inline_featured_image":false,"footnotes":""},"categories":[6,54],"tags":[4,27,8],"class_list":["post-7088","post","type-post","status-publish","format-standard","has-post-thumbnail","hentry","category-fisioterapia","category-fisioterapia-musculo-esqueletica","tag-fisioterapia","tag-osteopatia","tag-pilates-clinico","category-6","category-54","description-off"],"_links":{"self":[{"href":"https:\/\/integrativa.pt\/en\/wp-json\/wp\/v2\/posts\/7088","targetHints":{"allow":["GET"]}}],"collection":[{"href":"https:\/\/integrativa.pt\/en\/wp-json\/wp\/v2\/posts"}],"about":[{"href":"https:\/\/integrativa.pt\/en\/wp-json\/wp\/v2\/types\/post"}],"author":[{"embeddable":true,"href":"https:\/\/integrativa.pt\/en\/wp-json\/wp\/v2\/users\/1"}],"replies":[{"embeddable":true,"href":"https:\/\/integrativa.pt\/en\/wp-json\/wp\/v2\/comments?post=7088"}],"version-history":[{"count":0,"href":"https:\/\/integrativa.pt\/en\/wp-json\/wp\/v2\/posts\/7088\/revisions"}],"wp:featuredmedia":[{"embeddable":true,"href":"https:\/\/integrativa.pt\/en\/wp-json\/wp\/v2\/media\/5540"}],"wp:attachment":[{"href":"https:\/\/integrativa.pt\/en\/wp-json\/wp\/v2\/media?parent=7088"}],"wp:term":[{"taxonomy":"category","embeddable":true,"href":"https:\/\/integrativa.pt\/en\/wp-json\/wp\/v2\/categories?post=7088"},{"taxonomy":"post_tag","embeddable":true,"href":"https:\/\/integrativa.pt\/en\/wp-json\/wp\/v2\/tags?post=7088"}],"curies":[{"name":"wp","href":"https:\/\/api.w.org\/{rel}","templated":true}]}}