{"id":7336,"date":"2026-04-27T11:05:14","date_gmt":"2026-04-27T11:05:14","guid":{"rendered":"https:\/\/integrativa.pt\/?p=7336"},"modified":"2026-04-27T20:59:22","modified_gmt":"2026-04-27T20:59:22","slug":"the-importance-of-specialized-physiotherapy-in-bells-palsy","status":"publish","type":"post","link":"https:\/\/integrativa.pt\/en\/a-importancia-da-fisioterapia-especializada-na-paralisia-de-bell\/","title":{"rendered":"The importance of specialised physiotherapy in Bell's Palsy"},"content":{"rendered":"<div class=\"wpb-content-wrapper\"><div class=\"vc_row wpb_row vc_row-fluid\"><div class=\"wpb_column vc_column_container vc_col-sm-12\"><div class=\"vc_column-inner\"><div class=\"wpb_wrapper\">\n\t<div class=\"wpb_text_column wpb_content_element\" >\n\t\t<div class=\"wpb_wrapper\">\n\t\t\t<p>A paralisia de Bell \u00e9 uma condi\u00e7\u00e3o neurol\u00f3gica que afeta o nervo facial e provoca fraqueza ou paralisia dos m\u00fasculos de um dos lados da face. Apesar de, na maioria dos casos, ser tempor\u00e1ria, pode ter um impacto significativo na qualidade de vida, interferindo com a\u00e7\u00f5es simples do dia a dia, como falar, mastigar, pestanejar, sorrir e expressar emo\u00e7\u00f5es.<\/p>\n<p>Neste processo, a fisioterapia especializada na paralisia facial tem um papel essencial. Mais do que recuperar movimento, o objetivo \u00e9 ajudar o paciente a recuperar controlo, simetria, express\u00e3o facial e confian\u00e7a.<\/p>\n<h4>What is Bell's Palsy?<\/h4>\n<p>A paralisia de Bell, tamb\u00e9m conhecida como paralisia facial perif\u00e9rica idiop\u00e1tica, caracteriza-se por uma perda s\u00fabita de movimento dos m\u00fasculos de um dos lados do rosto. Esta altera\u00e7\u00e3o est\u00e1 associada \u00e0 inflama\u00e7\u00e3o ou compress\u00e3o do nervo facial, tamb\u00e9m chamado VII par craniano.<\/p>\n<p>A causa exata nem sempre \u00e9 identificada, mas alguns fatores parecem estar relacionados com maior risco, como infe\u00e7\u00f5es virais, stress, gravidez, diabetes e altera\u00e7\u00f5es do sistema imunit\u00e1rio.<\/p>\n<p>Os sinais mais comuns incluem:<\/p>\n<ul>\n<li>Facial asymmetry<\/li>\n<li>Desvio da boca para o lado n\u00e3o afetado<\/li>\n<li>Dificuldade em fechar o olho<\/li>\n<li>Dificuldade em enrugar a testa<\/li>\n<li>Alargamento da fenda palpebral<\/li>\n<li>Perda das rugas naturais do rosto<\/li>\n<li>Altera\u00e7\u00f5es na fala, na alimenta\u00e7\u00e3o e na express\u00e3o emocional<\/li>\n<\/ul>\n<p>Para al\u00e9m dos sintomas f\u00edsicos, a paralisia facial pode afetar a autoestima, a comunica\u00e7\u00e3o e as rela\u00e7\u00f5es sociais. Por isso, o acompanhamento adequado \u00e9 importante desde as fases iniciais.<\/p>\n<h4>O papel da fisioterapia especializada na paralisia facial<\/h4>\n<p>A fisioterapia especializada em paralisia de Bell distingue-se por uma abordagem espec\u00edfica \u00e0 fun\u00e7\u00e3o do nervo facial e dos m\u00fasculos da face. Os m\u00fasculos faciais s\u00e3o diferentes dos restantes m\u00fasculos do corpo, porque est\u00e3o diretamente ligados \u00e0 express\u00e3o, \u00e0 comunica\u00e7\u00e3o e a movimentos muito precisos, como sorrir, fechar os olhos ou franzir a testa.<\/p>\n<p>Por esse motivo, a recupera\u00e7\u00e3o n\u00e3o deve basear-se apenas em \u201cganhar for\u00e7a\u201d. O mais importante \u00e9 recuperar movimento com qualidade, controlo e simetria.<\/p>\n<h5>Reeduca\u00e7\u00e3o Neuromuscular Facial<\/h5>\n<p>A reeduca\u00e7\u00e3o neuromuscular \u00e9 uma das principais \u00e1reas de interven\u00e7\u00e3o na fisioterapia para paralisia facial. O objetivo \u00e9 ajudar o paciente a reaprender movimentos faciais de forma controlada e progressiva.<\/p>\n<p>A interven\u00e7\u00e3o pode incluir trabalho sobre:<\/p>\n<ul>\n<li>Ativa\u00e7\u00e3o muscular suave e controlada<\/li>\n<li>Controlo motor fino<\/li>\n<li>Coordena\u00e7\u00e3o entre diferentes grupos musculares<\/li>\n<li>Relaxamento da musculatura facial<\/li>\n<li>Consci\u00eancia do movimento<\/li>\n<li>Preven\u00e7\u00e3o de compensa\u00e7\u00f5es<\/li>\n<\/ul>\n<p>Esta abordagem permite que o movimento volte de forma mais organizada, evitando esfor\u00e7o excessivo e compensa\u00e7\u00f5es ou padr\u00f5es inadequados.<\/p>\n<h5>Preven\u00e7\u00e3o de complica\u00e7\u00f5es<\/h5>\n<p>Uma das grandes vantagens da fisioterapia especializada \u00e9 a preven\u00e7\u00e3o de complica\u00e7\u00f5es associadas \u00e0 paralisia facial.<\/p>\n<p>Sem acompanhamento adequado, podem surgir altera\u00e7\u00f5es como:<\/p>\n<ul>\n<li>Muscle spasms<\/li>\n<li>Rigidez facial<\/li>\n<li>Atrofia por desuso<\/li>\n<li>Movimentos compensat\u00f3rios<\/li>\n<li>Synaesthesia<\/li>\n<\/ul>\n<p>As sincinesias s\u00e3o movimentos involunt\u00e1rios que aparecem durante um movimento volunt\u00e1rio. Por exemplo, o paciente tenta sorrir e o olho fecha ao mesmo tempo. Estas altera\u00e7\u00f5es podem tornar-se persistentes e interferir bastante com a express\u00e3o facial.<\/p>\n<p>A fisioterapia ajuda a reduzir este risco atrav\u00e9s de exerc\u00edcios adequados, orienta\u00e7\u00e3o individualizada e controlo da intensidade dos movimentos.<\/p>\n<h4>A import\u00e2ncia do in\u00edcio precoce da fisioterapia especializada<\/h4>\n<p>A fisioterapia especializada na paralisia de Bell deve come\u00e7ar o mais cedo poss\u00edvel ap\u00f3s o diagn\u00f3stico m\u00e9dico. As primeiras fases s\u00e3o importantes para orientar o paciente, proteger a fun\u00e7\u00e3o facial e evitar h\u00e1bitos que possam prejudicar a recupera\u00e7\u00e3o.<\/p>\n<p>Nesta fase, o fisioterapeuta pode ajudar a:<\/p>\n<ul>\n<li>Explicar o que deve e n\u00e3o deve ser feito<\/li>\n<li>Manter a mobilidade e flexibilidade dos tecidos<\/li>\n<li>Prevenir tens\u00e3o excessiva<\/li>\n<li>Evitar movimentos compensat\u00f3rios<\/li>\n<li>Promover uma recupera\u00e7\u00e3o mais equilibrada<\/li>\n<li>Acompanhar a evolu\u00e7\u00e3o cl\u00ednica<\/li>\n<\/ul>\n<p>O in\u00edcio precoce n\u00e3o significa fazer muitos exerc\u00edcios ou for\u00e7ar a musculatura. Pelo contr\u00e1rio, significa receber orienta\u00e7\u00e3o adequada desde o in\u00edcio para evitar est\u00edmulos errados.<\/p>\n<h4>O que evitar durante a recupera\u00e7\u00e3o da Paralisia de Bell<\/h4>\n<p>Existem pr\u00e1ticas muito divulgadas que podem prejudicar a recupera\u00e7\u00e3o da paralisia facial. Nem todos os exerc\u00edcios s\u00e3o indicados e, em alguns casos, podem aumentar o risco de compensa\u00e7\u00f5es e sincinesias.<\/p>\n<p>Durante a recupera\u00e7\u00e3o, n\u00e3o \u00e9 aconselh\u00e1vel fazer exerc\u00edcios sem supervis\u00e3o, como:<\/p>\n<ul>\n<li>Mastigar pastilha el\u00e1stica<\/li>\n<li>Soprar bal\u00f5es<\/li>\n<li>Fazer caretas repetidas<\/li>\n<li>For\u00e7ar sorrisos<\/li>\n<li>Treinar movimentos intensos em frente ao espelho sem orienta\u00e7\u00e3o<\/li>\n<\/ul>\n<p>Estes est\u00edmulos podem levar a um recrutamento excessivo dos m\u00fasculos faciais e dificultar a recupera\u00e7\u00e3o organizada do nervo facial.<\/p>\n<h4>Uma abordagem baseada na evid\u00eancia<\/h4>\n<p>A abordagem atual da fisioterapia na paralisia facial valoriza o controlo do movimento, a qualidade da ativa\u00e7\u00e3o muscular e o relaxamento facial.<\/p>\n<p>Algumas t\u00e9cnicas tradicionais, como gelo, est\u00edmulos r\u00e1pidos, eletroestimula\u00e7\u00e3o e exerc\u00edcios intensos de m\u00edmica facial, devem ser avaliadas com cuidado. Em muitos casos, estas estrat\u00e9gias focam-se demasiado no ganho de for\u00e7a e n\u00e3o consideram aspetos essenciais, como a capacidade do nervo facial gerar movimento adequado, a coordena\u00e7\u00e3o muscular e a preven\u00e7\u00e3o de sincinesias.<\/p>\n<p>Cada caso deve ser avaliado individualmente. A escolha das t\u00e9cnicas depende da fase da paralisia, da presen\u00e7a de movimento, da simetria facial, da sensibilidade, da dor, da rigidez e do impacto funcional.<\/p>\n<h4>Avalia\u00e7\u00e3o cl\u00ednica especializada<\/h4>\n<p>Antes de iniciar qualquer plano de tratamento, \u00e9 fundamental realizar uma avalia\u00e7\u00e3o cl\u00ednica detalhada.<\/p>\n<p>Na avalia\u00e7\u00e3o da paralisia facial, o fisioterapeuta observa e avalia:<\/p>\n<ul>\n<li><span style=\"text-decoration: underline;\">Mobilidade:<\/span> Amplitude dos movimentos faciais<\/li>\n<li><span style=\"text-decoration: underline;\">Simetria<\/span>: Equil\u00edbrio entre os dois lados da face<\/li>\n<li><span style=\"text-decoration: underline;\">For\u00e7a muscular<\/span>: Capacidade de contra\u00e7\u00e3o dos m\u00fasculos faciais<\/li>\n<li><span style=\"text-decoration: underline;\">Coordena\u00e7\u00e3o:<\/span> Qualidade e integra\u00e7\u00e3o dos movimentos<\/li>\n<li><span style=\"text-decoration: underline;\">Compensa\u00e7\u00f5es:<\/span> Movimentos anormais ou excessivos<\/li>\n<li><span style=\"text-decoration: underline;\">Sincinesias:<\/span> Presen\u00e7a de movimentos involunt\u00e1rios associados<\/li>\n<li><span style=\"text-decoration: underline;\">Fun\u00e7\u00e3o:<\/span> Fala, mastiga\u00e7\u00e3o, degluti\u00e7\u00e3o, pestanejo e express\u00e3o emocional<\/li>\n<\/ul>\n<p>Esta avalia\u00e7\u00e3o permite criar um plano de fisioterapia individualizado, adaptado \u00e0 fase de recupera\u00e7\u00e3o e aos objetivos de cada pessoa.<\/p>\n<h4>Uma perspetiva integrativa na recupera\u00e7\u00e3o facial<\/h4>\n<p>A recupera\u00e7\u00e3o da paralisia de Bell envolve muito mais do que o movimento dos m\u00fasculos da face. Existe uma dimens\u00e3o neurol\u00f3gica, muscular, funcional e emocional.<\/p>\n<p>Uma abordagem integrativa considera todos estes fatores. O objetivo \u00e9 promover uma recupera\u00e7\u00e3o mais completa, respeitando o ritmo do nervo facial e ajudando o paciente a recuperar seguran\u00e7a na sua express\u00e3o.<\/p>\n<p>Na Integrativa, <a href=\"https:\/\/integrativa.pt\/en\/specialities\/physiotherapy\/physiotherapy-specialising-in-facial-paralysis\/\">a fisioterapia especializada na paralisia facial<\/a> procura trabalhar a fun\u00e7\u00e3o, a consci\u00eancia corporal, a coordena\u00e7\u00e3o e o bem-estar global da pessoa.<\/p>\n<p>A fisioterapia especializada \u00e9 uma parte essencial no tratamento da paralisia de Bell. Quando iniciada precocemente e orientada por uma avalia\u00e7\u00e3o cl\u00ednica rigorosa, pode ajudar a melhorar a recupera\u00e7\u00e3o facial, reduzir o risco de complica\u00e7\u00f5es e prevenir sequelas como contraturas, compensa\u00e7\u00f5es e sincinesias.<\/p>\n<p>O fisioterapeuta especializado em paralisia facial n\u00e3o trabalha apenas a recupera\u00e7\u00e3o dos movimentos. Trabalha tamb\u00e9m a express\u00e3o, a comunica\u00e7\u00e3o, a autoestima e a identidade facial de cada pessoa.<\/p>\n<p>Se teve uma paralisia de Bell ou apresenta sinais de paralisia facial, procure acompanhamento especializado. Uma orienta\u00e7\u00e3o adequada desde o in\u00edcio pode fazer diferen\u00e7a na qualidade da recupera\u00e7\u00e3o.<\/p>\n\n\t\t<\/div>\n\t<\/div>\n<\/div><\/div><\/div><\/div><div class=\"vc_row wpb_row vc_row-fluid vc_custom_1680169461443\"><div class=\"wpb_column vc_column_container vc_col-sm-12\"><div class=\"vc_column-inner\"><div class=\"wpb_wrapper\">\n\t<div class=\"wpb_text_column wpb_content_element  vc_custom_1768304563529\" >\n\t\t<div class=\"wpb_wrapper\">\n\t\t\t<p style=\"text-align: right;\"><a href=\"https:\/\/integrativa.pt\/en\/physiotherapist-alexandra-gomes\/\"><strong>Alexandra Gomes <\/strong><\/a>| Physiotherapist specialising in the treatment and recovery of Facial Paralysis<\/p>\n<p style=\"text-align: right;\">member of the <em>Facial Therapy Specialists International<\/em>\u00a0 (FTSI)<\/p>\n<h6 style=\"text-align: right;\">Physiotherapist Card: 1459 | Order of Physiotherapists<\/h6>\n\n\t\t<\/div>\n\t<\/div>\n<\/div><\/div><\/div><\/div><div class=\"vc_row wpb_row vc_row-fluid vc_custom_1680169461443\"><div class=\"wpb_column vc_column_container vc_col-sm-12\"><div class=\"vc_column-inner\"><div class=\"wpb_wrapper\">\n\t<div class=\"wpb_text_column wpb_content_element  vc_custom_1680169468507\" >\n\t\t<div class=\"wpb_wrapper\">\n\t\t\t<p><a title=\"Home\" href=\"https:\/\/integrativa.pt\/en\/\"><strong>Integrativa<\/strong><\/a> | Health and well-being as a lifestyle<\/p>\n\n\t\t<\/div>\n\t<\/div>\n\n\t<div class=\"wpb_text_column wpb_content_element  vc_custom_1769969575981\" >\n\t\t<div class=\"wpb_wrapper\">\n\t\t\t<h6>This website and its content are for information purposes only and are not a substitute for medical or health professional advice. In all cases, treatments should be individualised and guided by health professionals. Do not make any changes to your treatment without contacting the doctor or health professional accompanying you.<\/h6>\n\n\t\t<\/div>\n\t<\/div>\n<\/div><\/div><\/div><\/div><div class=\"vc_row wpb_row vc_row-fluid\"><div class=\"wpb_column vc_column_container vc_col-sm-12\"><div class=\"vc_column-inner vc_custom_1676836891191\"><div class=\"wpb_wrapper\"><div class=\"vc_separator wpb_content_element vc_separator_align_center vc_sep_width_100 vc_sep_pos_align_center wpb_content_element vc_separator-has-text\" ><span class=\"vc_sep_holder vc_sep_holder_l\"><span style=\"border-color:#1b9193;\" class=\"vc_sep_line\"><\/span><\/span><h4>Blog Articles<\/h4><span class=\"vc_sep_holder vc_sep_holder_r\"><span style=\"border-color:#1b9193;\" class=\"vc_sep_line\"><\/span><\/span>\n<\/div><style type=\"text\/css\" data-type=\"the7_shortcodes-inline-css\">.blog-carousel-shortcode.blog-carousel-shortcode-id-22a922bc6f6408b859793f5af908d290.dividers-on.classic-layout-list article {\n  padding-top: 0;\n}\n.blog-carousel-shortcode.blog-carousel-shortcode-id-22a922bc6f6408b859793f5af908d290.dividers-on.classic-layout-list article:first-of-type {\n  margin-top: 0;\n  padding-top: 0;\n}\n.blog-carousel-shortcode.blog-carousel-shortcode-id-22a922bc6f6408b859793f5af908d290.classic-layout-list.mode-list .post-entry-content {\n  width: calc(100% - );\n}\n.blog-carousel-shortcode.blog-carousel-shortcode-id-22a922bc6f6408b859793f5af908d290.classic-layout-list.mode-list .no-img .post-entry-content {\n  width: 100%;\n}\n.blog-carousel-shortcode.blog-carousel-shortcode-id-22a922bc6f6408b859793f5af908d290 .filter-bg-decoration .filter-categories a.act {\n  color: #fff;\n}\n.blog-carousel-shortcode.blog-carousel-shortcode-id-22a922bc6f6408b859793f5af908d290:not(.mode-masonry) article:first-of-type,\n.blog-carousel-shortcode.blog-carousel-shortcode-id-22a922bc6f6408b859793f5af908d290:not(.mode-masonry) article.visible.first:not(.product) {\n  margin-top: 0;\n}\n.blog-carousel-shortcode.blog-carousel-shortcode-id-22a922bc6f6408b859793f5af908d290.dividers-on:not(.mode-masonry) article {\n  margin-top: 0;\n}\n.blog-carousel-shortcode.blog-carousel-shortcode-id-22a922bc6f6408b859793f5af908d290.dividers-on:not(.mode-masonry) article:first-of-type,\n.blog-carousel-shortcode.blog-carousel-shortcode-id-22a922bc6f6408b859793f5af908d290.dividers-on:not(.mode-masonry) article.visible.first:not(.product) {\n  margin-top: 0;\n  padding-top: 0;\n}\n.blog-carousel-shortcode.blog-carousel-shortcode-id-22a922bc6f6408b859793f5af908d290 .post-thumbnail-wrap {\n  padding: 0px 0px 0px 0px;\n}\n.blog-carousel-shortcode.blog-carousel-shortcode-id-22a922bc6f6408b859793f5af908d290.enable-bg-rollover .post-thumbnail-rollover:after {\n  background: -webkit-linear-gradient();\n  background: linear-gradient();\n}\n.blog-carousel-shortcode.blog-carousel-shortcode-id-22a922bc6f6408b859793f5af908d290 .gallery-zoom-ico {\n  width: 44px;\n  height: 44px;\n  line-height: 44px;\n  border-radius: 100px;\n  margin: -22px 0 0 -22px;\n  border-width: 0px;\n  color: #ffffff;\n  background: none;\n}\n.bottom-overlap-layout-list.blog-carousel-shortcode.blog-carousel-shortcode-id-22a922bc6f6408b859793f5af908d290 .gallery-zoom-ico {\n  margin-top: -72px;\n}\n.gradient-overlay-layout-list.blog-carousel-shortcode.blog-carousel-shortcode-id-22a922bc6f6408b859793f5af908d290 .gallery-zoom-ico,\n.content-rollover-layout-list.blog-carousel-shortcode.blog-carousel-shortcode-id-22a922bc6f6408b859793f5af908d290 .gallery-zoom-ico {\n  margin: 0 0 10px;\n}\n.content-align-center.gradient-overlay-layout-list.blog-carousel-shortcode.blog-carousel-shortcode-id-22a922bc6f6408b859793f5af908d290 .gallery-zoom-ico,\n.content-align-center.content-rollover-layout-list.blog-carousel-shortcode.blog-carousel-shortcode-id-22a922bc6f6408b859793f5af908d290 .gallery-zoom-ico {\n  margin: 0 auto 10px;\n}\n.dt-icon-bg-on.blog-carousel-shortcode.blog-carousel-shortcode-id-22a922bc6f6408b859793f5af908d290 .gallery-zoom-ico {\n  background: rgba(255,255,255,0.3);\n  box-shadow: none;\n}\n.blog-carousel-shortcode.blog-carousel-shortcode-id-22a922bc6f6408b859793f5af908d290 .gallery-zoom-ico > span,\n.blog-carousel-shortcode.blog-carousel-shortcode-id-22a922bc6f6408b859793f5af908d290 .gallery-zoom-ico:before {\n  font-size: 32px;\n  line-height: 44px;\n}\n.blog-carousel-shortcode.blog-carousel-shortcode-id-22a922bc6f6408b859793f5af908d290 .gallery-zoom-ico > span,\n.blog-carousel-shortcode.blog-carousel-shortcode-id-22a922bc6f6408b859793f5af908d290 .gallery-zoom-ico:before {\n  color: #ffffff;\n  background: none;\n}\n.blog-carousel-shortcode.blog-carousel-shortcode-id-22a922bc6f6408b859793f5af908d290 .entry-title,\n.blog-carousel-shortcode.blog-carousel-shortcode-id-22a922bc6f6408b859793f5af908d290.owl-carousel .entry-title {\n  margin-bottom: 5px;\n}\n.blog-carousel-shortcode.blog-carousel-shortcode-id-22a922bc6f6408b859793f5af908d290 .entry-meta {\n  margin-bottom: 15px;\n}\n.blog-carousel-shortcode.blog-carousel-shortcode-id-22a922bc6f6408b859793f5af908d290 .portfolio-categories {\n  margin-bottom: 15px;\n}\n.blog-carousel-shortcode.blog-carousel-shortcode-id-22a922bc6f6408b859793f5af908d290 .entry-excerpt {\n  margin-bottom: 5px;\n}\n.blog-carousel-shortcode.blog-carousel-shortcode-id-22a922bc6f6408b859793f5af908d290:not(.centered-layout-list) .post-entry-content {\n  padding: 15px 20px 20px 20px;\n}\n.blog-carousel-shortcode.blog-carousel-shortcode-id-22a922bc6f6408b859793f5af908d290:not(.centered-layout-list):not(.content-bg-on):not(.mode-list) .no-img .post-entry-content {\n  padding: 0;\n}\n@media screen and (max-width: ) {\n  .blog-carousel-shortcode.blog-carousel-shortcode-id-22a922bc6f6408b859793f5af908d290 article {\n    -ms-flex-flow: column nowrap;\n    flex-flow: column nowrap;\n    margin-top: 20px;\n  }\n  .blog-carousel-shortcode.blog-carousel-shortcode-id-22a922bc6f6408b859793f5af908d290.dividers-on article {\n    border: none;\n  }\n  .blog-carousel-shortcode.blog-carousel-shortcode-id-22a922bc6f6408b859793f5af908d290.content-bg-on.centered-layout-list article {\n    padding: 0;\n  }\n  .blog-carousel-shortcode.blog-carousel-shortcode-id-22a922bc6f6408b859793f5af908d290.blog-shortcode.dividers-on article,\n  .blog-carousel-shortcode.blog-carousel-shortcode-id-22a922bc6f6408b859793f5af908d290.dividers-on.classic-layout-list article {\n    margin-top: 20px;\n    padding: 0;\n  }\n  .blog-carousel-shortcode.blog-carousel-shortcode-id-22a922bc6f6408b859793f5af908d290.blog-shortcode.dividers-on article:first-of-type,\n  .blog-carousel-shortcode.blog-carousel-shortcode-id-22a922bc6f6408b859793f5af908d290.dividers-on.classic-layout-list article:first-of-type {\n    padding: 0;\n  }\n  #page .blog-carousel-shortcode.blog-carousel-shortcode-id-22a922bc6f6408b859793f5af908d290 .post-thumbnail-wrap,\n  #page .blog-carousel-shortcode.blog-carousel-shortcode-id-22a922bc6f6408b859793f5af908d290 .post-entry-content {\n    width: 100%;\n    margin: 0;\n    top: 0;\n  }\n  #page .blog-carousel-shortcode.blog-carousel-shortcode-id-22a922bc6f6408b859793f5af908d290 .post-thumbnail-wrap {\n    padding: 0;\n  }\n  #page .blog-carousel-shortcode.blog-carousel-shortcode-id-22a922bc6f6408b859793f5af908d290 .post-entry-content:after {\n    display: none;\n  }\n  #page .blog-carousel-shortcode.blog-carousel-shortcode-id-22a922bc6f6408b859793f5af908d290 .project-even .post-thumbnail-wrap,\n  #page .blog-carousel-shortcode.blog-carousel-shortcode-id-22a922bc6f6408b859793f5af908d290.centered-layout-list .post-thumbnail-wrap {\n    -ms-flex-order: 0;\n    order: 0;\n  }\n  #page .blog-carousel-shortcode.blog-carousel-shortcode-id-22a922bc6f6408b859793f5af908d290.centered-layout-list .post-entry-title-content {\n    -ms-flex-order: 1;\n    order: 1;\n    width: 100%;\n    padding: 20px 20px 0;\n  }\n  #page .blog-carousel-shortcode.blog-carousel-shortcode-id-22a922bc6f6408b859793f5af908d290.centered-layout-list .post-entry-content {\n    -ms-flex-order: 2;\n    order: 2;\n    padding-top: 0;\n  }\n  #page .blog-carousel-shortcode.blog-carousel-shortcode-id-22a922bc6f6408b859793f5af908d290 .fancy-categories {\n    top: 10px;\n    left: 10px;\n    bottom: auto;\n    right: auto;\n  }\n  #page .blog-carousel-shortcode.blog-carousel-shortcode-id-22a922bc6f6408b859793f5af908d290 .fancy-date a {\n    top: 10px;\n    right: 10px;\n    left: auto;\n    bottom: auto;\n  }\n  #page .blog-carousel-shortcode.blog-carousel-shortcode-id-22a922bc6f6408b859793f5af908d290 .post-entry-content {\n    padding: 20px;\n  }\n  #page .blog-carousel-shortcode.blog-carousel-shortcode-id-22a922bc6f6408b859793f5af908d290 .entry-title {\n    margin: 3px 0 5px;\n    font-size: 20px;\n    line-height: 26px;\n  }\n  #page .blog-carousel-shortcode.blog-carousel-shortcode-id-22a922bc6f6408b859793f5af908d290 .entry-meta {\n    margin: 5px 0 5px;\n  }\n  #page .blog-carousel-shortcode.blog-carousel-shortcode-id-22a922bc6f6408b859793f5af908d290 .entry-excerpt {\n    margin: 15px 0 0;\n  }\n  #page .blog-carousel-shortcode.blog-carousel-shortcode-id-22a922bc6f6408b859793f5af908d290 .post-details {\n    margin: 5px 0 10px;\n  }\n  #page .blog-carousel-shortcode.blog-carousel-shortcode-id-22a922bc6f6408b859793f5af908d290 .post-details.details-type-link {\n    margin-bottom: 2px;\n  }\n}\n.blog-carousel-shortcode.blog-carousel-shortcode-id-22a922bc6f6408b859793f5af908d290.owl-carousel .owl-nav div {\n  width: 36px;\n  height: 36px;\n  border-radius: 500px;\n}\n.dt-arrow-border-on.blog-carousel-shortcode.blog-carousel-shortcode-id-22a922bc6f6408b859793f5af908d290.owl-carousel .owl-nav div:not(:hover):before {\n  border-width: 0px;\n}\n.dt-arrow-hover-border-on.blog-carousel-shortcode.blog-carousel-shortcode-id-22a922bc6f6408b859793f5af908d290.owl-carousel .owl-nav div:hover:after {\n  border-width: 0px;\n}\n.blog-carousel-shortcode.blog-carousel-shortcode-id-22a922bc6f6408b859793f5af908d290.owl-carousel .owl-nav div.owl-prev {\n  top: 50%;\n  transform: translateY(calc(-50% + 0px));\n  left: -43px;\n}\n@media all and (-ms-high-contrast: none) {\n  .blog-carousel-shortcode.blog-carousel-shortcode-id-22a922bc6f6408b859793f5af908d290.owl-carousel .owl-nav div.owl-prev {\n    transform: translateY(-50%);\n    margin-top: 0px;\n  }\n}\n.blog-carousel-shortcode.blog-carousel-shortcode-id-22a922bc6f6408b859793f5af908d290.owl-carousel .owl-nav div.owl-prev i {\n  padding: 0px 0px 0px 0px;\n}\n.blog-carousel-shortcode.blog-carousel-shortcode-id-22a922bc6f6408b859793f5af908d290.owl-carousel .owl-nav div.owl-next {\n  top: 50%;\n  transform: translateY(calc(-50% + 0px));\n  right: -43px;\n}\n@media all and (-ms-high-contrast: none) {\n  .blog-carousel-shortcode.blog-carousel-shortcode-id-22a922bc6f6408b859793f5af908d290.owl-carousel .owl-nav div.owl-next {\n    transform: translateY(-50%);\n    margin-top: 0px;\n  }\n}\n.blog-carousel-shortcode.blog-carousel-shortcode-id-22a922bc6f6408b859793f5af908d290.owl-carousel .owl-nav div.owl-next i {\n  padding: 0px 0px 0px 0px;\n}\n.blog-carousel-shortcode.blog-carousel-shortcode-id-22a922bc6f6408b859793f5af908d290.owl-carousel .owl-nav i {\n  font-size: 18px;\n}\n.blog-carousel-shortcode.blog-carousel-shortcode-id-22a922bc6f6408b859793f5af908d290.owl-carousel .owl-nav div:not(:hover) i,\n.blog-carousel-shortcode.blog-carousel-shortcode-id-22a922bc6f6408b859793f5af908d290.owl-carousel .owl-nav div:not(:hover) i:before {\n  color: #ffffff;\n  background: none;\n}\n.blog-carousel-shortcode.blog-carousel-shortcode-id-22a922bc6f6408b859793f5af908d290.owl-carousel .owl-nav div:hover i,\n.blog-carousel-shortcode.blog-carousel-shortcode-id-22a922bc6f6408b859793f5af908d290.owl-carousel .owl-nav div:hover i:before {\n  color: rgba(255,255,255,0.75);\n  background: none;\n}\n.blog-carousel-shortcode.blog-carousel-shortcode-id-22a922bc6f6408b859793f5af908d290 .owl-dots {\n  top: calc(100% + 20px);\n  left: 50%;\n  transform: translateX(calc(-50% + 0px));\n}\n@media all and (-ms-high-contrast: none) {\n  .blog-carousel-shortcode.blog-carousel-shortcode-id-22a922bc6f6408b859793f5af908d290 .owl-dots {\n    transform: translateX(-50%);\n    margin-left: 0px;\n  }\n}\n.blog-carousel-shortcode.blog-carousel-shortcode-id-22a922bc6f6408b859793f5af908d290 .owl-dot {\n  width: 10px;\n  height: 10px;\n  margin: 0 8px;\n}\n@media screen and (max-width: 778px) {\n  .blog-carousel-shortcode.blog-carousel-shortcode-id-22a922bc6f6408b859793f5af908d290.hide-arrows .owl-nav a {\n    display: none;\n  }\n}\n@media screen and (max-width: 778px) {\n  .blog-carousel-shortcode.blog-carousel-shortcode-id-22a922bc6f6408b859793f5af908d290.reposition-arrows .owl-nav div.owl-prev {\n    top: 50%;\n    transform: translateY(calc(-50% + 0px));\n    left: 10px;\n  }\n  .blog-carousel-shortcode.blog-carousel-shortcode-id-22a922bc6f6408b859793f5af908d290.reposition-arrows .owl-nav div.owl-next {\n    top: 50%;\n    transform: translateY(calc(-50% + 0px));\n    right: 10px;\n  }\n}\n@media screen and (max-width: 778px) and all and (-ms-high-contrast: none) {\n  .blog-carousel-shortcode.blog-carousel-shortcode-id-22a922bc6f6408b859793f5af908d290.reposition-arrows .owl-nav div.owl-prev {\n    transform: translateY(-50%);\n    margin-top: 0px;\n  }\n}\n@media screen and (max-width: 778px) and all and (-ms-high-contrast: none) {\n  .blog-carousel-shortcode.blog-carousel-shortcode-id-22a922bc6f6408b859793f5af908d290.reposition-arrows .owl-nav div.owl-next {\n    transform: translateY(-50%);\n    margin-top: 0px;\n  }\n}<\/style><div class=\"owl-carousel blog-carousel-shortcode dt-owl-carousel-call blog-carousel-shortcode-id-22a922bc6f6408b859793f5af908d290 classic-layout-list scale-img dt-icon-bg-off dt-arrow-border-on dt-arrow-hover-border-on meta-info-off bullets-small-dot-stroke reposition-arrows arrows-bg-on disable-arrows-hover-bg arrows-hover-bg-on\" data-scroll-mode=\"1\" data-col-num=\"3\" data-wide-col-num=\"4\" data-laptop-col=\"3\" data-h-tablet-columns-num=\"3\" data-v-tablet-columns-num=\"2\" data-phone-columns-num=\"1\" data-auto-height=\"true\" data-col-gap=\"30\" data-stage-padding=\"0\" data-speed=\"600\" data-autoplay=\"false\" data-autoplay_speed=\"6000\" data-arrows=\"true\" data-bullet=\"false\" data-next-icon=\"icon-ar-017-r\" data-prev-icon=\"icon-ar-017-l\"><article class=\"post post-5720 type-post status-publish format-standard has-post-thumbnail hentry category-fisioterapia-em-paralisia-facial tag-fisioterapia tag-osteopatia tag-pilates-clinico category-39 description-off\" data-name=\"Paralisia de Bell: sintomas, causas, tratamento e o papel da Fisioterapia Especializada\" data-date=\"2026-01-22T17:52:19+00:00\">\n\n<div class=\"post-thumbnail-wrap\">\n\t<div class=\"post-thumbnail\">\n\t\t\n\t\t\n\t\t<a href=\"https:\/\/integrativa.pt\/en\/paralisia-de-bell-sintomas-causas-tratamento-e-o-papel-da-fisioterapia-especializada\/\" class=\"post-thumbnail-rollover layzr-bg\" ><img fetchpriority=\"high\" decoding=\"async\" class=\"preload-me owl-lazy-load aspect\" src=\"data:image\/svg+xml,%3Csvg%20xmlns%3D&#39;http%3A%2F%2Fwww.w3.org%2F2000%2Fsvg&#39;%20viewBox%3D&#39;0%200%20768%20512&#39;%2F%3E\" data-src=\"https:\/\/integrativa.pt\/wp-content\/uploads\/2024\/12\/Fisioterapia-Paralisia-Facial-768x512.webp\" data-srcset=\"https:\/\/integrativa.pt\/wp-content\/uploads\/2024\/12\/Fisioterapia-Paralisia-Facial-768x512.webp 768w, https:\/\/integrativa.pt\/wp-content\/uploads\/2024\/12\/Fisioterapia-Paralisia-Facial-1152x768.webp 1152w\" loading=\"eager\" style=\"--ratio: 768 \/ 512\" sizes=\"(max-width: 768px) 100vw, 768px\" alt=\"\" title=\"Facial Palsy Physiotherapy\" width=\"768\" height=\"512\"  \/><\/a>\t<\/div>\n<\/div>\n\n\n<div class=\"post-entry-content\">\n\n\t<h3 class=\"entry-title\">\n\t\t<a href=\"https:\/\/integrativa.pt\/en\/paralisia-de-bell-sintomas-causas-tratamento-e-o-papel-da-fisioterapia-especializada\/\" title=\"Bell&#039;s palsy: symptoms, causes, treatment and the role of specialised physiotherapy\" rel=\"bookmark\">Bell's palsy: symptoms, causes, treatment and the role of specialised physiotherapy<\/a>\n\t<\/h3>\n\n\t\n\t\n\t\n<a href=\"https:\/\/integrativa.pt\/en\/paralisia-de-bell-sintomas-causas-tratamento-e-o-papel-da-fisioterapia-especializada\/\" class=\"post-details details-type-link\" aria-label=\"Read more about Bell&#039;s Palsy: symptoms, causes, treatment, and the role of specialist physiotherapy\">Read more<i class=\"dt-icon-the7-arrow-03\" aria-hidden=\"true\"><\/i><\/a>\n\n<\/div><\/article><article class=\"post post-1331 type-post status-publish format-standard has-post-thumbnail hentry category-fisioterapia category-fisioterapia-em-paralisia-facial tag-fisioterapia tag-osteopatia tag-pilates-clinico category-6 category-39 description-off\" data-name=\"Paralisia facial: sintomas e import\u00e2ncia da fisioterapia especializada precoce\" data-date=\"2022-10-30T22:31:53+00:00\">\n\n<div class=\"post-thumbnail-wrap\">\n\t<div class=\"post-thumbnail\">\n\t\t\n\t\t\n\t\t<a href=\"https:\/\/integrativa.pt\/en\/paralisia-facial-sintomas-e-importancia-da-fisioterapia-especializada-precoce\/\" class=\"post-thumbnail-rollover layzr-bg\" ><img decoding=\"async\" class=\"preload-me owl-lazy-load aspect\" src=\"data:image\/svg+xml,%3Csvg%20xmlns%3D&#39;http%3A%2F%2Fwww.w3.org%2F2000%2Fsvg&#39;%20viewBox%3D&#39;0%200%20768%20512&#39;%2F%3E\" data-src=\"https:\/\/integrativa.pt\/wp-content\/uploads\/2026\/02\/Fisioterapia-Paralisia-Facial-Belem-Lisboa-3-768x512.avif\" data-srcset=\"https:\/\/integrativa.pt\/wp-content\/uploads\/2026\/02\/Fisioterapia-Paralisia-Facial-Belem-Lisboa-3-768x512.avif 768w, https:\/\/integrativa.pt\/wp-content\/uploads\/2026\/02\/Fisioterapia-Paralisia-Facial-Belem-Lisboa-3-1152x768.avif 1152w\" loading=\"eager\" style=\"--ratio: 768 \/ 512\" sizes=\"(max-width: 768px) 100vw, 768px\" alt=\"\" title=\"Physiotherapy Facial Palsy Belem Lisbon\" width=\"768\" height=\"512\"  \/><\/a>\t<\/div>\n<\/div>\n\n\n<div class=\"post-entry-content\">\n\n\t<h3 class=\"entry-title\">\n\t\t<a href=\"https:\/\/integrativa.pt\/en\/paralisia-facial-sintomas-e-importancia-da-fisioterapia-especializada-precoce\/\" title=\"Facial paralysis: symptoms and the importance of early specialised physiotherapy\" rel=\"bookmark\">Facial paralysis: symptoms and the importance of early specialised physiotherapy<\/a>\n\t<\/h3>\n\n\t\n\t\n\t\n<a href=\"https:\/\/integrativa.pt\/en\/paralisia-facial-sintomas-e-importancia-da-fisioterapia-especializada-precoce\/\" class=\"post-details details-type-link\" aria-label=\"Read more about Facial paralysis: symptoms and the importance of early specialised physiotherapy\">Read more<i class=\"dt-icon-the7-arrow-03\" aria-hidden=\"true\"><\/i><\/a>\n\n<\/div><\/article><article class=\"post post-3638 type-post status-publish format-standard has-post-thumbnail hentry category-fisioterapia category-fisioterapia-em-paralisia-facial tag-fisioterapia tag-osteopatia tag-pilates-clinico category-6 category-39 description-off\" data-name=\"Paralisia facial: 10 erros frequentes que podem comprometer a recupera\u00e7\u00e3o\" data-date=\"2025-01-05T12:02:19+00:00\">\n\n<div class=\"post-thumbnail-wrap\">\n\t<div class=\"post-thumbnail\">\n\t\t\n\t\t\n\t\t<a href=\"https:\/\/integrativa.pt\/en\/paralisia-facial-10-erros-frequentes-que-podem-comprometer-a-recuperacao\/\" class=\"post-thumbnail-rollover layzr-bg\" ><img decoding=\"async\" class=\"preload-me owl-lazy-load aspect\" src=\"data:image\/svg+xml,%3Csvg%20xmlns%3D&#39;http%3A%2F%2Fwww.w3.org%2F2000%2Fsvg&#39;%20viewBox%3D&#39;0%200%20768%20512&#39;%2F%3E\" data-src=\"https:\/\/integrativa.pt\/wp-content\/uploads\/2025\/10\/Fisioterapia-Lisboa-Alexandra-Paralisia-Facial-Integrativa-768x512.webp\" data-srcset=\"https:\/\/integrativa.pt\/wp-content\/uploads\/2025\/10\/Fisioterapia-Lisboa-Alexandra-Paralisia-Facial-Integrativa-768x512.webp 768w, https:\/\/integrativa.pt\/wp-content\/uploads\/2025\/10\/Fisioterapia-Lisboa-Alexandra-Paralisia-Facial-Integrativa-1152x768.webp 1152w\" loading=\"eager\" style=\"--ratio: 768 \/ 512\" sizes=\"(max-width: 768px) 100vw, 768px\" alt=\"\" title=\"Physiotherapy Lisbon Alexandra Integrative Facial Palsy\" width=\"768\" height=\"512\"  \/><\/a>\t<\/div>\n<\/div>\n\n\n<div class=\"post-entry-content\">\n\n\t<h3 class=\"entry-title\">\n\t\t<a href=\"https:\/\/integrativa.pt\/en\/paralisia-facial-10-erros-frequentes-que-podem-comprometer-a-recuperacao\/\" title=\"Facial paralysis: 10 common mistakes that can jeopardise recovery\" rel=\"bookmark\">Facial paralysis: 10 common mistakes that can jeopardise recovery<\/a>\n\t<\/h3>\n\n\t\n\t\n\t\n<a href=\"https:\/\/integrativa.pt\/en\/paralisia-facial-10-erros-frequentes-que-podem-comprometer-a-recuperacao\/\" class=\"post-details details-type-link\" aria-label=\"Read more about Facial Paralysis: 10 common mistakes that can jeopardise recovery\">Read more<i class=\"dt-icon-the7-arrow-03\" aria-hidden=\"true\"><\/i><\/a>\n\n<\/div><\/article><article class=\"post post-5542 type-post status-publish format-standard has-post-thumbnail hentry category-fisioterapia-em-paralisia-facial tag-fisioterapia tag-osteopatia tag-pilates-clinico category-39 description-off\" data-name=\"S\u00edndrome de Ramsay Hunt e paralisia facial: sintomas, causas e papel da fisioterapia especializada\" data-date=\"2025-11-18T21:42:13+00:00\">\n\n<div class=\"post-thumbnail-wrap\">\n\t<div class=\"post-thumbnail\">\n\t\t\n\t\t\n\t\t<a href=\"https:\/\/integrativa.pt\/en\/sindrome-de-ramsay-hunt-e-paralisia-facial-sintomas-causas-e-papel-da-fisioterapia-especializada\/\" class=\"post-thumbnail-rollover layzr-bg\" ><img decoding=\"async\" class=\"preload-me owl-lazy-load aspect\" src=\"data:image\/svg+xml,%3Csvg%20xmlns%3D&#39;http%3A%2F%2Fwww.w3.org%2F2000%2Fsvg&#39;%20viewBox%3D&#39;0%200%20768%20512&#39;%2F%3E\" data-src=\"https:\/\/integrativa.pt\/wp-content\/uploads\/2026\/02\/Fisioterapia-Paralisia-Facial-Belem-Lisboa-4-768x512.avif\" data-srcset=\"https:\/\/integrativa.pt\/wp-content\/uploads\/2026\/02\/Fisioterapia-Paralisia-Facial-Belem-Lisboa-4-768x512.avif 768w, https:\/\/integrativa.pt\/wp-content\/uploads\/2026\/02\/Fisioterapia-Paralisia-Facial-Belem-Lisboa-4-1152x768.avif 1152w\" loading=\"eager\" style=\"--ratio: 768 \/ 512\" sizes=\"(max-width: 768px) 100vw, 768px\" alt=\"\" title=\"Physiotherapy Facial Palsy Belem Lisbon\" width=\"768\" height=\"512\"  \/><\/a>\t<\/div>\n<\/div>\n\n\n<div class=\"post-entry-content\">\n\n\t<h3 class=\"entry-title\">\n\t\t<a href=\"https:\/\/integrativa.pt\/en\/sindrome-de-ramsay-hunt-e-paralisia-facial-sintomas-causas-e-papel-da-fisioterapia-especializada\/\" title=\"Ramsay Hunt syndrome and facial paralysis: symptoms, causes and the role of specialised physiotherapy\" rel=\"bookmark\">Ramsay Hunt syndrome and facial paralysis: symptoms, causes and the role of specialised physiotherapy<\/a>\n\t<\/h3>\n\n\t\n\t\n\t\n<a href=\"https:\/\/integrativa.pt\/en\/sindrome-de-ramsay-hunt-e-paralisia-facial-sintomas-causas-e-papel-da-fisioterapia-especializada\/\" class=\"post-details details-type-link\" aria-label=\"Read more about Ramsay Hunt syndrome and facial paralysis: symptoms, causes, and the role of specialist physiotherapy.\">Read more<i class=\"dt-icon-the7-arrow-03\" aria-hidden=\"true\"><\/i><\/a>\n\n<\/div><\/article><article class=\"post post-2996 type-post status-publish format-standard has-post-thumbnail hentry category-fisioterapia category-fisioterapia-em-paralisia-facial tag-fisioterapia tag-osteopatia tag-pilates-clinico category-6 category-39 description-off\" data-name=\"Fisioterapia especializada em paralisia facial em Lisboa: avalia\u00e7\u00e3o, reeduca\u00e7\u00e3o neuromuscular e recupera\u00e7\u00e3o funcional\" data-date=\"2024-02-11T11:45:40+00:00\">\n\n<div class=\"post-thumbnail-wrap\">\n\t<div class=\"post-thumbnail\">\n\t\t\n\t\t\n\t\t<a href=\"https:\/\/integrativa.pt\/en\/fisioterapia-especializada-em-paralisia-facial-em-lisboa-avaliacao-reeducacao-neuromuscular-e-recuperacao-funcional\/\" class=\"post-thumbnail-rollover layzr-bg\" ><img decoding=\"async\" class=\"preload-me owl-lazy-load aspect\" src=\"data:image\/svg+xml,%3Csvg%20xmlns%3D&#39;http%3A%2F%2Fwww.w3.org%2F2000%2Fsvg&#39;%20viewBox%3D&#39;0%200%20768%20512&#39;%2F%3E\" data-src=\"https:\/\/integrativa.pt\/wp-content\/uploads\/2024\/02\/Fisioterapia-Paralisia-Facia-Integrativa-Lisboa-768x512.avif\" data-srcset=\"https:\/\/integrativa.pt\/wp-content\/uploads\/2024\/02\/Fisioterapia-Paralisia-Facia-Integrativa-Lisboa-768x512.avif 768w, https:\/\/integrativa.pt\/wp-content\/uploads\/2024\/02\/Fisioterapia-Paralisia-Facia-Integrativa-Lisboa-1152x768.avif 1152w\" loading=\"eager\" style=\"--ratio: 768 \/ 512\" sizes=\"(max-width: 768px) 100vw, 768px\" alt=\"\" title=\"Integrative Facial Paralysis Physiotherapy Lisbon\" width=\"768\" height=\"512\"  \/><\/a>\t<\/div>\n<\/div>\n\n\n<div class=\"post-entry-content\">\n\n\t<h3 class=\"entry-title\">\n\t\t<a href=\"https:\/\/integrativa.pt\/en\/fisioterapia-especializada-em-paralisia-facial-em-lisboa-avaliacao-reeducacao-neuromuscular-e-recuperacao-funcional\/\" title=\"Physiotherapy specialising in facial paralysis in Lisbon: assessment, neuromuscular re-education and functional recovery\" rel=\"bookmark\">Physiotherapy specialising in facial paralysis in Lisbon: assessment, neuromuscular re-education and functional recovery<\/a>\n\t<\/h3>\n\n\t\n\t\n\t\n<a href=\"https:\/\/integrativa.pt\/en\/fisioterapia-especializada-em-paralisia-facial-em-lisboa-avaliacao-reeducacao-neuromuscular-e-recuperacao-funcional\/\" class=\"post-details details-type-link\" aria-label=\"Read more about Physiotherapy specialising in facial paralysis in Lisbon: assessment, neuromuscular re-education and functional recovery\">Read more<i class=\"dt-icon-the7-arrow-03\" aria-hidden=\"true\"><\/i><\/a>\n\n<\/div><\/article><article class=\"post post-2940 type-post status-publish format-standard has-post-thumbnail hentry category-fisioterapia category-fisioterapia-em-paralisia-facial tag-fisioterapia tag-osteopatia tag-pilates-clinico category-6 category-39 description-off\" data-name=\"Paralisia Facial ap\u00f3s Cirurgia de Neurinoma do Ac\u00fastico: mecanismos, impacto funcional e fisioterapia especializada\" data-date=\"2024-01-24T17:57:01+00:00\">\n\n<div class=\"post-thumbnail-wrap\">\n\t<div class=\"post-thumbnail\">\n\t\t\n\t\t\n\t\t<a href=\"https:\/\/integrativa.pt\/en\/paralisia-facial-apos-cirurgia-de-neurinoma-do-acustico-mecanismos-impacto-funcional-e-fisioterapia-especializada\/\" class=\"post-thumbnail-rollover layzr-bg\" ><img decoding=\"async\" class=\"preload-me owl-lazy-load aspect\" src=\"data:image\/svg+xml,%3Csvg%20xmlns%3D&#39;http%3A%2F%2Fwww.w3.org%2F2000%2Fsvg&#39;%20viewBox%3D&#39;0%200%20768%20512&#39;%2F%3E\" data-src=\"https:\/\/integrativa.pt\/wp-content\/uploads\/2024\/12\/Fisioterapia-Paralisia-Facial-Integrativa-11-768x512.webp\" data-srcset=\"https:\/\/integrativa.pt\/wp-content\/uploads\/2024\/12\/Fisioterapia-Paralisia-Facial-Integrativa-11-768x512.webp 768w, https:\/\/integrativa.pt\/wp-content\/uploads\/2024\/12\/Fisioterapia-Paralisia-Facial-Integrativa-11-1152x768.webp 1152w\" loading=\"eager\" style=\"--ratio: 768 \/ 512\" sizes=\"(max-width: 768px) 100vw, 768px\" alt=\"\" title=\"Integrative Facial Palsy Physiotherapy (11)\" width=\"768\" height=\"512\"  \/><\/a>\t<\/div>\n<\/div>\n\n\n<div class=\"post-entry-content\">\n\n\t<h3 class=\"entry-title\">\n\t\t<a href=\"https:\/\/integrativa.pt\/en\/paralisia-facial-apos-cirurgia-de-neurinoma-do-acustico-mecanismos-impacto-funcional-e-fisioterapia-especializada\/\" title=\"Facial paralysis after acoustic neuroma surgery: mechanisms, functional impact and specialised physiotherapy\" rel=\"bookmark\">Facial paralysis after acoustic neuroma surgery: mechanisms, functional impact and specialised physiotherapy<\/a>\n\t<\/h3>\n\n\t\n\t\n\t\n<a href=\"https:\/\/integrativa.pt\/en\/paralisia-facial-apos-cirurgia-de-neurinoma-do-acustico-mecanismos-impacto-funcional-e-fisioterapia-especializada\/\" class=\"post-details details-type-link\" aria-label=\"Read more about Facial paralysis after acoustic neuroma surgery: mechanisms, functional impact and specialised physiotherapy\">Read more<i class=\"dt-icon-the7-arrow-03\" aria-hidden=\"true\"><\/i><\/a>\n\n<\/div><\/article><\/div><\/div><\/div><\/div><\/div>\n<\/div>","protected":false},"excerpt":{"rendered":"<p>Bell's palsy is a neurological condition that affects the facial nerve and causes weakness or paralysis of the muscles on one side of the face. Although, in most cases, it is temporary, it can have a significant impact on quality of life, interfering with simple daily actions such as speaking, chewing, blinking,...<\/p>","protected":false},"author":1,"featured_media":6945,"comment_status":"closed","ping_status":"open","sticky":false,"template":"","format":"standard","meta":{"inline_featured_image":false,"footnotes":""},"categories":[39],"tags":[4,27,8],"class_list":["post-7336","post","type-post","status-publish","format-standard","has-post-thumbnail","hentry","category-fisioterapia-em-paralisia-facial","tag-fisioterapia","tag-osteopatia","tag-pilates-clinico","category-39","description-off"],"_links":{"self":[{"href":"https:\/\/integrativa.pt\/en\/wp-json\/wp\/v2\/posts\/7336","targetHints":{"allow":["GET"]}}],"collection":[{"href":"https:\/\/integrativa.pt\/en\/wp-json\/wp\/v2\/posts"}],"about":[{"href":"https:\/\/integrativa.pt\/en\/wp-json\/wp\/v2\/types\/post"}],"author":[{"embeddable":true,"href":"https:\/\/integrativa.pt\/en\/wp-json\/wp\/v2\/users\/1"}],"replies":[{"embeddable":true,"href":"https:\/\/integrativa.pt\/en\/wp-json\/wp\/v2\/comments?post=7336"}],"version-history":[{"count":0,"href":"https:\/\/integrativa.pt\/en\/wp-json\/wp\/v2\/posts\/7336\/revisions"}],"wp:featuredmedia":[{"embeddable":true,"href":"https:\/\/integrativa.pt\/en\/wp-json\/wp\/v2\/media\/6945"}],"wp:attachment":[{"href":"https:\/\/integrativa.pt\/en\/wp-json\/wp\/v2\/media?parent=7336"}],"wp:term":[{"taxonomy":"category","embeddable":true,"href":"https:\/\/integrativa.pt\/en\/wp-json\/wp\/v2\/categories?post=7336"},{"taxonomy":"post_tag","embeddable":true,"href":"https:\/\/integrativa.pt\/en\/wp-json\/wp\/v2\/tags?post=7336"}],"curies":[{"name":"wp","href":"https:\/\/api.w.org\/{rel}","templated":true}]}}