{"id":7467,"date":"2026-08-25T20:18:51","date_gmt":"2026-08-25T20:18:51","guid":{"rendered":"https:\/\/integrativa.pt\/?p=7467"},"modified":"2026-08-25T20:18:51","modified_gmt":"2026-08-25T20:18:51","slug":"achilles-tendon-rupture-how-physiotherapy-can-make-a-difference-in-recovery","status":"publish","type":"post","link":"https:\/\/integrativa.pt\/en\/rutura-do-tendao-de-aquiles-como-a-fisioterapia-pode-fazer-a-diferenca-na-recuperacao\/","title":{"rendered":"Achilles tendon rupture: how physiotherapy can make a difference in recovery"},"content":{"rendered":"<div class=\"wpb-content-wrapper\" id=\"wpb-content-root\"><div class=\"vc_row wpb_row vc_row-fluid\"><div class=\"wpb_column vc_column_container vc_col-sm-12\"><div class=\"vc_column-inner\"><div class=\"wpb_wrapper\">\n\t<div class=\"wpb_text_column wpb_content_element\" >\n\t\t<div class=\"wpb_wrapper\">\n\t\t\t<p><span style=\"font-weight: 400;\">Achilles tendon rupture is one of the most disabling lower limb injuries, and can significantly impair the ability to walk, run, jump and perform everyday tasks. Although it is more common in physically active people, it can occur at any age and during seemingly mundane movements.<\/span><\/p>\n<p><span style=\"font-weight: 400;\">The initial approach may be surgical or conservative, according to the characteristics of the lesion and individual clinical factors. Regardless of the option chosen, functional recovery depends to a large extent on a properly structured rehabilitation programme. Current scientific evidence supports the fundamental role of physiotherapy in the recovery of mobility, strength, stability and confidence, contributing to a progressive and safe return to daily activities and sports.<\/span><\/p>\n<h4>What is an Achilles tendon rupture?<\/h4>\n<p><span style=\"font-weight: 400;\">The Achilles tendon is the largest and one of the strongest tendons in the human body. Located in the back of the leg, it connects the gastrocnemius and soleus muscles to the calcaneus, the heel bone. This structure transmits the muscular force required for plantar flexion of the ankle.<\/span><\/p>\n<p><span style=\"font-weight: 400;\">Thanks to the action of the Achilles tendon, we are able to perform essential movements such as walking, running, jumping, climbing stairs or raising the body onto our tiptoes.<\/span><\/p>\n<p><span style=\"font-weight: 400;\">Despite its high strength, the tendon can rupture when subjected to a sudden and excessive load or when it presents degenerative changes accumulated over time. The majority of ruptures occur during activities involving rapid accelerations, sudden changes of direction, jumping or high-intensity running.<\/span><\/p>\n<h4>What happens after an Achilles tendon rupture?<\/h4>\n<p><span style=\"font-weight: 400;\">When a rupture occurs, the tendon's ability to transmit force between the leg muscles and the foot is compromised, resulting in significant functional limitations in the lower limb.<\/span><\/p>\n<p><span style=\"font-weight: 400;\">Among the most frequent changes are:<\/span><\/p>\n<ul>\n<li><span style=\"font-weight: 400;\"> Significant loss of muscle strength;<\/span><\/li>\n<li><span style=\"font-weight: 400;\"> Reduced ankle mobility;<\/span><\/li>\n<li><span style=\"font-weight: 400;\"> Changes to gait pattern;<\/span><\/li>\n<li><span style=\"font-weight: 400;\"> Reduced balance and coordination;<\/span><\/li>\n<li><span style=\"font-weight: 400;\"> Reduction in functional capacity;<\/span><\/li>\n<li><span style=\"font-weight: 400;\"> Reduced tolerance for physical exertion;<\/span><\/li>\n<li><span style=\"font-weight: 400;\"> Reduced confidence in using the injured limb.<\/span><\/li>\n<\/ul>\n<p><span style=\"font-weight: 400;\">Even after biological healing of the tendon, some of these deficits may persist for several months and, in certain cases, for longer periods, especially when the recovery of strength and function is not properly worked on.<\/span><\/p>\n<h4>Why is physiotherapy so important in recovery?<\/h4>\n<p><span style=\"font-weight: 400;\">Physiotherapy is a central component of rehabilitation following an Achilles tendon rupture. Regardless of whether the initial approach was surgical or conservative, functional recovery involves a progressive and appropriately dosed reintroduction of movement, load, and therapeutic exercise.<\/span><\/p>\n<h5>Recovery of ankle mobility<\/h5>\n<p><span style=\"font-weight: 400;\">Following the injury and during the initial protection phase, joint stiffness and limited ankle range of movement frequently occur. Through specific mobility exercises and rehabilitation strategies suited to the recovery phase, physiotherapy makes it possible to progressively recover the range of movement necessary for walking, going up stairs and carrying out daily activities.<\/span><\/p>\n<p><span style=\"font-weight: 400;\">Adequate ankle mobility also helps to reduce the need for compensations in other joints, namely the knee, hip and lumbar spine.<\/span><\/p>\n<h5>Recovery of muscle strength<\/h5>\n<p><span style=\"font-weight: 400;\">Loss of strength in the gastrocnemius and soleus muscles is one of the most frequent consequences following an Achilles tendon rupture. Progressive strengthening is essential to recover propulsive ability, improve muscle endurance and bring the function of the two lower limbs closer together.<\/span><\/p>\n<p><span style=\"font-weight: 400;\">Scientific research demonstrates that strength deficits can persist for several months and, in some cases, for years following injury. For this reason, muscle strengthening must be a priority throughout the different phases of rehabilitation, with progression adjusted to the individual's capacity and the tendon's response to load.<\/span><\/p>\n<h5>Gait improvement<\/h5>\n<p><span style=\"font-weight: 400;\">Following an Achilles tendon rupture, gait abnormalities frequently occur due to pain, fear of bearing weight on the affected limb, or decreased muscle strength.<\/span><\/p>\n<p><span style=\"font-weight: 400;\">Physiotherapy makes it possible to work progressively on the gait pattern, promoting a more efficient distribution of loads and reducing compensatory strategies that can increase the demand on other structures of the musculoskeletal system.<\/span><\/p>\n<h5>Improved balance and proprioception<\/h5>\n<p><span style=\"font-weight: 400;\">The Achilles tendon takes part in the neuromuscular control of the lower limb and in the transmission of the forces required for stability during movement. Following injury, balance, coordination and postural control may be compromised.<\/span><\/p>\n<p><span style=\"font-weight: 400;\">For this reason, rehabilitation programmes include specific exercises designed to improve balance, proprioception, motor coordination and ankle stability, progressively and appropriately to each person's functional demands.<\/span><\/p>\n<h5>Stimulation of tendon adaptation to load<\/h5>\n<p><span style=\"font-weight: 400;\">For many years, prolonged immobilisation was considered a central strategy to promote tendon recovery. Currently, available evidence supports an approach based on mobilisation and the progressive and controlled introduction of load, respecting the different phases of healing.<\/span><\/p>\n<p><span style=\"font-weight: 400;\">Gradual exposure to mechanical loading can contribute to the organisation and adaptation of collagen fibres and to the development of the tendon's mechanical properties. Therefore, contemporary rehabilitation programmes favour the careful progression of movement and loading, in accordance with clinical progress and individual tolerance.<\/span><\/p>\n<h5>Reduction of the risk of re-injury<\/h5>\n<p><span style=\"font-weight: 400;\">The fear of a re-rupture is a common concern during recovery. Physiotherapy can help reduce factors associated with the risk of re-injury through progressive strengthening, functional training, education on load management and the assessment of relevant biomechanical factors.<\/span><\/p>\n<p><span style=\"font-weight: 400;\">As the tendon is progressively exposed to more demanding loads, its capacity to meet the demands of everyday and sporting activities can be gradually developed.<\/span><\/p>\n<h5>Restoration of confidence<\/h5>\n<p><span style=\"font-weight: 400;\">Recovery after an Achilles tendon rupture does not only involve physical aspects. The psychological component can also influence the rehabilitation process. Fear of running, jumping or performing similar movements to those associated with the injury frequently arises.<\/span><\/p>\n<p><span style=\"font-weight: 400;\">Gradual exposure to movement and exercise, accompanied by an appropriate development of physical capacity, can help to restore confidence in using the injured limb and reduce the fear associated with more demanding activities.<\/span><\/p>\n<h5>Safe return to physical activity and sport<\/h5>\n<p><span style=\"font-weight: 400;\">One of the goals of rehabilitation is to progressively prepare the tendon and the entire lower limb to respond to the demands of physical activity and, where applicable, sport.<\/span><\/p>\n<p><span style=\"font-weight: 400;\">Physiotherapy allows the gradual development of strength, muscle power, endurance, agility, the ability to change direction and impact tolerance. The progression of these capabilities must be individualized and based on clinical response, achieved function and the specific demands of the activity to which the person intends to return.<\/span><\/p>\n<h4>Return to function following an Achilles tendon rupture<\/h4>\n<p><span style=\"font-weight: 400;\">An Achilles tendon rupture has a significant impact on functional capacity, but the outcome can be favourable when there is proper and closely monitored rehabilitation.<\/span><\/p>\n<p><span style=\"font-weight: 400;\">Functional recovery requires time, consistency, and an individualised progression of exercises and loads. The pace of evolution varies from person to person and depends on several factors, including the characteristics of the injury, the initial approach, physical condition, and each individual's functional or sporting demands.<\/span><\/p>\n<p><span style=\"font-weight: 400;\">With expert guidance, rehabilitation can help restore mobility, strength, balance and functional capacity, supporting a progressive return to daily activities and, where applicable, to sporting practice.<\/span><\/p>\n<p><span style=\"font-weight: 400;\">Regardless of the initial approach adopted, physiotherapy plays an important role throughout the recovery process. Through an individualised intervention based on the available scientific evidence, it is possible to work on ankle function, muscle strength, neuromuscular control, confidence and the lower limb's ability to respond to different demands.<\/span><\/p>\n<h4>Understanding Achilles tendon rupture recovery from an integrative perspective<\/h4>\n<p><span style=\"font-weight: 400;\">Recovery following an Achilles tendon rupture should be understood as a progressive process, in which tendon healing represents only one dimension of recovery. Mobility, strength, functional capacity, neuromuscular control, load tolerance and confidence in movement are equally relevant for restoring lower limb function.<\/span><\/p>\n<p><span style=\"font-weight: 400;\">A structured rehabilitation programme allows these different dimensions to be monitored in an integrated way, adjusting the progression of exercises and loads to each person's needs and progress. Consistency throughout the process and appropriate load management are important elements for a sustained functional recovery and a gradual return to activities that are part of daily life or sports.<\/span><\/p>\n\n\t\t<\/div>\n\t<\/div>\n<\/div><\/div><\/div><\/div><div class=\"vc_row wpb_row vc_row-fluid vc_custom_1680169461443\"><div class=\"wpb_column vc_column_container vc_col-sm-12\"><div class=\"vc_column-inner\"><div class=\"wpb_wrapper\">\n\t<div class=\"wpb_text_column wpb_content_element\" >\n\t\t<div class=\"wpb_wrapper\">\n\t\t\t<p style=\"text-align: right;\"><a href=\"https:\/\/integrativa.pt\/en\/integrative-team\/\"><b>Rita Xarepe<\/b><\/a>\u00a0| Physiotherapist and Clinical Pilates Instructor by APPI<\/p>\n<h6 style=\"text-align: right;\">Physiotherapist Card: 4209 | Order of Physiotherapists<\/h6>\n\n\t\t<\/div>\n\t<\/div>\n<\/div><\/div><\/div><\/div><div class=\"vc_row wpb_row vc_row-fluid vc_custom_1680169461443\"><div class=\"wpb_column vc_column_container vc_col-sm-12\"><div class=\"vc_column-inner\"><div class=\"wpb_wrapper\">\n\t<div class=\"wpb_text_column wpb_content_element  vc_custom_1680169468507\" >\n\t\t<div class=\"wpb_wrapper\">\n\t\t\t<p><a title=\"Home\" href=\"https:\/\/integrativa.pt\/en\/\"><strong>Integrativa<\/strong><\/a> | Health and well-being as a lifestyle<\/p>\n\n\t\t<\/div>\n\t<\/div>\n\n\t<div class=\"wpb_text_column wpb_content_element  vc_custom_1769969575981\" >\n\t\t<div class=\"wpb_wrapper\">\n\t\t\t<h6>This website and its content are for information purposes only and are not a substitute for medical or health professional advice. In all cases, treatments should be individualised and guided by health professionals. Do not make any changes to your treatment without contacting the doctor or health professional accompanying you.<\/h6>\n\n\t\t<\/div>\n\t<\/div>\n<\/div><\/div><\/div><\/div><div class=\"vc_row wpb_row vc_row-fluid\"><div class=\"wpb_column vc_column_container vc_col-sm-12\"><div class=\"vc_column-inner vc_custom_1678987635945\"><div class=\"wpb_wrapper\"><div class=\"vc_separator wpb_content_element vc_separator_align_center vc_sep_border_width_1 vc_sep_pos_align_center wpb_content_element vc_separator-has-text\"   style=\"width: 100%;\"><span class=\"vc_sep_holder vc_sep_holder_l\"><span style=\"border-top-color:#1b9193;\" class=\"vc_sep_line\"><\/span><\/span><h4>Related articles<\/h4><span class=\"vc_sep_holder vc_sep_holder_r\"><span style=\"border-top-color:#1b9193;\" class=\"vc_sep_line\"><\/span><\/span>\n<\/div><style type=\"text\/css\" data-type=\"the7_shortcodes-inline-css\">.blog-carousel-shortcode.blog-carousel-shortcode-id-dc2121cad820d5acf76d1dfcf9282c1f.dividers-on.classic-layout-list article {\n  padding-top: 0;\n}\n.blog-carousel-shortcode.blog-carousel-shortcode-id-dc2121cad820d5acf76d1dfcf9282c1f.dividers-on.classic-layout-list article:first-of-type {\n  margin-top: 0;\n  padding-top: 0;\n}\n.blog-carousel-shortcode.blog-carousel-shortcode-id-dc2121cad820d5acf76d1dfcf9282c1f.classic-layout-list.mode-list .post-entry-content {\n  width: calc(100% - );\n}\n.blog-carousel-shortcode.blog-carousel-shortcode-id-dc2121cad820d5acf76d1dfcf9282c1f.classic-layout-list.mode-list .no-img .post-entry-content {\n  width: 100%;\n}\n.blog-carousel-shortcode.blog-carousel-shortcode-id-dc2121cad820d5acf76d1dfcf9282c1f .filter-bg-decoration .filter-categories a.act {\n  color: #fff;\n}\n.blog-carousel-shortcode.blog-carousel-shortcode-id-dc2121cad820d5acf76d1dfcf9282c1f:not(.mode-masonry) article:first-of-type,\n.blog-carousel-shortcode.blog-carousel-shortcode-id-dc2121cad820d5acf76d1dfcf9282c1f:not(.mode-masonry) article.visible.first:not(.product) {\n  margin-top: 0;\n}\n.blog-carousel-shortcode.blog-carousel-shortcode-id-dc2121cad820d5acf76d1dfcf9282c1f.dividers-on:not(.mode-masonry) article {\n  margin-top: 0;\n}\n.blog-carousel-shortcode.blog-carousel-shortcode-id-dc2121cad820d5acf76d1dfcf9282c1f.dividers-on:not(.mode-masonry) article:first-of-type,\n.blog-carousel-shortcode.blog-carousel-shortcode-id-dc2121cad820d5acf76d1dfcf9282c1f.dividers-on:not(.mode-masonry) article.visible.first:not(.product) {\n  margin-top: 0;\n  padding-top: 0;\n}\n.blog-carousel-shortcode.blog-carousel-shortcode-id-dc2121cad820d5acf76d1dfcf9282c1f .post-thumbnail-wrap {\n  padding: 0px 0px 0px 0px;\n}\n.blog-carousel-shortcode.blog-carousel-shortcode-id-dc2121cad820d5acf76d1dfcf9282c1f.enable-bg-rollover .post-thumbnail-rollover:after {\n  background: -webkit-linear-gradient();\n  background: linear-gradient();\n}\n.blog-carousel-shortcode.blog-carousel-shortcode-id-dc2121cad820d5acf76d1dfcf9282c1f .gallery-zoom-ico {\n  width: 44px;\n  height: 44px;\n  line-height: 44px;\n  border-radius: 100px;\n  margin: -22px 0 0 -22px;\n  border-width: 0px;\n  color: #ffffff;\n  background: none;\n}\n.bottom-overlap-layout-list.blog-carousel-shortcode.blog-carousel-shortcode-id-dc2121cad820d5acf76d1dfcf9282c1f .gallery-zoom-ico {\n  margin-top: -72px;\n}\n.gradient-overlay-layout-list.blog-carousel-shortcode.blog-carousel-shortcode-id-dc2121cad820d5acf76d1dfcf9282c1f .gallery-zoom-ico,\n.content-rollover-layout-list.blog-carousel-shortcode.blog-carousel-shortcode-id-dc2121cad820d5acf76d1dfcf9282c1f .gallery-zoom-ico {\n  margin: 0 0 10px;\n}\n.content-align-center.gradient-overlay-layout-list.blog-carousel-shortcode.blog-carousel-shortcode-id-dc2121cad820d5acf76d1dfcf9282c1f .gallery-zoom-ico,\n.content-align-center.content-rollover-layout-list.blog-carousel-shortcode.blog-carousel-shortcode-id-dc2121cad820d5acf76d1dfcf9282c1f .gallery-zoom-ico {\n  margin: 0 auto 10px;\n}\n.dt-icon-bg-on.blog-carousel-shortcode.blog-carousel-shortcode-id-dc2121cad820d5acf76d1dfcf9282c1f .gallery-zoom-ico {\n  background: rgba(255,255,255,0.3);\n  box-shadow: none;\n}\n.blog-carousel-shortcode.blog-carousel-shortcode-id-dc2121cad820d5acf76d1dfcf9282c1f .gallery-zoom-ico > span,\n.blog-carousel-shortcode.blog-carousel-shortcode-id-dc2121cad820d5acf76d1dfcf9282c1f .gallery-zoom-ico:before {\n  font-size: 32px;\n  line-height: 44px;\n}\n.blog-carousel-shortcode.blog-carousel-shortcode-id-dc2121cad820d5acf76d1dfcf9282c1f .gallery-zoom-ico > span,\n.blog-carousel-shortcode.blog-carousel-shortcode-id-dc2121cad820d5acf76d1dfcf9282c1f .gallery-zoom-ico:before {\n  color: #ffffff;\n  background: none;\n}\n.blog-carousel-shortcode.blog-carousel-shortcode-id-dc2121cad820d5acf76d1dfcf9282c1f .entry-title,\n.blog-carousel-shortcode.blog-carousel-shortcode-id-dc2121cad820d5acf76d1dfcf9282c1f.owl-carousel .entry-title {\n  margin-bottom: 5px;\n}\n.blog-carousel-shortcode.blog-carousel-shortcode-id-dc2121cad820d5acf76d1dfcf9282c1f .entry-meta {\n  margin-bottom: 15px;\n}\n.blog-carousel-shortcode.blog-carousel-shortcode-id-dc2121cad820d5acf76d1dfcf9282c1f .portfolio-categories {\n  margin-bottom: 15px;\n}\n.blog-carousel-shortcode.blog-carousel-shortcode-id-dc2121cad820d5acf76d1dfcf9282c1f .entry-excerpt {\n  margin-bottom: 5px;\n}\n.blog-carousel-shortcode.blog-carousel-shortcode-id-dc2121cad820d5acf76d1dfcf9282c1f:not(.centered-layout-list) .post-entry-content {\n  padding: 15px 20px 20px 20px;\n}\n.blog-carousel-shortcode.blog-carousel-shortcode-id-dc2121cad820d5acf76d1dfcf9282c1f:not(.centered-layout-list):not(.content-bg-on):not(.mode-list) .no-img .post-entry-content {\n  padding: 0;\n}\n@media screen and (max-width: ) {\n  .blog-carousel-shortcode.blog-carousel-shortcode-id-dc2121cad820d5acf76d1dfcf9282c1f article {\n    -ms-flex-flow: column nowrap;\n    flex-flow: column nowrap;\n    margin-top: 20px;\n  }\n  .blog-carousel-shortcode.blog-carousel-shortcode-id-dc2121cad820d5acf76d1dfcf9282c1f.dividers-on article {\n    border: none;\n  }\n  .blog-carousel-shortcode.blog-carousel-shortcode-id-dc2121cad820d5acf76d1dfcf9282c1f.content-bg-on.centered-layout-list article {\n    padding: 0;\n  }\n  .blog-carousel-shortcode.blog-carousel-shortcode-id-dc2121cad820d5acf76d1dfcf9282c1f.blog-shortcode.dividers-on article,\n  .blog-carousel-shortcode.blog-carousel-shortcode-id-dc2121cad820d5acf76d1dfcf9282c1f.dividers-on.classic-layout-list article {\n    margin-top: 20px;\n    padding: 0;\n  }\n  .blog-carousel-shortcode.blog-carousel-shortcode-id-dc2121cad820d5acf76d1dfcf9282c1f.blog-shortcode.dividers-on article:first-of-type,\n  .blog-carousel-shortcode.blog-carousel-shortcode-id-dc2121cad820d5acf76d1dfcf9282c1f.dividers-on.classic-layout-list article:first-of-type {\n    padding: 0;\n  }\n  #page .blog-carousel-shortcode.blog-carousel-shortcode-id-dc2121cad820d5acf76d1dfcf9282c1f .post-thumbnail-wrap,\n  #page .blog-carousel-shortcode.blog-carousel-shortcode-id-dc2121cad820d5acf76d1dfcf9282c1f .post-entry-content {\n    width: 100%;\n    margin: 0;\n    top: 0;\n  }\n  #page .blog-carousel-shortcode.blog-carousel-shortcode-id-dc2121cad820d5acf76d1dfcf9282c1f .post-thumbnail-wrap {\n    padding: 0;\n  }\n  #page .blog-carousel-shortcode.blog-carousel-shortcode-id-dc2121cad820d5acf76d1dfcf9282c1f .post-entry-content:after {\n    display: none;\n  }\n  #page .blog-carousel-shortcode.blog-carousel-shortcode-id-dc2121cad820d5acf76d1dfcf9282c1f .project-even .post-thumbnail-wrap,\n  #page .blog-carousel-shortcode.blog-carousel-shortcode-id-dc2121cad820d5acf76d1dfcf9282c1f.centered-layout-list .post-thumbnail-wrap {\n    -ms-flex-order: 0;\n    order: 0;\n  }\n  #page .blog-carousel-shortcode.blog-carousel-shortcode-id-dc2121cad820d5acf76d1dfcf9282c1f.centered-layout-list .post-entry-title-content {\n    -ms-flex-order: 1;\n    order: 1;\n    width: 100%;\n    padding: 20px 20px 0;\n  }\n  #page .blog-carousel-shortcode.blog-carousel-shortcode-id-dc2121cad820d5acf76d1dfcf9282c1f.centered-layout-list .post-entry-content {\n    -ms-flex-order: 2;\n    order: 2;\n    padding-top: 0;\n  }\n  #page .blog-carousel-shortcode.blog-carousel-shortcode-id-dc2121cad820d5acf76d1dfcf9282c1f .fancy-categories {\n    top: 10px;\n    left: 10px;\n    bottom: auto;\n    right: auto;\n  }\n  #page .blog-carousel-shortcode.blog-carousel-shortcode-id-dc2121cad820d5acf76d1dfcf9282c1f .fancy-date a {\n    top: 10px;\n    right: 10px;\n    left: auto;\n    bottom: auto;\n  }\n  #page .blog-carousel-shortcode.blog-carousel-shortcode-id-dc2121cad820d5acf76d1dfcf9282c1f .post-entry-content {\n    padding: 20px;\n  }\n  #page .blog-carousel-shortcode.blog-carousel-shortcode-id-dc2121cad820d5acf76d1dfcf9282c1f .entry-title {\n    margin: 3px 0 5px;\n    font-size: 20px;\n    line-height: 26px;\n  }\n  #page .blog-carousel-shortcode.blog-carousel-shortcode-id-dc2121cad820d5acf76d1dfcf9282c1f .entry-meta {\n    margin: 5px 0 5px;\n  }\n  #page .blog-carousel-shortcode.blog-carousel-shortcode-id-dc2121cad820d5acf76d1dfcf9282c1f .entry-excerpt {\n    margin: 15px 0 0;\n  }\n  #page .blog-carousel-shortcode.blog-carousel-shortcode-id-dc2121cad820d5acf76d1dfcf9282c1f .post-details {\n    margin: 5px 0 10px;\n  }\n  #page .blog-carousel-shortcode.blog-carousel-shortcode-id-dc2121cad820d5acf76d1dfcf9282c1f .post-details.details-type-link {\n    margin-bottom: 2px;\n  }\n}\n.blog-carousel-shortcode.blog-carousel-shortcode-id-dc2121cad820d5acf76d1dfcf9282c1f.owl-carousel .owl-nav div {\n  width: 36px;\n  height: 36px;\n  border-radius: 500px;\n}\n.dt-arrow-border-on.blog-carousel-shortcode.blog-carousel-shortcode-id-dc2121cad820d5acf76d1dfcf9282c1f.owl-carousel .owl-nav div:not(:hover):before {\n  border-width: 0px;\n}\n.dt-arrow-hover-border-on.blog-carousel-shortcode.blog-carousel-shortcode-id-dc2121cad820d5acf76d1dfcf9282c1f.owl-carousel .owl-nav div:hover:after {\n  border-width: 0px;\n}\n.blog-carousel-shortcode.blog-carousel-shortcode-id-dc2121cad820d5acf76d1dfcf9282c1f.owl-carousel .owl-nav div.owl-prev {\n  top: 50%;\n  transform: translateY(calc(-50% + 0px));\n  left: -43px;\n}\n@media all and (-ms-high-contrast: none) {\n  .blog-carousel-shortcode.blog-carousel-shortcode-id-dc2121cad820d5acf76d1dfcf9282c1f.owl-carousel .owl-nav div.owl-prev {\n    transform: translateY(-50%);\n    margin-top: 0px;\n  }\n}\n.blog-carousel-shortcode.blog-carousel-shortcode-id-dc2121cad820d5acf76d1dfcf9282c1f.owl-carousel .owl-nav div.owl-prev i {\n  padding: 0px 0px 0px 0px;\n}\n.blog-carousel-shortcode.blog-carousel-shortcode-id-dc2121cad820d5acf76d1dfcf9282c1f.owl-carousel .owl-nav div.owl-next {\n  top: 50%;\n  transform: translateY(calc(-50% + 0px));\n  right: -43px;\n}\n@media all and (-ms-high-contrast: none) {\n  .blog-carousel-shortcode.blog-carousel-shortcode-id-dc2121cad820d5acf76d1dfcf9282c1f.owl-carousel .owl-nav div.owl-next {\n    transform: translateY(-50%);\n    margin-top: 0px;\n  }\n}\n.blog-carousel-shortcode.blog-carousel-shortcode-id-dc2121cad820d5acf76d1dfcf9282c1f.owl-carousel .owl-nav div.owl-next i {\n  padding: 0px 0px 0px 0px;\n}\n.blog-carousel-shortcode.blog-carousel-shortcode-id-dc2121cad820d5acf76d1dfcf9282c1f.owl-carousel .owl-nav i {\n  font-size: 18px;\n}\n.blog-carousel-shortcode.blog-carousel-shortcode-id-dc2121cad820d5acf76d1dfcf9282c1f.owl-carousel .owl-nav div:not(:hover) i,\n.blog-carousel-shortcode.blog-carousel-shortcode-id-dc2121cad820d5acf76d1dfcf9282c1f.owl-carousel .owl-nav div:not(:hover) i:before {\n  color: #ffffff;\n  background: none;\n}\n.blog-carousel-shortcode.blog-carousel-shortcode-id-dc2121cad820d5acf76d1dfcf9282c1f.owl-carousel .owl-nav div:hover i,\n.blog-carousel-shortcode.blog-carousel-shortcode-id-dc2121cad820d5acf76d1dfcf9282c1f.owl-carousel .owl-nav div:hover i:before {\n  color: rgba(255,255,255,0.75);\n  background: none;\n}\n.blog-carousel-shortcode.blog-carousel-shortcode-id-dc2121cad820d5acf76d1dfcf9282c1f .owl-dots {\n  top: calc(100% + 20px);\n  left: 50%;\n  transform: translateX(calc(-50% + 0px));\n}\n@media all and (-ms-high-contrast: none) {\n  .blog-carousel-shortcode.blog-carousel-shortcode-id-dc2121cad820d5acf76d1dfcf9282c1f .owl-dots {\n    transform: translateX(-50%);\n    margin-left: 0px;\n  }\n}\n.blog-carousel-shortcode.blog-carousel-shortcode-id-dc2121cad820d5acf76d1dfcf9282c1f .owl-dot {\n  width: 10px;\n  height: 10px;\n  margin: 0 8px;\n}\n@media screen and (max-width: 778px) {\n  .blog-carousel-shortcode.blog-carousel-shortcode-id-dc2121cad820d5acf76d1dfcf9282c1f.hide-arrows .owl-nav a {\n    display: none;\n  }\n}\n@media screen and (max-width: 778px) {\n  .blog-carousel-shortcode.blog-carousel-shortcode-id-dc2121cad820d5acf76d1dfcf9282c1f.reposition-arrows .owl-nav div.owl-prev {\n    top: 50%;\n    transform: translateY(calc(-50% + 0px));\n    left: 10px;\n  }\n  .blog-carousel-shortcode.blog-carousel-shortcode-id-dc2121cad820d5acf76d1dfcf9282c1f.reposition-arrows .owl-nav div.owl-next {\n    top: 50%;\n    transform: translateY(calc(-50% + 0px));\n    right: 10px;\n  }\n}\n@media screen and (max-width: 778px) and all and (-ms-high-contrast: none) {\n  .blog-carousel-shortcode.blog-carousel-shortcode-id-dc2121cad820d5acf76d1dfcf9282c1f.reposition-arrows .owl-nav div.owl-prev {\n    transform: translateY(-50%);\n    margin-top: 0px;\n  }\n}\n@media screen and (max-width: 778px) and all and (-ms-high-contrast: none) {\n  .blog-carousel-shortcode.blog-carousel-shortcode-id-dc2121cad820d5acf76d1dfcf9282c1f.reposition-arrows .owl-nav div.owl-next {\n    transform: translateY(-50%);\n    margin-top: 0px;\n  }\n}<\/style><div class=\"owl-carousel blog-carousel-shortcode dt-owl-carousel-call blog-carousel-shortcode-id-dc2121cad820d5acf76d1dfcf9282c1f classic-layout-list scale-img dt-icon-bg-off dt-arrow-border-on dt-arrow-hover-border-on meta-info-off bullets-small-dot-stroke reposition-arrows arrows-bg-on disable-arrows-hover-bg arrows-hover-bg-on\" data-scroll-mode=\"1\" data-col-num=\"3\" data-wide-col-num=\"4\" data-laptop-col=\"3\" data-h-tablet-columns-num=\"3\" data-v-tablet-columns-num=\"2\" data-phone-columns-num=\"1\" data-auto-height=\"true\" data-col-gap=\"30\" data-stage-padding=\"0\" data-speed=\"600\" data-autoplay=\"false\" data-autoplay_speed=\"6000\" data-arrows=\"true\" data-bullet=\"false\" data-next-icon=\"icon-ar-017-r\" data-prev-icon=\"icon-ar-017-l\"><article class=\"post post-3547 type-post status-publish format-standard has-post-thumbnail hentry category-fisioterapia category-fisioterapia-em-paralisia-facial tag-fisioterapia tag-osteopatia tag-pilates-clinico category-6 category-39 description-off\" data-name=\"Prote\u00e7\u00e3o ocular na paralisia facial: cuidados essenciais\" data-date=\"2024-06-25T11:50:01+00:00\">\n\n<div class=\"post-thumbnail-wrap\">\n\t<div class=\"post-thumbnail\">\n\t\t\n\t\t\n\t\t<a href=\"https:\/\/integrativa.pt\/en\/protecao-ocular-na-paralisia-facial-cuidados-essenciais\/\" class=\"post-thumbnail-rollover layzr-bg\" ><img fetchpriority=\"high\" decoding=\"async\" class=\"preload-me owl-lazy-load aspect\" src=\"data:image\/svg+xml,%3Csvg%20xmlns%3D&#39;http%3A%2F%2Fwww.w3.org%2F2000%2Fsvg&#39;%20viewBox%3D&#39;0%200%20768%20512&#39;%2F%3E\" data-src=\"https:\/\/integrativa.pt\/wp-content\/uploads\/2025\/10\/Fisioterapia-Paralisia-Facial-Integrativa-Lisboa-Alexandra-768x512.webp\" data-srcset=\"https:\/\/integrativa.pt\/wp-content\/uploads\/2025\/10\/Fisioterapia-Paralisia-Facial-Integrativa-Lisboa-Alexandra-768x512.webp 768w, https:\/\/integrativa.pt\/wp-content\/uploads\/2025\/10\/Fisioterapia-Paralisia-Facial-Integrativa-Lisboa-Alexandra-1152x768.webp 1152w\" loading=\"eager\" style=\"--ratio: 768 \/ 512\" sizes=\"(max-width: 768px) 100vw, 768px\" alt=\"\" title=\"Integrative Facial Palsy Physiotherapy Lisbon Alexandra\" width=\"768\" height=\"512\"  \/><\/a>\t<\/div>\n<\/div>\n\n\n<div class=\"post-entry-content\">\n\n\t<h3 class=\"entry-title\">\n\t\t<a href=\"https:\/\/integrativa.pt\/en\/protecao-ocular-na-paralisia-facial-cuidados-essenciais\/\" title=\"Eye protection in facial paralysis: essential care\" rel=\"bookmark\">Eye protection in facial paralysis: essential care<\/a>\n\t<\/h3>\n\n\t\n\t\n\t\n<a href=\"https:\/\/integrativa.pt\/en\/protecao-ocular-na-paralisia-facial-cuidados-essenciais\/\" class=\"post-details details-type-link\" aria-label=\"Read more about Eye protection in facial paralysis: essential care\">Read more<i class=\"dt-icon-the7-arrow-03\" aria-hidden=\"true\"><\/i><\/a>\n\n<\/div><\/article><article class=\"post post-3132 type-post status-publish format-standard has-post-thumbnail hentry category-osteopatia category-fisioterapia category-osteopata-david-brandao category-psiconeuroimunologia tag-fisioterapia tag-osteopatia tag-pilates-clinico category-17 category-6 category-33 category-48 description-off\" data-name=\"Dor cr\u00f3nica: como o c\u00e9rebro responde e como devemos lidar com ela\" data-date=\"2024-05-31T14:02:33+00:00\">\n\n<div class=\"post-thumbnail-wrap\">\n\t<div class=\"post-thumbnail\">\n\t\t\n\t\t\n\t\t<a href=\"https:\/\/integrativa.pt\/en\/dor-cronica-como-o-cerebro-responde-e-como-devemos-lidar-com-ela\/\" class=\"post-thumbnail-rollover layzr-bg\" ><img decoding=\"async\" class=\"preload-me owl-lazy-load aspect\" src=\"data:image\/svg+xml,%3Csvg%20xmlns%3D&#39;http%3A%2F%2Fwww.w3.org%2F2000%2Fsvg&#39;%20viewBox%3D&#39;0%200%20768%20512&#39;%2F%3E\" data-src=\"https:\/\/integrativa.pt\/wp-content\/uploads\/2025\/01\/Psicologia-integrativa-1-768x512.webp\" data-srcset=\"https:\/\/integrativa.pt\/wp-content\/uploads\/2025\/01\/Psicologia-integrativa-1-768x512.webp 768w, https:\/\/integrativa.pt\/wp-content\/uploads\/2025\/01\/Psicologia-integrativa-1-1152x768.webp 1152w\" loading=\"eager\" style=\"--ratio: 768 \/ 512\" sizes=\"(max-width: 768px) 100vw, 768px\" alt=\"\" title=\"Integrative psychology\" width=\"768\" height=\"512\"  \/><\/a>\t<\/div>\n<\/div>\n\n\n<div class=\"post-entry-content\">\n\n\t<h3 class=\"entry-title\">\n\t\t<a href=\"https:\/\/integrativa.pt\/en\/dor-cronica-como-o-cerebro-responde-e-como-devemos-lidar-com-ela\/\" title=\"Chronic pain: how the brain responds and how to deal with it\" rel=\"bookmark\">Chronic pain: how the brain responds and how to deal with it<\/a>\n\t<\/h3>\n\n\t\n\t\n\t\n<a href=\"https:\/\/integrativa.pt\/en\/dor-cronica-como-o-cerebro-responde-e-como-devemos-lidar-com-ela\/\" class=\"post-details details-type-link\" aria-label=\"Read more about chronic pain: how the brain responds and how we should deal with it\">Read more<i class=\"dt-icon-the7-arrow-03\" aria-hidden=\"true\"><\/i><\/a>\n\n<\/div><\/article><article class=\"post post-1246 type-post status-publish format-standard has-post-thumbnail hentry category-fisioterapia category-fisioterapia-em-saude-da-mulher tag-fisioterapia tag-osteopatia tag-pilates-clinico category-6 category-47 description-off\" data-name=\"Di\u00e1stase Abdominal: O que Fazer? Como tratar e prevenir com Fisioterapia\" data-date=\"2022-06-02T19:02:31+00:00\">\n\n<div class=\"post-thumbnail-wrap\">\n\t<div class=\"post-thumbnail\">\n\t\t\n\t\t\n\t\t<a href=\"https:\/\/integrativa.pt\/en\/diastase-abdominal-o-que-fazer-como-tratar-e-prevenir-com-fisioterapia\/\" class=\"post-thumbnail-rollover layzr-bg\" ><img decoding=\"async\" class=\"preload-me owl-lazy-load aspect\" src=\"data:image\/svg+xml,%3Csvg%20xmlns%3D&#39;http%3A%2F%2Fwww.w3.org%2F2000%2Fsvg&#39;%20viewBox%3D&#39;0%200%20768%20512&#39;%2F%3E\" data-src=\"https:\/\/integrativa.pt\/wp-content\/uploads\/2022\/06\/Fisioterapia-768x512.jpg\" data-srcset=\"https:\/\/integrativa.pt\/wp-content\/uploads\/2022\/06\/Fisioterapia-768x512.jpg 768w, https:\/\/integrativa.pt\/wp-content\/uploads\/2022\/06\/Fisioterapia.jpg 799w\" loading=\"eager\" style=\"--ratio: 768 \/ 512\" sizes=\"(max-width: 768px) 100vw, 768px\" alt=\"\" title=\"Physiotherapy\" width=\"768\" height=\"512\"  \/><\/a>\t<\/div>\n<\/div>\n\n\n<div class=\"post-entry-content\">\n\n\t<h3 class=\"entry-title\">\n\t\t<a href=\"https:\/\/integrativa.pt\/en\/diastase-abdominal-o-que-fazer-como-tratar-e-prevenir-com-fisioterapia\/\" title=\"Abdominal Diastasis: What to Do? How to treat and prevent with physiotherapy\" rel=\"bookmark\">Abdominal Diastasis: What to Do? How to treat and prevent with physiotherapy<\/a>\n\t<\/h3>\n\n\t\n\t\n\t\n<a href=\"https:\/\/integrativa.pt\/en\/diastase-abdominal-o-que-fazer-como-tratar-e-prevenir-com-fisioterapia\/\" class=\"post-details details-type-link\" aria-label=\"Read more about Abdominal Diastasis: What to Do? How to treat and prevent with Physiotherapy\">Read more<i class=\"dt-icon-the7-arrow-03\" aria-hidden=\"true\"><\/i><\/a>\n\n<\/div><\/article><article class=\"post post-2443 type-post status-publish format-standard has-post-thumbnail hentry category-fisioterapia category-fisioterapia-em-paralisia-facial tag-fisioterapia tag-osteopatia tag-pilates-clinico category-6 category-39 description-off\" data-name=\"Paralisia facial e autocuidado: estrat\u00e9gias integrativas para apoiar o equil\u00edbrio f\u00edsico e emocional\" data-date=\"2023-07-25T10:54:26+00:00\">\n\n<div class=\"post-thumbnail-wrap\">\n\t<div class=\"post-thumbnail\">\n\t\t\n\t\t\n\t\t<a href=\"https:\/\/integrativa.pt\/en\/paralisia-facial-e-autocuidado-estrategias-integrativas-para-apoiar-o-equilibrio-fisico-e-emocional\/\" class=\"post-thumbnail-rollover layzr-bg\" ><img decoding=\"async\" class=\"preload-me owl-lazy-load aspect\" src=\"data:image\/svg+xml,%3Csvg%20xmlns%3D&#39;http%3A%2F%2Fwww.w3.org%2F2000%2Fsvg&#39;%20viewBox%3D&#39;0%200%20768%20512&#39;%2F%3E\" data-src=\"https:\/\/integrativa.pt\/wp-content\/uploads\/2026\/02\/Fisioterapia-Paralisia-Facial-Belem-Lisboa-1-768x512.avif\" data-srcset=\"https:\/\/integrativa.pt\/wp-content\/uploads\/2026\/02\/Fisioterapia-Paralisia-Facial-Belem-Lisboa-1-768x512.avif 768w, https:\/\/integrativa.pt\/wp-content\/uploads\/2026\/02\/Fisioterapia-Paralisia-Facial-Belem-Lisboa-1-1152x768.avif 1152w\" loading=\"eager\" style=\"--ratio: 768 \/ 512\" sizes=\"(max-width: 768px) 100vw, 768px\" alt=\"\" title=\"Physiotherapy Facial Palsy Belem Lisbon\" width=\"768\" height=\"512\"  \/><\/a>\t<\/div>\n<\/div>\n\n\n<div class=\"post-entry-content\">\n\n\t<h3 class=\"entry-title\">\n\t\t<a href=\"https:\/\/integrativa.pt\/en\/paralisia-facial-e-autocuidado-estrategias-integrativas-para-apoiar-o-equilibrio-fisico-e-emocional\/\" title=\"Facial paralysis and self-care: integrative strategies to support physical and emotional balance\" rel=\"bookmark\">Facial paralysis and self-care: integrative strategies to support physical and emotional balance<\/a>\n\t<\/h3>\n\n\t\n\t\n\t\n<a href=\"https:\/\/integrativa.pt\/en\/paralisia-facial-e-autocuidado-estrategias-integrativas-para-apoiar-o-equilibrio-fisico-e-emocional\/\" class=\"post-details details-type-link\" aria-label=\"Read more about Facial Paralysis and Self-Care: Integrative Strategies to Support Physical and Emotional Balance\">Read more<i class=\"dt-icon-the7-arrow-03\" aria-hidden=\"true\"><\/i><\/a>\n\n<\/div><\/article><article class=\"post post-347 type-post status-publish format-standard has-post-thumbnail hentry category-fisioterapia category-fisioterapia-desportiva category-fisioterapia-musculo-esqueletica tag-fisioterapeuta tag-fisioterapia category-6 category-55 category-54 description-off\" data-name=\"Ser\u00e1 que deve fazer gelo ap\u00f3s uma les\u00e3o? Pratique PEACE &#038; LOVE\" data-date=\"2020-09-22T10:36:35+00:00\">\n\n<div class=\"post-thumbnail-wrap\">\n\t<div class=\"post-thumbnail\">\n\t\t\n\t\t\n\t\t<a href=\"https:\/\/integrativa.pt\/en\/sera-que-deve-fazer-gelo-apos-uma-lesao-pratique-peace-love\/\" class=\"post-thumbnail-rollover layzr-bg\" ><img decoding=\"async\" class=\"preload-me owl-lazy-load aspect\" src=\"data:image\/svg+xml,%3Csvg%20xmlns%3D&#39;http%3A%2F%2Fwww.w3.org%2F2000%2Fsvg&#39;%20viewBox%3D&#39;0%200%20768%20512&#39;%2F%3E\" data-src=\"https:\/\/integrativa.pt\/wp-content\/uploads\/2020\/09\/Frio-ou-Calor-fisioterapia-tendinite-768x512.webp\" data-srcset=\"https:\/\/integrativa.pt\/wp-content\/uploads\/2020\/09\/Frio-ou-Calor-fisioterapia-tendinite-768x512.webp 768w, https:\/\/integrativa.pt\/wp-content\/uploads\/2020\/09\/Frio-ou-Calor-fisioterapia-tendinite-1152x768.webp 1152w\" loading=\"eager\" style=\"--ratio: 768 \/ 512\" sizes=\"(max-width: 768px) 100vw, 768px\" alt=\"\" title=\"Cold or Heat physiotherapy tendonitis\" width=\"768\" height=\"512\"  \/><\/a>\t<\/div>\n<\/div>\n\n\n<div class=\"post-entry-content\">\n\n\t<h3 class=\"entry-title\">\n\t\t<a href=\"https:\/\/integrativa.pt\/en\/sera-que-deve-fazer-gelo-apos-uma-lesao-pratique-peace-love\/\" title=\"Should you ice after an injury? Practise PEACE &amp; LOVE\" rel=\"bookmark\">Should you ice after an injury? Practise PEACE &amp; LOVE<\/a>\n\t<\/h3>\n\n\t\n\t\n\t\n<a href=\"https:\/\/integrativa.pt\/en\/sera-que-deve-fazer-gelo-apos-uma-lesao-pratique-peace-love\/\" class=\"post-details details-type-link\" aria-label=\"Read more about Should you ice an injury? Practise PEACE &amp; LOVE\">Read more<i class=\"dt-icon-the7-arrow-03\" aria-hidden=\"true\"><\/i><\/a>\n\n<\/div><\/article><article class=\"post post-2961 type-post status-publish format-standard has-post-thumbnail hentry category-atm category-fisioterapia tag-fisioterapia tag-osteopatia tag-pilates-clinico category-41 category-6 description-off\" data-name=\"Zumbido e Articula\u00e7\u00e3o Temporomandibular: o contributo da Fisioterapia e da Osteopatia Craniana\" data-date=\"2024-02-01T10:46:44+00:00\">\n\n<div class=\"post-thumbnail-wrap\">\n\t<div class=\"post-thumbnail\">\n\t\t\n\t\t\n\t\t<a href=\"https:\/\/integrativa.pt\/en\/zumbido-e-articulacao-temporomandibular-o-contributo-da-fisioterapia-e-da-osteopatia-craniana\/\" class=\"post-thumbnail-rollover layzr-bg\" ><img decoding=\"async\" class=\"preload-me owl-lazy-load aspect\" src=\"data:image\/svg+xml,%3Csvg%20xmlns%3D&#39;http%3A%2F%2Fwww.w3.org%2F2000%2Fsvg&#39;%20viewBox%3D&#39;0%200%20768%20512&#39;%2F%3E\" data-src=\"https:\/\/integrativa.pt\/wp-content\/uploads\/2024\/02\/Zumbidos-Integrativa-Fisioterapia-768x512.webp\" data-srcset=\"https:\/\/integrativa.pt\/wp-content\/uploads\/2024\/02\/Zumbidos-Integrativa-Fisioterapia-768x512.webp 768w, https:\/\/integrativa.pt\/wp-content\/uploads\/2024\/02\/Zumbidos-Integrativa-Fisioterapia-1152x768.webp 1152w\" loading=\"eager\" style=\"--ratio: 768 \/ 512\" sizes=\"(max-width: 768px) 100vw, 768px\" alt=\"\" title=\"Tinnitus Integrative Physiotherapy\" width=\"768\" height=\"512\"  \/><\/a>\t<\/div>\n<\/div>\n\n\n<div class=\"post-entry-content\">\n\n\t<h3 class=\"entry-title\">\n\t\t<a href=\"https:\/\/integrativa.pt\/en\/zumbido-e-articulacao-temporomandibular-o-contributo-da-fisioterapia-e-da-osteopatia-craniana\/\" title=\"Tinnitus and the Temporomandibular Joint: the contribution of Physiotherapy and Cranial Osteopathy\" rel=\"bookmark\">Tinnitus and the Temporomandibular Joint: the contribution of Physiotherapy and Cranial Osteopathy<\/a>\n\t<\/h3>\n\n\t\n\t\n\t\n<a href=\"https:\/\/integrativa.pt\/en\/zumbido-e-articulacao-temporomandibular-o-contributo-da-fisioterapia-e-da-osteopatia-craniana\/\" class=\"post-details details-type-link\" aria-label=\"Read more about Tinnitus and Temporomandibular Joint Disorders: the contribution of Physiotherapy and Cranial Osteopathy\">Read more<i class=\"dt-icon-the7-arrow-03\" aria-hidden=\"true\"><\/i><\/a>\n\n<\/div><\/article><\/div><\/div><\/div><\/div><\/div>\n<\/div>","protected":false},"excerpt":{"rendered":"<p>An Achilles tendon rupture is one of the most disabling lower limb injuries, and can significantly compromise the ability to walk, run, jump and perform everyday tasks. Although it is more common in physically active people, it can occur at any age and during seemingly mundane movements. The initial approach may be surgical...<\/p>","protected":false},"author":1,"featured_media":5539,"comment_status":"closed","ping_status":"open","sticky":false,"template":"","format":"standard","meta":{"inline_featured_image":false,"footnotes":""},"categories":[6,55,54],"tags":[4,27,8],"class_list":["post-7467","post","type-post","status-publish","format-standard","has-post-thumbnail","hentry","category-fisioterapia","category-fisioterapia-desportiva","category-fisioterapia-musculo-esqueletica","tag-fisioterapia","tag-osteopatia","tag-pilates-clinico","category-6","category-55","category-54","description-off"],"_links":{"self":[{"href":"https:\/\/integrativa.pt\/en\/wp-json\/wp\/v2\/posts\/7467","targetHints":{"allow":["GET"]}}],"collection":[{"href":"https:\/\/integrativa.pt\/en\/wp-json\/wp\/v2\/posts"}],"about":[{"href":"https:\/\/integrativa.pt\/en\/wp-json\/wp\/v2\/types\/post"}],"author":[{"embeddable":true,"href":"https:\/\/integrativa.pt\/en\/wp-json\/wp\/v2\/users\/1"}],"replies":[{"embeddable":true,"href":"https:\/\/integrativa.pt\/en\/wp-json\/wp\/v2\/comments?post=7467"}],"version-history":[{"count":0,"href":"https:\/\/integrativa.pt\/en\/wp-json\/wp\/v2\/posts\/7467\/revisions"}],"wp:featuredmedia":[{"embeddable":true,"href":"https:\/\/integrativa.pt\/en\/wp-json\/wp\/v2\/media\/5539"}],"wp:attachment":[{"href":"https:\/\/integrativa.pt\/en\/wp-json\/wp\/v2\/media?parent=7467"}],"wp:term":[{"taxonomy":"category","embeddable":true,"href":"https:\/\/integrativa.pt\/en\/wp-json\/wp\/v2\/categories?post=7467"},{"taxonomy":"post_tag","embeddable":true,"href":"https:\/\/integrativa.pt\/en\/wp-json\/wp\/v2\/tags?post=7467"}],"curies":[{"name":"wp","href":"https:\/\/api.w.org\/{rel}","templated":true}]}}