{"id":7475,"date":"2026-09-04T12:52:23","date_gmt":"2026-09-04T12:52:23","guid":{"rendered":"https:\/\/integrativa.pt\/?p=7475"},"modified":"2026-09-04T12:52:38","modified_gmt":"2026-09-04T12:52:38","slug":"osteoporosis-what-is-the-role-of-clinical-pilates","status":"publish","type":"post","link":"https:\/\/integrativa.pt\/en\/osteoporose-qual-o-papel-do-pilates-clinico\/","title":{"rendered":"Osteoporosis: What is the role of Clinical Pilates?"},"content":{"rendered":"<div class=\"wpb-content-wrapper\" id=\"wpb-content-root\"><div class=\"vc_row wpb_row vc_row-fluid\"><div class=\"wpb_column vc_column_container vc_col-sm-12\"><div class=\"vc_column-inner\"><div class=\"wpb_wrapper\">\n\t<div class=\"wpb_text_column wpb_content_element\" >\n\t\t<div class=\"wpb_wrapper\">\n\t\t\t<p class=\"isSelectedEnd\">A osteoporose est\u00e1 associada a altera\u00e7\u00f5es da resist\u00eancia \u00f3ssea e a um aumento do risco de fratura. Neste contexto, a pr\u00e1tica de exerc\u00edcio f\u00edsico adaptado assume particular import\u00e2ncia, sobretudo quando integra trabalho de for\u00e7a muscular, equil\u00edbrio, controlo postural e movimento funcional.<\/p>\n<p class=\"isSelectedEnd\">O Pilates Cl\u00ednico, quando orientado por um fisioterapeuta e ajustado \u00e0 condi\u00e7\u00e3o individual de cada pessoa, pode constituir uma op\u00e7\u00e3o de exerc\u00edcio adequada para pessoas com osteoporose, contribuindo para a melhoria de diferentes componentes da fun\u00e7\u00e3o f\u00edsica.<\/p>\n<h4>O que \u00e9 a osteoporose?<\/h4>\n<p class=\"isSelectedEnd\">A osteoporose \u00e9 uma doen\u00e7a esquel\u00e9tica caracterizada pela diminui\u00e7\u00e3o da densidade mineral \u00f3ssea e por altera\u00e7\u00f5es da microarquitetura do tecido \u00f3sseo, que comprometem a resist\u00eancia do osso e aumentam o risco de fratura.<\/p>\n<p class=\"isSelectedEnd\">Pode afetar homens e mulheres, embora seja particularmente frequente em pessoas mais velhas e nas mulheres ap\u00f3s a menopausa.<\/p>\n<p class=\"isSelectedEnd\">\u00c9 frequentemente descrita como uma doen\u00e7a silenciosa, uma vez que a perda de resist\u00eancia \u00f3ssea ocorre de forma progressiva e, muitas vezes, sem sintomas evidentes. Em algumas pessoas, a primeira manifesta\u00e7\u00e3o cl\u00ednica pode ser uma fratura ap\u00f3s um traumatismo de baixa intensidade.<\/p>\n<p class=\"isSelectedEnd\">As consequ\u00eancias das fraturas associadas \u00e0 osteoporose podem repercutir-se na mobilidade, na autonomia funcional, na participa\u00e7\u00e3o nas atividades da vida di\u00e1ria e na qualidade de vida.<\/p>\n<p class=\"isSelectedEnd\">Para al\u00e9m da abordagem farmacol\u00f3gica, quando indicada, as estrat\u00e9gias n\u00e3o farmacol\u00f3gicas t\u00eam um papel relevante na gest\u00e3o da osteoporose. Entre estas, destaca-se o exerc\u00edcio f\u00edsico adaptado, particularmente o exerc\u00edcio que promove for\u00e7a muscular, equil\u00edbrio, coordena\u00e7\u00e3o e capacidade funcional.<\/p>\n<p class=\"isSelectedEnd\">Uma pr\u00e1tica de exerc\u00edcio adequada pode tamb\u00e9m contribuir para reduzir fatores relacionados com o risco de queda e ajudar a preservar a fun\u00e7\u00e3o f\u00edsica ao longo do envelhecimento.<\/p>\n<h4>What is Clinical Pilates?<\/h4>\n<p class=\"isSelectedEnd\">O Pilates Cl\u00ednico corresponde a uma adapta\u00e7\u00e3o dos princ\u00edpios do m\u00e9todo de Pilates ao contexto da Fisioterapia.<\/p>\n<p class=\"isSelectedEnd\">A sua aplica\u00e7\u00e3o parte de uma avalia\u00e7\u00e3o individualizada, que permite considerar fatores como a condi\u00e7\u00e3o cl\u00ednica, a mobilidade, a for\u00e7a muscular, o equil\u00edbrio, a postura, a presen\u00e7a de dor, o historial de fraturas, a capacidade funcional e os objetivos de cada pessoa.<\/p>\n<p class=\"isSelectedEnd\">A pr\u00e1tica integra princ\u00edpios como:<\/p>\n<ul>\n<li class=\"isSelectedEnd\">Controlo e precis\u00e3o do movimento<\/li>\n<li class=\"isSelectedEnd\">Ativa\u00e7\u00e3o e controlo da musculatura do tronco<\/li>\n<li class=\"isSelectedEnd\">Alinhamento postural<\/li>\n<li class=\"isSelectedEnd\">Coordena\u00e7\u00e3o entre movimento e respira\u00e7\u00e3o<\/li>\n<li class=\"isSelectedEnd\">Body awareness<\/li>\n<li class=\"isSelectedEnd\">Progress\u00e3o gradual dos exerc\u00edcios<\/li>\n<li class=\"isSelectedEnd\">Execu\u00e7\u00e3o controlada e adaptada \u00e0 capacidade individual<\/li>\n<\/ul>\n<p class=\"isSelectedEnd\">Nas pessoas com osteoporose, esta individualiza\u00e7\u00e3o assume particular import\u00e2ncia. Alguns exerc\u00edcios do Pilates tradicional podem necessitar de adapta\u00e7\u00e3o, nomeadamente quando envolvem movimentos amplos, repetidos ou realizados sob carga em determinadas posi\u00e7\u00f5es da coluna.<\/p>\n<p class=\"isSelectedEnd\">A escolha dos exerc\u00edcios deve, por isso, considerar o risco individual de fratura, a exist\u00eancia de fraturas vertebrais anteriores, a capacidade f\u00edsica e a experi\u00eancia pr\u00e9via com exerc\u00edcio.<\/p>\n<h4>Quais s\u00e3o os benef\u00edcios do Pilates Cl\u00ednico na osteoporose?<\/h4>\n<h5>1. Aumento da for\u00e7a muscular<\/h5>\n<p class=\"isSelectedEnd\">A osteoporose pode coexistir com perda de massa e for\u00e7a muscular, particularmente com o avan\u00e7ar da idade.<\/p>\n<p class=\"isSelectedEnd\">O Pilates Cl\u00ednico permite trabalhar diferentes grupos musculares de forma progressiva, incluindo a musculatura do tronco, dos membros inferiores e os m\u00fasculos respons\u00e1veis pela estabiliza\u00e7\u00e3o e controlo postural.<\/p>\n<p class=\"isSelectedEnd\">O desenvolvimento da for\u00e7a muscular \u00e9 relevante n\u00e3o apenas para o movimento, mas tamb\u00e9m para atividades quotidianas como levantar de uma cadeira, subir escadas, caminhar ou transportar objetos.<\/p>\n<h5>2. Melhoria do equil\u00edbrio e redu\u00e7\u00e3o de fatores associados \u00e0s quedas<\/h5>\n<p class=\"isSelectedEnd\">As quedas constituem um dos principais mecanismos associados \u00e0 ocorr\u00eancia de fraturas em pessoas com fragilidade \u00f3ssea.<\/p>\n<p class=\"isSelectedEnd\">O Pilates Cl\u00ednico pode integrar exerc\u00edcios dirigidos ao equil\u00edbrio est\u00e1tico e din\u00e2mico, \u00e0 coordena\u00e7\u00e3o, \u00e0 proprioce\u00e7\u00e3o e ao controlo postural.<\/p>\n<p class=\"isSelectedEnd\">O desenvolvimento destas capacidades pode contribuir para maior estabilidade durante a marcha e durante as atividades da vida di\u00e1ria, particularmente quando o exerc\u00edcio \u00e9 integrado num programa mais abrangente de preven\u00e7\u00e3o de quedas.<\/p>\n<h5>3. Redu\u00e7\u00e3o da dor e da rigidez<\/h5>\n<p class=\"isSelectedEnd\">Algumas pessoas com osteoporose apresentam dor, rigidez ou limita\u00e7\u00e3o do movimento, sobretudo quando existem altera\u00e7\u00f5es posturais, perda de for\u00e7a muscular ou antecedentes de fraturas.<\/p>\n<p class=\"isSelectedEnd\">A pr\u00e1tica de exerc\u00edcio adaptado pode contribuir para melhorar a mobilidade, a capacidade muscular e a confian\u00e7a no movimento. Em determinados contextos cl\u00ednicos, estas altera\u00e7\u00f5es podem estar associadas a uma redu\u00e7\u00e3o da perce\u00e7\u00e3o de dor e de rigidez.<\/p>\n<p class=\"isSelectedEnd\">A resposta \u00e9, contudo, individual e depende da origem dos sintomas e da condi\u00e7\u00e3o funcional de cada pessoa.<\/p>\n<h5>4. Melhoria da postura e da consci\u00eancia corporal<\/h5>\n<p class=\"isSelectedEnd\">As altera\u00e7\u00f5es da postura podem tornar-se mais evidentes em algumas pessoas com osteoporose, particularmente na presen\u00e7a de fraturas vertebrais.<\/p>\n<p class=\"isSelectedEnd\">O Pilates Cl\u00ednico permite trabalhar o alinhamento corporal, o controlo do tronco, a musculatura extensora da coluna e a consci\u00eancia postural.<\/p>\n<p class=\"isSelectedEnd\">Estes componentes podem favorecer uma postura mais funcional e uma melhor organiza\u00e7\u00e3o do movimento durante tarefas como caminhar, sentar, levantar, alcan\u00e7ar objetos ou realizar atividades dom\u00e9sticas.<\/p>\n<h5>5. Contributo para a sa\u00fade \u00f3ssea<\/h5>\n<p class=\"isSelectedEnd\">A sa\u00fade \u00f3ssea responde aos est\u00edmulos mec\u00e2nicos produzidos pelo exerc\u00edcio, embora o efeito sobre a densidade mineral \u00f3ssea dependa do tipo de exerc\u00edcio, da intensidade, da carga aplicada e da progress\u00e3o ao longo do tempo.<\/p>\n<p class=\"isSelectedEnd\">O Pilates Cl\u00ednico pode integrar exerc\u00edcios de fortalecimento e atividades realizadas contra resist\u00eancia, contribuindo para uma estrat\u00e9gia global de exerc\u00edcio adaptado \u00e0 pessoa com osteoporose.<\/p>\n<p class=\"isSelectedEnd\">No entanto, o seu papel n\u00e3o deve ser considerado isoladamente. Quando clinicamente adequado, programas destinados \u00e0 sa\u00fade \u00f3ssea podem integrar diferentes modalidades de exerc\u00edcio, incluindo fortalecimento muscular, exerc\u00edcios com carga, equil\u00edbrio e outras formas de atividade f\u00edsica ajustadas ao risco individual de fratura.<\/p>\n<h5>6. Melhoria da fun\u00e7\u00e3o e da qualidade de vida<\/h5>\n<p class=\"isSelectedEnd\">A capacidade de se movimentar com seguran\u00e7a e confian\u00e7a \u00e9 particularmente importante nas pessoas com osteoporose.<\/p>\n<p class=\"isSelectedEnd\">Ao trabalhar for\u00e7a, equil\u00edbrio, coordena\u00e7\u00e3o, postura e controlo do movimento, o Pilates Cl\u00ednico pode contribuir para preservar ou melhorar a autonomia funcional e facilitar a participa\u00e7\u00e3o nas atividades quotidianas.<\/p>\n<p class=\"isSelectedEnd\">A progress\u00e3o gradual do exerc\u00edcio pode tamb\u00e9m ajudar algumas pessoas a recuperar confian\u00e7a nas suas capacidades f\u00edsicas e a reduzir o receio associado ao movimento ou \u00e0 possibilidade de queda.<\/p>\n<h4>Pilates Cl\u00ednico com osteoporose: porque \u00e9 importante uma avalia\u00e7\u00e3o individualizada?<\/h4>\n<p class=\"isSelectedEnd\">A osteoporose n\u00e3o se manifesta da mesma forma em todas as pessoas. O risco de fratura, a exist\u00eancia de fraturas pr\u00e9vias, a densidade mineral \u00f3ssea, a for\u00e7a muscular, o equil\u00edbrio, a postura e outras condi\u00e7\u00f5es de sa\u00fade devem ser considerados antes da defini\u00e7\u00e3o de um programa de exerc\u00edcio.<\/p>\n<p class=\"isSelectedEnd\">Uma avalia\u00e7\u00e3o realizada por um fisioterapeuta permite identificar limita\u00e7\u00f5es e capacidades funcionais e selecionar exerc\u00edcios adequados a cada pessoa.<\/p>\n<p class=\"isSelectedEnd\">Esta avalia\u00e7\u00e3o \u00e9 particularmente relevante em pessoas que apresentam:<\/p>\n<ul>\n<li class=\"isSelectedEnd\">Antecedentes de fraturas vertebrais ou m\u00faltiplas fraturas<\/li>\n<li class=\"isSelectedEnd\">Altera\u00e7\u00f5es importantes da postura<\/li>\n<li class=\"isSelectedEnd\">Persistent pain<\/li>\n<li class=\"isSelectedEnd\">Dificuldades de equil\u00edbrio ou hist\u00f3rico de quedas<\/li>\n<li class=\"isSelectedEnd\">Redu\u00e7\u00e3o significativa da mobilidade ou da for\u00e7a muscular<\/li>\n<li class=\"isSelectedEnd\">Receio de realizar determinados movimentos<\/li>\n<li class=\"isSelectedEnd\">Outras condi\u00e7\u00f5es cl\u00ednicas que possam interferir com o exerc\u00edcio<\/li>\n<\/ul>\n<p class=\"isSelectedEnd\">Nestes casos, a adapta\u00e7\u00e3o da amplitude, da resist\u00eancia, da posi\u00e7\u00e3o e da progress\u00e3o dos exerc\u00edcios permite enquadrar a pr\u00e1tica de forma mais segura e individualizada.<\/p>\n<h4>Compreender o Pilates Cl\u00ednico na osteoporose numa perspetiva integrativa<\/h4>\n<p class=\"isSelectedEnd\">O Pilates Cl\u00ednico pode constituir uma componente relevante de um plano de exerc\u00edcio individualizado para pessoas com osteoporose, sobretudo pelo seu potencial para trabalhar for\u00e7a muscular, equil\u00edbrio, controlo postural, coordena\u00e7\u00e3o e capacidade funcional.<\/p>\n<p class=\"isSelectedEnd\">O seu contributo deve ser enquadrado numa abordagem global \u00e0 sa\u00fade \u00f3ssea, que considere o risco individual de fratura, o n\u00edvel de atividade f\u00edsica, a alimenta\u00e7\u00e3o, os fatores associados \u00e0s quedas, a condi\u00e7\u00e3o musculoesquel\u00e9tica e as orienta\u00e7\u00f5es m\u00e9dicas aplic\u00e1veis a cada pessoa.<\/p>\n<p>Na presen\u00e7a de osteoporose, e particularmente quando existem fraturas pr\u00e9vias ou limita\u00e7\u00f5es funcionais relevantes, a avalia\u00e7\u00e3o por um profissional de sa\u00fade permite definir uma pr\u00e1tica de exerc\u00edcio progressiva e adaptada \u00e0s caracter\u00edsticas individuais.<\/p>\n\n\t\t<\/div>\n\t<\/div>\n<\/div><\/div><\/div><\/div><div class=\"vc_row wpb_row vc_row-fluid vc_custom_1680169461443\"><div class=\"wpb_column vc_column_container vc_col-sm-12\"><div class=\"vc_column-inner\"><div class=\"wpb_wrapper\">\n\t<div class=\"wpb_text_column wpb_content_element\" >\n\t\t<div class=\"wpb_wrapper\">\n\t\t\t<p style=\"text-align: right;\"><a href=\"https:\/\/integrativa.pt\/en\/integrative-team\/\"><b>Rita Xarepe<\/b><\/a>\u00a0| Physiotherapist and Clinical Pilates Instructor by APPI<\/p>\n<h6 style=\"text-align: right;\">Physiotherapist Card: 4209 | Order of Physiotherapists<\/h6>\n\n\t\t<\/div>\n\t<\/div>\n<\/div><\/div><\/div><\/div><div class=\"vc_row wpb_row vc_row-fluid vc_custom_1680169461443\"><div class=\"wpb_column vc_column_container vc_col-sm-12\"><div class=\"vc_column-inner\"><div class=\"wpb_wrapper\">\n\t<div class=\"wpb_text_column wpb_content_element  vc_custom_1680169468507\" >\n\t\t<div class=\"wpb_wrapper\">\n\t\t\t<p><a title=\"Home\" href=\"https:\/\/integrativa.pt\/en\/\"><strong>Integrativa<\/strong><\/a> | Health and well-being as a lifestyle<\/p>\n\n\t\t<\/div>\n\t<\/div>\n\n\t<div class=\"wpb_text_column wpb_content_element  vc_custom_1775895587227\" >\n\t\t<div class=\"wpb_wrapper\">\n\t\t\t<h6>This website and its content are for information purposes only and are not a substitute for medical or health professional advice. In all cases, treatments should be individualised and guided by health professionals. Do not make any changes to your treatment without contacting the doctor or health professional accompanying you.<\/h6>\n\n\t\t<\/div>\n\t<\/div>\n<\/div><\/div><\/div><\/div><div class=\"vc_row wpb_row vc_row-fluid\"><div class=\"wpb_column vc_column_container vc_col-sm-12\"><div class=\"vc_column-inner vc_custom_1678987635945\"><div class=\"wpb_wrapper\"><div class=\"vc_separator wpb_content_element vc_separator_align_center vc_sep_border_width_1 vc_sep_pos_align_center wpb_content_element vc_separator-has-text\"   style=\"width: 100%;\"><span class=\"vc_sep_holder vc_sep_holder_l\"><span style=\"border-top-color:#1b9193;\" class=\"vc_sep_line\"><\/span><\/span><h4>Related articles<\/h4><span class=\"vc_sep_holder vc_sep_holder_r\"><span style=\"border-top-color:#1b9193;\" class=\"vc_sep_line\"><\/span><\/span>\n<\/div><style type=\"text\/css\" data-type=\"the7_shortcodes-inline-css\">.blog-carousel-shortcode.blog-carousel-shortcode-id-dc2121cad820d5acf76d1dfcf9282c1f.dividers-on.classic-layout-list article {\n  padding-top: 0;\n}\n.blog-carousel-shortcode.blog-carousel-shortcode-id-dc2121cad820d5acf76d1dfcf9282c1f.dividers-on.classic-layout-list article:first-of-type {\n  margin-top: 0;\n  padding-top: 0;\n}\n.blog-carousel-shortcode.blog-carousel-shortcode-id-dc2121cad820d5acf76d1dfcf9282c1f.classic-layout-list.mode-list .post-entry-content {\n  width: calc(100% - );\n}\n.blog-carousel-shortcode.blog-carousel-shortcode-id-dc2121cad820d5acf76d1dfcf9282c1f.classic-layout-list.mode-list .no-img .post-entry-content {\n  width: 100%;\n}\n.blog-carousel-shortcode.blog-carousel-shortcode-id-dc2121cad820d5acf76d1dfcf9282c1f .filter-bg-decoration .filter-categories a.act {\n  color: #fff;\n}\n.blog-carousel-shortcode.blog-carousel-shortcode-id-dc2121cad820d5acf76d1dfcf9282c1f:not(.mode-masonry) article:first-of-type,\n.blog-carousel-shortcode.blog-carousel-shortcode-id-dc2121cad820d5acf76d1dfcf9282c1f:not(.mode-masonry) article.visible.first:not(.product) {\n  margin-top: 0;\n}\n.blog-carousel-shortcode.blog-carousel-shortcode-id-dc2121cad820d5acf76d1dfcf9282c1f.dividers-on:not(.mode-masonry) article {\n  margin-top: 0;\n}\n.blog-carousel-shortcode.blog-carousel-shortcode-id-dc2121cad820d5acf76d1dfcf9282c1f.dividers-on:not(.mode-masonry) article:first-of-type,\n.blog-carousel-shortcode.blog-carousel-shortcode-id-dc2121cad820d5acf76d1dfcf9282c1f.dividers-on:not(.mode-masonry) article.visible.first:not(.product) {\n  margin-top: 0;\n  padding-top: 0;\n}\n.blog-carousel-shortcode.blog-carousel-shortcode-id-dc2121cad820d5acf76d1dfcf9282c1f .post-thumbnail-wrap {\n  padding: 0px 0px 0px 0px;\n}\n.blog-carousel-shortcode.blog-carousel-shortcode-id-dc2121cad820d5acf76d1dfcf9282c1f.enable-bg-rollover .post-thumbnail-rollover:after {\n  background: -webkit-linear-gradient();\n  background: linear-gradient();\n}\n.blog-carousel-shortcode.blog-carousel-shortcode-id-dc2121cad820d5acf76d1dfcf9282c1f .gallery-zoom-ico {\n  width: 44px;\n  height: 44px;\n  line-height: 44px;\n  border-radius: 100px;\n  margin: -22px 0 0 -22px;\n  border-width: 0px;\n  color: #ffffff;\n  background: none;\n}\n.bottom-overlap-layout-list.blog-carousel-shortcode.blog-carousel-shortcode-id-dc2121cad820d5acf76d1dfcf9282c1f .gallery-zoom-ico {\n  margin-top: -72px;\n}\n.gradient-overlay-layout-list.blog-carousel-shortcode.blog-carousel-shortcode-id-dc2121cad820d5acf76d1dfcf9282c1f .gallery-zoom-ico,\n.content-rollover-layout-list.blog-carousel-shortcode.blog-carousel-shortcode-id-dc2121cad820d5acf76d1dfcf9282c1f .gallery-zoom-ico {\n  margin: 0 0 10px;\n}\n.content-align-center.gradient-overlay-layout-list.blog-carousel-shortcode.blog-carousel-shortcode-id-dc2121cad820d5acf76d1dfcf9282c1f .gallery-zoom-ico,\n.content-align-center.content-rollover-layout-list.blog-carousel-shortcode.blog-carousel-shortcode-id-dc2121cad820d5acf76d1dfcf9282c1f .gallery-zoom-ico {\n  margin: 0 auto 10px;\n}\n.dt-icon-bg-on.blog-carousel-shortcode.blog-carousel-shortcode-id-dc2121cad820d5acf76d1dfcf9282c1f .gallery-zoom-ico {\n  background: rgba(255,255,255,0.3);\n  box-shadow: none;\n}\n.blog-carousel-shortcode.blog-carousel-shortcode-id-dc2121cad820d5acf76d1dfcf9282c1f .gallery-zoom-ico > span,\n.blog-carousel-shortcode.blog-carousel-shortcode-id-dc2121cad820d5acf76d1dfcf9282c1f .gallery-zoom-ico:before {\n  font-size: 32px;\n  line-height: 44px;\n}\n.blog-carousel-shortcode.blog-carousel-shortcode-id-dc2121cad820d5acf76d1dfcf9282c1f .gallery-zoom-ico > span,\n.blog-carousel-shortcode.blog-carousel-shortcode-id-dc2121cad820d5acf76d1dfcf9282c1f .gallery-zoom-ico:before {\n  color: #ffffff;\n  background: none;\n}\n.blog-carousel-shortcode.blog-carousel-shortcode-id-dc2121cad820d5acf76d1dfcf9282c1f .entry-title,\n.blog-carousel-shortcode.blog-carousel-shortcode-id-dc2121cad820d5acf76d1dfcf9282c1f.owl-carousel .entry-title {\n  margin-bottom: 5px;\n}\n.blog-carousel-shortcode.blog-carousel-shortcode-id-dc2121cad820d5acf76d1dfcf9282c1f .entry-meta {\n  margin-bottom: 15px;\n}\n.blog-carousel-shortcode.blog-carousel-shortcode-id-dc2121cad820d5acf76d1dfcf9282c1f .portfolio-categories {\n  margin-bottom: 15px;\n}\n.blog-carousel-shortcode.blog-carousel-shortcode-id-dc2121cad820d5acf76d1dfcf9282c1f .entry-excerpt {\n  margin-bottom: 5px;\n}\n.blog-carousel-shortcode.blog-carousel-shortcode-id-dc2121cad820d5acf76d1dfcf9282c1f:not(.centered-layout-list) .post-entry-content {\n  padding: 15px 20px 20px 20px;\n}\n.blog-carousel-shortcode.blog-carousel-shortcode-id-dc2121cad820d5acf76d1dfcf9282c1f:not(.centered-layout-list):not(.content-bg-on):not(.mode-list) .no-img .post-entry-content {\n  padding: 0;\n}\n@media screen and (max-width: ) {\n  .blog-carousel-shortcode.blog-carousel-shortcode-id-dc2121cad820d5acf76d1dfcf9282c1f article {\n    -ms-flex-flow: column nowrap;\n    flex-flow: column nowrap;\n    margin-top: 20px;\n  }\n  .blog-carousel-shortcode.blog-carousel-shortcode-id-dc2121cad820d5acf76d1dfcf9282c1f.dividers-on article {\n    border: none;\n  }\n  .blog-carousel-shortcode.blog-carousel-shortcode-id-dc2121cad820d5acf76d1dfcf9282c1f.content-bg-on.centered-layout-list article {\n    padding: 0;\n  }\n  .blog-carousel-shortcode.blog-carousel-shortcode-id-dc2121cad820d5acf76d1dfcf9282c1f.blog-shortcode.dividers-on article,\n  .blog-carousel-shortcode.blog-carousel-shortcode-id-dc2121cad820d5acf76d1dfcf9282c1f.dividers-on.classic-layout-list article {\n    margin-top: 20px;\n    padding: 0;\n  }\n  .blog-carousel-shortcode.blog-carousel-shortcode-id-dc2121cad820d5acf76d1dfcf9282c1f.blog-shortcode.dividers-on article:first-of-type,\n  .blog-carousel-shortcode.blog-carousel-shortcode-id-dc2121cad820d5acf76d1dfcf9282c1f.dividers-on.classic-layout-list article:first-of-type {\n    padding: 0;\n  }\n  #page .blog-carousel-shortcode.blog-carousel-shortcode-id-dc2121cad820d5acf76d1dfcf9282c1f .post-thumbnail-wrap,\n  #page .blog-carousel-shortcode.blog-carousel-shortcode-id-dc2121cad820d5acf76d1dfcf9282c1f .post-entry-content {\n    width: 100%;\n    margin: 0;\n    top: 0;\n  }\n  #page .blog-carousel-shortcode.blog-carousel-shortcode-id-dc2121cad820d5acf76d1dfcf9282c1f .post-thumbnail-wrap {\n    padding: 0;\n  }\n  #page .blog-carousel-shortcode.blog-carousel-shortcode-id-dc2121cad820d5acf76d1dfcf9282c1f .post-entry-content:after {\n    display: none;\n  }\n  #page .blog-carousel-shortcode.blog-carousel-shortcode-id-dc2121cad820d5acf76d1dfcf9282c1f .project-even .post-thumbnail-wrap,\n  #page .blog-carousel-shortcode.blog-carousel-shortcode-id-dc2121cad820d5acf76d1dfcf9282c1f.centered-layout-list .post-thumbnail-wrap {\n    -ms-flex-order: 0;\n    order: 0;\n  }\n  #page .blog-carousel-shortcode.blog-carousel-shortcode-id-dc2121cad820d5acf76d1dfcf9282c1f.centered-layout-list .post-entry-title-content {\n    -ms-flex-order: 1;\n    order: 1;\n    width: 100%;\n    padding: 20px 20px 0;\n  }\n  #page .blog-carousel-shortcode.blog-carousel-shortcode-id-dc2121cad820d5acf76d1dfcf9282c1f.centered-layout-list .post-entry-content {\n    -ms-flex-order: 2;\n    order: 2;\n    padding-top: 0;\n  }\n  #page .blog-carousel-shortcode.blog-carousel-shortcode-id-dc2121cad820d5acf76d1dfcf9282c1f .fancy-categories {\n    top: 10px;\n    left: 10px;\n    bottom: auto;\n    right: auto;\n  }\n  #page .blog-carousel-shortcode.blog-carousel-shortcode-id-dc2121cad820d5acf76d1dfcf9282c1f .fancy-date a {\n    top: 10px;\n    right: 10px;\n    left: auto;\n    bottom: auto;\n  }\n  #page .blog-carousel-shortcode.blog-carousel-shortcode-id-dc2121cad820d5acf76d1dfcf9282c1f .post-entry-content {\n    padding: 20px;\n  }\n  #page .blog-carousel-shortcode.blog-carousel-shortcode-id-dc2121cad820d5acf76d1dfcf9282c1f .entry-title {\n    margin: 3px 0 5px;\n    font-size: 20px;\n    line-height: 26px;\n  }\n  #page .blog-carousel-shortcode.blog-carousel-shortcode-id-dc2121cad820d5acf76d1dfcf9282c1f .entry-meta {\n    margin: 5px 0 5px;\n  }\n  #page .blog-carousel-shortcode.blog-carousel-shortcode-id-dc2121cad820d5acf76d1dfcf9282c1f .entry-excerpt {\n    margin: 15px 0 0;\n  }\n  #page .blog-carousel-shortcode.blog-carousel-shortcode-id-dc2121cad820d5acf76d1dfcf9282c1f .post-details {\n    margin: 5px 0 10px;\n  }\n  #page .blog-carousel-shortcode.blog-carousel-shortcode-id-dc2121cad820d5acf76d1dfcf9282c1f .post-details.details-type-link {\n    margin-bottom: 2px;\n  }\n}\n.blog-carousel-shortcode.blog-carousel-shortcode-id-dc2121cad820d5acf76d1dfcf9282c1f.owl-carousel .owl-nav div {\n  width: 36px;\n  height: 36px;\n  border-radius: 500px;\n}\n.dt-arrow-border-on.blog-carousel-shortcode.blog-carousel-shortcode-id-dc2121cad820d5acf76d1dfcf9282c1f.owl-carousel .owl-nav div:not(:hover):before {\n  border-width: 0px;\n}\n.dt-arrow-hover-border-on.blog-carousel-shortcode.blog-carousel-shortcode-id-dc2121cad820d5acf76d1dfcf9282c1f.owl-carousel .owl-nav div:hover:after {\n  border-width: 0px;\n}\n.blog-carousel-shortcode.blog-carousel-shortcode-id-dc2121cad820d5acf76d1dfcf9282c1f.owl-carousel .owl-nav div.owl-prev {\n  top: 50%;\n  transform: translateY(calc(-50% + 0px));\n  left: -43px;\n}\n@media all and (-ms-high-contrast: none) {\n  .blog-carousel-shortcode.blog-carousel-shortcode-id-dc2121cad820d5acf76d1dfcf9282c1f.owl-carousel .owl-nav div.owl-prev {\n    transform: translateY(-50%);\n    margin-top: 0px;\n  }\n}\n.blog-carousel-shortcode.blog-carousel-shortcode-id-dc2121cad820d5acf76d1dfcf9282c1f.owl-carousel .owl-nav div.owl-prev i {\n  padding: 0px 0px 0px 0px;\n}\n.blog-carousel-shortcode.blog-carousel-shortcode-id-dc2121cad820d5acf76d1dfcf9282c1f.owl-carousel .owl-nav div.owl-next {\n  top: 50%;\n  transform: translateY(calc(-50% + 0px));\n  right: -43px;\n}\n@media all and (-ms-high-contrast: none) {\n  .blog-carousel-shortcode.blog-carousel-shortcode-id-dc2121cad820d5acf76d1dfcf9282c1f.owl-carousel .owl-nav div.owl-next {\n    transform: translateY(-50%);\n    margin-top: 0px;\n  }\n}\n.blog-carousel-shortcode.blog-carousel-shortcode-id-dc2121cad820d5acf76d1dfcf9282c1f.owl-carousel .owl-nav div.owl-next i {\n  padding: 0px 0px 0px 0px;\n}\n.blog-carousel-shortcode.blog-carousel-shortcode-id-dc2121cad820d5acf76d1dfcf9282c1f.owl-carousel .owl-nav i {\n  font-size: 18px;\n}\n.blog-carousel-shortcode.blog-carousel-shortcode-id-dc2121cad820d5acf76d1dfcf9282c1f.owl-carousel .owl-nav div:not(:hover) i,\n.blog-carousel-shortcode.blog-carousel-shortcode-id-dc2121cad820d5acf76d1dfcf9282c1f.owl-carousel .owl-nav div:not(:hover) i:before {\n  color: #ffffff;\n  background: none;\n}\n.blog-carousel-shortcode.blog-carousel-shortcode-id-dc2121cad820d5acf76d1dfcf9282c1f.owl-carousel .owl-nav div:hover i,\n.blog-carousel-shortcode.blog-carousel-shortcode-id-dc2121cad820d5acf76d1dfcf9282c1f.owl-carousel .owl-nav div:hover i:before {\n  color: rgba(255,255,255,0.75);\n  background: none;\n}\n.blog-carousel-shortcode.blog-carousel-shortcode-id-dc2121cad820d5acf76d1dfcf9282c1f .owl-dots {\n  top: calc(100% + 20px);\n  left: 50%;\n  transform: translateX(calc(-50% + 0px));\n}\n@media all and (-ms-high-contrast: none) {\n  .blog-carousel-shortcode.blog-carousel-shortcode-id-dc2121cad820d5acf76d1dfcf9282c1f .owl-dots {\n    transform: translateX(-50%);\n    margin-left: 0px;\n  }\n}\n.blog-carousel-shortcode.blog-carousel-shortcode-id-dc2121cad820d5acf76d1dfcf9282c1f .owl-dot {\n  width: 10px;\n  height: 10px;\n  margin: 0 8px;\n}\n@media screen and (max-width: 778px) {\n  .blog-carousel-shortcode.blog-carousel-shortcode-id-dc2121cad820d5acf76d1dfcf9282c1f.hide-arrows .owl-nav a {\n    display: none;\n  }\n}\n@media screen and (max-width: 778px) {\n  .blog-carousel-shortcode.blog-carousel-shortcode-id-dc2121cad820d5acf76d1dfcf9282c1f.reposition-arrows .owl-nav div.owl-prev {\n    top: 50%;\n    transform: translateY(calc(-50% + 0px));\n    left: 10px;\n  }\n  .blog-carousel-shortcode.blog-carousel-shortcode-id-dc2121cad820d5acf76d1dfcf9282c1f.reposition-arrows .owl-nav div.owl-next {\n    top: 50%;\n    transform: translateY(calc(-50% + 0px));\n    right: 10px;\n  }\n}\n@media screen and (max-width: 778px) and all and (-ms-high-contrast: none) {\n  .blog-carousel-shortcode.blog-carousel-shortcode-id-dc2121cad820d5acf76d1dfcf9282c1f.reposition-arrows .owl-nav div.owl-prev {\n    transform: translateY(-50%);\n    margin-top: 0px;\n  }\n}\n@media screen and (max-width: 778px) and all and (-ms-high-contrast: none) {\n  .blog-carousel-shortcode.blog-carousel-shortcode-id-dc2121cad820d5acf76d1dfcf9282c1f.reposition-arrows .owl-nav div.owl-next {\n    transform: translateY(-50%);\n    margin-top: 0px;\n  }\n}<\/style><div class=\"owl-carousel blog-carousel-shortcode dt-owl-carousel-call blog-carousel-shortcode-id-dc2121cad820d5acf76d1dfcf9282c1f classic-layout-list scale-img dt-icon-bg-off dt-arrow-border-on dt-arrow-hover-border-on meta-info-off bullets-small-dot-stroke reposition-arrows arrows-bg-on disable-arrows-hover-bg arrows-hover-bg-on\" data-scroll-mode=\"1\" data-col-num=\"3\" data-wide-col-num=\"4\" data-laptop-col=\"3\" data-h-tablet-columns-num=\"3\" data-v-tablet-columns-num=\"2\" data-phone-columns-num=\"1\" data-auto-height=\"true\" data-col-gap=\"30\" data-stage-padding=\"0\" data-speed=\"600\" data-autoplay=\"false\" data-autoplay_speed=\"6000\" data-arrows=\"true\" data-bullet=\"false\" data-next-icon=\"icon-ar-017-r\" data-prev-icon=\"icon-ar-017-l\"><article class=\"post post-7452 type-post status-publish format-standard has-post-thumbnail hentry category-osteopatia category-fisioterapia category-fisioterapia-desportiva category-fisioterapia-musculo-esqueletica tag-fisioterapia tag-osteopatia tag-pilates-clinico category-17 category-6 category-55 category-54 description-off\" data-name=\"Les\u00f5es no padel: preven\u00e7\u00e3o, fisioterapia e regresso \u00e0 pr\u00e1tica desportiva\" data-date=\"2026-07-16T13:52:31+00:00\">\n\n<div class=\"post-thumbnail-wrap\">\n\t<div class=\"post-thumbnail\">\n\t\t\n\t\t\n\t\t<a href=\"https:\/\/integrativa.pt\/en\/lesoes-no-padel-prevencao-fisioterapia-e-regresso-a-pratica-desportiva\/\" class=\"post-thumbnail-rollover layzr-bg\" ><img fetchpriority=\"high\" decoding=\"async\" class=\"preload-me owl-lazy-load aspect\" src=\"data:image\/svg+xml,%3Csvg%20xmlns%3D&#39;http%3A%2F%2Fwww.w3.org%2F2000%2Fsvg&#39;%20viewBox%3D&#39;0%200%20539%20359&#39;%2F%3E\" data-src=\"https:\/\/integrativa.pt\/wp-content\/uploads\/2026\/07\/Fisioterapia-Padel.avif\" data-srcset=\"https:\/\/integrativa.pt\/wp-content\/uploads\/2026\/07\/Fisioterapia-Padel.avif 539w\" loading=\"eager\" style=\"--ratio: 539 \/ 359\" sizes=\"(max-width: 539px) 100vw, 539px\" alt=\"\" title=\"Physiotherapy for Padel\" width=\"539\" height=\"359\"  \/><\/a>\t<\/div>\n<\/div>\n\n\n<div class=\"post-entry-content\">\n\n\t<h3 class=\"entry-title\">\n\t\t<a href=\"https:\/\/integrativa.pt\/en\/lesoes-no-padel-prevencao-fisioterapia-e-regresso-a-pratica-desportiva\/\" title=\"Padel injuries: prevention, physiotherapy and return to sport\" rel=\"bookmark\">Padel injuries: prevention, physiotherapy and return to sport<\/a>\n\t<\/h3>\n\n\t\n\t\n\t\n<a href=\"https:\/\/integrativa.pt\/en\/lesoes-no-padel-prevencao-fisioterapia-e-regresso-a-pratica-desportiva\/\" class=\"post-details details-type-link\" aria-label=\"Read more about Padel Injuries: Prevention, Physiotherapy and Return to Sport\">Read more<i class=\"dt-icon-the7-arrow-03\" aria-hidden=\"true\"><\/i><\/a>\n\n<\/div><\/article><article class=\"post post-2940 type-post status-publish format-standard has-post-thumbnail hentry category-fisioterapia category-fisioterapia-em-paralisia-facial tag-fisioterapia tag-osteopatia tag-pilates-clinico category-6 category-39 description-off\" data-name=\"Paralisia Facial ap\u00f3s Cirurgia de Neurinoma do Ac\u00fastico: mecanismos, impacto funcional e fisioterapia especializada\" data-date=\"2024-01-24T17:57:01+00:00\">\n\n<div class=\"post-thumbnail-wrap\">\n\t<div class=\"post-thumbnail\">\n\t\t\n\t\t\n\t\t<a href=\"https:\/\/integrativa.pt\/en\/paralisia-facial-apos-cirurgia-de-neurinoma-do-acustico-mecanismos-impacto-funcional-e-fisioterapia-especializada\/\" class=\"post-thumbnail-rollover layzr-bg\" ><img decoding=\"async\" class=\"preload-me owl-lazy-load aspect\" src=\"data:image\/svg+xml,%3Csvg%20xmlns%3D&#39;http%3A%2F%2Fwww.w3.org%2F2000%2Fsvg&#39;%20viewBox%3D&#39;0%200%20768%20512&#39;%2F%3E\" data-src=\"https:\/\/integrativa.pt\/wp-content\/uploads\/2024\/12\/Fisioterapia-Paralisia-Facial-Integrativa-11-768x512.webp\" data-srcset=\"https:\/\/integrativa.pt\/wp-content\/uploads\/2024\/12\/Fisioterapia-Paralisia-Facial-Integrativa-11-768x512.webp 768w, https:\/\/integrativa.pt\/wp-content\/uploads\/2024\/12\/Fisioterapia-Paralisia-Facial-Integrativa-11-1152x768.webp 1152w\" loading=\"eager\" style=\"--ratio: 768 \/ 512\" sizes=\"(max-width: 768px) 100vw, 768px\" alt=\"\" title=\"Integrative Facial Palsy Physiotherapy (11)\" width=\"768\" height=\"512\"  \/><\/a>\t<\/div>\n<\/div>\n\n\n<div class=\"post-entry-content\">\n\n\t<h3 class=\"entry-title\">\n\t\t<a href=\"https:\/\/integrativa.pt\/en\/paralisia-facial-apos-cirurgia-de-neurinoma-do-acustico-mecanismos-impacto-funcional-e-fisioterapia-especializada\/\" title=\"Facial paralysis after acoustic neuroma surgery: mechanisms, functional impact and specialised physiotherapy\" rel=\"bookmark\">Facial paralysis after acoustic neuroma surgery: mechanisms, functional impact and specialised physiotherapy<\/a>\n\t<\/h3>\n\n\t\n\t\n\t\n<a href=\"https:\/\/integrativa.pt\/en\/paralisia-facial-apos-cirurgia-de-neurinoma-do-acustico-mecanismos-impacto-funcional-e-fisioterapia-especializada\/\" class=\"post-details details-type-link\" aria-label=\"Read more about Facial paralysis after acoustic neuroma surgery: mechanisms, functional impact and specialised physiotherapy\">Read more<i class=\"dt-icon-the7-arrow-03\" aria-hidden=\"true\"><\/i><\/a>\n\n<\/div><\/article><article class=\"post post-5703 type-post status-publish format-standard has-post-thumbnail hentry category-fisioterapia tag-fisioterapia category-6 description-off\" data-name=\"Eletroterapia na Fisioterapia: Ultrassom Terap\u00eautico, TENS, EMS e Laser\" data-date=\"2026-01-21T15:34:14+00:00\">\n\n<div class=\"post-thumbnail-wrap\">\n\t<div class=\"post-thumbnail\">\n\t\t\n\t\t\n\t\t<a href=\"https:\/\/integrativa.pt\/en\/eletroterapia-na-fisioterapia-ultrassom-terapeutico-tens-ems-e-laser\/\" class=\"post-thumbnail-rollover layzr-bg\" ><img decoding=\"async\" class=\"preload-me owl-lazy-load aspect\" src=\"data:image\/svg+xml,%3Csvg%20xmlns%3D&#39;http%3A%2F%2Fwww.w3.org%2F2000%2Fsvg&#39;%20viewBox%3D&#39;0%200%20768%20512&#39;%2F%3E\" data-src=\"https:\/\/integrativa.pt\/wp-content\/uploads\/2026\/01\/Eletroterapia-na-Fisioterapia-3-768x512.avif\" data-srcset=\"https:\/\/integrativa.pt\/wp-content\/uploads\/2026\/01\/Eletroterapia-na-Fisioterapia-3-768x512.avif 768w, https:\/\/integrativa.pt\/wp-content\/uploads\/2026\/01\/Eletroterapia-na-Fisioterapia-3-1152x768.avif 1152w\" loading=\"eager\" style=\"--ratio: 768 \/ 512\" sizes=\"(max-width: 768px) 100vw, 768px\" alt=\"\" title=\"Electrotherapy in Physiotherapy\" width=\"768\" height=\"512\"  \/><\/a>\t<\/div>\n<\/div>\n\n\n<div class=\"post-entry-content\">\n\n\t<h3 class=\"entry-title\">\n\t\t<a href=\"https:\/\/integrativa.pt\/en\/eletroterapia-na-fisioterapia-ultrassom-terapeutico-tens-ems-e-laser\/\" title=\"Electrotherapy in Physiotherapy: Therapeutic Ultrasound, TENS, EMS and Laser\" rel=\"bookmark\">Electrotherapy in Physiotherapy: Therapeutic Ultrasound, TENS, EMS and Laser<\/a>\n\t<\/h3>\n\n\t\n\t\n\t\n<a href=\"https:\/\/integrativa.pt\/en\/eletroterapia-na-fisioterapia-ultrassom-terapeutico-tens-ems-e-laser\/\" class=\"post-details details-type-link\" aria-label=\"Read more about Electrotherapy in Physiotherapy: Therapeutic Ultrasound, TENS, EMS and Laser\">Read more<i class=\"dt-icon-the7-arrow-03\" aria-hidden=\"true\"><\/i><\/a>\n\n<\/div><\/article><article class=\"post post-3519 type-post status-publish format-standard has-post-thumbnail hentry category-fisioterapia-em-saude-da-mulher category-pilates-clinico tag-fisioterapia tag-osteopatia tag-pilates-clinico category-47 category-9 description-off\" data-name=\"Pilates Cl\u00ednico: A chave para uma gravidez saud\u00e1vel\" data-date=\"2024-06-26T20:41:03+00:00\">\n\n<div class=\"post-thumbnail-wrap\">\n\t<div class=\"post-thumbnail\">\n\t\t\n\t\t\n\t\t<a href=\"https:\/\/integrativa.pt\/en\/pilates-clinico-a-chave-para-uma-gravidez-saudavel\/\" class=\"post-thumbnail-rollover layzr-bg\" ><img decoding=\"async\" class=\"preload-me owl-lazy-load aspect\" src=\"data:image\/svg+xml,%3Csvg%20xmlns%3D&#39;http%3A%2F%2Fwww.w3.org%2F2000%2Fsvg&#39;%20viewBox%3D&#39;0%200%20768%20512&#39;%2F%3E\" data-src=\"https:\/\/integrativa.pt\/wp-content\/uploads\/2025\/10\/Pilates-Gravidas-768x512.webp\" data-srcset=\"https:\/\/integrativa.pt\/wp-content\/uploads\/2025\/10\/Pilates-Gravidas-768x512.webp 768w, https:\/\/integrativa.pt\/wp-content\/uploads\/2025\/10\/Pilates-Gravidas-1152x768.webp 1152w\" loading=\"eager\" style=\"--ratio: 768 \/ 512\" sizes=\"(max-width: 768px) 100vw, 768px\" alt=\"\" title=\"Pregnant Pilates\" width=\"768\" height=\"512\"  \/><\/a>\t<\/div>\n<\/div>\n\n\n<div class=\"post-entry-content\">\n\n\t<h3 class=\"entry-title\">\n\t\t<a href=\"https:\/\/integrativa.pt\/en\/pilates-clinico-a-chave-para-uma-gravidez-saudavel\/\" title=\"Clinical Pilates: The key to a healthy pregnancy\" rel=\"bookmark\">Clinical Pilates: The key to a healthy pregnancy<\/a>\n\t<\/h3>\n\n\t\n\t\n\t\n<a href=\"https:\/\/integrativa.pt\/en\/pilates-clinico-a-chave-para-uma-gravidez-saudavel\/\" class=\"post-details details-type-link\" aria-label=\"Read more about Clinical Pilates: The key to a healthy pregnancy\">Read more<i class=\"dt-icon-the7-arrow-03\" aria-hidden=\"true\"><\/i><\/a>\n\n<\/div><\/article><article class=\"post post-2411 type-post status-publish format-standard has-post-thumbnail hentry category-atividade-fisica category-fisioterapia category-pilates-clinico tag-fisioterapia tag-osteopatia tag-pilates-clinico category-38 category-6 category-9 description-off\" data-name=\"Pilates cl\u00ednico no Cancro da Mama: Melhorar a recupera\u00e7\u00e3o e a sua qualidade de vida\" data-date=\"2023-07-10T14:18:21+00:00\">\n\n<div class=\"post-thumbnail-wrap\">\n\t<div class=\"post-thumbnail\">\n\t\t\n\t\t\n\t\t<a href=\"https:\/\/integrativa.pt\/en\/pilates-clinico-no-cancro-da-mama-melhorar-a-recuperacao-e-a-sua-qualidade-de-vida\/\" class=\"post-thumbnail-rollover layzr-bg\" ><img decoding=\"async\" class=\"preload-me owl-lazy-load aspect\" src=\"data:image\/svg+xml,%3Csvg%20xmlns%3D&#39;http%3A%2F%2Fwww.w3.org%2F2000%2Fsvg&#39;%20viewBox%3D&#39;0%200%20768%20512&#39;%2F%3E\" data-src=\"https:\/\/integrativa.pt\/wp-content\/uploads\/2025\/10\/Pilates-Clinico-Belem-Lisboa-Restelo-4-768x512.webp\" data-srcset=\"https:\/\/integrativa.pt\/wp-content\/uploads\/2025\/10\/Pilates-Clinico-Belem-Lisboa-Restelo-4-768x512.webp 768w, https:\/\/integrativa.pt\/wp-content\/uploads\/2025\/10\/Pilates-Clinico-Belem-Lisboa-Restelo-4-1152x768.webp 1152w\" loading=\"eager\" style=\"--ratio: 768 \/ 512\" sizes=\"(max-width: 768px) 100vw, 768px\" alt=\"\" title=\"Pilates Clinic Bel\u00e9m Lisboa Restelo (4)\" width=\"768\" height=\"512\"  \/><\/a>\t<\/div>\n<\/div>\n\n\n<div class=\"post-entry-content\">\n\n\t<h3 class=\"entry-title\">\n\t\t<a href=\"https:\/\/integrativa.pt\/en\/pilates-clinico-no-cancro-da-mama-melhorar-a-recuperacao-e-a-sua-qualidade-de-vida\/\" title=\"Clinical Pilates in Breast Cancer: Improving recovery and your quality of life\" rel=\"bookmark\">Clinical Pilates in Breast Cancer: Improving recovery and your quality of life<\/a>\n\t<\/h3>\n\n\t\n\t\n\t\n<a href=\"https:\/\/integrativa.pt\/en\/pilates-clinico-no-cancro-da-mama-melhorar-a-recuperacao-e-a-sua-qualidade-de-vida\/\" class=\"post-details details-type-link\" aria-label=\"Read more about Clinical Pilates in Breast Cancer: Improving Recovery and Your Quality of Life\">Read more<i class=\"dt-icon-the7-arrow-03\" aria-hidden=\"true\"><\/i><\/a>\n\n<\/div><\/article><article class=\"post post-2428 type-post status-publish format-standard has-post-thumbnail hentry category-atletas category-fisioterapia category-fisioterapia-desportiva tag-fisioterapia tag-osteopatia tag-pilates-clinico category-40 category-6 category-55 description-off\" data-name=\"A import\u00e2ncia da Fisioterapia na preven\u00e7\u00e3o de les\u00f5es\" data-date=\"2023-07-21T14:52:16+00:00\">\n\n<div class=\"post-thumbnail-wrap\">\n\t<div class=\"post-thumbnail\">\n\t\t\n\t\t\n\t\t<a href=\"https:\/\/integrativa.pt\/en\/a-importancia-da-fisioterapia-na-prevencao-de-lesoes\/\" class=\"post-thumbnail-rollover layzr-bg\" ><img decoding=\"async\" class=\"preload-me owl-lazy-load aspect\" src=\"data:image\/svg+xml,%3Csvg%20xmlns%3D&#39;http%3A%2F%2Fwww.w3.org%2F2000%2Fsvg&#39;%20viewBox%3D&#39;0%200%20768%20512&#39;%2F%3E\" data-src=\"https:\/\/integrativa.pt\/wp-content\/uploads\/2025\/10\/Fisioterapia-Lisboa-768x512.webp\" data-srcset=\"https:\/\/integrativa.pt\/wp-content\/uploads\/2025\/10\/Fisioterapia-Lisboa-768x512.webp 768w, https:\/\/integrativa.pt\/wp-content\/uploads\/2025\/10\/Fisioterapia-Lisboa-1152x768.webp 1152w\" loading=\"eager\" style=\"--ratio: 768 \/ 512\" sizes=\"(max-width: 768px) 100vw, 768px\" alt=\"\" title=\"Physiotherapy Lisbon\" width=\"768\" height=\"512\"  \/><\/a>\t<\/div>\n<\/div>\n\n\n<div class=\"post-entry-content\">\n\n\t<h3 class=\"entry-title\">\n\t\t<a href=\"https:\/\/integrativa.pt\/en\/a-importancia-da-fisioterapia-na-prevencao-de-lesoes\/\" title=\"The importance of physiotherapy in injury prevention\" rel=\"bookmark\">The importance of physiotherapy in injury prevention<\/a>\n\t<\/h3>\n\n\t\n\t\n\t\n<a href=\"https:\/\/integrativa.pt\/en\/a-importancia-da-fisioterapia-na-prevencao-de-lesoes\/\" class=\"post-details details-type-link\" aria-label=\"Read more about The importance of Physiotherapy in injury prevention\">Read more<i class=\"dt-icon-the7-arrow-03\" aria-hidden=\"true\"><\/i><\/a>\n\n<\/div><\/article><\/div><\/div><\/div><\/div><\/div>\n<\/div>","protected":false},"excerpt":{"rendered":"<p>Osteoporosis is associated with changes in bone strength and an increased risk of fracture. In this context, the practice of adapted physical exercise is of particular importance, especially when it incorporates muscle strength training, balance, postural control and functional movement. Clinical Pilates, when supervised by a physiotherapist and adjusted to the individual condition of...<\/p>","protected":false},"author":1,"featured_media":4341,"comment_status":"closed","ping_status":"open","sticky":false,"template":"","format":"standard","meta":{"inline_featured_image":false,"footnotes":""},"categories":[6,54,9],"tags":[4,27,8],"class_list":["post-7475","post","type-post","status-publish","format-standard","has-post-thumbnail","hentry","category-fisioterapia","category-fisioterapia-musculo-esqueletica","category-pilates-clinico","tag-fisioterapia","tag-osteopatia","tag-pilates-clinico","category-6","category-54","category-9","description-off"],"_links":{"self":[{"href":"https:\/\/integrativa.pt\/en\/wp-json\/wp\/v2\/posts\/7475","targetHints":{"allow":["GET"]}}],"collection":[{"href":"https:\/\/integrativa.pt\/en\/wp-json\/wp\/v2\/posts"}],"about":[{"href":"https:\/\/integrativa.pt\/en\/wp-json\/wp\/v2\/types\/post"}],"author":[{"embeddable":true,"href":"https:\/\/integrativa.pt\/en\/wp-json\/wp\/v2\/users\/1"}],"replies":[{"embeddable":true,"href":"https:\/\/integrativa.pt\/en\/wp-json\/wp\/v2\/comments?post=7475"}],"version-history":[{"count":0,"href":"https:\/\/integrativa.pt\/en\/wp-json\/wp\/v2\/posts\/7475\/revisions"}],"wp:featuredmedia":[{"embeddable":true,"href":"https:\/\/integrativa.pt\/en\/wp-json\/wp\/v2\/media\/4341"}],"wp:attachment":[{"href":"https:\/\/integrativa.pt\/en\/wp-json\/wp\/v2\/media?parent=7475"}],"wp:term":[{"taxonomy":"category","embeddable":true,"href":"https:\/\/integrativa.pt\/en\/wp-json\/wp\/v2\/categories?post=7475"},{"taxonomy":"post_tag","embeddable":true,"href":"https:\/\/integrativa.pt\/en\/wp-json\/wp\/v2\/tags?post=7475"}],"curies":[{"name":"wp","href":"https:\/\/api.w.org\/{rel}","templated":true}]}}