{"id":885,"date":"2021-11-19T18:39:32","date_gmt":"2021-11-19T18:39:32","guid":{"rendered":"https:\/\/integrativa.pt\/?p=885"},"modified":"2026-02-01T18:07:25","modified_gmt":"2026-02-01T18:07:25","slug":"clinical-pilates-benefits-and-principles-for-functional-rehabilitation","status":"publish","type":"post","link":"https:\/\/integrativa.pt\/en\/pilates-clinico-beneficios-e-principios-para-a-reabilitacao-funcional\/","title":{"rendered":"Clinical Pilates: benefits and principles for functional rehabilitation"},"content":{"rendered":"<div class=\"wpb-content-wrapper\" id=\"wpb-content-root\"><div class=\"vc_row wpb_row vc_row-fluid\"><div class=\"wpb_column vc_column_container vc_col-sm-12\"><div class=\"vc_column-inner\"><div class=\"wpb_wrapper\">\n\t<div class=\"wpb_text_column wpb_content_element\" >\n\t\t<div class=\"wpb_wrapper\">\n\t\t\t<h4 data-start=\"435\" data-end=\"468\">What is Clinical Pilates<\/h4>\n<p data-start=\"470\" data-end=\"853\">Clinical Pilates is a movement-based therapeutic approach, applied within the context of Physiotherapy, which integrates fundamental principles such as centering, breath, precision, control, flowing movement, and concentration. These principles guide practice in a structured manner, promoting greater body awareness and a more balanced relationship between mind and body.<\/p>\n<p data-start=\"855\" data-end=\"1196\">The method originates from the work developed by <span class=\"hover:entity-accent entity-underline inline cursor-pointer align-baseline\"><span class=\"whitespace-normal\">Joseph Pilates<\/span><\/span>, which described its system as a way to promote global health through conscious movement. In their words, the method <em>\u201cIt develops a uniform body, corrects wrong postures, restores physical vitality, invigorates the mind and elevates the spirit.<\/em><\/p>\n<h4 data-start=\"1198\" data-end=\"1259\">Clinical Pilates and Physiotherapy: clinical framework<\/h4>\n<p data-start=\"1261\" data-end=\"1673\">Clinical Pilates is the result of adapting the original method developed by Joseph Pilates, and is guided by physiotherapists with specific training, such as those educated by the <a href=\"https:\/\/appihealthgroup.com\/\" target=\"_blank\" rel=\"noopener\">Australian Physiotherapy and Pilates Institute (APPI)<\/a>. This adaptation allows for the integration of the method's principles into rehabilitation and functionality promotion contexts, respecting safety, progression, and individualisation criteria.<\/p>\n<p data-start=\"1675\" data-end=\"1892\">The approach is used both in individuals with no prior physical activity experience and in movement re-education situations, integrating into therapeutic plans tailored to each person's clinical needs.<\/p>\n<h4 data-start=\"1894\" data-end=\"1942\">Functional benefits of Clinical Pilates<\/h4>\n<p data-start=\"1944\" data-end=\"1996\">In a clinical context, Pilates can contribute to:<\/p>\n<ul>\n<li data-start=\"1998\" data-end=\"2279\">Improvement of postural behaviour<\/li>\n<li data-start=\"1998\" data-end=\"2279\">Support for joint and muscle pain management<\/li>\n<li data-start=\"1998\" data-end=\"2279\">Increase in muscle strength and endurance<\/li>\n<li data-start=\"1998\" data-end=\"2279\">Respiratory control optimisation<\/li>\n<li data-start=\"1998\" data-end=\"2279\">Improvement of motor coordination and body awareness<\/li>\n<li data-start=\"1998\" data-end=\"2279\">Support for flexibility and functional mobility<\/li>\n<\/ul>\n<p data-start=\"2281\" data-end=\"2505\">Joseph Pilates argued that conscious movement played a central role in health, stating that \u201cphysical fitness is the first requisite for happiness\u201d, an idea that continues to frame the clinical application of the Method.<\/p>\n<h4 data-start=\"2507\" data-end=\"2552\">The six principles of Clinical Pilates<\/h4>\n<ul>\n<li data-start=\"2554\" data-end=\"2597\"><strong data-start=\"2558\" data-end=\"2597\">Lumbar-pelvic centre and stability:\u00a0<\/strong>The exercises are performed with attention to the position of the lumbar spine and pelvis, seeking a neutral and comfortable alignment. The activation of the deep abdominal muscles, particularly the transverse abdominis, is promoted with the aim of supporting lombo-pelvic stability during movement.<\/li>\n<li data-start=\"2912\" data-end=\"2941\"><strong data-start=\"2916\" data-end=\"2941\">Conscious breathing <\/strong>Breathing is integrated in a coordinated way with movement. Usually, exhalation accompanies phases of greater control demand, favouring predominantly thoracic and functional breathing.<\/li>\n<li data-start=\"3151\" data-end=\"3180\"><strong data-start=\"3155\" data-end=\"3180\">Precision of movement\u00a0<\/strong>The exercises are performed with a focus on the quality of the gesture, respecting the amplitude, coordination and muscle activation appropriate to each task.<\/li>\n<li data-start=\"3330\" data-end=\"3373\"><strong data-start=\"3334\" data-end=\"3373\">Concentration and body awareness\u00a0<\/strong>The practice requires full attention to the body and movement, promoting greater body awareness and a more efficient and safe execution of the exercises.<\/li>\n<li data-start=\"3524\" data-end=\"3548\"><strong data-start=\"3528\" data-end=\"3548\">Fluid movement\u00a0<\/strong>The exercises are performed continuously and harmoniously, avoiding jerky movements and favouring coordination and motor control.<\/li>\n<li data-start=\"3688\" data-end=\"3710\"><strong data-start=\"3692\" data-end=\"3710\">Engine control\u00a0<\/strong>The control of movement is essential, especially when working against gravity or with resistance. Joseph Pilates underscored this idea by stating: <em>\u201cIt is better for our muscles to obey our will than to allow our will to be dominated by the reflex actions of our muscles.\u201d<\/em><\/li>\n<\/ul>\n<h4 data-start=\"4390\" data-end=\"4441\">Clinical Pilates as a therapeutic tool<\/h4>\n<p data-start=\"4065\" data-end=\"4388\">At Integrativa, Clinical Pilates is guided by physiotherapists with specific training, respecting the individuality of each person. Sessions can be carried out on an individual basis, allowing for close supervision and meticulous adaptation of exercises.<\/p>\n<p data-start=\"4443\" data-end=\"4727\">Clinical Pilates can be integrated into both rehabilitation processes and programmes for maintaining musculoskeletal functionality and health. It is a progressive, adaptable, and person-centred approach, used to complement Physiotherapy care.<\/p>\n<p data-start=\"4729\" data-end=\"5057\">Joseph Pilates summarised the progression of the method clearly, stating: <em>\u201cAfter 10 sessions you will feel the difference, after 20 sessions you will see the difference and after 30 sessions you will have a new body.\u201d\u00a0<\/em>In a clinical context, this idea is interpreted as the importance of consistency, progression, and individual adaptation over time.<\/p>\n\n\t\t<\/div>\n\t<\/div>\n<\/div><\/div><\/div><\/div><div class=\"vc_row wpb_row vc_row-fluid vc_custom_1680169461443\"><div class=\"wpb_column vc_column_container vc_col-sm-12\"><div class=\"vc_column-inner\"><div class=\"wpb_wrapper\">\n\t<div class=\"wpb_text_column wpb_content_element  vc_custom_1769875037865\" >\n\t\t<div class=\"wpb_wrapper\">\n\t\t\t<p style=\"text-align: right;\"><a title=\"Osteopath - Physiotherapist David Brand\u00e3o\" href=\"https:\/\/integrativa.pt\/en\/osteopata-fisioterapeuta-david-brandao\/\"><strong>David Brand\u00e3o<\/strong> <\/a>| Osteopath, Physiotherapist and Clinical Pilates Instructor<\/p>\n<h6 style=\"text-align: right;\">Physiotherapist Card: 3652 | Order of Physiotherapists \/\/ Osteopath Card: C-0031697 | ACSS<\/h6>\n\n\t\t<\/div>\n\t<\/div>\n<style type=\"text\/css\" data-type=\"the7_shortcodes-inline-css\">.dt-shortcode-soc-icons.soc-icons-d45686d09a63baba6497efe6c6ad3c1e a {\n  margin-right: 4px;\n}\n.dt-shortcode-soc-icons a.soc-icons-d45686d09a63baba6497efe6c6ad3c1e {\n  margin-right: 4px;\n}\n.dt-shortcode-soc-icons a.soc-icons-d45686d09a63baba6497efe6c6ad3c1e:last-child {\n  margin-right: 0;\n}\n.dt-shortcode-soc-icons a.soc-icons-d45686d09a63baba6497efe6c6ad3c1e:before,\n.dt-shortcode-soc-icons a.soc-icons-d45686d09a63baba6497efe6c6ad3c1e:after {\n  padding: inherit;\n}\n.dt-shortcode-soc-icons a.soc-icons-d45686d09a63baba6497efe6c6ad3c1e.dt-icon-border-on:before {\n  border:  solid ;\n}\n.dt-shortcode-soc-icons a.soc-icons-d45686d09a63baba6497efe6c6ad3c1e.dt-icon-hover-border-on:after {\n  border:  solid ;\n}<\/style><div class=\"dt-shortcode-soc-icons  soc-icons-d45686d09a63baba6497efe6c6ad3c1e soc-icons-right\" ><style type=\"text\/css\" data-type=\"the7_shortcodes-inline-css\">.dt-shortcode-soc-icons a.single-soc-icon-4e4f278c408213ddb82c8b416bc69fdc {\n  min-width: 26px;\n  min-height: 26px;\n  font-size: 16px;\n  border-radius: 100px;\n}\n.dt-shortcode-soc-icons a.single-soc-icon-4e4f278c408213ddb82c8b416bc69fdc:last-child {\n  margin-right: 0;\n}\n.dt-shortcode-soc-icons a.single-soc-icon-4e4f278c408213ddb82c8b416bc69fdc:before,\n.dt-shortcode-soc-icons a.single-soc-icon-4e4f278c408213ddb82c8b416bc69fdc:after {\n  min-width: 26px;\n  min-height: 26px;\n  padding: inherit;\n}\n.dt-shortcode-soc-icons a.single-soc-icon-4e4f278c408213ddb82c8b416bc69fdc.dt-icon-border-on:before {\n  border: 0px solid ;\n}\n.dt-shortcode-soc-icons a.single-soc-icon-4e4f278c408213ddb82c8b416bc69fdc.dt-icon-hover-border-on:after {\n  border: 0px solid ;\n}\n.dt-shortcode-soc-icons a.single-soc-icon-4e4f278c408213ddb82c8b416bc69fdc:hover {\n  font-size: 16px;\n}\n#page .dt-shortcode-soc-icons a.single-soc-icon-4e4f278c408213ddb82c8b416bc69fdc:hover .soc-font-icon,\n#phantom .dt-shortcode-soc-icons a.single-soc-icon-4e4f278c408213ddb82c8b416bc69fdc:hover .soc-font-icon,\n#page .dt-shortcode-soc-icons a.single-soc-icon-4e4f278c408213ddb82c8b416bc69fdc:hover .soc-icon,\n#phantom .dt-shortcode-soc-icons a.single-soc-icon-4e4f278c408213ddb82c8b416bc69fdc:hover .soc-icon {\n  color: rgba(255,255,255,0.75);\n  background: none;\n}\n#page .dt-shortcode-soc-icons a.single-soc-icon-4e4f278c408213ddb82c8b416bc69fdc:not(:hover) .soc-font-icon,\n#phantom .dt-shortcode-soc-icons a.single-soc-icon-4e4f278c408213ddb82c8b416bc69fdc:not(:hover) .soc-font-icon,\n#page .dt-shortcode-soc-icons a.single-soc-icon-4e4f278c408213ddb82c8b416bc69fdc:not(:hover) .soc-icon,\n#phantom .dt-shortcode-soc-icons a.single-soc-icon-4e4f278c408213ddb82c8b416bc69fdc:not(:hover) .soc-icon {\n  color: #ffffff;\n  background: none;\n}\n.dt-shortcode-soc-icons a.single-soc-icon-4e4f278c408213ddb82c8b416bc69fdc .soc-font-icon,\n.dt-shortcode-soc-icons a.single-soc-icon-4e4f278c408213ddb82c8b416bc69fdc .soc-icon {\n  font-size: 16px;\n}<\/style><a title=\"Instagram\" href=\"https:\/\/www.instagram.com\/davidosteopata\/\" class=\"instagram single-soc-icon-4e4f278c408213ddb82c8b416bc69fdc dt-icon-bg-on dt-icon-border-on dt-icon-hover-border-on dt-icon-hover-bg-on\" target=\"_blank\" rel=\"noopener\"><i class=\"soc-icon soc-font-icon dt-icon-instagram\"><\/i><span class=\"screen-reader-text\">Instagram<\/span><\/a><\/div><\/div><\/div><\/div><\/div><div class=\"vc_row wpb_row vc_row-fluid vc_custom_1680169461443\"><div class=\"wpb_column vc_column_container vc_col-sm-12\"><div class=\"vc_column-inner\"><div class=\"wpb_wrapper\">\n\t<div class=\"wpb_text_column wpb_content_element  vc_custom_1680169468507\" >\n\t\t<div class=\"wpb_wrapper\">\n\t\t\t<p><a title=\"Home\" href=\"https:\/\/integrativa.pt\/en\/\"><strong>Integrativa<\/strong><\/a> | Health and well-being as a lifestyle<\/p>\n\n\t\t<\/div>\n\t<\/div>\n\n\t<div class=\"wpb_text_column wpb_content_element  vc_custom_1769967903560\" >\n\t\t<div class=\"wpb_wrapper\">\n\t\t\t<h6>This website and its content are for information purposes only and are not a substitute for medical or health professional advice. In all cases, treatments should be individualised and guided by health professionals. Do not make any changes to your treatment without contacting the doctor or health professional accompanying you.<\/h6>\n\n\t\t<\/div>\n\t<\/div>\n<\/div><\/div><\/div><\/div><div class=\"vc_row wpb_row vc_row-fluid\"><div class=\"wpb_column vc_column_container vc_col-sm-12\"><div class=\"vc_column-inner vc_custom_1678987635945\"><div class=\"wpb_wrapper\"><div class=\"vc_separator wpb_content_element vc_separator_align_center vc_sep_border_width_1 vc_sep_pos_align_center wpb_content_element vc_separator-has-text\"   style=\"width: 100%;\"><span class=\"vc_sep_holder vc_sep_holder_l\"><span style=\"border-top-color:#1b9193;\" class=\"vc_sep_line\"><\/span><\/span><h4>Related articles<\/h4><span class=\"vc_sep_holder vc_sep_holder_r\"><span style=\"border-top-color:#1b9193;\" class=\"vc_sep_line\"><\/span><\/span>\n<\/div><style type=\"text\/css\" data-type=\"the7_shortcodes-inline-css\">.blog-carousel-shortcode.blog-carousel-shortcode-id-1bd8dc3a8c49bed4c44487f52c757697.dividers-on.classic-layout-list article {\n  padding-top: 0;\n}\n.blog-carousel-shortcode.blog-carousel-shortcode-id-1bd8dc3a8c49bed4c44487f52c757697.dividers-on.classic-layout-list article:first-of-type {\n  margin-top: 0;\n  padding-top: 0;\n}\n.blog-carousel-shortcode.blog-carousel-shortcode-id-1bd8dc3a8c49bed4c44487f52c757697.classic-layout-list.mode-list .post-entry-content {\n  width: calc(100% - );\n}\n.blog-carousel-shortcode.blog-carousel-shortcode-id-1bd8dc3a8c49bed4c44487f52c757697.classic-layout-list.mode-list .no-img .post-entry-content {\n  width: 100%;\n}\n.blog-carousel-shortcode.blog-carousel-shortcode-id-1bd8dc3a8c49bed4c44487f52c757697 .filter-bg-decoration .filter-categories a.act {\n  color: #fff;\n}\n.blog-carousel-shortcode.blog-carousel-shortcode-id-1bd8dc3a8c49bed4c44487f52c757697:not(.mode-masonry) article:first-of-type,\n.blog-carousel-shortcode.blog-carousel-shortcode-id-1bd8dc3a8c49bed4c44487f52c757697:not(.mode-masonry) article.visible.first:not(.product) {\n  margin-top: 0;\n}\n.blog-carousel-shortcode.blog-carousel-shortcode-id-1bd8dc3a8c49bed4c44487f52c757697.dividers-on:not(.mode-masonry) article {\n  margin-top: 0;\n}\n.blog-carousel-shortcode.blog-carousel-shortcode-id-1bd8dc3a8c49bed4c44487f52c757697.dividers-on:not(.mode-masonry) article:first-of-type,\n.blog-carousel-shortcode.blog-carousel-shortcode-id-1bd8dc3a8c49bed4c44487f52c757697.dividers-on:not(.mode-masonry) article.visible.first:not(.product) {\n  margin-top: 0;\n  padding-top: 0;\n}\n.blog-carousel-shortcode.blog-carousel-shortcode-id-1bd8dc3a8c49bed4c44487f52c757697 .post-thumbnail-wrap {\n  padding: 0px 0px 0px 0px;\n}\n.blog-carousel-shortcode.blog-carousel-shortcode-id-1bd8dc3a8c49bed4c44487f52c757697.enable-bg-rollover .post-thumbnail-rollover:after {\n  background: -webkit-linear-gradient();\n  background: linear-gradient();\n}\n.blog-carousel-shortcode.blog-carousel-shortcode-id-1bd8dc3a8c49bed4c44487f52c757697 .gallery-zoom-ico {\n  width: 44px;\n  height: 44px;\n  line-height: 44px;\n  border-radius: 100px;\n  margin: -22px 0 0 -22px;\n  border-width: 0px;\n  color: #ffffff;\n  background: none;\n}\n.bottom-overlap-layout-list.blog-carousel-shortcode.blog-carousel-shortcode-id-1bd8dc3a8c49bed4c44487f52c757697 .gallery-zoom-ico {\n  margin-top: -72px;\n}\n.gradient-overlay-layout-list.blog-carousel-shortcode.blog-carousel-shortcode-id-1bd8dc3a8c49bed4c44487f52c757697 .gallery-zoom-ico,\n.content-rollover-layout-list.blog-carousel-shortcode.blog-carousel-shortcode-id-1bd8dc3a8c49bed4c44487f52c757697 .gallery-zoom-ico {\n  margin: 0 0 10px;\n}\n.content-align-center.gradient-overlay-layout-list.blog-carousel-shortcode.blog-carousel-shortcode-id-1bd8dc3a8c49bed4c44487f52c757697 .gallery-zoom-ico,\n.content-align-center.content-rollover-layout-list.blog-carousel-shortcode.blog-carousel-shortcode-id-1bd8dc3a8c49bed4c44487f52c757697 .gallery-zoom-ico {\n  margin: 0 auto 10px;\n}\n.dt-icon-bg-on.blog-carousel-shortcode.blog-carousel-shortcode-id-1bd8dc3a8c49bed4c44487f52c757697 .gallery-zoom-ico {\n  background: rgba(255,255,255,0.3);\n  box-shadow: none;\n}\n.blog-carousel-shortcode.blog-carousel-shortcode-id-1bd8dc3a8c49bed4c44487f52c757697 .gallery-zoom-ico > span,\n.blog-carousel-shortcode.blog-carousel-shortcode-id-1bd8dc3a8c49bed4c44487f52c757697 .gallery-zoom-ico:before {\n  font-size: 32px;\n  line-height: 44px;\n}\n.blog-carousel-shortcode.blog-carousel-shortcode-id-1bd8dc3a8c49bed4c44487f52c757697 .gallery-zoom-ico > span,\n.blog-carousel-shortcode.blog-carousel-shortcode-id-1bd8dc3a8c49bed4c44487f52c757697 .gallery-zoom-ico:before {\n  color: #ffffff;\n  background: none;\n}\n.blog-carousel-shortcode.blog-carousel-shortcode-id-1bd8dc3a8c49bed4c44487f52c757697 .entry-title,\n.blog-carousel-shortcode.blog-carousel-shortcode-id-1bd8dc3a8c49bed4c44487f52c757697.owl-carousel .entry-title {\n  margin-bottom: 5px;\n}\n.blog-carousel-shortcode.blog-carousel-shortcode-id-1bd8dc3a8c49bed4c44487f52c757697 .entry-meta {\n  margin-bottom: 15px;\n}\n.blog-carousel-shortcode.blog-carousel-shortcode-id-1bd8dc3a8c49bed4c44487f52c757697 .portfolio-categories {\n  margin-bottom: 15px;\n}\n.blog-carousel-shortcode.blog-carousel-shortcode-id-1bd8dc3a8c49bed4c44487f52c757697 .entry-excerpt {\n  margin-bottom: 5px;\n}\n.blog-carousel-shortcode.blog-carousel-shortcode-id-1bd8dc3a8c49bed4c44487f52c757697:not(.centered-layout-list) .post-entry-content {\n  padding: 15px 20px 20px 20px;\n}\n.blog-carousel-shortcode.blog-carousel-shortcode-id-1bd8dc3a8c49bed4c44487f52c757697:not(.centered-layout-list):not(.content-bg-on):not(.mode-list) .no-img .post-entry-content {\n  padding: 0;\n}\n@media screen and (max-width: ) {\n  .blog-carousel-shortcode.blog-carousel-shortcode-id-1bd8dc3a8c49bed4c44487f52c757697 article {\n    -ms-flex-flow: column nowrap;\n    flex-flow: column nowrap;\n    margin-top: 20px;\n  }\n  .blog-carousel-shortcode.blog-carousel-shortcode-id-1bd8dc3a8c49bed4c44487f52c757697.dividers-on article {\n    border: none;\n  }\n  .blog-carousel-shortcode.blog-carousel-shortcode-id-1bd8dc3a8c49bed4c44487f52c757697.content-bg-on.centered-layout-list article {\n    padding: 0;\n  }\n  .blog-carousel-shortcode.blog-carousel-shortcode-id-1bd8dc3a8c49bed4c44487f52c757697.blog-shortcode.dividers-on article,\n  .blog-carousel-shortcode.blog-carousel-shortcode-id-1bd8dc3a8c49bed4c44487f52c757697.dividers-on.classic-layout-list article {\n    margin-top: 20px;\n    padding: 0;\n  }\n  .blog-carousel-shortcode.blog-carousel-shortcode-id-1bd8dc3a8c49bed4c44487f52c757697.blog-shortcode.dividers-on article:first-of-type,\n  .blog-carousel-shortcode.blog-carousel-shortcode-id-1bd8dc3a8c49bed4c44487f52c757697.dividers-on.classic-layout-list article:first-of-type {\n    padding: 0;\n  }\n  #page .blog-carousel-shortcode.blog-carousel-shortcode-id-1bd8dc3a8c49bed4c44487f52c757697 .post-thumbnail-wrap,\n  #page .blog-carousel-shortcode.blog-carousel-shortcode-id-1bd8dc3a8c49bed4c44487f52c757697 .post-entry-content {\n    width: 100%;\n    margin: 0;\n    top: 0;\n  }\n  #page .blog-carousel-shortcode.blog-carousel-shortcode-id-1bd8dc3a8c49bed4c44487f52c757697 .post-thumbnail-wrap {\n    padding: 0;\n  }\n  #page .blog-carousel-shortcode.blog-carousel-shortcode-id-1bd8dc3a8c49bed4c44487f52c757697 .post-entry-content:after {\n    display: none;\n  }\n  #page .blog-carousel-shortcode.blog-carousel-shortcode-id-1bd8dc3a8c49bed4c44487f52c757697 .project-even .post-thumbnail-wrap,\n  #page .blog-carousel-shortcode.blog-carousel-shortcode-id-1bd8dc3a8c49bed4c44487f52c757697.centered-layout-list .post-thumbnail-wrap {\n    -ms-flex-order: 0;\n    order: 0;\n  }\n  #page .blog-carousel-shortcode.blog-carousel-shortcode-id-1bd8dc3a8c49bed4c44487f52c757697.centered-layout-list .post-entry-title-content {\n    -ms-flex-order: 1;\n    order: 1;\n    width: 100%;\n    padding: 20px 20px 0;\n  }\n  #page .blog-carousel-shortcode.blog-carousel-shortcode-id-1bd8dc3a8c49bed4c44487f52c757697.centered-layout-list .post-entry-content {\n    -ms-flex-order: 2;\n    order: 2;\n    padding-top: 0;\n  }\n  #page .blog-carousel-shortcode.blog-carousel-shortcode-id-1bd8dc3a8c49bed4c44487f52c757697 .fancy-categories {\n    top: 10px;\n    left: 10px;\n    bottom: auto;\n    right: auto;\n  }\n  #page .blog-carousel-shortcode.blog-carousel-shortcode-id-1bd8dc3a8c49bed4c44487f52c757697 .fancy-date a {\n    top: 10px;\n    right: 10px;\n    left: auto;\n    bottom: auto;\n  }\n  #page .blog-carousel-shortcode.blog-carousel-shortcode-id-1bd8dc3a8c49bed4c44487f52c757697 .post-entry-content {\n    padding: 20px;\n  }\n  #page .blog-carousel-shortcode.blog-carousel-shortcode-id-1bd8dc3a8c49bed4c44487f52c757697 .entry-title {\n    margin: 3px 0 5px;\n    font-size: 20px;\n    line-height: 26px;\n  }\n  #page .blog-carousel-shortcode.blog-carousel-shortcode-id-1bd8dc3a8c49bed4c44487f52c757697 .entry-meta {\n    margin: 5px 0 5px;\n  }\n  #page .blog-carousel-shortcode.blog-carousel-shortcode-id-1bd8dc3a8c49bed4c44487f52c757697 .entry-excerpt {\n    margin: 15px 0 0;\n  }\n  #page .blog-carousel-shortcode.blog-carousel-shortcode-id-1bd8dc3a8c49bed4c44487f52c757697 .post-details {\n    margin: 5px 0 10px;\n  }\n  #page .blog-carousel-shortcode.blog-carousel-shortcode-id-1bd8dc3a8c49bed4c44487f52c757697 .post-details.details-type-link {\n    margin-bottom: 2px;\n  }\n}\n.blog-carousel-shortcode.blog-carousel-shortcode-id-1bd8dc3a8c49bed4c44487f52c757697.owl-carousel .owl-nav div {\n  width: 36px;\n  height: 36px;\n  border-radius: 500px;\n}\n.dt-arrow-border-on.blog-carousel-shortcode.blog-carousel-shortcode-id-1bd8dc3a8c49bed4c44487f52c757697.owl-carousel .owl-nav div:not(:hover):before {\n  border-width: 0px;\n}\n.dt-arrow-hover-border-on.blog-carousel-shortcode.blog-carousel-shortcode-id-1bd8dc3a8c49bed4c44487f52c757697.owl-carousel .owl-nav div:hover:after {\n  border-width: 0px;\n}\n.blog-carousel-shortcode.blog-carousel-shortcode-id-1bd8dc3a8c49bed4c44487f52c757697.owl-carousel .owl-nav div.owl-prev {\n  top: 50%;\n  transform: translateY(calc(-50% + 0px));\n  left: -43px;\n}\n@media all and (-ms-high-contrast: none) {\n  .blog-carousel-shortcode.blog-carousel-shortcode-id-1bd8dc3a8c49bed4c44487f52c757697.owl-carousel .owl-nav div.owl-prev {\n    transform: translateY(-50%);\n    margin-top: 0px;\n  }\n}\n.blog-carousel-shortcode.blog-carousel-shortcode-id-1bd8dc3a8c49bed4c44487f52c757697.owl-carousel .owl-nav div.owl-prev i {\n  padding: 0px 0px 0px 0px;\n}\n.blog-carousel-shortcode.blog-carousel-shortcode-id-1bd8dc3a8c49bed4c44487f52c757697.owl-carousel .owl-nav div.owl-next {\n  top: 50%;\n  transform: translateY(calc(-50% + 0px));\n  right: -43px;\n}\n@media all and (-ms-high-contrast: none) {\n  .blog-carousel-shortcode.blog-carousel-shortcode-id-1bd8dc3a8c49bed4c44487f52c757697.owl-carousel .owl-nav div.owl-next {\n    transform: translateY(-50%);\n    margin-top: 0px;\n  }\n}\n.blog-carousel-shortcode.blog-carousel-shortcode-id-1bd8dc3a8c49bed4c44487f52c757697.owl-carousel .owl-nav div.owl-next i {\n  padding: 0px 0px 0px 0px;\n}\n.blog-carousel-shortcode.blog-carousel-shortcode-id-1bd8dc3a8c49bed4c44487f52c757697.owl-carousel .owl-nav i {\n  font-size: 18px;\n}\n.blog-carousel-shortcode.blog-carousel-shortcode-id-1bd8dc3a8c49bed4c44487f52c757697.owl-carousel .owl-nav div:not(:hover) i,\n.blog-carousel-shortcode.blog-carousel-shortcode-id-1bd8dc3a8c49bed4c44487f52c757697.owl-carousel .owl-nav div:not(:hover) i:before {\n  color: #ffffff;\n  background: none;\n}\n.blog-carousel-shortcode.blog-carousel-shortcode-id-1bd8dc3a8c49bed4c44487f52c757697.owl-carousel .owl-nav div:hover i,\n.blog-carousel-shortcode.blog-carousel-shortcode-id-1bd8dc3a8c49bed4c44487f52c757697.owl-carousel .owl-nav div:hover i:before {\n  color: rgba(255,255,255,0.75);\n  background: none;\n}\n.blog-carousel-shortcode.blog-carousel-shortcode-id-1bd8dc3a8c49bed4c44487f52c757697 .owl-dots {\n  top: calc(100% + 20px);\n  left: 50%;\n  transform: translateX(calc(-50% + 0px));\n}\n@media all and (-ms-high-contrast: none) {\n  .blog-carousel-shortcode.blog-carousel-shortcode-id-1bd8dc3a8c49bed4c44487f52c757697 .owl-dots {\n    transform: translateX(-50%);\n    margin-left: 0px;\n  }\n}\n.blog-carousel-shortcode.blog-carousel-shortcode-id-1bd8dc3a8c49bed4c44487f52c757697 .owl-dot {\n  width: 10px;\n  height: 10px;\n  margin: 0 8px;\n}\n@media screen and (max-width: 778px) {\n  .blog-carousel-shortcode.blog-carousel-shortcode-id-1bd8dc3a8c49bed4c44487f52c757697.hide-arrows .owl-nav a {\n    display: none;\n  }\n}\n@media screen and (max-width: 778px) {\n  .blog-carousel-shortcode.blog-carousel-shortcode-id-1bd8dc3a8c49bed4c44487f52c757697.reposition-arrows .owl-nav div.owl-prev {\n    top: 50%;\n    transform: translateY(calc(-50% + 0px));\n    left: 10px;\n  }\n  .blog-carousel-shortcode.blog-carousel-shortcode-id-1bd8dc3a8c49bed4c44487f52c757697.reposition-arrows .owl-nav div.owl-next {\n    top: 50%;\n    transform: translateY(calc(-50% + 0px));\n    right: 10px;\n  }\n}\n@media screen and (max-width: 778px) and all and (-ms-high-contrast: none) {\n  .blog-carousel-shortcode.blog-carousel-shortcode-id-1bd8dc3a8c49bed4c44487f52c757697.reposition-arrows .owl-nav div.owl-prev {\n    transform: translateY(-50%);\n    margin-top: 0px;\n  }\n}\n@media screen and (max-width: 778px) and all and (-ms-high-contrast: none) {\n  .blog-carousel-shortcode.blog-carousel-shortcode-id-1bd8dc3a8c49bed4c44487f52c757697.reposition-arrows .owl-nav div.owl-next {\n    transform: translateY(-50%);\n    margin-top: 0px;\n  }\n}<\/style><div class=\"owl-carousel blog-carousel-shortcode dt-owl-carousel-call blog-carousel-shortcode-id-1bd8dc3a8c49bed4c44487f52c757697 classic-layout-list scale-img dt-icon-bg-off dt-arrow-border-on dt-arrow-hover-border-on meta-info-off bullets-small-dot-stroke reposition-arrows arrows-bg-on disable-arrows-hover-bg arrows-hover-bg-on\" data-scroll-mode=\"1\" data-col-num=\"3\" data-wide-col-num=\"4\" data-laptop-col=\"3\" data-h-tablet-columns-num=\"3\" data-v-tablet-columns-num=\"2\" data-phone-columns-num=\"1\" data-auto-height=\"true\" data-col-gap=\"30\" data-stage-padding=\"0\" data-speed=\"600\" data-autoplay=\"false\" data-autoplay_speed=\"6000\" data-arrows=\"true\" data-bullet=\"false\" data-next-icon=\"icon-ar-017-r\" data-prev-icon=\"icon-ar-017-l\"><article class=\"post post-3688 type-post status-publish format-standard has-post-thumbnail hentry category-fisioterapia category-fisioterapia-em-paralisia-facial tag-fisioterapia tag-osteopatia tag-pilates-clinico category-6 category-39 description-off\" data-name=\"O meu filho tem uma paralisia facial: e agora? Os conselhos da fisioterapia\" data-date=\"2025-01-22T21:19:14+00:00\">\n\n<div class=\"post-thumbnail-wrap\">\n\t<div class=\"post-thumbnail\">\n\t\t\n\t\t\n\t\t<a href=\"https:\/\/integrativa.pt\/en\/o-meu-filho-tem-uma-paralisia-facial-e-agora-os-conselhos-da-fisioterapia\/\" class=\"post-thumbnail-rollover layzr-bg\"><img fetchpriority=\"high\" decoding=\"async\" class=\"preload-me owl-lazy-load aspect\" src=\"data:image\/svg+xml,%3Csvg%20xmlns%3D&#39;http%3A%2F%2Fwww.w3.org%2F2000%2Fsvg&#39;%20viewBox%3D&#39;0%200%20768%20512&#39;%2F%3E\" data-src=\"https:\/\/integrativa.pt\/wp-content\/uploads\/2025\/01\/Paralisia-facial-em-criancas-Fisioterapia-768x512.avif\" data-srcset=\"https:\/\/integrativa.pt\/wp-content\/uploads\/2025\/01\/Paralisia-facial-em-criancas-Fisioterapia-768x512.avif 768w, https:\/\/integrativa.pt\/wp-content\/uploads\/2025\/01\/Paralisia-facial-em-criancas-Fisioterapia-1152x768.avif 1152w\" loading=\"eager\" style=\"--ratio: 768 \/ 512\" sizes=\"(max-width: 768px) 100vw, 768px\" alt=\"\" title=\"Facial paralysis in children Physiotherapy\" width=\"768\" height=\"512\"  \/><\/a>\t<\/div>\n<\/div>\n\n\n<div class=\"post-entry-content\">\n\n\t<h3 class=\"entry-title\">\n\t\t<a href=\"https:\/\/integrativa.pt\/en\/o-meu-filho-tem-uma-paralisia-facial-e-agora-os-conselhos-da-fisioterapia\/\" title=\"My child has facial paralysis: what now? Physiotherapy advice\" rel=\"bookmark\">My child has facial paralysis: what now? Physiotherapy advice<\/a>\n\t<\/h3>\n\n\t\n\t\n\t\n<a href=\"https:\/\/integrativa.pt\/en\/o-meu-filho-tem-uma-paralisia-facial-e-agora-os-conselhos-da-fisioterapia\/\" class=\"post-details details-type-link\" aria-label=\"Read more about My son has facial paralysis: what now? Physiotherapy advice\">Read more<i class=\"dt-icon-the7-arrow-03\" aria-hidden=\"true\"><\/i><\/a>\n\n<\/div><\/article><article class=\"post post-7077 type-post status-publish format-standard has-post-thumbnail hentry category-fisioterapia category-fisioterapia-musculo-esqueletica tag-fisioterapia tag-osteopatia tag-pilates-clinico category-6 category-54 description-off\" data-name=\"Alongamentos no trabalho: exerc\u00edcios simples para reduzir dores e melhorar a postura\" data-date=\"2026-03-06T10:02:11+00:00\">\n\n<div class=\"post-thumbnail-wrap\">\n\t<div class=\"post-thumbnail\">\n\t\t\n\t\t\n\t\t<a href=\"https:\/\/integrativa.pt\/en\/alongamentos-no-trabalho-exercicios-simples-para-reduzir-dores-e-melhorar-a-postura\/\" class=\"post-thumbnail-rollover layzr-bg\"><img decoding=\"async\" class=\"preload-me owl-lazy-load aspect\" src=\"data:image\/svg+xml,%3Csvg%20xmlns%3D&#39;http%3A%2F%2Fwww.w3.org%2F2000%2Fsvg&#39;%20viewBox%3D&#39;0%200%20768%20512&#39;%2F%3E\" data-src=\"https:\/\/integrativa.pt\/wp-content\/uploads\/2025\/10\/Integrativa-2-768x512.webp\" data-srcset=\"https:\/\/integrativa.pt\/wp-content\/uploads\/2025\/10\/Integrativa-2-768x512.webp 768w, https:\/\/integrativa.pt\/wp-content\/uploads\/2025\/10\/Integrativa-2-1152x768.webp 1152w\" loading=\"eager\" style=\"--ratio: 768 \/ 512\" sizes=\"(max-width: 768px) 100vw, 768px\" alt=\"\" title=\"Integrative (2)\" width=\"768\" height=\"512\"  \/><\/a>\t<\/div>\n<\/div>\n\n\n<div class=\"post-entry-content\">\n\n\t<h3 class=\"entry-title\">\n\t\t<a href=\"https:\/\/integrativa.pt\/en\/alongamentos-no-trabalho-exercicios-simples-para-reduzir-dores-e-melhorar-a-postura\/\" title=\"Stretching at work: simple exercises to reduce pain and improve posture\" rel=\"bookmark\">Stretching at work: simple exercises to reduce pain and improve posture<\/a>\n\t<\/h3>\n\n\t\n\t\n\t\n<a href=\"https:\/\/integrativa.pt\/en\/alongamentos-no-trabalho-exercicios-simples-para-reduzir-dores-e-melhorar-a-postura\/\" class=\"post-details details-type-link\" aria-label=\"Read more about Work stretches: simple exercises to reduce pain and improve posture\">Read more<i class=\"dt-icon-the7-arrow-03\" aria-hidden=\"true\"><\/i><\/a>\n\n<\/div><\/article><article class=\"post post-5488 type-post status-publish format-standard has-post-thumbnail hentry category-fisioterapia category-fisioterapia-musculo-esqueletica tag-fisioterapia tag-osteopatia tag-pilates-clinico category-6 category-54 description-off\" data-name=\"Fisioterapia ap\u00f3s artroscopia do ombro essencial na recupera\u00e7\u00e3o\" data-date=\"2025-11-13T16:26:06+00:00\">\n\n<div class=\"post-thumbnail-wrap\">\n\t<div class=\"post-thumbnail\">\n\t\t\n\t\t\n\t\t<a href=\"https:\/\/integrativa.pt\/en\/reabilitacao-do-ombro-o-papel-essencial-da-fisioterapia-na-recuperacao\/\" class=\"post-thumbnail-rollover layzr-bg\"><img decoding=\"async\" class=\"preload-me owl-lazy-load aspect\" src=\"data:image\/svg+xml,%3Csvg%20xmlns%3D&#39;http%3A%2F%2Fwww.w3.org%2F2000%2Fsvg&#39;%20viewBox%3D&#39;0%200%20768%20512&#39;%2F%3E\" data-src=\"https:\/\/integrativa.pt\/wp-content\/uploads\/2025\/10\/Fisioterapia-Lisboa-2-768x512.webp\" data-srcset=\"https:\/\/integrativa.pt\/wp-content\/uploads\/2025\/10\/Fisioterapia-Lisboa-2-768x512.webp 768w, https:\/\/integrativa.pt\/wp-content\/uploads\/2025\/10\/Fisioterapia-Lisboa-2-1152x768.webp 1152w\" loading=\"eager\" style=\"--ratio: 768 \/ 512\" sizes=\"(max-width: 768px) 100vw, 768px\" alt=\"\" title=\"Physiotherapy Lisbon\" width=\"768\" height=\"512\"  \/><\/a>\t<\/div>\n<\/div>\n\n\n<div class=\"post-entry-content\">\n\n\t<h3 class=\"entry-title\">\n\t\t<a href=\"https:\/\/integrativa.pt\/en\/reabilitacao-do-ombro-o-papel-essencial-da-fisioterapia-na-recuperacao\/\" title=\"Physiotherapy after shoulder arthroscopy essential for recovery\" rel=\"bookmark\">Physiotherapy after shoulder arthroscopy essential for recovery<\/a>\n\t<\/h3>\n\n\t\n\t\n\t\n<a href=\"https:\/\/integrativa.pt\/en\/reabilitacao-do-ombro-o-papel-essencial-da-fisioterapia-na-recuperacao\/\" class=\"post-details details-type-link\" aria-label=\"Read more about Physiotherapy after shoulder arthroscopy essential for recovery\">Read more<i class=\"dt-icon-the7-arrow-03\" aria-hidden=\"true\"><\/i><\/a>\n\n<\/div><\/article><article class=\"post post-1331 type-post status-publish format-standard has-post-thumbnail hentry category-fisioterapia category-fisioterapia-em-paralisia-facial tag-fisioterapia tag-osteopatia tag-pilates-clinico category-6 category-39 description-off\" data-name=\"Paralisia facial: sintomas e import\u00e2ncia da fisioterapia especializada precoce\" data-date=\"2022-10-30T22:31:53+00:00\">\n\n<div class=\"post-thumbnail-wrap\">\n\t<div class=\"post-thumbnail\">\n\t\t\n\t\t\n\t\t<a href=\"https:\/\/integrativa.pt\/en\/paralisia-facial-sintomas-e-importancia-da-fisioterapia-especializada-precoce\/\" class=\"post-thumbnail-rollover layzr-bg\"><img decoding=\"async\" class=\"preload-me owl-lazy-load aspect\" src=\"data:image\/svg+xml,%3Csvg%20xmlns%3D&#39;http%3A%2F%2Fwww.w3.org%2F2000%2Fsvg&#39;%20viewBox%3D&#39;0%200%20768%20512&#39;%2F%3E\" data-src=\"https:\/\/integrativa.pt\/wp-content\/uploads\/2026\/02\/Fisioterapia-Paralisia-Facial-Belem-Lisboa-3-768x512.avif\" data-srcset=\"https:\/\/integrativa.pt\/wp-content\/uploads\/2026\/02\/Fisioterapia-Paralisia-Facial-Belem-Lisboa-3-768x512.avif 768w, https:\/\/integrativa.pt\/wp-content\/uploads\/2026\/02\/Fisioterapia-Paralisia-Facial-Belem-Lisboa-3-1152x768.avif 1152w\" loading=\"eager\" style=\"--ratio: 768 \/ 512\" sizes=\"(max-width: 768px) 100vw, 768px\" alt=\"\" title=\"Physiotherapy Facial Palsy Belem Lisbon\" width=\"768\" height=\"512\"  \/><\/a>\t<\/div>\n<\/div>\n\n\n<div class=\"post-entry-content\">\n\n\t<h3 class=\"entry-title\">\n\t\t<a href=\"https:\/\/integrativa.pt\/en\/paralisia-facial-sintomas-e-importancia-da-fisioterapia-especializada-precoce\/\" title=\"Facial paralysis: symptoms and the importance of early specialised physiotherapy\" rel=\"bookmark\">Facial paralysis: symptoms and the importance of early specialised physiotherapy<\/a>\n\t<\/h3>\n\n\t\n\t\n\t\n<a href=\"https:\/\/integrativa.pt\/en\/paralisia-facial-sintomas-e-importancia-da-fisioterapia-especializada-precoce\/\" class=\"post-details details-type-link\" aria-label=\"Read more about Facial paralysis: symptoms and the importance of early specialised physiotherapy\">Read more<i class=\"dt-icon-the7-arrow-03\" aria-hidden=\"true\"><\/i><\/a>\n\n<\/div><\/article><article class=\"post post-1892 type-post status-publish format-standard has-post-thumbnail hentry category-atividade-fisica category-fisioterapia category-fisioterapia-musculo-esqueletica category-psiconeuroimunologia tag-fisioterapia tag-osteopatia tag-pilates-clinico category-38 category-6 category-54 category-48 description-off\" data-name=\"Lei de Wolff: como os ossos se adaptam \u00e0 carga mec\u00e2nica\" data-date=\"2023-02-12T19:59:05+00:00\">\n\n<div class=\"post-thumbnail-wrap\">\n\t<div class=\"post-thumbnail\">\n\t\t\n\t\t\n\t\t<a href=\"https:\/\/integrativa.pt\/en\/lei-de-wolff-como-os-nossos-ossos-se-adaptam-a-carga\/\" class=\"post-thumbnail-rollover layzr-bg\"><img decoding=\"async\" class=\"preload-me owl-lazy-load aspect\" src=\"data:image\/svg+xml,%3Csvg%20xmlns%3D&#39;http%3A%2F%2Fwww.w3.org%2F2000%2Fsvg&#39;%20viewBox%3D&#39;0%200%20768%20512&#39;%2F%3E\" data-src=\"https:\/\/integrativa.pt\/wp-content\/uploads\/2025\/10\/Pilates-clinico-Lisboa-Lei-768x512.webp\" data-srcset=\"https:\/\/integrativa.pt\/wp-content\/uploads\/2025\/10\/Pilates-clinico-Lisboa-Lei-768x512.webp 768w, https:\/\/integrativa.pt\/wp-content\/uploads\/2025\/10\/Pilates-clinico-Lisboa-Lei-1152x768.webp 1152w\" loading=\"eager\" style=\"--ratio: 768 \/ 512\" sizes=\"(max-width: 768px) 100vw, 768px\" alt=\"\" title=\"Clinical Pilates Lisbon Lei\" width=\"768\" height=\"512\"  \/><\/a>\t<\/div>\n<\/div>\n\n\n<div class=\"post-entry-content\">\n\n\t<h3 class=\"entry-title\">\n\t\t<a href=\"https:\/\/integrativa.pt\/en\/lei-de-wolff-como-os-nossos-ossos-se-adaptam-a-carga\/\" title=\"Wolff&#039;s law: how bones adapt to mechanical load\" rel=\"bookmark\">Wolff's law: how bones adapt to mechanical load<\/a>\n\t<\/h3>\n\n\t\n\t\n\t\n<a href=\"https:\/\/integrativa.pt\/en\/lei-de-wolff-como-os-nossos-ossos-se-adaptam-a-carga\/\" class=\"post-details details-type-link\" aria-label=\"Read more about Wolff&#039;s Law: how bones adapt to mechanical load\">Read more<i class=\"dt-icon-the7-arrow-03\" aria-hidden=\"true\"><\/i><\/a>\n\n<\/div><\/article><article class=\"post post-3817 type-post status-publish format-standard has-post-thumbnail hentry category-osteopatia category-dor-lombar category-fisioterapia-desportiva category-fisioterapia-musculo-esqueletica category-osteopata-david-brandao category-osteopatia-desportiva category-osteopatia-integrativa tag-fisioterapia tag-osteopatia tag-pilates-clinico category-17 category-50 category-55 category-54 category-33 category-134 category-32 description-off\" data-name=\"Tens\u00e3o muscular: porque alongar nem sempre resolve o desconforto\" data-date=\"2025-07-29T09:45:52+00:00\">\n\n<div class=\"post-thumbnail-wrap\">\n\t<div class=\"post-thumbnail\">\n\t\t\n\t\t\n\t\t<a href=\"https:\/\/integrativa.pt\/en\/tensao-muscular-porque-alongar-nem-sempre-resolve-o-desconforto\/\" class=\"post-thumbnail-rollover layzr-bg\"><img decoding=\"async\" class=\"preload-me owl-lazy-load aspect\" src=\"data:image\/svg+xml,%3Csvg%20xmlns%3D&#39;http%3A%2F%2Fwww.w3.org%2F2000%2Fsvg&#39;%20viewBox%3D&#39;0%200%20768%20512&#39;%2F%3E\" data-src=\"https:\/\/integrativa.pt\/wp-content\/uploads\/2025\/10\/Pilates-Clinico-Belem-Lisboa-Restelo-2-768x512.webp\" data-srcset=\"https:\/\/integrativa.pt\/wp-content\/uploads\/2025\/10\/Pilates-Clinico-Belem-Lisboa-Restelo-2-768x512.webp 768w, https:\/\/integrativa.pt\/wp-content\/uploads\/2025\/10\/Pilates-Clinico-Belem-Lisboa-Restelo-2-1152x768.webp 1152w\" loading=\"eager\" style=\"--ratio: 768 \/ 512\" sizes=\"(max-width: 768px) 100vw, 768px\" alt=\"\" title=\"Pilates Clinic Bel\u00e9m Lisboa Restelo (2)\" width=\"768\" height=\"512\"  \/><\/a>\t<\/div>\n<\/div>\n\n\n<div class=\"post-entry-content\">\n\n\t<h3 class=\"entry-title\">\n\t\t<a href=\"https:\/\/integrativa.pt\/en\/tensao-muscular-porque-alongar-nem-sempre-resolve-o-desconforto\/\" title=\"Muscle tension: why stretching doesn&#039;t always solve the discomfort\" rel=\"bookmark\">Muscle tension: why stretching doesn't always solve the discomfort<\/a>\n\t<\/h3>\n\n\t\n\t\n\t\n<a href=\"https:\/\/integrativa.pt\/en\/tensao-muscular-porque-alongar-nem-sempre-resolve-o-desconforto\/\" class=\"post-details details-type-link\" aria-label=\"Read more about Muscle tension: why stretching doesn&#039;t always resolve discomfort\">Read more<i class=\"dt-icon-the7-arrow-03\" aria-hidden=\"true\"><\/i><\/a>\n\n<\/div><\/article><\/div><\/div><\/div><\/div><\/div>\n<\/div>","protected":false},"excerpt":{"rendered":"<p>What is Clinical Pilates Clinical Pilates is a movement-based therapeutic approach, applied in a physiotherapy context, which integrates fundamental principles such as the centre, breathing, precision, concentration, fluid movement and control. These principles guide the practice in a structured way, promoting greater body awareness and...<\/p>","protected":false},"author":1,"featured_media":4432,"comment_status":"closed","ping_status":"open","sticky":false,"template":"","format":"standard","meta":{"inline_featured_image":false,"footnotes":""},"categories":[6,9],"tags":[4,27,8],"class_list":["post-885","post","type-post","status-publish","format-standard","has-post-thumbnail","hentry","category-fisioterapia","category-pilates-clinico","tag-fisioterapia","tag-osteopatia","tag-pilates-clinico","category-6","category-9","description-off"],"_links":{"self":[{"href":"https:\/\/integrativa.pt\/en\/wp-json\/wp\/v2\/posts\/885","targetHints":{"allow":["GET"]}}],"collection":[{"href":"https:\/\/integrativa.pt\/en\/wp-json\/wp\/v2\/posts"}],"about":[{"href":"https:\/\/integrativa.pt\/en\/wp-json\/wp\/v2\/types\/post"}],"author":[{"embeddable":true,"href":"https:\/\/integrativa.pt\/en\/wp-json\/wp\/v2\/users\/1"}],"replies":[{"embeddable":true,"href":"https:\/\/integrativa.pt\/en\/wp-json\/wp\/v2\/comments?post=885"}],"version-history":[{"count":0,"href":"https:\/\/integrativa.pt\/en\/wp-json\/wp\/v2\/posts\/885\/revisions"}],"wp:featuredmedia":[{"embeddable":true,"href":"https:\/\/integrativa.pt\/en\/wp-json\/wp\/v2\/media\/4432"}],"wp:attachment":[{"href":"https:\/\/integrativa.pt\/en\/wp-json\/wp\/v2\/media?parent=885"}],"wp:term":[{"taxonomy":"category","embeddable":true,"href":"https:\/\/integrativa.pt\/en\/wp-json\/wp\/v2\/categories?post=885"},{"taxonomy":"post_tag","embeddable":true,"href":"https:\/\/integrativa.pt\/en\/wp-json\/wp\/v2\/tags?post=885"}],"curies":[{"name":"wp","href":"https:\/\/api.w.org\/{rel}","templated":true}]}}